{"id":3057,"date":"2015-03-18T10:53:39","date_gmt":"2015-03-18T09:53:39","guid":{"rendered":"https:\/\/dev.sicherheitsforum.ch\/?p=3057"},"modified":"2015-03-18T10:53:39","modified_gmt":"2015-03-18T09:53:39","slug":"polizei-kongress-wohnungseinbrueche-vorhersagen","status":null,"type":"post","link":"https:\/\/news.save.ch\/it\/polizei-kongress-wohnungseinbrueche-vorhersagen\/","title":{"rendered":"Congresso di polizia: prevedere i furti in casa?"},"content":{"rendered":"<figure id=\"attachment_3058\" aria-describedby=\"caption-attachment-3058\" style=\"width: 680px\" class=\"wp-caption alignnone\"><img loading=\"lazy\" decoding=\"async\" class=\"size-medium wp-image-3058\" src=\"https:\/\/news.save.ch\/wp-content\/uploads\/2016\/12\/Polizei-Kongress-Wohnungseinbrueche-vorhersagen-sicherheitsforum.jpg\" alt=\"\" width=\"680\" height=\"454\" \/><figcaption id=\"caption-attachment-3058\" class=\"wp-caption-text\">La polizia pu\u00f2 prevedere i crimini del futuro?<\/figcaption><\/figure>\n<p>\u00c8 possibile prevedere i furti in casa in futuro grazie ai Big Data? Quando lo smartphone sostituir\u00e0 il blocco delle multe? E come gestire in modo pi\u00f9 efficiente il crescente numero di passeggeri alle dogane aeroportuali, nonostante i crescenti requisiti di sicurezza?<\/p>\n<p>Queste e altre domande sono al centro dell'attenzione del <a href=\"https:\/\/www.spik.ch\" target=\"_blank\" data-cke-saved-href=\"https:\/\/www.spik.ch\" rel=\"noopener\">8\u00b0 Congresso informatico della polizia svizzera<\/a>(SPIK), che si terr\u00e0 il 26 marzo. Dopo un discorso di apertura di Toni Frisch, project manager dell'esercitazione 2014 della Rete federale di sicurezza \"Pandemia e carenza di energia\", gli organizzatori presenteranno approcci alle soluzioni in un totale di sette simposi. Tra gli altri, Paul Zinniker, vicedirettore del Federal Intelligence Service (FIS), parler\u00e0 di regolamenti e minacce.<\/p>\n<p>L'evento sar\u00e0 anche la prima volta in Europa in cui verr\u00e0 presentata un'applicazione mobile di un sistema di previsione della criminalit\u00e0.<\/p>\n<p>Inoltre, l'organizzazione \"Harmonisation of Police Informatics\" offre una panoramica degli ultimi progressi nelle sue attivit\u00e0. La pilota tedesca e vincitrice della Parigi-Dakar Jutta Kleinschmidt chiuder\u00e0 la conferenza con storie dal mondo del motorsport.<\/p>\n<p>Potete trovare l'intera agenda dell'evento <a href=\"https:\/\/www.spik.ch\/Kongress\/Agenda-2015.aspx\" target=\"_blank\" data-cke-saved-href=\"https:\/\/www.spik.ch\/Kongress\/Agenda-2015.aspx\" rel=\"noopener\">qui<\/a>.<\/p>","protected":false},"excerpt":{"rendered":"<p>K\u00f6nnen Wohnungseinbr\u00fcche in Zukunft dank Big Data vorhergesagt werden? Wann ersetzt das Smartphone den Parkbussen-Block? Und wie werden die wachsenden Passagierzahlen am Flughafenzoll trotz steigender Sicherheitsanforderungen effizienter bew\u00e4ltigt? Diese und weitere Fragen stehen im Zentrum des 8. Schweizer Polizei Informatik Kongress&#8218; (SPIK), der am 26. M\u00e4rz stattfindet. Nach einer Er\u00f6ffnungsrede durch\u00a0Toni Frisch, Projektleiter der Sicherheitsverbund\u00fcbung [&hellip;]<\/p>\n","protected":false},"author":1,"featured_media":3058,"comment_status":"open","ping_status":"open","sticky":false,"template":"","format":"standard","meta":{"_acf_changed":false,"pgc_sgb_lightbox_settings":"","footnotes":""},"categories":[1],"tags":[84,69,113],"class_list":["post-3057","post","type-post","status-publish","format-standard","has-post-thumbnail","hentry","category-allgemein","tag-fachkongressfachmesse","tag-justiz-polizei","tag-kriminalitaet"],"acf":[],"hkrextid":null,"publication":null,"issue":null,"workflow":null,"startPage":null,"spitzmarke":null,"_posts_by_tag_page_fields":{"widget_title":"","widget_tags":""},"_at_widget":"1","_yoast_wpseo_primary_category":"1","_yoast_wpseo_focuskw_text_input":"Polizei-Kongress","_yoast_wpseo_opengraph-image":"https:\/\/sicherheitsforum.ch\/wp-content\/uploads\/2016\/12\/Polizei-Kongress-Wohnungseinbr\u00fcche-vorhersagen-sicherheitsforum.jpg","_yoast_wpseo_opengraph-description":"Am Polizei-Informatik-Kongress 2015 wird erstmals ein Prognosesystem f\u00fcr Verbrechen pr\u00e4sentiert.","_yoast_wpseo_opengraph-title":"Polizei-Kongress: Wohnungseinbr\u00fcche vorhersagen?","enclosure":null,"_yoast_wpseo_twitter-title":null,"_yoast_wpseo_twitter-description":null,"_yoast_wpseo_twitter-image":null,"_wp_old_slug":null,"_yoast_wpseo_title":null,"_yoast_wpseo_canonical":null,"yoast_head":"<!-- This site is optimized with the Yoast SEO plugin v27.5 - https:\/\/yoast.com\/product\/yoast-seo-wordpress\/ -->\n<title>Polizei-Kongress: Wohnungseinbr\u00fcche vorhersagen? - Save<\/title>\n<meta name=\"description\" content=\"Am Polizei-Informatik-Kongress 2015 wird erstmals ein Prognosesystem f\u00fcr Verbrechen pr\u00e4sentiert.\" \/>\n<meta name=\"robots\" content=\"index, follow, max-snippet:-1, max-image-preview:large, max-video-preview:-1\" \/>\n<link rel=\"canonical\" href=\"https:\/\/news.save.ch\/it\/polizei-kongress-wohnungseinbrueche-vorhersagen\/\" \/>\n<meta property=\"og:locale\" content=\"it_IT\" \/>\n<meta property=\"og:type\" content=\"article\" \/>\n<meta property=\"og:title\" content=\"Polizei-Kongress: Wohnungseinbr\u00fcche vorhersagen?\" \/>\n<meta property=\"og:description\" content=\"Am Polizei-Informatik-Kongress 2015 wird erstmals ein Prognosesystem f\u00fcr Verbrechen pr\u00e4sentiert.\" \/>\n<meta property=\"og:url\" content=\"https:\/\/news.save.ch\/it\/polizei-kongress-wohnungseinbrueche-vorhersagen\/\" \/>\n<meta property=\"og:site_name\" content=\"Save\" \/>\n<meta property=\"article:published_time\" content=\"2015-03-18T09:53:39+00:00\" \/>\n<meta property=\"og:image\" content=\"https:\/\/sicherheitsforum.ch\/wp-content\/uploads\/2016\/12\/Polizei-Kongress-Wohnungseinbr\u00fcche-vorhersagen-sicherheitsforum.jpg\" \/>\n<meta name=\"author\" content=\"admin\" \/>\n<meta name=\"twitter:card\" content=\"summary_large_image\" \/>\n<meta name=\"twitter:label1\" content=\"Scritto da\" \/>\n\t<meta name=\"twitter:data1\" content=\"admin\" \/>\n\t<meta name=\"twitter:label2\" content=\"Tempo di lettura stimato\" \/>\n\t<meta name=\"twitter:data2\" content=\"1 minuto\" \/>\n<script type=\"application\/ld+json\" class=\"yoast-schema-graph\">{\"@context\":\"https:\\\/\\\/schema.org\",\"@graph\":[{\"@type\":\"Article\",\"@id\":\"https:\\\/\\\/news.save.ch\\\/polizei-kongress-wohnungseinbrueche-vorhersagen\\\/#article\",\"isPartOf\":{\"@id\":\"https:\\\/\\\/news.save.ch\\\/polizei-kongress-wohnungseinbrueche-vorhersagen\\\/\"},\"author\":{\"name\":\"admin\",\"@id\":\"https:\\\/\\\/news.save.ch\\\/de\\\/#\\\/schema\\\/person\\\/d49e199490bad7c70d64b9ab51142f2b\"},\"headline\":\"Polizei-Kongress: Wohnungseinbr\u00fcche vorhersagen?\",\"datePublished\":\"2015-03-18T09:53:39+00:00\",\"mainEntityOfPage\":{\"@id\":\"https:\\\/\\\/news.save.ch\\\/polizei-kongress-wohnungseinbrueche-vorhersagen\\\/\"},\"wordCount\":172,\"commentCount\":0,\"publisher\":{\"@id\":\"https:\\\/\\\/news.save.ch\\\/de\\\/#organization\"},\"image\":{\"@id\":\"https:\\\/\\\/news.save.ch\\\/polizei-kongress-wohnungseinbrueche-vorhersagen\\\/#primaryimage\"},\"thumbnailUrl\":\"https:\\\/\\\/news.save.ch\\\/wp-content\\\/uploads\\\/2016\\\/12\\\/Polizei-Kongress-Wohnungseinbrueche-vorhersagen-sicherheitsforum-scaled.jpg\",\"keywords\":[\"Fachkongress\\\/Fachmesse\",\"Justiz &amp; Polizei\",\"Kriminalit\u00e4t\"],\"articleSection\":[\"ALLGEMEIN\"],\"inLanguage\":\"it-IT\"},{\"@type\":\"WebPage\",\"@id\":\"https:\\\/\\\/news.save.ch\\\/polizei-kongress-wohnungseinbrueche-vorhersagen\\\/\",\"url\":\"https:\\\/\\\/news.save.ch\\\/polizei-kongress-wohnungseinbrueche-vorhersagen\\\/\",\"name\":\"Polizei-Kongress: Wohnungseinbr\u00fcche vorhersagen? - Save\",\"isPartOf\":{\"@id\":\"https:\\\/\\\/news.save.ch\\\/de\\\/#website\"},\"primaryImageOfPage\":{\"@id\":\"https:\\\/\\\/news.save.ch\\\/polizei-kongress-wohnungseinbrueche-vorhersagen\\\/#primaryimage\"},\"image\":{\"@id\":\"https:\\\/\\\/news.save.ch\\\/polizei-kongress-wohnungseinbrueche-vorhersagen\\\/#primaryimage\"},\"thumbnailUrl\":\"https:\\\/\\\/news.save.ch\\\/wp-content\\\/uploads\\\/2016\\\/12\\\/Polizei-Kongress-Wohnungseinbrueche-vorhersagen-sicherheitsforum-scaled.jpg\",\"datePublished\":\"2015-03-18T09:53:39+00:00\",\"description\":\"Am Polizei-Informatik-Kongress 2015 wird erstmals ein Prognosesystem f\u00fcr Verbrechen pr\u00e4sentiert.\",\"breadcrumb\":{\"@id\":\"https:\\\/\\\/news.save.ch\\\/polizei-kongress-wohnungseinbrueche-vorhersagen\\\/#breadcrumb\"},\"inLanguage\":\"it-IT\",\"potentialAction\":[{\"@type\":\"ReadAction\",\"target\":[\"https:\\\/\\\/news.save.ch\\\/polizei-kongress-wohnungseinbrueche-vorhersagen\\\/\"]}]},{\"@type\":\"ImageObject\",\"inLanguage\":\"it-IT\",\"@id\":\"https:\\\/\\\/news.save.ch\\\/polizei-kongress-wohnungseinbrueche-vorhersagen\\\/#primaryimage\",\"url\":\"https:\\\/\\\/news.save.ch\\\/wp-content\\\/uploads\\\/2016\\\/12\\\/Polizei-Kongress-Wohnungseinbrueche-vorhersagen-sicherheitsforum-scaled.jpg\",\"contentUrl\":\"https:\\\/\\\/news.save.ch\\\/wp-content\\\/uploads\\\/2016\\\/12\\\/Polizei-Kongress-Wohnungseinbrueche-vorhersagen-sicherheitsforum-scaled.jpg\",\"width\":1400,\"height\":935,\"caption\":\"Kann die Polizei k\u00fcnftig Verbrechen voraussagen?\"},{\"@type\":\"BreadcrumbList\",\"@id\":\"https:\\\/\\\/news.save.ch\\\/polizei-kongress-wohnungseinbrueche-vorhersagen\\\/#breadcrumb\",\"itemListElement\":[{\"@type\":\"ListItem\",\"position\":1,\"name\":\"Home\",\"item\":\"https:\\\/\\\/news.save.ch\\\/de\\\/\"},{\"@type\":\"ListItem\",\"position\":2,\"name\":\"Polizei-Kongress: Wohnungseinbr\u00fcche vorhersagen?\"}]},{\"@type\":\"WebSite\",\"@id\":\"https:\\\/\\\/news.save.ch\\\/de\\\/#website\",\"url\":\"https:\\\/\\\/news.save.ch\\\/de\\\/\",\"name\":\"Save\",\"description\":\"Schweizer Fachzeitschrift f\u00fcr Sicherheit\",\"publisher\":{\"@id\":\"https:\\\/\\\/news.save.ch\\\/de\\\/#organization\"},\"potentialAction\":[{\"@type\":\"SearchAction\",\"target\":{\"@type\":\"EntryPoint\",\"urlTemplate\":\"https:\\\/\\\/news.save.ch\\\/de\\\/?s={search_term_string}\"},\"query-input\":{\"@type\":\"PropertyValueSpecification\",\"valueRequired\":true,\"valueName\":\"search_term_string\"}}],\"inLanguage\":\"it-IT\"},{\"@type\":\"Organization\",\"@id\":\"https:\\\/\\\/news.save.ch\\\/de\\\/#organization\",\"name\":\"Sicherheitsforum\",\"url\":\"https:\\\/\\\/news.save.ch\\\/de\\\/\",\"logo\":{\"@type\":\"ImageObject\",\"inLanguage\":\"it-IT\",\"@id\":\"https:\\\/\\\/news.save.ch\\\/de\\\/#\\\/schema\\\/logo\\\/image\\\/\",\"url\":\"https:\\\/\\\/news.save.ch\\\/wp-content\\\/uploads\\\/2022\\\/06\\\/Logo_SF_2012.png\",\"contentUrl\":\"https:\\\/\\\/news.save.ch\\\/wp-content\\\/uploads\\\/2022\\\/06\\\/Logo_SF_2012.png\",\"width\":1100,\"height\":91,\"caption\":\"Sicherheitsforum\"},\"image\":{\"@id\":\"https:\\\/\\\/news.save.ch\\\/de\\\/#\\\/schema\\\/logo\\\/image\\\/\"}},{\"@type\":\"Person\",\"@id\":\"https:\\\/\\\/news.save.ch\\\/de\\\/#\\\/schema\\\/person\\\/d49e199490bad7c70d64b9ab51142f2b\",\"name\":\"admin\",\"image\":{\"@type\":\"ImageObject\",\"inLanguage\":\"it-IT\",\"@id\":\"https:\\\/\\\/secure.gravatar.com\\\/avatar\\\/ae2f4d718e6c49043e314ce431e7e645d646302a24a5ef5a8bc8e3f5a032e319?s=96&d=mm&r=g\",\"url\":\"https:\\\/\\\/secure.gravatar.com\\\/avatar\\\/ae2f4d718e6c49043e314ce431e7e645d646302a24a5ef5a8bc8e3f5a032e319?s=96&d=mm&r=g\",\"contentUrl\":\"https:\\\/\\\/secure.gravatar.com\\\/avatar\\\/ae2f4d718e6c49043e314ce431e7e645d646302a24a5ef5a8bc8e3f5a032e319?s=96&d=mm&r=g\",\"caption\":\"admin\"},\"sameAs\":[\"https:\\\/\\\/develop.organisator.galledia.ch\"],\"url\":\"https:\\\/\\\/news.save.ch\\\/it\\\/author\\\/admin\\\/\"}]}<\/script>\n<!-- \/ Yoast SEO plugin. -->","yoast_head_json":{"title":"Congresso di polizia: prevedere i furti in casa? - Risparmiare","description":"Un sistema di previsione del crimine sar\u00e0 presentato per la prima volta al Police Informatics Congress 2015.","robots":{"index":"index","follow":"follow","max-snippet":"max-snippet:-1","max-image-preview":"max-image-preview:large","max-video-preview":"max-video-preview:-1"},"canonical":"https:\/\/news.save.ch\/it\/polizei-kongress-wohnungseinbrueche-vorhersagen\/","og_locale":"it_IT","og_type":"article","og_title":"Polizei-Kongress: Wohnungseinbr\u00fcche vorhersagen?","og_description":"Am Polizei-Informatik-Kongress 2015 wird erstmals ein Prognosesystem f\u00fcr Verbrechen pr\u00e4sentiert.","og_url":"https:\/\/news.save.ch\/it\/polizei-kongress-wohnungseinbrueche-vorhersagen\/","og_site_name":"Save","article_published_time":"2015-03-18T09:53:39+00:00","og_image":[{"url":"https:\/\/sicherheitsforum.ch\/wp-content\/uploads\/2016\/12\/Polizei-Kongress-Wohnungseinbr\u00fcche-vorhersagen-sicherheitsforum.jpg","type":"","width":"","height":""}],"author":"admin","twitter_card":"summary_large_image","twitter_misc":{"Scritto da":"admin","Tempo di lettura stimato":"1 minuto"},"schema":{"@context":"https:\/\/schema.org","@graph":[{"@type":"Article","@id":"https:\/\/news.save.ch\/polizei-kongress-wohnungseinbrueche-vorhersagen\/#article","isPartOf":{"@id":"https:\/\/news.save.ch\/polizei-kongress-wohnungseinbrueche-vorhersagen\/"},"author":{"name":"admin","@id":"https:\/\/news.save.ch\/de\/#\/schema\/person\/d49e199490bad7c70d64b9ab51142f2b"},"headline":"Polizei-Kongress: Wohnungseinbr\u00fcche vorhersagen?","datePublished":"2015-03-18T09:53:39+00:00","mainEntityOfPage":{"@id":"https:\/\/news.save.ch\/polizei-kongress-wohnungseinbrueche-vorhersagen\/"},"wordCount":172,"commentCount":0,"publisher":{"@id":"https:\/\/news.save.ch\/de\/#organization"},"image":{"@id":"https:\/\/news.save.ch\/polizei-kongress-wohnungseinbrueche-vorhersagen\/#primaryimage"},"thumbnailUrl":"https:\/\/news.save.ch\/wp-content\/uploads\/2016\/12\/Polizei-Kongress-Wohnungseinbrueche-vorhersagen-sicherheitsforum-scaled.jpg","keywords":["Fachkongress\/Fachmesse","Justiz &amp; Polizei","Kriminalit\u00e4t"],"articleSection":["ALLGEMEIN"],"inLanguage":"it-IT"},{"@type":"WebPage","@id":"https:\/\/news.save.ch\/polizei-kongress-wohnungseinbrueche-vorhersagen\/","url":"https:\/\/news.save.ch\/polizei-kongress-wohnungseinbrueche-vorhersagen\/","name":"Congresso di polizia: prevedere i furti in casa? - Risparmiare","isPartOf":{"@id":"https:\/\/news.save.ch\/de\/#website"},"primaryImageOfPage":{"@id":"https:\/\/news.save.ch\/polizei-kongress-wohnungseinbrueche-vorhersagen\/#primaryimage"},"image":{"@id":"https:\/\/news.save.ch\/polizei-kongress-wohnungseinbrueche-vorhersagen\/#primaryimage"},"thumbnailUrl":"https:\/\/news.save.ch\/wp-content\/uploads\/2016\/12\/Polizei-Kongress-Wohnungseinbrueche-vorhersagen-sicherheitsforum-scaled.jpg","datePublished":"2015-03-18T09:53:39+00:00","description":"Un sistema di previsione del crimine sar\u00e0 presentato per la prima volta al Police Informatics Congress 2015.","breadcrumb":{"@id":"https:\/\/news.save.ch\/polizei-kongress-wohnungseinbrueche-vorhersagen\/#breadcrumb"},"inLanguage":"it-IT","potentialAction":[{"@type":"ReadAction","target":["https:\/\/news.save.ch\/polizei-kongress-wohnungseinbrueche-vorhersagen\/"]}]},{"@type":"ImageObject","inLanguage":"it-IT","@id":"https:\/\/news.save.ch\/polizei-kongress-wohnungseinbrueche-vorhersagen\/#primaryimage","url":"https:\/\/news.save.ch\/wp-content\/uploads\/2016\/12\/Polizei-Kongress-Wohnungseinbrueche-vorhersagen-sicherheitsforum-scaled.jpg","contentUrl":"https:\/\/news.save.ch\/wp-content\/uploads\/2016\/12\/Polizei-Kongress-Wohnungseinbrueche-vorhersagen-sicherheitsforum-scaled.jpg","width":1400,"height":935,"caption":"Kann die Polizei k\u00fcnftig Verbrechen voraussagen?"},{"@type":"BreadcrumbList","@id":"https:\/\/news.save.ch\/polizei-kongress-wohnungseinbrueche-vorhersagen\/#breadcrumb","itemListElement":[{"@type":"ListItem","position":1,"name":"Home","item":"https:\/\/news.save.ch\/de\/"},{"@type":"ListItem","position":2,"name":"Polizei-Kongress: Wohnungseinbr\u00fcche vorhersagen?"}]},{"@type":"WebSite","@id":"https:\/\/news.save.ch\/de\/#website","url":"https:\/\/news.save.ch\/de\/","name":"Risparmiare","description":"Rivista svizzera specializzata in sicurezza","publisher":{"@id":"https:\/\/news.save.ch\/de\/#organization"},"potentialAction":[{"@type":"SearchAction","target":{"@type":"EntryPoint","urlTemplate":"https:\/\/news.save.ch\/de\/?s={search_term_string}"},"query-input":{"@type":"PropertyValueSpecification","valueRequired":true,"valueName":"search_term_string"}}],"inLanguage":"it-IT"},{"@type":"Organization","@id":"https:\/\/news.save.ch\/de\/#organization","name":"Forum sulla sicurezza","url":"https:\/\/news.save.ch\/de\/","logo":{"@type":"ImageObject","inLanguage":"it-IT","@id":"https:\/\/news.save.ch\/de\/#\/schema\/logo\/image\/","url":"https:\/\/news.save.ch\/wp-content\/uploads\/2022\/06\/Logo_SF_2012.png","contentUrl":"https:\/\/news.save.ch\/wp-content\/uploads\/2022\/06\/Logo_SF_2012.png","width":1100,"height":91,"caption":"Sicherheitsforum"},"image":{"@id":"https:\/\/news.save.ch\/de\/#\/schema\/logo\/image\/"}},{"@type":"Person","@id":"https:\/\/news.save.ch\/de\/#\/schema\/person\/d49e199490bad7c70d64b9ab51142f2b","name":"amministratore","image":{"@type":"ImageObject","inLanguage":"it-IT","@id":"https:\/\/secure.gravatar.com\/avatar\/ae2f4d718e6c49043e314ce431e7e645d646302a24a5ef5a8bc8e3f5a032e319?s=96&d=mm&r=g","url":"https:\/\/secure.gravatar.com\/avatar\/ae2f4d718e6c49043e314ce431e7e645d646302a24a5ef5a8bc8e3f5a032e319?s=96&d=mm&r=g","contentUrl":"https:\/\/secure.gravatar.com\/avatar\/ae2f4d718e6c49043e314ce431e7e645d646302a24a5ef5a8bc8e3f5a032e319?s=96&d=mm&r=g","caption":"admin"},"sameAs":["https:\/\/develop.organisator.galledia.ch"],"url":"https:\/\/news.save.ch\/it\/author\/admin\/"}]}},"_links":{"self":[{"href":"https:\/\/news.save.ch\/it\/wp-json\/wp\/v2\/posts\/3057","targetHints":{"allow":["GET"]}}],"collection":[{"href":"https:\/\/news.save.ch\/it\/wp-json\/wp\/v2\/posts"}],"about":[{"href":"https:\/\/news.save.ch\/it\/wp-json\/wp\/v2\/types\/post"}],"author":[{"embeddable":true,"href":"https:\/\/news.save.ch\/it\/wp-json\/wp\/v2\/users\/1"}],"replies":[{"embeddable":true,"href":"https:\/\/news.save.ch\/it\/wp-json\/wp\/v2\/comments?post=3057"}],"version-history":[{"count":0,"href":"https:\/\/news.save.ch\/it\/wp-json\/wp\/v2\/posts\/3057\/revisions"}],"wp:featuredmedia":[{"embeddable":true,"href":"https:\/\/news.save.ch\/it\/wp-json\/wp\/v2\/media\/3058"}],"wp:attachment":[{"href":"https:\/\/news.save.ch\/it\/wp-json\/wp\/v2\/media?parent=3057"}],"wp:term":[{"taxonomy":"category","embeddable":true,"href":"https:\/\/news.save.ch\/it\/wp-json\/wp\/v2\/categories?post=3057"},{"taxonomy":"post_tag","embeddable":true,"href":"https:\/\/news.save.ch\/it\/wp-json\/wp\/v2\/tags?post=3057"}],"curies":[{"name":"wp","href":"https:\/\/api.w.org\/{rel}","templated":true}]}}