{"id":3099,"date":"2018-07-25T07:40:25","date_gmt":"2018-07-25T05:40:25","guid":{"rendered":"https:\/\/news.save.ch\/?p=3099"},"modified":"2023-03-14T09:05:10","modified_gmt":"2023-03-14T08:05:10","slug":"warnwesten-pflicht-in-europa","status":null,"type":"post","link":"https:\/\/news.save.ch\/it\/warnwesten-pflicht-in-europa\/","title":{"rendered":"Obbligo di indossare gilet ad alta visibilit\u00e0 in Europa"},"content":{"rendered":"<figure id=\"attachment_3100\" aria-describedby=\"caption-attachment-3100\" style=\"width: 680px\" class=\"wp-caption alignnone\"><img loading=\"lazy\" decoding=\"async\" class=\"size-medium wp-image-3100\" src=\"http:\/\/develop.safety-plus.ch\/wp-content\/uploads\/2018\/07\/Depositphotos_photography33.jpg\" alt=\"\" width=\"680\" height=\"453\" \/><figcaption id=\"caption-attachment-3100\" class=\"wp-caption-text\">Per la vostra sicurezza, vi consigliamo di tenere sempre almeno due gilet ad alta visibilit\u00e0 nel vano portaoggetti della vostra auto, in modo che voi e i vostri passeggeri possiate averli rapidamente a portata di mano in caso di guasto o incidente. \u00a9 Depositphotos\/fotografia33<\/figcaption><\/figure>\n<p>Non tutti i gilet disponibili in commercio sono conformi ai requisiti di legge. Solo i gilet ad alta visibilit\u00e0 approvati possono portare il marchio di ispezione EN 471. Il marchio si trova su una toppa all'interno dell'indumento.<\/p>\n<p><strong>Standard europeo<\/strong><\/p>\n<p>La norma europea richiede, ad esempio, che il gilet ad alta visibilit\u00e0 abbia una sufficiente <a href=\"https:\/\/news.save.ch\/it\/reflektoren-aus-der-spruehdose\/\" target=\"_blank\" rel=\"noopener\">Superficie del riflettore<\/a> in modo che chi lo indossa sia facilmente visibile anche in condizioni di scarsa visibilit\u00e0.<\/p>\n<p><strong>In questi paesi \u00e8 obbligatorio indossare un gilet ad alta visibilit\u00e0.<\/strong><\/p>\n<p>Nel 2004, Italia e Spagna sono stati i primi Paesi europei a introdurre l'obbligo di indossare gilet ad alta visibilit\u00e0. Successivamente, Austria, Belgio, Bulgaria, Croazia, Finlandia, Francia, Ungheria, Lussemburgo, Montenegro, Serbia, Slovacchia e Slovenia hanno seguito l'esempio. In Norvegia e Portogallo, l'obbligo si applica solo ai veicoli immatricolati in questi Paesi.<\/p>\n<figure id=\"attachment_3101\" aria-describedby=\"caption-attachment-3101\" style=\"width: 680px\" class=\"wp-caption alignnone\"><img loading=\"lazy\" decoding=\"async\" class=\"size-medium wp-image-3101\" src=\"http:\/\/develop.safety-plus.ch\/wp-content\/uploads\/2018\/07\/Warnweste-TCS.png\" alt=\"\" width=\"680\" height=\"453\" \/><figcaption id=\"caption-attachment-3101\" class=\"wp-caption-text\">A differenza della Svizzera, in molti Paesi europei il gilet ad alta visibilit\u00e0 \u00e8 obbligatorio e deve essere portato in auto. \u00a9 TCS 10\/2016<\/figcaption><\/figure>\n<p><strong>Raccomandazione: portare sempre con s\u00e9 due gilet.<\/strong><\/p>\n<p>Come tutte le norme del codice della strada, i dettagli dell'obbligo del gilet ad alta visibilit\u00e0 possono cambiare rapidamente. Questo vale, ad esempio, per la norma contraddittoria secondo cui in Spagna non \u00e8 necessario portare con s\u00e9 il gilet ad alta visibilit\u00e0, ma che deve essere indossato in caso di <a href=\"https:\/\/news.save.ch\/it\/nichtberufsunfaelle-75-millionen-verlorene-arbeitstage\/\" target=\"_blank\" rel=\"noopener\">Incidente<\/a> devono essere indossati. Auto-reise-welt.de consiglia quindi di portare con s\u00e9 almeno due gilet quando si viaggia nei Paesi citati: uno per il conducente e uno per il passeggero. I gilet di sicurezza costano solo pochi euro l'uno nei negozi di accessori per auto.<\/p>\n<p>Fonte: <a href=\"http:\/\/ww.auto-reise-welt.de\/warnweste-auto.htm%0d\" target=\"_blank\" rel=\"noopener\">www.auto-reise-welt.de<\/a><\/p>\n<p>&nbsp;<\/p>\n<p><strong>Ulteriori nuovi regolamenti<\/strong><\/p>\n<p><strong>Francia: nuovo regolamento dal 1\u00b0 luglio 2018 - Limite di velocit\u00e0 80 sulle strade rurali<\/strong><\/p>\n<p>Mentre il <a href=\"https:\/\/news.save.ch\/it\/an-hitzetagen-gibt-es-7-mehr-unfaelle\/\" target=\"_blank\" rel=\"noopener\">Dati sugli incidenti<\/a> Mentre in Svizzera continuano a diminuire, in Francia sono tornati ad aumentare da tre anni. Soprattutto sulle strade di campagna. La decisione presa dal Primo Ministro francese Edouarde Philippe all'inizio dell'anno di ridurre il limite di velocit\u00e0 per motivi di sicurezza \u00e8 ora in vigore. <a href=\"https:\/\/news.save.ch\/it\/neues-bfu-sicherheitsbarometer-zur-verkehrssicherheit\/\" target=\"_blank\" rel=\"noopener\">Limite di velocit\u00e0<\/a> La decisione di ridurre il limite di velocit\u00e0 sulle strade rurali a 80 km\/h a partire dal 1\u00b0 luglio ha suscitato molte critiche da parte di automobilisti e associazioni. Sospettano che si tratti di una fregatura. Questo \u00e8 particolarmente vero perch\u00e9 Philippe ha contemporaneamente introdotto un pacchetto di 18 misure, tra cui sanzioni pi\u00f9 severe. Uno studio di accompagnamento e un'analisi nel 2020 mostreranno in che misura il numero di vittime del traffico pu\u00f2 essere ridotto con la velocit\u00e0 di 80 km\/h.<br \/>\nCi\u00f2 significa che in Svizzera e in Francia il limite di velocit\u00e0 \u00e8 ora di 80 km\/h su strada. In Austria e Germania \u00e8 consentito raggiungere i 100 km\/h.<\/p>\n<p>Fonte: <a href=\"http:\/\/www.acs.ch\/ch-de\/reisen-freizeit\/international\/index.asp?navid=87\" target=\"_blank\" rel=\"noopener\">ACS <\/a><\/p>\n<p><strong>Ulteriori consigli e raccomandazioni<\/strong><\/p>\n<p><a href=\"https:\/\/www.tcs.ch\/de\/camping-reisen\/reiseinformationen\/wissenswertes\/fahrzeugvorschriften\/warnweste.php\" target=\"_blank\" rel=\"noopener\">Gilet ad alta visibilit\u00e0 in Europa: la panoramica del TCS<\/a><\/p>\n<p><a href=\"https:\/\/www.adac.de\/_mmm\/pdf\/Warnwestenpflicht%202015%20-%20TIB_166056.pdf\" target=\"_blank\" rel=\"noopener\">Obbligo di indossare il gilet ad alta visibilit\u00e0 all'estero: la tabella dell'ADAC<\/a><\/p>\n<p><a href=\"http:\/\/www.auto-reise-welt.de\/info\/verkehrsregeln-europa\" target=\"_blank\" rel=\"noopener\">Le regole del traffico in Europa<\/a><\/p>\n<p>Blog ACS \"<a href=\"https:\/\/blog.acs.ch\/mit-dem-auto-entspannt-die-ferien\/\" target=\"_blank\" rel=\"noopener\">Vacanze rilassanti in auto<\/a>\"<\/p>\n<p>Blog ACS \"<a href=\"https:\/\/blog.acs.ch\/acs-pannenhilfe\/\" target=\"_blank\" rel=\"noopener\">Agire con sicurezza in caso di guasto<\/a>\"<\/p>","protected":false},"excerpt":{"rendered":"<p>Nicht alle im Handel erh\u00e4ltlichen Westen entsprechen den gesetzlichen Vorschriften. Nur zugelassene Warnwesten d\u00fcrfen das Kontrollzeichen EN 471 tragen. Das Zeichen befindet sich auf einem Aufn\u00e4her an der Innenseite der Kleidung. Europ\u00e4ische Norm Die europ\u00e4ische Norm verlangt zum Beispiel, dass die Warnweste eine ausreichende Reflektor-Fl\u00e4che hat, damit ihr Tr\u00e4ger auch bei schlechten Sichtverh\u00e4ltnissen gut zu [&hellip;]<\/p>\n","protected":false},"author":1,"featured_media":3100,"comment_status":"open","ping_status":"open","sticky":false,"template":"","format":"standard","meta":{"_acf_changed":false,"pgc_sgb_lightbox_settings":"","footnotes":""},"categories":[1,3314],"tags":[1591,1714,1971,2009,2610,2772,3077,3083,3084,902,3227],"class_list":["post-3099","post","type-post","status-publish","format-standard","has-post-thumbnail","hentry","category-allgemein","category-health-safety","tag-acs","tag-auto-reise-welt","tag-en-471","tag-europaeische-norm","tag-neuregelung","tag-reflektor","tag-tcs","tag-tempo-80","tag-tempolimit","tag-unfall","tag-warnweste"],"acf":[],"hkrextid":null,"publication":null,"issue":null,"workflow":null,"startPage":null,"spitzmarke":null,"_posts_by_tag_page_fields":{"widget_title":"","widget_tags":""},"_at_widget":"1","_yoast_wpseo_primary_category":"2","_yoast_wpseo_focuskw_text_input":"Warnweste","_yoast_wpseo_opengraph-image":null,"_yoast_wpseo_opengraph-description":null,"_yoast_wpseo_opengraph-title":null,"enclosure":null,"_yoast_wpseo_twitter-title":null,"_yoast_wpseo_twitter-description":null,"_yoast_wpseo_twitter-image":null,"_wp_old_slug":null,"_yoast_wpseo_title":null,"_yoast_wpseo_canonical":null,"yoast_head":"<!-- This site is optimized with the Yoast SEO plugin v27.4 - https:\/\/yoast.com\/product\/yoast-seo-wordpress\/ -->\n<title>Warnwesten-Pflicht in Europa - Save<\/title>\n<meta name=\"description\" content=\"Tipp der Redaktion: mindestens zwei Warnwesten im Handschuhfach Ihres Autos mitf\u00fchren, damit sie schnell zur Hand sind, wenn es zur Panne\/Unfall kommt.\" \/>\n<meta name=\"robots\" content=\"index, follow, max-snippet:-1, max-image-preview:large, max-video-preview:-1\" \/>\n<link rel=\"canonical\" href=\"https:\/\/news.save.ch\/it\/warnwesten-pflicht-in-europa\/\" \/>\n<meta property=\"og:locale\" content=\"it_IT\" \/>\n<meta property=\"og:type\" content=\"article\" \/>\n<meta property=\"og:title\" content=\"Warnwesten-Pflicht in Europa - Save\" \/>\n<meta property=\"og:description\" content=\"Tipp der Redaktion: mindestens zwei Warnwesten im Handschuhfach Ihres Autos mitf\u00fchren, damit sie schnell zur Hand sind, wenn es zur Panne\/Unfall kommt.\" \/>\n<meta property=\"og:url\" content=\"https:\/\/news.save.ch\/it\/warnwesten-pflicht-in-europa\/\" \/>\n<meta property=\"og:site_name\" content=\"Save\" \/>\n<meta property=\"article:published_time\" content=\"2018-07-25T05:40:25+00:00\" \/>\n<meta property=\"article:modified_time\" content=\"2023-03-14T08:05:10+00:00\" \/>\n<meta property=\"og:image\" content=\"https:\/\/news.save.ch\/wp-content\/uploads\/2018\/07\/Depositphotos_photography33-scaled-1.jpg\" \/>\n\t<meta property=\"og:image:width\" content=\"1200\" \/>\n\t<meta property=\"og:image:height\" content=\"800\" \/>\n\t<meta property=\"og:image:type\" content=\"image\/jpeg\" \/>\n<meta name=\"author\" content=\"admin\" \/>\n<meta name=\"twitter:card\" content=\"summary_large_image\" \/>\n<meta name=\"twitter:label1\" content=\"Scritto da\" \/>\n\t<meta name=\"twitter:data1\" content=\"admin\" \/>\n\t<meta name=\"twitter:label2\" content=\"Tempo di lettura stimato\" \/>\n\t<meta name=\"twitter:data2\" content=\"2 minuti\" \/>\n<script type=\"application\/ld+json\" class=\"yoast-schema-graph\">{\"@context\":\"https:\\\/\\\/schema.org\",\"@graph\":[{\"@type\":\"Article\",\"@id\":\"https:\\\/\\\/news.save.ch\\\/warnwesten-pflicht-in-europa\\\/#article\",\"isPartOf\":{\"@id\":\"https:\\\/\\\/news.save.ch\\\/warnwesten-pflicht-in-europa\\\/\"},\"author\":{\"name\":\"admin\",\"@id\":\"https:\\\/\\\/news.save.ch\\\/de\\\/#\\\/schema\\\/person\\\/d49e199490bad7c70d64b9ab51142f2b\"},\"headline\":\"Warnwesten-Pflicht in Europa\",\"datePublished\":\"2018-07-25T05:40:25+00:00\",\"dateModified\":\"2023-03-14T08:05:10+00:00\",\"mainEntityOfPage\":{\"@id\":\"https:\\\/\\\/news.save.ch\\\/warnwesten-pflicht-in-europa\\\/\"},\"wordCount\":464,\"commentCount\":0,\"publisher\":{\"@id\":\"https:\\\/\\\/news.save.ch\\\/de\\\/#organization\"},\"image\":{\"@id\":\"https:\\\/\\\/news.save.ch\\\/warnwesten-pflicht-in-europa\\\/#primaryimage\"},\"thumbnailUrl\":\"https:\\\/\\\/news.save.ch\\\/wp-content\\\/uploads\\\/2018\\\/07\\\/Depositphotos_photography33-scaled-1.jpg\",\"keywords\":[\"ACS\",\"Auto-reise-welt\",\"EN 471\",\"europ\u00e4ische Norm\",\"Neuregelung\",\"Reflektor\",\"TCS\",\"Tempo 80\",\"Tempolimit\",\"Unfall\",\"Warnweste\"],\"articleSection\":[\"ALLGEMEIN\",\"HEALTH &amp; SAFETY\"],\"inLanguage\":\"it-IT\"},{\"@type\":\"WebPage\",\"@id\":\"https:\\\/\\\/news.save.ch\\\/warnwesten-pflicht-in-europa\\\/\",\"url\":\"https:\\\/\\\/news.save.ch\\\/warnwesten-pflicht-in-europa\\\/\",\"name\":\"Warnwesten-Pflicht in Europa - Save\",\"isPartOf\":{\"@id\":\"https:\\\/\\\/news.save.ch\\\/de\\\/#website\"},\"primaryImageOfPage\":{\"@id\":\"https:\\\/\\\/news.save.ch\\\/warnwesten-pflicht-in-europa\\\/#primaryimage\"},\"image\":{\"@id\":\"https:\\\/\\\/news.save.ch\\\/warnwesten-pflicht-in-europa\\\/#primaryimage\"},\"thumbnailUrl\":\"https:\\\/\\\/news.save.ch\\\/wp-content\\\/uploads\\\/2018\\\/07\\\/Depositphotos_photography33-scaled-1.jpg\",\"datePublished\":\"2018-07-25T05:40:25+00:00\",\"dateModified\":\"2023-03-14T08:05:10+00:00\",\"description\":\"Tipp der Redaktion: mindestens zwei Warnwesten im Handschuhfach Ihres Autos mitf\u00fchren, damit sie schnell zur Hand sind, wenn es zur Panne\\\/Unfall kommt.\",\"breadcrumb\":{\"@id\":\"https:\\\/\\\/news.save.ch\\\/warnwesten-pflicht-in-europa\\\/#breadcrumb\"},\"inLanguage\":\"it-IT\",\"potentialAction\":[{\"@type\":\"ReadAction\",\"target\":[\"https:\\\/\\\/news.save.ch\\\/warnwesten-pflicht-in-europa\\\/\"]}]},{\"@type\":\"ImageObject\",\"inLanguage\":\"it-IT\",\"@id\":\"https:\\\/\\\/news.save.ch\\\/warnwesten-pflicht-in-europa\\\/#primaryimage\",\"url\":\"https:\\\/\\\/news.save.ch\\\/wp-content\\\/uploads\\\/2018\\\/07\\\/Depositphotos_photography33-scaled-1.jpg\",\"contentUrl\":\"https:\\\/\\\/news.save.ch\\\/wp-content\\\/uploads\\\/2018\\\/07\\\/Depositphotos_photography33-scaled-1.jpg\",\"width\":1200,\"height\":800,\"caption\":\"F\u00fcr Ihre Sicherheit empfehlen wir Ihnen immer mindestens zwei Warnwesten im Handschuhfach Ihres Autos dabei zu haben, damit Sie und Ihre Beifahrer sie schnell zur Hand haben, wenn es zur Panne oder einem Unfall kommt. \u00a9 Depositphotos\\\/photography33\"},{\"@type\":\"BreadcrumbList\",\"@id\":\"https:\\\/\\\/news.save.ch\\\/warnwesten-pflicht-in-europa\\\/#breadcrumb\",\"itemListElement\":[{\"@type\":\"ListItem\",\"position\":1,\"name\":\"Home\",\"item\":\"https:\\\/\\\/news.save.ch\\\/de\\\/\"},{\"@type\":\"ListItem\",\"position\":2,\"name\":\"Warnwesten-Pflicht in Europa\"}]},{\"@type\":\"WebSite\",\"@id\":\"https:\\\/\\\/news.save.ch\\\/de\\\/#website\",\"url\":\"https:\\\/\\\/news.save.ch\\\/de\\\/\",\"name\":\"Save\",\"description\":\"Schweizer Fachzeitschrift f\u00fcr Sicherheit\",\"publisher\":{\"@id\":\"https:\\\/\\\/news.save.ch\\\/de\\\/#organization\"},\"potentialAction\":[{\"@type\":\"SearchAction\",\"target\":{\"@type\":\"EntryPoint\",\"urlTemplate\":\"https:\\\/\\\/news.save.ch\\\/de\\\/?s={search_term_string}\"},\"query-input\":{\"@type\":\"PropertyValueSpecification\",\"valueRequired\":true,\"valueName\":\"search_term_string\"}}],\"inLanguage\":\"it-IT\"},{\"@type\":\"Organization\",\"@id\":\"https:\\\/\\\/news.save.ch\\\/de\\\/#organization\",\"name\":\"Sicherheitsforum\",\"url\":\"https:\\\/\\\/news.save.ch\\\/de\\\/\",\"logo\":{\"@type\":\"ImageObject\",\"inLanguage\":\"it-IT\",\"@id\":\"https:\\\/\\\/news.save.ch\\\/de\\\/#\\\/schema\\\/logo\\\/image\\\/\",\"url\":\"https:\\\/\\\/news.save.ch\\\/wp-content\\\/uploads\\\/2022\\\/06\\\/Logo_SF_2012.png\",\"contentUrl\":\"https:\\\/\\\/news.save.ch\\\/wp-content\\\/uploads\\\/2022\\\/06\\\/Logo_SF_2012.png\",\"width\":1100,\"height\":91,\"caption\":\"Sicherheitsforum\"},\"image\":{\"@id\":\"https:\\\/\\\/news.save.ch\\\/de\\\/#\\\/schema\\\/logo\\\/image\\\/\"}},{\"@type\":\"Person\",\"@id\":\"https:\\\/\\\/news.save.ch\\\/de\\\/#\\\/schema\\\/person\\\/d49e199490bad7c70d64b9ab51142f2b\",\"name\":\"admin\",\"image\":{\"@type\":\"ImageObject\",\"inLanguage\":\"it-IT\",\"@id\":\"https:\\\/\\\/secure.gravatar.com\\\/avatar\\\/ae2f4d718e6c49043e314ce431e7e645d646302a24a5ef5a8bc8e3f5a032e319?s=96&d=mm&r=g\",\"url\":\"https:\\\/\\\/secure.gravatar.com\\\/avatar\\\/ae2f4d718e6c49043e314ce431e7e645d646302a24a5ef5a8bc8e3f5a032e319?s=96&d=mm&r=g\",\"contentUrl\":\"https:\\\/\\\/secure.gravatar.com\\\/avatar\\\/ae2f4d718e6c49043e314ce431e7e645d646302a24a5ef5a8bc8e3f5a032e319?s=96&d=mm&r=g\",\"caption\":\"admin\"},\"sameAs\":[\"https:\\\/\\\/develop.organisator.galledia.ch\"],\"url\":\"https:\\\/\\\/news.save.ch\\\/it\\\/author\\\/admin\\\/\"}]}<\/script>\n<!-- \/ Yoast SEO plugin. -->","yoast_head_json":{"title":"Gilet ad alta visibilit\u00e0 obbligatori in Europa - Save","description":"Consiglio del redattore: portate almeno due gilet ad alta visibilit\u00e0 nel vano portaoggetti dell'auto, in modo da averli rapidamente a portata di mano in caso di guasto\/incidente.","robots":{"index":"index","follow":"follow","max-snippet":"max-snippet:-1","max-image-preview":"max-image-preview:large","max-video-preview":"max-video-preview:-1"},"canonical":"https:\/\/news.save.ch\/it\/warnwesten-pflicht-in-europa\/","og_locale":"it_IT","og_type":"article","og_title":"Warnwesten-Pflicht in Europa - Save","og_description":"Tipp der Redaktion: mindestens zwei Warnwesten im Handschuhfach Ihres Autos mitf\u00fchren, damit sie schnell zur Hand sind, wenn es zur Panne\/Unfall kommt.","og_url":"https:\/\/news.save.ch\/it\/warnwesten-pflicht-in-europa\/","og_site_name":"Save","article_published_time":"2018-07-25T05:40:25+00:00","article_modified_time":"2023-03-14T08:05:10+00:00","og_image":[{"width":1200,"height":800,"url":"https:\/\/news.save.ch\/wp-content\/uploads\/2018\/07\/Depositphotos_photography33-scaled-1.jpg","type":"image\/jpeg"}],"author":"admin","twitter_card":"summary_large_image","twitter_misc":{"Scritto da":"admin","Tempo di lettura stimato":"2 minuti"},"schema":{"@context":"https:\/\/schema.org","@graph":[{"@type":"Article","@id":"https:\/\/news.save.ch\/warnwesten-pflicht-in-europa\/#article","isPartOf":{"@id":"https:\/\/news.save.ch\/warnwesten-pflicht-in-europa\/"},"author":{"name":"admin","@id":"https:\/\/news.save.ch\/de\/#\/schema\/person\/d49e199490bad7c70d64b9ab51142f2b"},"headline":"Warnwesten-Pflicht in Europa","datePublished":"2018-07-25T05:40:25+00:00","dateModified":"2023-03-14T08:05:10+00:00","mainEntityOfPage":{"@id":"https:\/\/news.save.ch\/warnwesten-pflicht-in-europa\/"},"wordCount":464,"commentCount":0,"publisher":{"@id":"https:\/\/news.save.ch\/de\/#organization"},"image":{"@id":"https:\/\/news.save.ch\/warnwesten-pflicht-in-europa\/#primaryimage"},"thumbnailUrl":"https:\/\/news.save.ch\/wp-content\/uploads\/2018\/07\/Depositphotos_photography33-scaled-1.jpg","keywords":["ACS","Auto-reise-welt","EN 471","europ\u00e4ische Norm","Neuregelung","Reflektor","TCS","Tempo 80","Tempolimit","Unfall","Warnweste"],"articleSection":["ALLGEMEIN","HEALTH &amp; SAFETY"],"inLanguage":"it-IT"},{"@type":"WebPage","@id":"https:\/\/news.save.ch\/warnwesten-pflicht-in-europa\/","url":"https:\/\/news.save.ch\/warnwesten-pflicht-in-europa\/","name":"Gilet ad alta visibilit\u00e0 obbligatori in Europa - Save","isPartOf":{"@id":"https:\/\/news.save.ch\/de\/#website"},"primaryImageOfPage":{"@id":"https:\/\/news.save.ch\/warnwesten-pflicht-in-europa\/#primaryimage"},"image":{"@id":"https:\/\/news.save.ch\/warnwesten-pflicht-in-europa\/#primaryimage"},"thumbnailUrl":"https:\/\/news.save.ch\/wp-content\/uploads\/2018\/07\/Depositphotos_photography33-scaled-1.jpg","datePublished":"2018-07-25T05:40:25+00:00","dateModified":"2023-03-14T08:05:10+00:00","description":"Consiglio del redattore: portate almeno due gilet ad alta visibilit\u00e0 nel vano portaoggetti dell'auto, in modo da averli rapidamente a portata di mano in caso di guasto\/incidente.","breadcrumb":{"@id":"https:\/\/news.save.ch\/warnwesten-pflicht-in-europa\/#breadcrumb"},"inLanguage":"it-IT","potentialAction":[{"@type":"ReadAction","target":["https:\/\/news.save.ch\/warnwesten-pflicht-in-europa\/"]}]},{"@type":"ImageObject","inLanguage":"it-IT","@id":"https:\/\/news.save.ch\/warnwesten-pflicht-in-europa\/#primaryimage","url":"https:\/\/news.save.ch\/wp-content\/uploads\/2018\/07\/Depositphotos_photography33-scaled-1.jpg","contentUrl":"https:\/\/news.save.ch\/wp-content\/uploads\/2018\/07\/Depositphotos_photography33-scaled-1.jpg","width":1200,"height":800,"caption":"F\u00fcr Ihre Sicherheit empfehlen wir Ihnen immer mindestens zwei Warnwesten im Handschuhfach Ihres Autos dabei zu haben, damit Sie und Ihre Beifahrer sie schnell zur Hand haben, wenn es zur Panne oder einem Unfall kommt. \u00a9 Depositphotos\/photography33"},{"@type":"BreadcrumbList","@id":"https:\/\/news.save.ch\/warnwesten-pflicht-in-europa\/#breadcrumb","itemListElement":[{"@type":"ListItem","position":1,"name":"Home","item":"https:\/\/news.save.ch\/de\/"},{"@type":"ListItem","position":2,"name":"Warnwesten-Pflicht in Europa"}]},{"@type":"WebSite","@id":"https:\/\/news.save.ch\/de\/#website","url":"https:\/\/news.save.ch\/de\/","name":"Risparmiare","description":"Rivista svizzera specializzata in sicurezza","publisher":{"@id":"https:\/\/news.save.ch\/de\/#organization"},"potentialAction":[{"@type":"SearchAction","target":{"@type":"EntryPoint","urlTemplate":"https:\/\/news.save.ch\/de\/?s={search_term_string}"},"query-input":{"@type":"PropertyValueSpecification","valueRequired":true,"valueName":"search_term_string"}}],"inLanguage":"it-IT"},{"@type":"Organization","@id":"https:\/\/news.save.ch\/de\/#organization","name":"Forum sulla sicurezza","url":"https:\/\/news.save.ch\/de\/","logo":{"@type":"ImageObject","inLanguage":"it-IT","@id":"https:\/\/news.save.ch\/de\/#\/schema\/logo\/image\/","url":"https:\/\/news.save.ch\/wp-content\/uploads\/2022\/06\/Logo_SF_2012.png","contentUrl":"https:\/\/news.save.ch\/wp-content\/uploads\/2022\/06\/Logo_SF_2012.png","width":1100,"height":91,"caption":"Sicherheitsforum"},"image":{"@id":"https:\/\/news.save.ch\/de\/#\/schema\/logo\/image\/"}},{"@type":"Person","@id":"https:\/\/news.save.ch\/de\/#\/schema\/person\/d49e199490bad7c70d64b9ab51142f2b","name":"amministratore","image":{"@type":"ImageObject","inLanguage":"it-IT","@id":"https:\/\/secure.gravatar.com\/avatar\/ae2f4d718e6c49043e314ce431e7e645d646302a24a5ef5a8bc8e3f5a032e319?s=96&d=mm&r=g","url":"https:\/\/secure.gravatar.com\/avatar\/ae2f4d718e6c49043e314ce431e7e645d646302a24a5ef5a8bc8e3f5a032e319?s=96&d=mm&r=g","contentUrl":"https:\/\/secure.gravatar.com\/avatar\/ae2f4d718e6c49043e314ce431e7e645d646302a24a5ef5a8bc8e3f5a032e319?s=96&d=mm&r=g","caption":"admin"},"sameAs":["https:\/\/develop.organisator.galledia.ch"],"url":"https:\/\/news.save.ch\/it\/author\/admin\/"}]}},"_links":{"self":[{"href":"https:\/\/news.save.ch\/it\/wp-json\/wp\/v2\/posts\/3099","targetHints":{"allow":["GET"]}}],"collection":[{"href":"https:\/\/news.save.ch\/it\/wp-json\/wp\/v2\/posts"}],"about":[{"href":"https:\/\/news.save.ch\/it\/wp-json\/wp\/v2\/types\/post"}],"author":[{"embeddable":true,"href":"https:\/\/news.save.ch\/it\/wp-json\/wp\/v2\/users\/1"}],"replies":[{"embeddable":true,"href":"https:\/\/news.save.ch\/it\/wp-json\/wp\/v2\/comments?post=3099"}],"version-history":[{"count":1,"href":"https:\/\/news.save.ch\/it\/wp-json\/wp\/v2\/posts\/3099\/revisions"}],"predecessor-version":[{"id":18709,"href":"https:\/\/news.save.ch\/it\/wp-json\/wp\/v2\/posts\/3099\/revisions\/18709"}],"wp:featuredmedia":[{"embeddable":true,"href":"https:\/\/news.save.ch\/it\/wp-json\/wp\/v2\/media\/3100"}],"wp:attachment":[{"href":"https:\/\/news.save.ch\/it\/wp-json\/wp\/v2\/media?parent=3099"}],"wp:term":[{"taxonomy":"category","embeddable":true,"href":"https:\/\/news.save.ch\/it\/wp-json\/wp\/v2\/categories?post=3099"},{"taxonomy":"post_tag","embeddable":true,"href":"https:\/\/news.save.ch\/it\/wp-json\/wp\/v2\/tags?post=3099"}],"curies":[{"name":"wp","href":"https:\/\/api.w.org\/{rel}","templated":true}]}}