{"id":3117,"date":"2018-07-30T12:54:52","date_gmt":"2018-07-30T10:54:52","guid":{"rendered":"https:\/\/news.save.ch\/?p=3117"},"modified":"2023-03-14T09:04:11","modified_gmt":"2023-03-14T08:04:11","slug":"tagung-optimierung-der-betrieblichen-sicherheit","status":null,"type":"post","link":"https:\/\/news.save.ch\/it\/tagung-optimierung-der-betrieblichen-sicherheit\/","title":{"rendered":"Conferenza \"Ottimizzazione della sicurezza operativa"},"content":{"rendered":"<figure id=\"attachment_3119\" aria-describedby=\"caption-attachment-3119\" style=\"width: 680px\" class=\"wp-caption alignnone\"><img loading=\"lazy\" decoding=\"async\" class=\"size-medium wp-image-3119\" src=\"http:\/\/develop.safety-plus.ch\/wp-content\/uploads\/2018\/07\/Depositphotos_photography33-1.jpg\" alt=\"\" width=\"680\" height=\"454\" \/><figcaption id=\"caption-attachment-3119\" class=\"wp-caption-text\">La sicurezza in azienda \u00e8 importante. I partecipanti all'evento Galledia SAVE di Zurigo impareranno come funziona e cosa c'\u00e8 dietro. \u00a9 Depositphotos\/fotografia33<\/figcaption><\/figure>\n<p>La sicurezza in azienda costituisce la base per la continuit\u00e0 dell'attivit\u00e0 imprenditoriale e serve a garantire la sicurezza del lavoro. <a href=\"https:\/\/news.save.ch\/it\/tag-fuer-sicherheit-und-gesundheit-am-arbeitsplatz\/\" target=\"_blank\" rel=\"noopener\">Protezione dei dipendenti<\/a>. <a href=\"https:\/\/news.save.ch\/it\/svti-gestaerktes-kompetenzzentrum-fuer-technische-sicherheit-und-risikomanagement\/\" target=\"_blank\" rel=\"noopener\">Sicurezza<\/a> deve essere anche economica, cio\u00e8 accessibile. Un investimento eccessivo in sicurezza pu\u00f2 ridurre la redditivit\u00e0, danneggiare l'atmosfera lavorativa e ostacolare l'innovazione. Una sicurezza inadeguata pu\u00f2 portare a conseguenze legali, soprattutto per il management, nonch\u00e9 a un aumento di eventi indesiderati, interruzioni operative e, in casi estremi, a problemi esistenziali. Tali problemi devono essere evitati o prevenuti in primo luogo attraverso un'organizzazione solida e resiliente (resilienza).<\/p>\n<p><strong>Identificare e ottimizzare i rischi <\/strong><\/p>\n<p>In linea di principio, un'azienda deve considerare due aspetti per quanto riguarda la sicurezza. Uno \u00e8 la conformit\u00e0 alle norme di legge. Tali questioni di conformit\u00e0 sono particolarmente importanti e per questo \u00e8 fondamentale sensibilizzare il management. L'altro \u00e8 la valutazione dei rischi specifici e la loro gestione con misure adeguate. Come si possono identificare e ottimizzare i rischi critici per l'azienda? Quali rischi possono essere gestiti o accettati consapevolmente? E quali possono essere coperti? Le risposte seguiranno nelle presentazioni.<br \/>\nAnche linee guida e processi sufficienti sono essenziali per una gestione della sicurezza funzionante. I relatori si avvarranno di esempi pratici concreti per mostrare come un lavoro consapevole con standard di sicurezza e strutture chiare possa avere successo. Verranno inoltre affrontati gli aspetti della sicurezza nell'uso dei social media. I social media possono essere utili in un'azienda? Sono una pura seccatura? Sono inutili? L'aspetto dell'\"ottimizzazione attraverso l'outsourcing della sicurezza\" completa la serie di conferenze.<\/p>\n<p><strong>Gruppo target e riconoscimento come formazione SGAS\u00a0<\/strong><br \/>\n<a href=\"https:\/\/news.save.ch\/it\/betriebliche-sicherheit-optimieren\/\" target=\"_blank\" rel=\"noopener\">Responsabile della sicurezza<\/a>, ingegneri della sicurezza, manager del rischio, della sicurezza e della protezione; responsabili e dipendenti dei dipartimenti di sicurezza aziendali, <a href=\"https:\/\/news.save.ch\/it\/security-essen-mit-sechs-uebergeordneten-themen\/\" target=\"_blank\" rel=\"noopener\">Sicurezza<\/a>, rischio, BCM, <a href=\"https:\/\/news.save.ch\/it\/arbeitssicherheit-schweiz-2018\/\" target=\"_blank\" rel=\"noopener\">Sicurezza sul lavoro<\/a>organizzazione, personale, IT, costruzione, gestione degli impianti, tecnologia e gestione dei progetti; rappresentanti di autorit\u00e0, assicuratori, consulenti, progettisti, progettisti specializzati e fornitori di tecnologie per la sicurezza. La conferenza \u00e8 riconosciuta dalla SGAS come formazione continua.<br \/>\nIl termine di registrazione \u00e8 gi\u00e0 il 22 agosto 2018!<\/p>\n<p><a href=\"https:\/\/save.ch\/vipress\/wp-content\/uploads\/2018\/04\/Flyer_Betriebliche_Sicherheit_V9_Web.pdf\" target=\"_blank\" rel=\"noopener\">Al volantino di invito<\/a><\/p>\n<p><strong>Appuntamento:\u00a0\u00a0\u00a0\u00a0\u00a0\u00a0\u00a0\u00a0\u00a0\u00a0\u00a0 <\/strong>30.8.2018<strong><br \/>\nLuogo:\u00a0\u00a0\u00a0\u00a0\u00a0\u00a0\u00a0\u00a0\u00a0\u00a0\u00a0\u00a0\u00a0\u00a0\u00a0\u00a0\u00a0\u00a0\u00a0 <\/strong>Hotel Zurich Marriott, 8006 Zurigo<br \/>\n<strong>Organizzatore:<\/strong>\u00a0 <a href=\"https:\/\/save.ch\/events\/optimierung-der-betrieblichen-sicherheit\/\" target=\"_blank\" rel=\"noopener\">Galledia SAVE AG<\/a><\/p>","protected":false},"excerpt":{"rendered":"<p>Die Sicherheit im Unternehmen bildet die Grundlage f\u00fcr die Kontinuit\u00e4t unternehmerischer Aktivit\u00e4ten und dient dem Schutz der Mitarbeitenden. Sicherheit muss auch wirtschaftlich \u2013 bezahlbar \u2013 sein. Zu viele Sicherheitsinvestitionen k\u00f6nnen die Rentabilit\u00e4t schm\u00e4lern, das Betriebsklima belasten und die Innovation beeintr\u00e4chtigen. Mangelhafte Sicherheit kann insbesondere f\u00fcr das Management rechtliche Konsequenzen nach sich ziehen sowie vermehrt zu [&hellip;]<\/p>\n","protected":false},"author":1,"featured_media":16289,"comment_status":"open","ping_status":"open","sticky":false,"template":"","format":"standard","meta":{"_acf_changed":false,"pgc_sgb_lightbox_settings":"","footnotes":""},"categories":[1,3314],"tags":[172,1774,348,84,1430,445,310,596,160],"class_list":["post-3117","post","type-post","status-publish","format-standard","has-post-thumbnail","hentry","category-allgemein","category-health-safety","tag-arbeitssicherheit","tag-betriebliche-sicherheit","tag-compliance","tag-fachkongressfachmesse","tag-resilienz","tag-risiken","tag-sicherheit","tag-veranstaltung","tag-veranstaltungen"],"acf":[],"hkrextid":null,"publication":null,"issue":null,"workflow":null,"startPage":null,"spitzmarke":null,"_posts_by_tag_page_fields":{"widget_title":"","widget_tags":""},"_at_widget":"1","_yoast_wpseo_primary_category":"5","_yoast_wpseo_focuskw_text_input":"betriebliche Sicherheit","_yoast_wpseo_opengraph-image":null,"_yoast_wpseo_opengraph-description":null,"_yoast_wpseo_opengraph-title":null,"enclosure":null,"_yoast_wpseo_twitter-title":null,"_yoast_wpseo_twitter-description":null,"_yoast_wpseo_twitter-image":null,"_wp_old_slug":null,"_yoast_wpseo_title":null,"_yoast_wpseo_canonical":null,"yoast_head":"<!-- This site is optimized with the Yoast SEO plugin v27.5 - https:\/\/yoast.com\/product\/yoast-seo-wordpress\/ -->\n<title>Tagung \u201eOptimierung der betrieblichen Sicherheit\u201c - Save<\/title>\n<meta name=\"description\" content=\"Wie lassen sich gesch\u00e4ftskritische Risiken erkennen und optimieren? Welche lassen sich managen oder bewusst in Kauf nehmen? Antworten folgen an der Tagung\" \/>\n<meta name=\"robots\" content=\"index, follow, max-snippet:-1, max-image-preview:large, max-video-preview:-1\" \/>\n<link rel=\"canonical\" href=\"https:\/\/news.save.ch\/it\/tagung-optimierung-der-betrieblichen-sicherheit\/\" \/>\n<meta property=\"og:locale\" content=\"it_IT\" \/>\n<meta property=\"og:type\" content=\"article\" \/>\n<meta property=\"og:title\" content=\"Tagung \u201eOptimierung der betrieblichen Sicherheit\u201c - Save\" \/>\n<meta property=\"og:description\" content=\"Wie lassen sich gesch\u00e4ftskritische Risiken erkennen und optimieren? Welche lassen sich managen oder bewusst in Kauf nehmen? Antworten folgen an der Tagung\" \/>\n<meta property=\"og:url\" content=\"https:\/\/news.save.ch\/it\/tagung-optimierung-der-betrieblichen-sicherheit\/\" \/>\n<meta property=\"og:site_name\" content=\"Save\" \/>\n<meta property=\"article:published_time\" content=\"2018-07-30T10:54:52+00:00\" \/>\n<meta property=\"article:modified_time\" content=\"2023-03-14T08:04:11+00:00\" \/>\n<meta property=\"og:image\" content=\"https:\/\/news.save.ch\/wp-content\/uploads\/2018\/07\/Depositphotos_photography33-1-scaled-1.jpg\" \/>\n\t<meta property=\"og:image:width\" content=\"1200\" \/>\n\t<meta property=\"og:image:height\" content=\"801\" \/>\n\t<meta property=\"og:image:type\" content=\"image\/jpeg\" \/>\n<meta name=\"author\" content=\"admin\" \/>\n<meta name=\"twitter:card\" content=\"summary_large_image\" \/>\n<meta name=\"twitter:label1\" content=\"Scritto da\" \/>\n\t<meta name=\"twitter:data1\" content=\"admin\" \/>\n\t<meta name=\"twitter:label2\" content=\"Tempo di lettura stimato\" \/>\n\t<meta name=\"twitter:data2\" content=\"2 minuti\" \/>\n<script type=\"application\/ld+json\" class=\"yoast-schema-graph\">{\"@context\":\"https:\\\/\\\/schema.org\",\"@graph\":[{\"@type\":\"Article\",\"@id\":\"https:\\\/\\\/news.save.ch\\\/tagung-optimierung-der-betrieblichen-sicherheit\\\/#article\",\"isPartOf\":{\"@id\":\"https:\\\/\\\/news.save.ch\\\/tagung-optimierung-der-betrieblichen-sicherheit\\\/\"},\"author\":{\"name\":\"admin\",\"@id\":\"https:\\\/\\\/news.save.ch\\\/de\\\/#\\\/schema\\\/person\\\/d49e199490bad7c70d64b9ab51142f2b\"},\"headline\":\"Tagung \u201eOptimierung der betrieblichen Sicherheit\u201c\",\"datePublished\":\"2018-07-30T10:54:52+00:00\",\"dateModified\":\"2023-03-14T08:04:11+00:00\",\"mainEntityOfPage\":{\"@id\":\"https:\\\/\\\/news.save.ch\\\/tagung-optimierung-der-betrieblichen-sicherheit\\\/\"},\"wordCount\":336,\"commentCount\":0,\"publisher\":{\"@id\":\"https:\\\/\\\/news.save.ch\\\/de\\\/#organization\"},\"image\":{\"@id\":\"https:\\\/\\\/news.save.ch\\\/tagung-optimierung-der-betrieblichen-sicherheit\\\/#primaryimage\"},\"thumbnailUrl\":\"https:\\\/\\\/news.save.ch\\\/wp-content\\\/uploads\\\/2018\\\/07\\\/Depositphotos_photography33-1-scaled-1.jpg\",\"keywords\":[\"Arbeitssicherheit\",\"betriebliche Sicherheit\",\"Compliance\",\"Fachkongress\\\/Fachmesse\",\"Resilienz\",\"Risiken\",\"Sicherheit\",\"Veranstaltung\",\"Veranstaltungen\"],\"articleSection\":[\"ALLGEMEIN\",\"HEALTH &amp; SAFETY\"],\"inLanguage\":\"it-IT\"},{\"@type\":\"WebPage\",\"@id\":\"https:\\\/\\\/news.save.ch\\\/tagung-optimierung-der-betrieblichen-sicherheit\\\/\",\"url\":\"https:\\\/\\\/news.save.ch\\\/tagung-optimierung-der-betrieblichen-sicherheit\\\/\",\"name\":\"Tagung \u201eOptimierung der betrieblichen Sicherheit\u201c - Save\",\"isPartOf\":{\"@id\":\"https:\\\/\\\/news.save.ch\\\/de\\\/#website\"},\"primaryImageOfPage\":{\"@id\":\"https:\\\/\\\/news.save.ch\\\/tagung-optimierung-der-betrieblichen-sicherheit\\\/#primaryimage\"},\"image\":{\"@id\":\"https:\\\/\\\/news.save.ch\\\/tagung-optimierung-der-betrieblichen-sicherheit\\\/#primaryimage\"},\"thumbnailUrl\":\"https:\\\/\\\/news.save.ch\\\/wp-content\\\/uploads\\\/2018\\\/07\\\/Depositphotos_photography33-1-scaled-1.jpg\",\"datePublished\":\"2018-07-30T10:54:52+00:00\",\"dateModified\":\"2023-03-14T08:04:11+00:00\",\"description\":\"Wie lassen sich gesch\u00e4ftskritische Risiken erkennen und optimieren? Welche lassen sich managen oder bewusst in Kauf nehmen? Antworten folgen an der Tagung\",\"breadcrumb\":{\"@id\":\"https:\\\/\\\/news.save.ch\\\/tagung-optimierung-der-betrieblichen-sicherheit\\\/#breadcrumb\"},\"inLanguage\":\"it-IT\",\"potentialAction\":[{\"@type\":\"ReadAction\",\"target\":[\"https:\\\/\\\/news.save.ch\\\/tagung-optimierung-der-betrieblichen-sicherheit\\\/\"]}]},{\"@type\":\"ImageObject\",\"inLanguage\":\"it-IT\",\"@id\":\"https:\\\/\\\/news.save.ch\\\/tagung-optimierung-der-betrieblichen-sicherheit\\\/#primaryimage\",\"url\":\"https:\\\/\\\/news.save.ch\\\/wp-content\\\/uploads\\\/2018\\\/07\\\/Depositphotos_photography33-1-scaled-1.jpg\",\"contentUrl\":\"https:\\\/\\\/news.save.ch\\\/wp-content\\\/uploads\\\/2018\\\/07\\\/Depositphotos_photography33-1-scaled-1.jpg\",\"width\":1200,\"height\":801,\"caption\":\"Sicherheit im Unternehmen ist wichtig. Wie das geht und was alles dahintersteckt, erfahren Teilnehmer am Galledia SAVE- Event in Z\u00fcrich. \u00a9 Depositphotos\\\/photography33\"},{\"@type\":\"BreadcrumbList\",\"@id\":\"https:\\\/\\\/news.save.ch\\\/tagung-optimierung-der-betrieblichen-sicherheit\\\/#breadcrumb\",\"itemListElement\":[{\"@type\":\"ListItem\",\"position\":1,\"name\":\"Home\",\"item\":\"https:\\\/\\\/news.save.ch\\\/de\\\/\"},{\"@type\":\"ListItem\",\"position\":2,\"name\":\"Tagung \u201eOptimierung der betrieblichen Sicherheit\u201c\"}]},{\"@type\":\"WebSite\",\"@id\":\"https:\\\/\\\/news.save.ch\\\/de\\\/#website\",\"url\":\"https:\\\/\\\/news.save.ch\\\/de\\\/\",\"name\":\"Save\",\"description\":\"Schweizer Fachzeitschrift f\u00fcr Sicherheit\",\"publisher\":{\"@id\":\"https:\\\/\\\/news.save.ch\\\/de\\\/#organization\"},\"potentialAction\":[{\"@type\":\"SearchAction\",\"target\":{\"@type\":\"EntryPoint\",\"urlTemplate\":\"https:\\\/\\\/news.save.ch\\\/de\\\/?s={search_term_string}\"},\"query-input\":{\"@type\":\"PropertyValueSpecification\",\"valueRequired\":true,\"valueName\":\"search_term_string\"}}],\"inLanguage\":\"it-IT\"},{\"@type\":\"Organization\",\"@id\":\"https:\\\/\\\/news.save.ch\\\/de\\\/#organization\",\"name\":\"Sicherheitsforum\",\"url\":\"https:\\\/\\\/news.save.ch\\\/de\\\/\",\"logo\":{\"@type\":\"ImageObject\",\"inLanguage\":\"it-IT\",\"@id\":\"https:\\\/\\\/news.save.ch\\\/de\\\/#\\\/schema\\\/logo\\\/image\\\/\",\"url\":\"https:\\\/\\\/news.save.ch\\\/wp-content\\\/uploads\\\/2022\\\/06\\\/Logo_SF_2012.png\",\"contentUrl\":\"https:\\\/\\\/news.save.ch\\\/wp-content\\\/uploads\\\/2022\\\/06\\\/Logo_SF_2012.png\",\"width\":1100,\"height\":91,\"caption\":\"Sicherheitsforum\"},\"image\":{\"@id\":\"https:\\\/\\\/news.save.ch\\\/de\\\/#\\\/schema\\\/logo\\\/image\\\/\"}},{\"@type\":\"Person\",\"@id\":\"https:\\\/\\\/news.save.ch\\\/de\\\/#\\\/schema\\\/person\\\/d49e199490bad7c70d64b9ab51142f2b\",\"name\":\"admin\",\"image\":{\"@type\":\"ImageObject\",\"inLanguage\":\"it-IT\",\"@id\":\"https:\\\/\\\/secure.gravatar.com\\\/avatar\\\/ae2f4d718e6c49043e314ce431e7e645d646302a24a5ef5a8bc8e3f5a032e319?s=96&d=mm&r=g\",\"url\":\"https:\\\/\\\/secure.gravatar.com\\\/avatar\\\/ae2f4d718e6c49043e314ce431e7e645d646302a24a5ef5a8bc8e3f5a032e319?s=96&d=mm&r=g\",\"contentUrl\":\"https:\\\/\\\/secure.gravatar.com\\\/avatar\\\/ae2f4d718e6c49043e314ce431e7e645d646302a24a5ef5a8bc8e3f5a032e319?s=96&d=mm&r=g\",\"caption\":\"admin\"},\"sameAs\":[\"https:\\\/\\\/develop.organisator.galledia.ch\"],\"url\":\"https:\\\/\\\/news.save.ch\\\/it\\\/author\\\/admin\\\/\"}]}<\/script>\n<!-- \/ Yoast SEO plugin. -->","yoast_head_json":{"title":"Conferenza \"Ottimizzazione della sicurezza operativa\" - Salva","description":"Come si possono identificare e ottimizzare i rischi critici per l'azienda? Quali possono essere gestiti o accettati consapevolmente? Le risposte seguiranno alla conferenza","robots":{"index":"index","follow":"follow","max-snippet":"max-snippet:-1","max-image-preview":"max-image-preview:large","max-video-preview":"max-video-preview:-1"},"canonical":"https:\/\/news.save.ch\/it\/tagung-optimierung-der-betrieblichen-sicherheit\/","og_locale":"it_IT","og_type":"article","og_title":"Tagung \u201eOptimierung der betrieblichen Sicherheit\u201c - Save","og_description":"Wie lassen sich gesch\u00e4ftskritische Risiken erkennen und optimieren? Welche lassen sich managen oder bewusst in Kauf nehmen? Antworten folgen an der Tagung","og_url":"https:\/\/news.save.ch\/it\/tagung-optimierung-der-betrieblichen-sicherheit\/","og_site_name":"Save","article_published_time":"2018-07-30T10:54:52+00:00","article_modified_time":"2023-03-14T08:04:11+00:00","og_image":[{"width":1200,"height":801,"url":"https:\/\/news.save.ch\/wp-content\/uploads\/2018\/07\/Depositphotos_photography33-1-scaled-1.jpg","type":"image\/jpeg"}],"author":"admin","twitter_card":"summary_large_image","twitter_misc":{"Scritto da":"admin","Tempo di lettura stimato":"2 minuti"},"schema":{"@context":"https:\/\/schema.org","@graph":[{"@type":"Article","@id":"https:\/\/news.save.ch\/tagung-optimierung-der-betrieblichen-sicherheit\/#article","isPartOf":{"@id":"https:\/\/news.save.ch\/tagung-optimierung-der-betrieblichen-sicherheit\/"},"author":{"name":"admin","@id":"https:\/\/news.save.ch\/de\/#\/schema\/person\/d49e199490bad7c70d64b9ab51142f2b"},"headline":"Tagung \u201eOptimierung der betrieblichen Sicherheit\u201c","datePublished":"2018-07-30T10:54:52+00:00","dateModified":"2023-03-14T08:04:11+00:00","mainEntityOfPage":{"@id":"https:\/\/news.save.ch\/tagung-optimierung-der-betrieblichen-sicherheit\/"},"wordCount":336,"commentCount":0,"publisher":{"@id":"https:\/\/news.save.ch\/de\/#organization"},"image":{"@id":"https:\/\/news.save.ch\/tagung-optimierung-der-betrieblichen-sicherheit\/#primaryimage"},"thumbnailUrl":"https:\/\/news.save.ch\/wp-content\/uploads\/2018\/07\/Depositphotos_photography33-1-scaled-1.jpg","keywords":["Arbeitssicherheit","betriebliche Sicherheit","Compliance","Fachkongress\/Fachmesse","Resilienz","Risiken","Sicherheit","Veranstaltung","Veranstaltungen"],"articleSection":["ALLGEMEIN","HEALTH &amp; SAFETY"],"inLanguage":"it-IT"},{"@type":"WebPage","@id":"https:\/\/news.save.ch\/tagung-optimierung-der-betrieblichen-sicherheit\/","url":"https:\/\/news.save.ch\/tagung-optimierung-der-betrieblichen-sicherheit\/","name":"Conferenza \"Ottimizzazione della sicurezza operativa\" - Salva","isPartOf":{"@id":"https:\/\/news.save.ch\/de\/#website"},"primaryImageOfPage":{"@id":"https:\/\/news.save.ch\/tagung-optimierung-der-betrieblichen-sicherheit\/#primaryimage"},"image":{"@id":"https:\/\/news.save.ch\/tagung-optimierung-der-betrieblichen-sicherheit\/#primaryimage"},"thumbnailUrl":"https:\/\/news.save.ch\/wp-content\/uploads\/2018\/07\/Depositphotos_photography33-1-scaled-1.jpg","datePublished":"2018-07-30T10:54:52+00:00","dateModified":"2023-03-14T08:04:11+00:00","description":"Come si possono identificare e ottimizzare i rischi critici per l'azienda? Quali possono essere gestiti o accettati consapevolmente? Le risposte seguiranno alla conferenza","breadcrumb":{"@id":"https:\/\/news.save.ch\/tagung-optimierung-der-betrieblichen-sicherheit\/#breadcrumb"},"inLanguage":"it-IT","potentialAction":[{"@type":"ReadAction","target":["https:\/\/news.save.ch\/tagung-optimierung-der-betrieblichen-sicherheit\/"]}]},{"@type":"ImageObject","inLanguage":"it-IT","@id":"https:\/\/news.save.ch\/tagung-optimierung-der-betrieblichen-sicherheit\/#primaryimage","url":"https:\/\/news.save.ch\/wp-content\/uploads\/2018\/07\/Depositphotos_photography33-1-scaled-1.jpg","contentUrl":"https:\/\/news.save.ch\/wp-content\/uploads\/2018\/07\/Depositphotos_photography33-1-scaled-1.jpg","width":1200,"height":801,"caption":"Sicherheit im Unternehmen ist wichtig. Wie das geht und was alles dahintersteckt, erfahren Teilnehmer am Galledia SAVE- Event in Z\u00fcrich. \u00a9 Depositphotos\/photography33"},{"@type":"BreadcrumbList","@id":"https:\/\/news.save.ch\/tagung-optimierung-der-betrieblichen-sicherheit\/#breadcrumb","itemListElement":[{"@type":"ListItem","position":1,"name":"Home","item":"https:\/\/news.save.ch\/de\/"},{"@type":"ListItem","position":2,"name":"Tagung \u201eOptimierung der betrieblichen Sicherheit\u201c"}]},{"@type":"WebSite","@id":"https:\/\/news.save.ch\/de\/#website","url":"https:\/\/news.save.ch\/de\/","name":"Risparmiare","description":"Rivista svizzera specializzata in sicurezza","publisher":{"@id":"https:\/\/news.save.ch\/de\/#organization"},"potentialAction":[{"@type":"SearchAction","target":{"@type":"EntryPoint","urlTemplate":"https:\/\/news.save.ch\/de\/?s={search_term_string}"},"query-input":{"@type":"PropertyValueSpecification","valueRequired":true,"valueName":"search_term_string"}}],"inLanguage":"it-IT"},{"@type":"Organization","@id":"https:\/\/news.save.ch\/de\/#organization","name":"Forum sulla sicurezza","url":"https:\/\/news.save.ch\/de\/","logo":{"@type":"ImageObject","inLanguage":"it-IT","@id":"https:\/\/news.save.ch\/de\/#\/schema\/logo\/image\/","url":"https:\/\/news.save.ch\/wp-content\/uploads\/2022\/06\/Logo_SF_2012.png","contentUrl":"https:\/\/news.save.ch\/wp-content\/uploads\/2022\/06\/Logo_SF_2012.png","width":1100,"height":91,"caption":"Sicherheitsforum"},"image":{"@id":"https:\/\/news.save.ch\/de\/#\/schema\/logo\/image\/"}},{"@type":"Person","@id":"https:\/\/news.save.ch\/de\/#\/schema\/person\/d49e199490bad7c70d64b9ab51142f2b","name":"amministratore","image":{"@type":"ImageObject","inLanguage":"it-IT","@id":"https:\/\/secure.gravatar.com\/avatar\/ae2f4d718e6c49043e314ce431e7e645d646302a24a5ef5a8bc8e3f5a032e319?s=96&d=mm&r=g","url":"https:\/\/secure.gravatar.com\/avatar\/ae2f4d718e6c49043e314ce431e7e645d646302a24a5ef5a8bc8e3f5a032e319?s=96&d=mm&r=g","contentUrl":"https:\/\/secure.gravatar.com\/avatar\/ae2f4d718e6c49043e314ce431e7e645d646302a24a5ef5a8bc8e3f5a032e319?s=96&d=mm&r=g","caption":"admin"},"sameAs":["https:\/\/develop.organisator.galledia.ch"],"url":"https:\/\/news.save.ch\/it\/author\/admin\/"}]}},"_links":{"self":[{"href":"https:\/\/news.save.ch\/it\/wp-json\/wp\/v2\/posts\/3117","targetHints":{"allow":["GET"]}}],"collection":[{"href":"https:\/\/news.save.ch\/it\/wp-json\/wp\/v2\/posts"}],"about":[{"href":"https:\/\/news.save.ch\/it\/wp-json\/wp\/v2\/types\/post"}],"author":[{"embeddable":true,"href":"https:\/\/news.save.ch\/it\/wp-json\/wp\/v2\/users\/1"}],"replies":[{"embeddable":true,"href":"https:\/\/news.save.ch\/it\/wp-json\/wp\/v2\/comments?post=3117"}],"version-history":[{"count":1,"href":"https:\/\/news.save.ch\/it\/wp-json\/wp\/v2\/posts\/3117\/revisions"}],"predecessor-version":[{"id":18300,"href":"https:\/\/news.save.ch\/it\/wp-json\/wp\/v2\/posts\/3117\/revisions\/18300"}],"wp:featuredmedia":[{"embeddable":true,"href":"https:\/\/news.save.ch\/it\/wp-json\/wp\/v2\/media\/16289"}],"wp:attachment":[{"href":"https:\/\/news.save.ch\/it\/wp-json\/wp\/v2\/media?parent=3117"}],"wp:term":[{"taxonomy":"category","embeddable":true,"href":"https:\/\/news.save.ch\/it\/wp-json\/wp\/v2\/categories?post=3117"},{"taxonomy":"post_tag","embeddable":true,"href":"https:\/\/news.save.ch\/it\/wp-json\/wp\/v2\/tags?post=3117"}],"curies":[{"name":"wp","href":"https:\/\/api.w.org\/{rel}","templated":true}]}}