{"id":3178,"date":"2016-03-17T20:40:01","date_gmt":"2016-03-17T19:40:01","guid":{"rendered":"https:\/\/dev.sicherheitsforum.ch\/?p=3178"},"modified":"2016-03-17T20:40:01","modified_gmt":"2016-03-17T19:40:01","slug":"hat-die-schweiz-zu-viele-einsatzzentralen","status":null,"type":"post","link":"https:\/\/news.save.ch\/it\/hat-die-schweiz-zu-viele-einsatzzentralen\/","title":{"rendered":"La Svizzera ha troppi centri operativi?"},"content":{"rendered":"<figure id=\"attachment_3179\" aria-describedby=\"caption-attachment-3179\" style=\"width: 680px\" class=\"wp-caption alignnone\"><img loading=\"lazy\" decoding=\"async\" class=\"size-medium wp-image-3179\" src=\"https:\/\/news.save.ch\/wp-content\/uploads\/2016\/12\/56eb09e00505c_spik_Sicherhietsforum.jpg\" alt=\"\" width=\"680\" height=\"478\" srcset=\"https:\/\/news.save.ch\/wp-content\/uploads\/2016\/12\/56eb09e00505c_spik_Sicherhietsforum.jpg 1113w, https:\/\/news.save.ch\/wp-content\/uploads\/2016\/12\/56eb09e00505c_spik_Sicherhietsforum-375x264.jpg 375w\" sizes=\"auto, (max-width: 680px) 100vw, 680px\" \/><figcaption id=\"caption-attachment-3179\" class=\"wp-caption-text\">Franti\u0161ek Habada, capo del Centro operativo della Questura della Repubblica Ceca. (Foto: Sascha H\u00e4hni, Polizia svizzera ICT)<\/figcaption><\/figure>\n<p>Il Congresso IT della Polizia Svizzera di quest'anno (<a href=\"https:\/\/www.spik.ch\" target=\"_blank\" data-cke-saved-href=\"https:\/\/www.spik.ch\" rel=\"noopener\">SPIK<\/a>) a Berna \u00e8 stato aperto da un alto funzionario della polizia ceca: Franti\u0161ek Habada \u00e8 capo del Centro operativo della Questura della Repubblica Ceca. Nella sua presentazione si \u00e8 soffermato sull'integrazione dei centri operativi: \"Abbiamo ridotto da 90 a 15 i centri\". Habada sottolinea che, alla luce dell'attuale situazione della sicurezza in Europa, \u00e8 di grande importanza centralizzare i centri operativi (OC) e consentire gli scambi transfrontalieri.<\/p>\n<p>Secondo lo SPIK, viene in mente il paragone con la Svizzera, dove attualmente ci sono 35 centri operativi di polizia, alcuni dei quali sono distribuiti su pi\u00f9 sedi. Mentre la Repubblica Ceca ha 15 DC per 10,5 milioni di abitanti (2014), la Svizzera ne ha pi\u00f9 del doppio per 8,3 milioni di persone (2015).<\/p>\n<p><strong>EZ non completamente utilizzato in circostanze normali<\/strong><\/p>\n<p>\"Da un punto di vista tecnico e operativo, non ci sono motivi per non integrare il DC. Sono gli argomenti politici che finora hanno ostacolato la riduzione\", afferma un rappresentante del personale di un corpo di polizia svizzero. Il fatto \u00e8 che i piccoli DC sono inefficienti in termini di personale perch\u00e9 hanno bisogno di pi\u00f9 risorse per fornire i loro servizi. Ma \u00e8 proprio il personale a rappresentare 85% dei costi (15% di costi infrastrutturali) di una DC, come scrive la SPIK nel suo comunicato stampa in occasione del congresso. Inoltre, un CC di solito non viene utilizzato appieno, in quanto le riserve di personale sono necessarie per le emergenze. Secondo SPIK, al pi\u00f9 tardi quando la pressione per il risparmio aumenta, l'integrazione dei DC deve essere presa in considerazione. Ci\u00f2 non \u00e8 auspicabile solo per le centrali operative, ma rappresenta una sfida anche in altri settori dell'informatica della polizia.<\/p>\n<p><strong>La cooperazione \u00e8 all'ordine del giorno<\/strong><\/p>\n<p>Stefan Bl\u00e4ttler, presidente del KKPKS e comandante della polizia cantonale di Berna, ha sottolineato nel suo discorso conclusivo: \"Le risorse devono essere messe in comune per creare pi\u00f9 progetti a lungo termine e quindi svolgere pi\u00f9 compiti in modo ancora pi\u00f9 efficiente\". E ha anche sottolineato: \"Solo la cooperazione pu\u00f2 contenere l'aumento dei costi previsto a lungo termine\".<\/p>\n<p>Il 9\u00b0 Congresso svizzero di informatica per la polizia ha visto la partecipazione di circa 700 rappresentanti della polizia e dell'economia, esperti di informatica di vari settori e partecipanti del mondo politico. L'evento annuale \u00e8 la piattaforma nazionale per lo scambio di esperienze sui temi dell'informatica di polizia e della lotta alla criminalit\u00e0 informatica. Oltre alle presentazioni in sette simposi, i partecipanti hanno potuto toccare con mano i vantaggi pratici delle soluzioni presentate in oltre 30 stand espositivi.<\/p>\n<p><em>(SPIK)<\/em><\/p>","protected":false},"excerpt":{"rendered":"<p>Der diesj\u00e4hrige Schweizer Polizei Informatik Kongress (SPIK) in Bern wurde von einem hochrangigen Offizier der Tschechischen Polizei er\u00f6ffnet: Franti\u0161ek Habada ist Leiter der Einsatzzentrale des Polizeipr\u00e4sidiums der Tschechischen Republik. In seiner Pr\u00e4sentation setzte er den Schwerpunkt auf die Integration von Einsatzzentralen: \u00abWir haben von 90 auf 15 Zentralen reduziert\u00bb. Habada unterstreicht, dass es in Anbetracht [&hellip;]<\/p>\n","protected":false},"author":1,"featured_media":3179,"comment_status":"open","ping_status":"open","sticky":false,"template":"","format":"standard","meta":{"_acf_changed":false,"pgc_sgb_lightbox_settings":"","footnotes":""},"categories":[1],"tags":[306,307,69,309,310,308],"class_list":["post-3178","post","type-post","status-publish","format-standard","has-post-thumbnail","hentry","category-allgemein","tag-einsatzzentralen","tag-infrastruktur","tag-justiz-polizei","tag-schweizer-polizei-informatik-kongress","tag-sicherheit","tag-spik-2016"],"acf":[],"hkrextid":null,"publication":null,"issue":null,"workflow":null,"startPage":null,"spitzmarke":null,"_posts_by_tag_page_fields":{"widget_title":"","widget_tags":""},"_at_widget":"1","_yoast_wpseo_primary_category":"","_yoast_wpseo_focuskw_text_input":"Einsatzzentralen","_yoast_wpseo_opengraph-image":"https:\/\/news.save.ch\/wp-content\/uploads\/2016\/12\/56eb09e00505c_spik_Sicherhietsforum.jpg","_yoast_wpseo_opengraph-description":"Am Schweizer Polizei Informatik Kongress wurden heute Donnerstag L\u00f6sungsans\u00e4tze der Tschechischen Republik heiss diskutiert. Ein Vergleich mit der Schweiz l\u00e4sst Skepsis aufkommen, ob die aktuelle Anzahl an Einsatzzentralen hierzulande noch vertretbar ist.","_yoast_wpseo_opengraph-title":"Hat die Schweiz zu viele Einsatzzentralen?","enclosure":null,"_yoast_wpseo_twitter-title":null,"_yoast_wpseo_twitter-description":null,"_yoast_wpseo_twitter-image":null,"_wp_old_slug":null,"_yoast_wpseo_title":null,"_yoast_wpseo_canonical":null,"yoast_head":"<!-- This site is optimized with the Yoast SEO plugin v27.5 - https:\/\/yoast.com\/product\/yoast-seo-wordpress\/ -->\n<title>Hat die Schweiz zu viele Einsatzzentralen? - Save<\/title>\n<meta name=\"description\" content=\"Einsatzzentralen: Am Schweizer Polizei Informatik Kongress wurden heute Donnerstag L\u00f6sungsans\u00e4tze der Tschechischen Republik heiss diskutiert.\" \/>\n<meta name=\"robots\" content=\"index, follow, max-snippet:-1, max-image-preview:large, max-video-preview:-1\" \/>\n<link rel=\"canonical\" href=\"https:\/\/news.save.ch\/it\/hat-die-schweiz-zu-viele-einsatzzentralen\/\" \/>\n<meta property=\"og:locale\" content=\"it_IT\" \/>\n<meta property=\"og:type\" content=\"article\" \/>\n<meta property=\"og:title\" content=\"Hat die Schweiz zu viele Einsatzzentralen?\" \/>\n<meta property=\"og:description\" content=\"Am Schweizer Polizei Informatik Kongress wurden heute Donnerstag L\u00f6sungsans\u00e4tze der Tschechischen Republik heiss diskutiert. Ein Vergleich mit der Schweiz l\u00e4sst Skepsis aufkommen, ob die aktuelle Anzahl an Einsatzzentralen hierzulande noch vertretbar ist.\" \/>\n<meta property=\"og:url\" content=\"https:\/\/news.save.ch\/it\/hat-die-schweiz-zu-viele-einsatzzentralen\/\" \/>\n<meta property=\"og:site_name\" content=\"Save\" \/>\n<meta property=\"article:published_time\" content=\"2016-03-17T19:40:01+00:00\" \/>\n<meta property=\"og:image\" content=\"https:\/\/news.save.ch\/wp-content\/uploads\/2016\/12\/56eb09e00505c_spik_Sicherhietsforum.jpg\" \/>\n<meta name=\"author\" content=\"admin\" \/>\n<meta name=\"twitter:card\" content=\"summary_large_image\" \/>\n<meta name=\"twitter:label1\" content=\"Scritto da\" \/>\n\t<meta name=\"twitter:data1\" content=\"admin\" \/>\n\t<meta name=\"twitter:label2\" content=\"Tempo di lettura stimato\" \/>\n\t<meta name=\"twitter:data2\" content=\"2 minuti\" \/>\n<script type=\"application\/ld+json\" class=\"yoast-schema-graph\">{\"@context\":\"https:\\\/\\\/schema.org\",\"@graph\":[{\"@type\":\"Article\",\"@id\":\"https:\\\/\\\/news.save.ch\\\/hat-die-schweiz-zu-viele-einsatzzentralen\\\/#article\",\"isPartOf\":{\"@id\":\"https:\\\/\\\/news.save.ch\\\/hat-die-schweiz-zu-viele-einsatzzentralen\\\/\"},\"author\":{\"name\":\"admin\",\"@id\":\"https:\\\/\\\/news.save.ch\\\/de\\\/#\\\/schema\\\/person\\\/d49e199490bad7c70d64b9ab51142f2b\"},\"headline\":\"Hat die Schweiz zu viele Einsatzzentralen?\",\"datePublished\":\"2016-03-17T19:40:01+00:00\",\"mainEntityOfPage\":{\"@id\":\"https:\\\/\\\/news.save.ch\\\/hat-die-schweiz-zu-viele-einsatzzentralen\\\/\"},\"wordCount\":419,\"commentCount\":0,\"publisher\":{\"@id\":\"https:\\\/\\\/news.save.ch\\\/de\\\/#organization\"},\"image\":{\"@id\":\"https:\\\/\\\/news.save.ch\\\/hat-die-schweiz-zu-viele-einsatzzentralen\\\/#primaryimage\"},\"thumbnailUrl\":\"https:\\\/\\\/news.save.ch\\\/wp-content\\\/uploads\\\/2016\\\/12\\\/56eb09e00505c_spik_Sicherhietsforum.jpg\",\"keywords\":[\"Einsatzzentralen\",\"Infrastruktur\",\"Justiz &amp; Polizei\",\"Schweizer Polizei Informatik Kongress\",\"Sicherheit\",\"SPIK 2016\"],\"articleSection\":[\"ALLGEMEIN\"],\"inLanguage\":\"it-IT\"},{\"@type\":\"WebPage\",\"@id\":\"https:\\\/\\\/news.save.ch\\\/hat-die-schweiz-zu-viele-einsatzzentralen\\\/\",\"url\":\"https:\\\/\\\/news.save.ch\\\/hat-die-schweiz-zu-viele-einsatzzentralen\\\/\",\"name\":\"Hat die Schweiz zu viele Einsatzzentralen? - Save\",\"isPartOf\":{\"@id\":\"https:\\\/\\\/news.save.ch\\\/de\\\/#website\"},\"primaryImageOfPage\":{\"@id\":\"https:\\\/\\\/news.save.ch\\\/hat-die-schweiz-zu-viele-einsatzzentralen\\\/#primaryimage\"},\"image\":{\"@id\":\"https:\\\/\\\/news.save.ch\\\/hat-die-schweiz-zu-viele-einsatzzentralen\\\/#primaryimage\"},\"thumbnailUrl\":\"https:\\\/\\\/news.save.ch\\\/wp-content\\\/uploads\\\/2016\\\/12\\\/56eb09e00505c_spik_Sicherhietsforum.jpg\",\"datePublished\":\"2016-03-17T19:40:01+00:00\",\"description\":\"Einsatzzentralen: Am Schweizer Polizei Informatik Kongress wurden heute Donnerstag L\u00f6sungsans\u00e4tze der Tschechischen Republik heiss diskutiert.\",\"breadcrumb\":{\"@id\":\"https:\\\/\\\/news.save.ch\\\/hat-die-schweiz-zu-viele-einsatzzentralen\\\/#breadcrumb\"},\"inLanguage\":\"it-IT\",\"potentialAction\":[{\"@type\":\"ReadAction\",\"target\":[\"https:\\\/\\\/news.save.ch\\\/hat-die-schweiz-zu-viele-einsatzzentralen\\\/\"]}]},{\"@type\":\"ImageObject\",\"inLanguage\":\"it-IT\",\"@id\":\"https:\\\/\\\/news.save.ch\\\/hat-die-schweiz-zu-viele-einsatzzentralen\\\/#primaryimage\",\"url\":\"https:\\\/\\\/news.save.ch\\\/wp-content\\\/uploads\\\/2016\\\/12\\\/56eb09e00505c_spik_Sicherhietsforum.jpg\",\"contentUrl\":\"https:\\\/\\\/news.save.ch\\\/wp-content\\\/uploads\\\/2016\\\/12\\\/56eb09e00505c_spik_Sicherhietsforum.jpg\",\"width\":1113,\"height\":783,\"caption\":\"Franti\u0161ek Habada, Leiter der Einsatzzentrale des Polizeipr\u00e4sidiums der Tschechischen Republik. (Fotos: Sascha H\u00e4hni, Swiss Police ICT)\"},{\"@type\":\"BreadcrumbList\",\"@id\":\"https:\\\/\\\/news.save.ch\\\/hat-die-schweiz-zu-viele-einsatzzentralen\\\/#breadcrumb\",\"itemListElement\":[{\"@type\":\"ListItem\",\"position\":1,\"name\":\"Home\",\"item\":\"https:\\\/\\\/news.save.ch\\\/de\\\/\"},{\"@type\":\"ListItem\",\"position\":2,\"name\":\"Hat die Schweiz zu viele Einsatzzentralen?\"}]},{\"@type\":\"WebSite\",\"@id\":\"https:\\\/\\\/news.save.ch\\\/de\\\/#website\",\"url\":\"https:\\\/\\\/news.save.ch\\\/de\\\/\",\"name\":\"Save\",\"description\":\"Schweizer Fachzeitschrift f\u00fcr Sicherheit\",\"publisher\":{\"@id\":\"https:\\\/\\\/news.save.ch\\\/de\\\/#organization\"},\"potentialAction\":[{\"@type\":\"SearchAction\",\"target\":{\"@type\":\"EntryPoint\",\"urlTemplate\":\"https:\\\/\\\/news.save.ch\\\/de\\\/?s={search_term_string}\"},\"query-input\":{\"@type\":\"PropertyValueSpecification\",\"valueRequired\":true,\"valueName\":\"search_term_string\"}}],\"inLanguage\":\"it-IT\"},{\"@type\":\"Organization\",\"@id\":\"https:\\\/\\\/news.save.ch\\\/de\\\/#organization\",\"name\":\"Sicherheitsforum\",\"url\":\"https:\\\/\\\/news.save.ch\\\/de\\\/\",\"logo\":{\"@type\":\"ImageObject\",\"inLanguage\":\"it-IT\",\"@id\":\"https:\\\/\\\/news.save.ch\\\/de\\\/#\\\/schema\\\/logo\\\/image\\\/\",\"url\":\"https:\\\/\\\/news.save.ch\\\/wp-content\\\/uploads\\\/2022\\\/06\\\/Logo_SF_2012.png\",\"contentUrl\":\"https:\\\/\\\/news.save.ch\\\/wp-content\\\/uploads\\\/2022\\\/06\\\/Logo_SF_2012.png\",\"width\":1100,\"height\":91,\"caption\":\"Sicherheitsforum\"},\"image\":{\"@id\":\"https:\\\/\\\/news.save.ch\\\/de\\\/#\\\/schema\\\/logo\\\/image\\\/\"}},{\"@type\":\"Person\",\"@id\":\"https:\\\/\\\/news.save.ch\\\/de\\\/#\\\/schema\\\/person\\\/d49e199490bad7c70d64b9ab51142f2b\",\"name\":\"admin\",\"image\":{\"@type\":\"ImageObject\",\"inLanguage\":\"it-IT\",\"@id\":\"https:\\\/\\\/secure.gravatar.com\\\/avatar\\\/ae2f4d718e6c49043e314ce431e7e645d646302a24a5ef5a8bc8e3f5a032e319?s=96&d=mm&r=g\",\"url\":\"https:\\\/\\\/secure.gravatar.com\\\/avatar\\\/ae2f4d718e6c49043e314ce431e7e645d646302a24a5ef5a8bc8e3f5a032e319?s=96&d=mm&r=g\",\"contentUrl\":\"https:\\\/\\\/secure.gravatar.com\\\/avatar\\\/ae2f4d718e6c49043e314ce431e7e645d646302a24a5ef5a8bc8e3f5a032e319?s=96&d=mm&r=g\",\"caption\":\"admin\"},\"sameAs\":[\"https:\\\/\\\/develop.organisator.galledia.ch\"],\"url\":\"https:\\\/\\\/news.save.ch\\\/it\\\/author\\\/admin\\\/\"}]}<\/script>\n<!-- \/ Yoast SEO plugin. -->","yoast_head_json":{"title":"La Svizzera ha troppi centri operativi? - Risparmiare","description":"Centri operativi: Oggi, gioved\u00ec, al congresso svizzero di informatica della polizia, si \u00e8 discusso animatamente delle soluzioni proposte dalla Repubblica Ceca.","robots":{"index":"index","follow":"follow","max-snippet":"max-snippet:-1","max-image-preview":"max-image-preview:large","max-video-preview":"max-video-preview:-1"},"canonical":"https:\/\/news.save.ch\/it\/hat-die-schweiz-zu-viele-einsatzzentralen\/","og_locale":"it_IT","og_type":"article","og_title":"Hat die Schweiz zu viele Einsatzzentralen?","og_description":"Am Schweizer Polizei Informatik Kongress wurden heute Donnerstag L\u00f6sungsans\u00e4tze der Tschechischen Republik heiss diskutiert. Ein Vergleich mit der Schweiz l\u00e4sst Skepsis aufkommen, ob die aktuelle Anzahl an Einsatzzentralen hierzulande noch vertretbar ist.","og_url":"https:\/\/news.save.ch\/it\/hat-die-schweiz-zu-viele-einsatzzentralen\/","og_site_name":"Save","article_published_time":"2016-03-17T19:40:01+00:00","og_image":[{"url":"https:\/\/news.save.ch\/wp-content\/uploads\/2016\/12\/56eb09e00505c_spik_Sicherhietsforum.jpg","type":"","width":"","height":""}],"author":"admin","twitter_card":"summary_large_image","twitter_misc":{"Scritto da":"admin","Tempo di lettura stimato":"2 minuti"},"schema":{"@context":"https:\/\/schema.org","@graph":[{"@type":"Article","@id":"https:\/\/news.save.ch\/hat-die-schweiz-zu-viele-einsatzzentralen\/#article","isPartOf":{"@id":"https:\/\/news.save.ch\/hat-die-schweiz-zu-viele-einsatzzentralen\/"},"author":{"name":"admin","@id":"https:\/\/news.save.ch\/de\/#\/schema\/person\/d49e199490bad7c70d64b9ab51142f2b"},"headline":"Hat die Schweiz zu viele Einsatzzentralen?","datePublished":"2016-03-17T19:40:01+00:00","mainEntityOfPage":{"@id":"https:\/\/news.save.ch\/hat-die-schweiz-zu-viele-einsatzzentralen\/"},"wordCount":419,"commentCount":0,"publisher":{"@id":"https:\/\/news.save.ch\/de\/#organization"},"image":{"@id":"https:\/\/news.save.ch\/hat-die-schweiz-zu-viele-einsatzzentralen\/#primaryimage"},"thumbnailUrl":"https:\/\/news.save.ch\/wp-content\/uploads\/2016\/12\/56eb09e00505c_spik_Sicherhietsforum.jpg","keywords":["Einsatzzentralen","Infrastruktur","Justiz &amp; Polizei","Schweizer Polizei Informatik Kongress","Sicherheit","SPIK 2016"],"articleSection":["ALLGEMEIN"],"inLanguage":"it-IT"},{"@type":"WebPage","@id":"https:\/\/news.save.ch\/hat-die-schweiz-zu-viele-einsatzzentralen\/","url":"https:\/\/news.save.ch\/hat-die-schweiz-zu-viele-einsatzzentralen\/","name":"La Svizzera ha troppi centri operativi? - Risparmiare","isPartOf":{"@id":"https:\/\/news.save.ch\/de\/#website"},"primaryImageOfPage":{"@id":"https:\/\/news.save.ch\/hat-die-schweiz-zu-viele-einsatzzentralen\/#primaryimage"},"image":{"@id":"https:\/\/news.save.ch\/hat-die-schweiz-zu-viele-einsatzzentralen\/#primaryimage"},"thumbnailUrl":"https:\/\/news.save.ch\/wp-content\/uploads\/2016\/12\/56eb09e00505c_spik_Sicherhietsforum.jpg","datePublished":"2016-03-17T19:40:01+00:00","description":"Centri operativi: Oggi, gioved\u00ec, al congresso svizzero di informatica della polizia, si \u00e8 discusso animatamente delle soluzioni proposte dalla Repubblica Ceca.","breadcrumb":{"@id":"https:\/\/news.save.ch\/hat-die-schweiz-zu-viele-einsatzzentralen\/#breadcrumb"},"inLanguage":"it-IT","potentialAction":[{"@type":"ReadAction","target":["https:\/\/news.save.ch\/hat-die-schweiz-zu-viele-einsatzzentralen\/"]}]},{"@type":"ImageObject","inLanguage":"it-IT","@id":"https:\/\/news.save.ch\/hat-die-schweiz-zu-viele-einsatzzentralen\/#primaryimage","url":"https:\/\/news.save.ch\/wp-content\/uploads\/2016\/12\/56eb09e00505c_spik_Sicherhietsforum.jpg","contentUrl":"https:\/\/news.save.ch\/wp-content\/uploads\/2016\/12\/56eb09e00505c_spik_Sicherhietsforum.jpg","width":1113,"height":783,"caption":"Franti\u0161ek Habada, Leiter der Einsatzzentrale des Polizeipr\u00e4sidiums der Tschechischen Republik. (Fotos: Sascha H\u00e4hni, Swiss Police ICT)"},{"@type":"BreadcrumbList","@id":"https:\/\/news.save.ch\/hat-die-schweiz-zu-viele-einsatzzentralen\/#breadcrumb","itemListElement":[{"@type":"ListItem","position":1,"name":"Home","item":"https:\/\/news.save.ch\/de\/"},{"@type":"ListItem","position":2,"name":"Hat die Schweiz zu viele Einsatzzentralen?"}]},{"@type":"WebSite","@id":"https:\/\/news.save.ch\/de\/#website","url":"https:\/\/news.save.ch\/de\/","name":"Risparmiare","description":"Rivista svizzera specializzata in sicurezza","publisher":{"@id":"https:\/\/news.save.ch\/de\/#organization"},"potentialAction":[{"@type":"SearchAction","target":{"@type":"EntryPoint","urlTemplate":"https:\/\/news.save.ch\/de\/?s={search_term_string}"},"query-input":{"@type":"PropertyValueSpecification","valueRequired":true,"valueName":"search_term_string"}}],"inLanguage":"it-IT"},{"@type":"Organization","@id":"https:\/\/news.save.ch\/de\/#organization","name":"Forum sulla sicurezza","url":"https:\/\/news.save.ch\/de\/","logo":{"@type":"ImageObject","inLanguage":"it-IT","@id":"https:\/\/news.save.ch\/de\/#\/schema\/logo\/image\/","url":"https:\/\/news.save.ch\/wp-content\/uploads\/2022\/06\/Logo_SF_2012.png","contentUrl":"https:\/\/news.save.ch\/wp-content\/uploads\/2022\/06\/Logo_SF_2012.png","width":1100,"height":91,"caption":"Sicherheitsforum"},"image":{"@id":"https:\/\/news.save.ch\/de\/#\/schema\/logo\/image\/"}},{"@type":"Person","@id":"https:\/\/news.save.ch\/de\/#\/schema\/person\/d49e199490bad7c70d64b9ab51142f2b","name":"amministratore","image":{"@type":"ImageObject","inLanguage":"it-IT","@id":"https:\/\/secure.gravatar.com\/avatar\/ae2f4d718e6c49043e314ce431e7e645d646302a24a5ef5a8bc8e3f5a032e319?s=96&d=mm&r=g","url":"https:\/\/secure.gravatar.com\/avatar\/ae2f4d718e6c49043e314ce431e7e645d646302a24a5ef5a8bc8e3f5a032e319?s=96&d=mm&r=g","contentUrl":"https:\/\/secure.gravatar.com\/avatar\/ae2f4d718e6c49043e314ce431e7e645d646302a24a5ef5a8bc8e3f5a032e319?s=96&d=mm&r=g","caption":"admin"},"sameAs":["https:\/\/develop.organisator.galledia.ch"],"url":"https:\/\/news.save.ch\/it\/author\/admin\/"}]}},"_links":{"self":[{"href":"https:\/\/news.save.ch\/it\/wp-json\/wp\/v2\/posts\/3178","targetHints":{"allow":["GET"]}}],"collection":[{"href":"https:\/\/news.save.ch\/it\/wp-json\/wp\/v2\/posts"}],"about":[{"href":"https:\/\/news.save.ch\/it\/wp-json\/wp\/v2\/types\/post"}],"author":[{"embeddable":true,"href":"https:\/\/news.save.ch\/it\/wp-json\/wp\/v2\/users\/1"}],"replies":[{"embeddable":true,"href":"https:\/\/news.save.ch\/it\/wp-json\/wp\/v2\/comments?post=3178"}],"version-history":[{"count":0,"href":"https:\/\/news.save.ch\/it\/wp-json\/wp\/v2\/posts\/3178\/revisions"}],"wp:featuredmedia":[{"embeddable":true,"href":"https:\/\/news.save.ch\/it\/wp-json\/wp\/v2\/media\/3179"}],"wp:attachment":[{"href":"https:\/\/news.save.ch\/it\/wp-json\/wp\/v2\/media?parent=3178"}],"wp:term":[{"taxonomy":"category","embeddable":true,"href":"https:\/\/news.save.ch\/it\/wp-json\/wp\/v2\/categories?post=3178"},{"taxonomy":"post_tag","embeddable":true,"href":"https:\/\/news.save.ch\/it\/wp-json\/wp\/v2\/tags?post=3178"}],"curies":[{"name":"wp","href":"https:\/\/api.w.org\/{rel}","templated":true}]}}