{"id":3208,"date":"2016-03-30T09:10:46","date_gmt":"2016-03-30T07:10:46","guid":{"rendered":"https:\/\/dev.sicherheitsforum.ch\/?p=3208"},"modified":"2016-03-30T09:10:46","modified_gmt":"2016-03-30T07:10:46","slug":"elektronische-ueberwachung-neue-vollzugsform","status":null,"type":"post","link":"https:\/\/news.save.ch\/it\/elektronische-ueberwachung-neue-vollzugsform\/","title":{"rendered":"Monitoraggio elettronico - nuova forma di applicazione della legge"},"content":{"rendered":"<p><a href=\"https:\/\/news.save.ch\/wp-content\/uploads\/2016\/03\/Elektronische-\u00dcberwachung-neue-Vollzugsform-Sicherheitsforum.jpg\"><img loading=\"lazy\" decoding=\"async\" class=\"alignnone size-medium wp-image-3853\" src=\"https:\/\/news.save.ch\/wp-content\/uploads\/2016\/03\/Elektronische-\u00dcberwachung-neue-Vollzugsform-Sicherheitsforum.jpg\" alt=\"\" width=\"680\" height=\"453\" \/><\/a><\/p>\n<p>Il 19 giugno 2015, l'Assemblea federale ha approvato gli emendamenti alla legge sulle sanzioni. La scadenza del referendum \u00e8 passata inutilizzata. Al centro delle modifiche c'\u00e8 l'allentamento dei requisiti per imporre una pena detentiva breve inferiore a sei mesi. Come oggi, la multa ha la priorit\u00e0 in questo settore. Tuttavia, sar\u00e0 ora possibile imporre una pena detentiva breve se risulta necessario per evitare che il colpevole commetta ulteriori reati. A seconda della prognosi di libert\u00e0 vigilata, la pena detentiva breve pu\u00f2 essere comminata anche in modo condizionale. Oggi, tuttavia, le pene detentive brevi sono possibili solo in forma incondizionata, ossia se la prognosi di libert\u00e0 vigilata \u00e8 infausta e l'esecuzione di una pena pecuniaria appare senza speranza. Per quanto riguarda le multe, la legge mantiene la pena massima giornaliera di 3.000 franchi, ma ora stabilisce che di norma si applica una pena giornaliera di almeno 30 franchi, che pu\u00f2 essere ridotta a 10 franchi in casi eccezionali.<\/p>\n<p><strong>Il monitoraggio elettronico \u00e8 ora sancito dalla legge<\/strong><\/p>\n<p>Il monitoraggio elettronico dell'esecuzione delle pene fuori dal carcere sar\u00e0 sancito dalla legge come forma di esecuzione per le pene detentive tra i 20 giorni e i 12 mesi. Il monitoraggio elettronico pu\u00f2 essere disposto anche verso la fine della pena detentiva lunga, in alternativa all'esternalizzazione del lavoro e all'esternalizzazione del lavoro e del domicilio per un periodo da 3 a 12 mesi.<\/p>\n<p>Le pene detentive fino a sei mesi possono essere eseguite anche come lavori socialmente utili. Tuttavia, a differenza di oggi, il servizio civile non \u00e8 pi\u00f9 una pena a s\u00e9 stante, ma una nuova forma di esecuzione. Ci\u00f2 significa che non sono pi\u00f9 i tribunali, ma le autorit\u00e0 carcerarie ad avere la responsabilit\u00e0 di ordinare i lavori socialmente utili.<\/p>\n<p><strong>Diritto penale minorile: modifiche da luglio 2016<\/strong><\/p>\n<p>Nel diritto penale minorile, il limite di et\u00e0 per la cessazione delle misure \u00e8 aumentato da 22 a 25 anni. I minori autori di reato avranno cos\u00ec pi\u00f9 tempo per acquisire le basi necessarie per una vita ordinata nell'ambito dell'esecuzione delle misure. L'innalzamento del limite di et\u00e0 consentir\u00e0, ad esempio, ai minori di completare un apprendistato professionale durante la misura. Il Consiglio federale ritiene necessario attuare questi benefici in tempi rapidi e pertanto sta gi\u00e0 facendo entrare in vigore le modifiche al Codice penale minorile il 1\u00b0 luglio 2016.<\/p>\n<p><strong>Le leggi sull'iniziativa di espulsione hanno la precedenza<\/strong><\/p>\n<p>La nuova legge sulle sanzioni prevede anche la reintroduzione dell'espulsione facoltativa. Tuttavia, questa disposizione \u00e8 resa obsoleta dall'entrata in vigore delle modifiche al Codice penale per l'attuazione dell'iniziativa di espulsione il 1\u00b0 ottobre 2016. Questo perch\u00e9 con queste nuove leggi si applica gi\u00e0 l'espulsione penale facoltativa o non obbligatoria.<\/p>\n<p><em>Comunicato stampa <a href=\"https:\/\/www.ejpd.admin.ch\/ejpd\/de\/home.html\" target=\"_blank\" data-cke-saved-href=\"https:\/\/www.ejpd.admin.ch\/ejpd\/de\/home.html\" rel=\"noopener\">FDJP<\/a><\/em><\/p>\n<p>&nbsp;<\/p>","protected":false},"excerpt":{"rendered":"<p>Am 19. Juni 2015 haben die eidgen\u00f6ssischen R\u00e4te die \u00c4nderungen des Sanktionenrechts verabschiedet. Die Referendumsfrist ist ungenutzt verstrichen. Im Zentrum der \u00c4nderungen steht die Lockerung der Voraussetzungen f\u00fcr die Aussprechung einer kurzen Freiheitsstrafe unter sechs Monaten. Wie heute hat in diesem Bereich zwar die Geldstrafe grunds\u00e4tzlich Vorrang. Eine kurze Freiheitsstrafe soll neu aber auch dann [&hellip;]<\/p>\n","protected":false},"author":1,"featured_media":3210,"comment_status":"open","ping_status":"open","sticky":false,"template":"","format":"standard","meta":{"_acf_changed":false,"pgc_sgb_lightbox_settings":"","footnotes":""},"categories":[1],"tags":[324,325,326],"class_list":["post-3208","post","type-post","status-publish","format-standard","has-post-thumbnail","hentry","category-allgemein","tag-electronic-monitoring","tag-freiheitsstrafe","tag-geldstrafe"],"acf":[],"hkrextid":null,"publication":null,"issue":null,"workflow":null,"startPage":null,"spitzmarke":null,"_posts_by_tag_page_fields":{"widget_title":"","widget_tags":""},"_at_widget":"1","_yoast_wpseo_primary_category":"","_yoast_wpseo_focuskw_text_input":"Neue Vollzugsform","_yoast_wpseo_opengraph-image":null,"_yoast_wpseo_opengraph-description":"Die Geldstrafe beh\u00e4lt den Vorrang vor der Freiheitsstrafe und ist auch weiterhin in bedingter Form zugelassen. Um den T\u00e4ter von weiteren Straftaten abzuhalten, sind neu auch kurze Freiheitsstrafen m\u00f6glich, die auch bedingt ausgesprochen werden k\u00f6nnen. Ferner wird die Vollzugsform des Electronic Monitoring gesetzlich verankert. Der Bundesrat hat diese und weitere \u00c4nderungen des Strafgesetzbuches auf den 1. Januar 2018 in Kraft gesetzt.","_yoast_wpseo_opengraph-title":"Elektronische \u00dcberwachung - neue Vollzugsform","enclosure":null,"_yoast_wpseo_twitter-title":null,"_yoast_wpseo_twitter-description":null,"_yoast_wpseo_twitter-image":null,"_wp_old_slug":null,"_yoast_wpseo_title":null,"_yoast_wpseo_canonical":null,"yoast_head":"<!-- This site is optimized with the Yoast SEO plugin v27.4 - https:\/\/yoast.com\/product\/yoast-seo-wordpress\/ -->\n<title>Elektronische \u00dcberwachung - neue Vollzugsform - Save<\/title>\n<meta name=\"description\" content=\"Neue Vollzugsform: Die Geldstrafe beh\u00e4lt den Vorrang vor der Freiheitsstrafe. Kurze Freiheitsstrafen, die bedingt ausgesprochen werden k\u00f6nnen, sind m\u00f6glich.\" \/>\n<meta name=\"robots\" content=\"index, follow, max-snippet:-1, max-image-preview:large, max-video-preview:-1\" \/>\n<link rel=\"canonical\" href=\"https:\/\/news.save.ch\/it\/elektronische-ueberwachung-neue-vollzugsform\/\" \/>\n<meta property=\"og:locale\" content=\"it_IT\" \/>\n<meta property=\"og:type\" content=\"article\" \/>\n<meta property=\"og:title\" content=\"Elektronische \u00dcberwachung - neue Vollzugsform\" \/>\n<meta property=\"og:description\" content=\"Die Geldstrafe beh\u00e4lt den Vorrang vor der Freiheitsstrafe und ist auch weiterhin in bedingter Form zugelassen. Um den T\u00e4ter von weiteren Straftaten abzuhalten, sind neu auch kurze Freiheitsstrafen m\u00f6glich, die auch bedingt ausgesprochen werden k\u00f6nnen. Ferner wird die Vollzugsform des Electronic Monitoring gesetzlich verankert. Der Bundesrat hat diese und weitere \u00c4nderungen des Strafgesetzbuches auf den 1. Januar 2018 in Kraft gesetzt.\" \/>\n<meta property=\"og:url\" content=\"https:\/\/news.save.ch\/it\/elektronische-ueberwachung-neue-vollzugsform\/\" \/>\n<meta property=\"og:site_name\" content=\"Save\" \/>\n<meta property=\"article:published_time\" content=\"2016-03-30T07:10:46+00:00\" \/>\n<meta property=\"og:image\" content=\"https:\/\/news.save.ch\/wp-content\/uploads\/2016\/12\/56fb7ce6d801c_55f04d1a886f6_depositphotos_17407907_l_2015_Sicherheitsforum.jpg\" \/>\n\t<meta property=\"og:image:width\" content=\"1104\" \/>\n\t<meta property=\"og:image:height\" content=\"736\" \/>\n\t<meta property=\"og:image:type\" content=\"image\/jpeg\" \/>\n<meta name=\"author\" content=\"admin\" \/>\n<meta name=\"twitter:card\" content=\"summary_large_image\" \/>\n<meta name=\"twitter:label1\" content=\"Scritto da\" \/>\n\t<meta name=\"twitter:data1\" content=\"admin\" \/>\n\t<meta name=\"twitter:label2\" content=\"Tempo di lettura stimato\" \/>\n\t<meta name=\"twitter:data2\" content=\"2 minuti\" \/>\n<script type=\"application\/ld+json\" class=\"yoast-schema-graph\">{\"@context\":\"https:\\\/\\\/schema.org\",\"@graph\":[{\"@type\":\"Article\",\"@id\":\"https:\\\/\\\/news.save.ch\\\/elektronische-ueberwachung-neue-vollzugsform\\\/#article\",\"isPartOf\":{\"@id\":\"https:\\\/\\\/news.save.ch\\\/elektronische-ueberwachung-neue-vollzugsform\\\/\"},\"author\":{\"name\":\"admin\",\"@id\":\"https:\\\/\\\/news.save.ch\\\/de\\\/#\\\/schema\\\/person\\\/d49e199490bad7c70d64b9ab51142f2b\"},\"headline\":\"Elektronische \u00dcberwachung &#8211; neue Vollzugsform\",\"datePublished\":\"2016-03-30T07:10:46+00:00\",\"mainEntityOfPage\":{\"@id\":\"https:\\\/\\\/news.save.ch\\\/elektronische-ueberwachung-neue-vollzugsform\\\/\"},\"wordCount\":418,\"commentCount\":0,\"publisher\":{\"@id\":\"https:\\\/\\\/news.save.ch\\\/de\\\/#organization\"},\"image\":{\"@id\":\"https:\\\/\\\/news.save.ch\\\/elektronische-ueberwachung-neue-vollzugsform\\\/#primaryimage\"},\"thumbnailUrl\":\"https:\\\/\\\/news.save.ch\\\/wp-content\\\/uploads\\\/2016\\\/12\\\/56fb7ce6d801c_55f04d1a886f6_depositphotos_17407907_l_2015_Sicherheitsforum.jpg\",\"keywords\":[\"Electronic Monitoring\",\"Freiheitsstrafe\",\"Geldstrafe\"],\"articleSection\":[\"ALLGEMEIN\"],\"inLanguage\":\"it-IT\"},{\"@type\":\"WebPage\",\"@id\":\"https:\\\/\\\/news.save.ch\\\/elektronische-ueberwachung-neue-vollzugsform\\\/\",\"url\":\"https:\\\/\\\/news.save.ch\\\/elektronische-ueberwachung-neue-vollzugsform\\\/\",\"name\":\"Elektronische \u00dcberwachung - neue Vollzugsform - Save\",\"isPartOf\":{\"@id\":\"https:\\\/\\\/news.save.ch\\\/de\\\/#website\"},\"primaryImageOfPage\":{\"@id\":\"https:\\\/\\\/news.save.ch\\\/elektronische-ueberwachung-neue-vollzugsform\\\/#primaryimage\"},\"image\":{\"@id\":\"https:\\\/\\\/news.save.ch\\\/elektronische-ueberwachung-neue-vollzugsform\\\/#primaryimage\"},\"thumbnailUrl\":\"https:\\\/\\\/news.save.ch\\\/wp-content\\\/uploads\\\/2016\\\/12\\\/56fb7ce6d801c_55f04d1a886f6_depositphotos_17407907_l_2015_Sicherheitsforum.jpg\",\"datePublished\":\"2016-03-30T07:10:46+00:00\",\"description\":\"Neue Vollzugsform: Die Geldstrafe beh\u00e4lt den Vorrang vor der Freiheitsstrafe. Kurze Freiheitsstrafen, die bedingt ausgesprochen werden k\u00f6nnen, sind m\u00f6glich.\",\"breadcrumb\":{\"@id\":\"https:\\\/\\\/news.save.ch\\\/elektronische-ueberwachung-neue-vollzugsform\\\/#breadcrumb\"},\"inLanguage\":\"it-IT\",\"potentialAction\":[{\"@type\":\"ReadAction\",\"target\":[\"https:\\\/\\\/news.save.ch\\\/elektronische-ueberwachung-neue-vollzugsform\\\/\"]}]},{\"@type\":\"ImageObject\",\"inLanguage\":\"it-IT\",\"@id\":\"https:\\\/\\\/news.save.ch\\\/elektronische-ueberwachung-neue-vollzugsform\\\/#primaryimage\",\"url\":\"https:\\\/\\\/news.save.ch\\\/wp-content\\\/uploads\\\/2016\\\/12\\\/56fb7ce6d801c_55f04d1a886f6_depositphotos_17407907_l_2015_Sicherheitsforum.jpg\",\"contentUrl\":\"https:\\\/\\\/news.save.ch\\\/wp-content\\\/uploads\\\/2016\\\/12\\\/56fb7ce6d801c_55f04d1a886f6_depositphotos_17407907_l_2015_Sicherheitsforum.jpg\",\"width\":1104,\"height\":736},{\"@type\":\"BreadcrumbList\",\"@id\":\"https:\\\/\\\/news.save.ch\\\/elektronische-ueberwachung-neue-vollzugsform\\\/#breadcrumb\",\"itemListElement\":[{\"@type\":\"ListItem\",\"position\":1,\"name\":\"Home\",\"item\":\"https:\\\/\\\/news.save.ch\\\/de\\\/\"},{\"@type\":\"ListItem\",\"position\":2,\"name\":\"Elektronische \u00dcberwachung &#8211; neue Vollzugsform\"}]},{\"@type\":\"WebSite\",\"@id\":\"https:\\\/\\\/news.save.ch\\\/de\\\/#website\",\"url\":\"https:\\\/\\\/news.save.ch\\\/de\\\/\",\"name\":\"Save\",\"description\":\"Schweizer Fachzeitschrift f\u00fcr Sicherheit\",\"publisher\":{\"@id\":\"https:\\\/\\\/news.save.ch\\\/de\\\/#organization\"},\"potentialAction\":[{\"@type\":\"SearchAction\",\"target\":{\"@type\":\"EntryPoint\",\"urlTemplate\":\"https:\\\/\\\/news.save.ch\\\/de\\\/?s={search_term_string}\"},\"query-input\":{\"@type\":\"PropertyValueSpecification\",\"valueRequired\":true,\"valueName\":\"search_term_string\"}}],\"inLanguage\":\"it-IT\"},{\"@type\":\"Organization\",\"@id\":\"https:\\\/\\\/news.save.ch\\\/de\\\/#organization\",\"name\":\"Sicherheitsforum\",\"url\":\"https:\\\/\\\/news.save.ch\\\/de\\\/\",\"logo\":{\"@type\":\"ImageObject\",\"inLanguage\":\"it-IT\",\"@id\":\"https:\\\/\\\/news.save.ch\\\/de\\\/#\\\/schema\\\/logo\\\/image\\\/\",\"url\":\"https:\\\/\\\/news.save.ch\\\/wp-content\\\/uploads\\\/2022\\\/06\\\/Logo_SF_2012.png\",\"contentUrl\":\"https:\\\/\\\/news.save.ch\\\/wp-content\\\/uploads\\\/2022\\\/06\\\/Logo_SF_2012.png\",\"width\":1100,\"height\":91,\"caption\":\"Sicherheitsforum\"},\"image\":{\"@id\":\"https:\\\/\\\/news.save.ch\\\/de\\\/#\\\/schema\\\/logo\\\/image\\\/\"}},{\"@type\":\"Person\",\"@id\":\"https:\\\/\\\/news.save.ch\\\/de\\\/#\\\/schema\\\/person\\\/d49e199490bad7c70d64b9ab51142f2b\",\"name\":\"admin\",\"image\":{\"@type\":\"ImageObject\",\"inLanguage\":\"it-IT\",\"@id\":\"https:\\\/\\\/secure.gravatar.com\\\/avatar\\\/ae2f4d718e6c49043e314ce431e7e645d646302a24a5ef5a8bc8e3f5a032e319?s=96&d=mm&r=g\",\"url\":\"https:\\\/\\\/secure.gravatar.com\\\/avatar\\\/ae2f4d718e6c49043e314ce431e7e645d646302a24a5ef5a8bc8e3f5a032e319?s=96&d=mm&r=g\",\"contentUrl\":\"https:\\\/\\\/secure.gravatar.com\\\/avatar\\\/ae2f4d718e6c49043e314ce431e7e645d646302a24a5ef5a8bc8e3f5a032e319?s=96&d=mm&r=g\",\"caption\":\"admin\"},\"sameAs\":[\"https:\\\/\\\/develop.organisator.galledia.ch\"],\"url\":\"https:\\\/\\\/news.save.ch\\\/it\\\/author\\\/admin\\\/\"}]}<\/script>\n<!-- \/ Yoast SEO plugin. -->","yoast_head_json":{"title":"Sorveglianza elettronica - nuova forma di applicazione della legge - Save","description":"Nuova forma di esecuzione: la multa mantiene la priorit\u00e0 sulla pena detentiva. Sono possibili brevi pene detentive, che possono essere pronunciate con la condizionale.","robots":{"index":"index","follow":"follow","max-snippet":"max-snippet:-1","max-image-preview":"max-image-preview:large","max-video-preview":"max-video-preview:-1"},"canonical":"https:\/\/news.save.ch\/it\/elektronische-ueberwachung-neue-vollzugsform\/","og_locale":"it_IT","og_type":"article","og_title":"Elektronische \u00dcberwachung - neue Vollzugsform","og_description":"Die Geldstrafe beh\u00e4lt den Vorrang vor der Freiheitsstrafe und ist auch weiterhin in bedingter Form zugelassen. Um den T\u00e4ter von weiteren Straftaten abzuhalten, sind neu auch kurze Freiheitsstrafen m\u00f6glich, die auch bedingt ausgesprochen werden k\u00f6nnen. Ferner wird die Vollzugsform des Electronic Monitoring gesetzlich verankert. Der Bundesrat hat diese und weitere \u00c4nderungen des Strafgesetzbuches auf den 1. Januar 2018 in Kraft gesetzt.","og_url":"https:\/\/news.save.ch\/it\/elektronische-ueberwachung-neue-vollzugsform\/","og_site_name":"Save","article_published_time":"2016-03-30T07:10:46+00:00","og_image":[{"width":1104,"height":736,"url":"https:\/\/news.save.ch\/wp-content\/uploads\/2016\/12\/56fb7ce6d801c_55f04d1a886f6_depositphotos_17407907_l_2015_Sicherheitsforum.jpg","type":"image\/jpeg"}],"author":"admin","twitter_card":"summary_large_image","twitter_misc":{"Scritto da":"admin","Tempo di lettura stimato":"2 minuti"},"schema":{"@context":"https:\/\/schema.org","@graph":[{"@type":"Article","@id":"https:\/\/news.save.ch\/elektronische-ueberwachung-neue-vollzugsform\/#article","isPartOf":{"@id":"https:\/\/news.save.ch\/elektronische-ueberwachung-neue-vollzugsform\/"},"author":{"name":"admin","@id":"https:\/\/news.save.ch\/de\/#\/schema\/person\/d49e199490bad7c70d64b9ab51142f2b"},"headline":"Elektronische \u00dcberwachung &#8211; neue Vollzugsform","datePublished":"2016-03-30T07:10:46+00:00","mainEntityOfPage":{"@id":"https:\/\/news.save.ch\/elektronische-ueberwachung-neue-vollzugsform\/"},"wordCount":418,"commentCount":0,"publisher":{"@id":"https:\/\/news.save.ch\/de\/#organization"},"image":{"@id":"https:\/\/news.save.ch\/elektronische-ueberwachung-neue-vollzugsform\/#primaryimage"},"thumbnailUrl":"https:\/\/news.save.ch\/wp-content\/uploads\/2016\/12\/56fb7ce6d801c_55f04d1a886f6_depositphotos_17407907_l_2015_Sicherheitsforum.jpg","keywords":["Electronic Monitoring","Freiheitsstrafe","Geldstrafe"],"articleSection":["ALLGEMEIN"],"inLanguage":"it-IT"},{"@type":"WebPage","@id":"https:\/\/news.save.ch\/elektronische-ueberwachung-neue-vollzugsform\/","url":"https:\/\/news.save.ch\/elektronische-ueberwachung-neue-vollzugsform\/","name":"Sorveglianza elettronica - nuova forma di applicazione della legge - Save","isPartOf":{"@id":"https:\/\/news.save.ch\/de\/#website"},"primaryImageOfPage":{"@id":"https:\/\/news.save.ch\/elektronische-ueberwachung-neue-vollzugsform\/#primaryimage"},"image":{"@id":"https:\/\/news.save.ch\/elektronische-ueberwachung-neue-vollzugsform\/#primaryimage"},"thumbnailUrl":"https:\/\/news.save.ch\/wp-content\/uploads\/2016\/12\/56fb7ce6d801c_55f04d1a886f6_depositphotos_17407907_l_2015_Sicherheitsforum.jpg","datePublished":"2016-03-30T07:10:46+00:00","description":"Nuova forma di esecuzione: la multa mantiene la priorit\u00e0 sulla pena detentiva. Sono possibili brevi pene detentive, che possono essere pronunciate con la condizionale.","breadcrumb":{"@id":"https:\/\/news.save.ch\/elektronische-ueberwachung-neue-vollzugsform\/#breadcrumb"},"inLanguage":"it-IT","potentialAction":[{"@type":"ReadAction","target":["https:\/\/news.save.ch\/elektronische-ueberwachung-neue-vollzugsform\/"]}]},{"@type":"ImageObject","inLanguage":"it-IT","@id":"https:\/\/news.save.ch\/elektronische-ueberwachung-neue-vollzugsform\/#primaryimage","url":"https:\/\/news.save.ch\/wp-content\/uploads\/2016\/12\/56fb7ce6d801c_55f04d1a886f6_depositphotos_17407907_l_2015_Sicherheitsforum.jpg","contentUrl":"https:\/\/news.save.ch\/wp-content\/uploads\/2016\/12\/56fb7ce6d801c_55f04d1a886f6_depositphotos_17407907_l_2015_Sicherheitsforum.jpg","width":1104,"height":736},{"@type":"BreadcrumbList","@id":"https:\/\/news.save.ch\/elektronische-ueberwachung-neue-vollzugsform\/#breadcrumb","itemListElement":[{"@type":"ListItem","position":1,"name":"Home","item":"https:\/\/news.save.ch\/de\/"},{"@type":"ListItem","position":2,"name":"Elektronische \u00dcberwachung &#8211; neue Vollzugsform"}]},{"@type":"WebSite","@id":"https:\/\/news.save.ch\/de\/#website","url":"https:\/\/news.save.ch\/de\/","name":"Risparmiare","description":"Rivista svizzera specializzata in sicurezza","publisher":{"@id":"https:\/\/news.save.ch\/de\/#organization"},"potentialAction":[{"@type":"SearchAction","target":{"@type":"EntryPoint","urlTemplate":"https:\/\/news.save.ch\/de\/?s={search_term_string}"},"query-input":{"@type":"PropertyValueSpecification","valueRequired":true,"valueName":"search_term_string"}}],"inLanguage":"it-IT"},{"@type":"Organization","@id":"https:\/\/news.save.ch\/de\/#organization","name":"Forum sulla sicurezza","url":"https:\/\/news.save.ch\/de\/","logo":{"@type":"ImageObject","inLanguage":"it-IT","@id":"https:\/\/news.save.ch\/de\/#\/schema\/logo\/image\/","url":"https:\/\/news.save.ch\/wp-content\/uploads\/2022\/06\/Logo_SF_2012.png","contentUrl":"https:\/\/news.save.ch\/wp-content\/uploads\/2022\/06\/Logo_SF_2012.png","width":1100,"height":91,"caption":"Sicherheitsforum"},"image":{"@id":"https:\/\/news.save.ch\/de\/#\/schema\/logo\/image\/"}},{"@type":"Person","@id":"https:\/\/news.save.ch\/de\/#\/schema\/person\/d49e199490bad7c70d64b9ab51142f2b","name":"amministratore","image":{"@type":"ImageObject","inLanguage":"it-IT","@id":"https:\/\/secure.gravatar.com\/avatar\/ae2f4d718e6c49043e314ce431e7e645d646302a24a5ef5a8bc8e3f5a032e319?s=96&d=mm&r=g","url":"https:\/\/secure.gravatar.com\/avatar\/ae2f4d718e6c49043e314ce431e7e645d646302a24a5ef5a8bc8e3f5a032e319?s=96&d=mm&r=g","contentUrl":"https:\/\/secure.gravatar.com\/avatar\/ae2f4d718e6c49043e314ce431e7e645d646302a24a5ef5a8bc8e3f5a032e319?s=96&d=mm&r=g","caption":"admin"},"sameAs":["https:\/\/develop.organisator.galledia.ch"],"url":"https:\/\/news.save.ch\/it\/author\/admin\/"}]}},"_links":{"self":[{"href":"https:\/\/news.save.ch\/it\/wp-json\/wp\/v2\/posts\/3208","targetHints":{"allow":["GET"]}}],"collection":[{"href":"https:\/\/news.save.ch\/it\/wp-json\/wp\/v2\/posts"}],"about":[{"href":"https:\/\/news.save.ch\/it\/wp-json\/wp\/v2\/types\/post"}],"author":[{"embeddable":true,"href":"https:\/\/news.save.ch\/it\/wp-json\/wp\/v2\/users\/1"}],"replies":[{"embeddable":true,"href":"https:\/\/news.save.ch\/it\/wp-json\/wp\/v2\/comments?post=3208"}],"version-history":[{"count":0,"href":"https:\/\/news.save.ch\/it\/wp-json\/wp\/v2\/posts\/3208\/revisions"}],"wp:featuredmedia":[{"embeddable":true,"href":"https:\/\/news.save.ch\/it\/wp-json\/wp\/v2\/media\/3210"}],"wp:attachment":[{"href":"https:\/\/news.save.ch\/it\/wp-json\/wp\/v2\/media?parent=3208"}],"wp:term":[{"taxonomy":"category","embeddable":true,"href":"https:\/\/news.save.ch\/it\/wp-json\/wp\/v2\/categories?post=3208"},{"taxonomy":"post_tag","embeddable":true,"href":"https:\/\/news.save.ch\/it\/wp-json\/wp\/v2\/tags?post=3208"}],"curies":[{"name":"wp","href":"https:\/\/api.w.org\/{rel}","templated":true}]}}