{"id":3219,"date":"2015-06-09T11:42:03","date_gmt":"2015-06-09T09:42:03","guid":{"rendered":"https:\/\/dev.sicherheitsforum.ch\/?p=3219"},"modified":"2015-06-09T11:42:03","modified_gmt":"2015-06-09T09:42:03","slug":"weniger-strafurteile-bei-jugendlichen","status":null,"type":"post","link":"https:\/\/news.save.ch\/it\/weniger-strafurteile-bei-jugendlichen\/","title":{"rendered":"Meno sentenze per i minori"},"content":{"rendered":"<p><img loading=\"lazy\" decoding=\"async\" class=\"alignnone wp-image-3221 size-medium\" src=\"https:\/\/news.save.ch\/wp-content\/uploads\/2016\/12\/Weniger-Strafurteile-bei-Jugendlichen_sicherheitsforum.jpg\" width=\"680\" height=\"453\" \/><\/p>\n<p>Mentre le condanne per reati contro il codice penale sono diminuite di 6% e per consumo di stupefacenti di 1%, il traffico di stupefacenti ha registrato un aumento di 21%, come scrive l'Ufficio federale di statistica (UST).<\/p>\n<p>In totale, sono state emesse ben 6.600 sentenze di condanna per minori per un reato previsto dal Codice Penale. Ci\u00f2 significa una diminuzione di 6% rispetto al 2013, sia per quanto riguarda i reati contro il patrimonio, quantitativamente significativi (-7%), sia per i reati violenti, meno frequenti (-16%).<\/p>\n<p><strong>Giudizi sugli adulti: stagnazione ad alto livello<\/strong><\/p>\n<p>Secondo i nuovi risultati dell'UST, il numero di condanne per adulti \u00e8 rimasto fermo a un massimo di poco pi\u00f9 di 110.100. La diminuzione delle condanne per adulti ai sensi del Codice penale (-7%) \u00e8 compensata dall'aumento delle infrazioni al codice della strada (+6%) e del traffico di stupefacenti (+2%).<\/p>\n<p>Nel caso degli adulti, si \u00e8 registrata una diminuzione delle sentenze basate sul Codice penale per l'anno 2014 (-7%). In totale sono state emesse poco meno di 36.600 sentenze per adulti. Questo sviluppo \u00e8 molto influenzato dalle condanne per reati contro la propriet\u00e0, soprattutto furti. Queste rappresentano una buona met\u00e0 di tutte le sentenze basate sul Codice Penale. Per i furti, la diminuzione \u00e8 di 14% per il 2014, dopo un aumento totale di 73% nei cinque anni precedenti. Sia l'aumento che la diminuzione dello scorso anno possono essere in gran parte attribuiti alle condanne di persone che non sono residenti permanenti in Svizzera (aumento di +173% tra il 2008 e il 2013, diminuzione di -15% tra il 2013 e il 2014).<\/p>\n<p><em>Le statistiche dettagliate sono\u00a0<a title=\"Statistiche dettagliate\" href=\"https:\/\/www.bfs.admin.ch\/bfs\/portal\/de\/index\/themen\/19\/01\/new\/nip_detail.html?gnpID=2015-241\" target=\"_blank\" data-cke-saved-href=\"https:\/\/www.bfs.admin.ch\/bfs\/portal\/de\/index\/themen\/19\/01\/new\/nip_detail.html?gnpID=2015-241\" rel=\"noopener\">qui<\/a> visualizzabile.<\/em><\/p>","protected":false},"excerpt":{"rendered":"<p>W\u00e4hrend die Jugendurteile aufgrund von Straftaten gegen das Strafgesetzbuch um 6% und wegen Bet\u00e4ubungsmittelkonsums um 1% zur\u00fcckgingen, verzeichnet der Handel mit Bet\u00e4ubungsmitteln einen Anstieg von 21%, wie das Bundesamts f\u00fcr Statistik (BFS) schreibt. Insgesamt wurden gut 6\u2018600 Jugendurteile aufgrund einer Straftat des Strafgesetzbuches ausgesprochen. Dies bedeutet einen R\u00fcckgang von 6% im Vergleich zu 2013. Der [&hellip;]<\/p>\n","protected":false},"author":1,"featured_media":3221,"comment_status":"open","ping_status":"open","sticky":false,"template":"","format":"standard","meta":{"_acf_changed":false,"pgc_sgb_lightbox_settings":"","footnotes":""},"categories":[1],"tags":[120],"class_list":["post-3219","post","type-post","status-publish","format-standard","has-post-thumbnail","hentry","category-allgemein","tag-bundesamt"],"acf":[],"hkrextid":null,"publication":null,"issue":null,"workflow":null,"startPage":null,"spitzmarke":null,"_posts_by_tag_page_fields":{"widget_title":"","widget_tags":""},"_at_widget":"1","_yoast_wpseo_primary_category":"","_yoast_wpseo_focuskw_text_input":"Strafurteile","_yoast_wpseo_opengraph-image":"https:\/\/news.save.ch\/wp-content\/uploads\/2016\/12\/Weniger-Strafurteile-bei-Jugendlichen_sicherheitsforum.jpg","_yoast_wpseo_opengraph-description":"F\u00fcr das Jahr 2014 ist ein r\u00fcckl\u00e4ufiger Trend bei den Jugendurteilen festzustellen (gut 12\u2018800 Jugendurteile; -4% im Vergleich zu 2013). Dies schreibt das gem\u00e4ss Bundesamt f\u00fcr Statistik.","_yoast_wpseo_opengraph-title":"Weniger Strafurteile bei Jugendlichen","enclosure":null,"_yoast_wpseo_twitter-title":null,"_yoast_wpseo_twitter-description":null,"_yoast_wpseo_twitter-image":null,"_wp_old_slug":null,"_yoast_wpseo_title":null,"_yoast_wpseo_canonical":null,"yoast_head":"<!-- This site is optimized with the Yoast SEO plugin v27.5 - https:\/\/yoast.com\/product\/yoast-seo-wordpress\/ -->\n<title>Weniger Strafurteile bei Jugendlichen - Save<\/title>\n<meta name=\"description\" content=\"Strafurteile: F\u00fcr das Jahr 2014 ist ein r\u00fcckl\u00e4ufiger Trend bei den Jugendurteilen festzustellen (gut 12\u2018800 Jugendurteile; -4% im Vergleich zu 2013).\" \/>\n<meta name=\"robots\" content=\"index, follow, max-snippet:-1, max-image-preview:large, max-video-preview:-1\" \/>\n<link rel=\"canonical\" href=\"https:\/\/news.save.ch\/it\/weniger-strafurteile-bei-jugendlichen\/\" \/>\n<meta property=\"og:locale\" content=\"it_IT\" \/>\n<meta property=\"og:type\" content=\"article\" \/>\n<meta property=\"og:title\" content=\"Weniger Strafurteile bei Jugendlichen\" \/>\n<meta property=\"og:description\" content=\"F\u00fcr das Jahr 2014 ist ein r\u00fcckl\u00e4ufiger Trend bei den Jugendurteilen festzustellen (gut 12\u2018800 Jugendurteile; -4% im Vergleich zu 2013). Dies schreibt das gem\u00e4ss Bundesamt f\u00fcr Statistik.\" \/>\n<meta property=\"og:url\" content=\"https:\/\/news.save.ch\/it\/weniger-strafurteile-bei-jugendlichen\/\" \/>\n<meta property=\"og:site_name\" content=\"Save\" \/>\n<meta property=\"article:published_time\" content=\"2015-06-09T09:42:03+00:00\" \/>\n<meta property=\"og:image\" content=\"https:\/\/news.save.ch\/wp-content\/uploads\/2016\/12\/Weniger-Strafurteile-bei-Jugendlichen_sicherheitsforum.jpg\" \/>\n<meta name=\"author\" content=\"admin\" \/>\n<meta name=\"twitter:card\" content=\"summary_large_image\" \/>\n<meta name=\"twitter:label1\" content=\"Scritto da\" \/>\n\t<meta name=\"twitter:data1\" content=\"admin\" \/>\n\t<meta name=\"twitter:label2\" content=\"Tempo di lettura stimato\" \/>\n\t<meta name=\"twitter:data2\" content=\"1 minuto\" \/>\n<script type=\"application\/ld+json\" class=\"yoast-schema-graph\">{\"@context\":\"https:\\\/\\\/schema.org\",\"@graph\":[{\"@type\":\"Article\",\"@id\":\"https:\\\/\\\/news.save.ch\\\/weniger-strafurteile-bei-jugendlichen\\\/#article\",\"isPartOf\":{\"@id\":\"https:\\\/\\\/news.save.ch\\\/weniger-strafurteile-bei-jugendlichen\\\/\"},\"author\":{\"name\":\"admin\",\"@id\":\"https:\\\/\\\/news.save.ch\\\/de\\\/#\\\/schema\\\/person\\\/d49e199490bad7c70d64b9ab51142f2b\"},\"headline\":\"Weniger Strafurteile bei Jugendlichen\",\"datePublished\":\"2015-06-09T09:42:03+00:00\",\"mainEntityOfPage\":{\"@id\":\"https:\\\/\\\/news.save.ch\\\/weniger-strafurteile-bei-jugendlichen\\\/\"},\"wordCount\":263,\"commentCount\":0,\"publisher\":{\"@id\":\"https:\\\/\\\/news.save.ch\\\/de\\\/#organization\"},\"image\":{\"@id\":\"https:\\\/\\\/news.save.ch\\\/weniger-strafurteile-bei-jugendlichen\\\/#primaryimage\"},\"thumbnailUrl\":\"https:\\\/\\\/news.save.ch\\\/wp-content\\\/uploads\\\/2016\\\/12\\\/Weniger-Strafurteile-bei-Jugendlichen_sicherheitsforum-scaled.jpg\",\"keywords\":[\"Bundesamt\"],\"articleSection\":[\"ALLGEMEIN\"],\"inLanguage\":\"it-IT\"},{\"@type\":\"WebPage\",\"@id\":\"https:\\\/\\\/news.save.ch\\\/weniger-strafurteile-bei-jugendlichen\\\/\",\"url\":\"https:\\\/\\\/news.save.ch\\\/weniger-strafurteile-bei-jugendlichen\\\/\",\"name\":\"Weniger Strafurteile bei Jugendlichen - Save\",\"isPartOf\":{\"@id\":\"https:\\\/\\\/news.save.ch\\\/de\\\/#website\"},\"primaryImageOfPage\":{\"@id\":\"https:\\\/\\\/news.save.ch\\\/weniger-strafurteile-bei-jugendlichen\\\/#primaryimage\"},\"image\":{\"@id\":\"https:\\\/\\\/news.save.ch\\\/weniger-strafurteile-bei-jugendlichen\\\/#primaryimage\"},\"thumbnailUrl\":\"https:\\\/\\\/news.save.ch\\\/wp-content\\\/uploads\\\/2016\\\/12\\\/Weniger-Strafurteile-bei-Jugendlichen_sicherheitsforum-scaled.jpg\",\"datePublished\":\"2015-06-09T09:42:03+00:00\",\"description\":\"Strafurteile: F\u00fcr das Jahr 2014 ist ein r\u00fcckl\u00e4ufiger Trend bei den Jugendurteilen festzustellen (gut 12\u2018800 Jugendurteile; -4% im Vergleich zu 2013).\",\"breadcrumb\":{\"@id\":\"https:\\\/\\\/news.save.ch\\\/weniger-strafurteile-bei-jugendlichen\\\/#breadcrumb\"},\"inLanguage\":\"it-IT\",\"potentialAction\":[{\"@type\":\"ReadAction\",\"target\":[\"https:\\\/\\\/news.save.ch\\\/weniger-strafurteile-bei-jugendlichen\\\/\"]}]},{\"@type\":\"ImageObject\",\"inLanguage\":\"it-IT\",\"@id\":\"https:\\\/\\\/news.save.ch\\\/weniger-strafurteile-bei-jugendlichen\\\/#primaryimage\",\"url\":\"https:\\\/\\\/news.save.ch\\\/wp-content\\\/uploads\\\/2016\\\/12\\\/Weniger-Strafurteile-bei-Jugendlichen_sicherheitsforum-scaled.jpg\",\"contentUrl\":\"https:\\\/\\\/news.save.ch\\\/wp-content\\\/uploads\\\/2016\\\/12\\\/Weniger-Strafurteile-bei-Jugendlichen_sicherheitsforum-scaled.jpg\",\"width\":1400,\"height\":934},{\"@type\":\"BreadcrumbList\",\"@id\":\"https:\\\/\\\/news.save.ch\\\/weniger-strafurteile-bei-jugendlichen\\\/#breadcrumb\",\"itemListElement\":[{\"@type\":\"ListItem\",\"position\":1,\"name\":\"Home\",\"item\":\"https:\\\/\\\/news.save.ch\\\/de\\\/\"},{\"@type\":\"ListItem\",\"position\":2,\"name\":\"Weniger Strafurteile bei Jugendlichen\"}]},{\"@type\":\"WebSite\",\"@id\":\"https:\\\/\\\/news.save.ch\\\/de\\\/#website\",\"url\":\"https:\\\/\\\/news.save.ch\\\/de\\\/\",\"name\":\"Save\",\"description\":\"Schweizer Fachzeitschrift f\u00fcr Sicherheit\",\"publisher\":{\"@id\":\"https:\\\/\\\/news.save.ch\\\/de\\\/#organization\"},\"potentialAction\":[{\"@type\":\"SearchAction\",\"target\":{\"@type\":\"EntryPoint\",\"urlTemplate\":\"https:\\\/\\\/news.save.ch\\\/de\\\/?s={search_term_string}\"},\"query-input\":{\"@type\":\"PropertyValueSpecification\",\"valueRequired\":true,\"valueName\":\"search_term_string\"}}],\"inLanguage\":\"it-IT\"},{\"@type\":\"Organization\",\"@id\":\"https:\\\/\\\/news.save.ch\\\/de\\\/#organization\",\"name\":\"Sicherheitsforum\",\"url\":\"https:\\\/\\\/news.save.ch\\\/de\\\/\",\"logo\":{\"@type\":\"ImageObject\",\"inLanguage\":\"it-IT\",\"@id\":\"https:\\\/\\\/news.save.ch\\\/de\\\/#\\\/schema\\\/logo\\\/image\\\/\",\"url\":\"https:\\\/\\\/news.save.ch\\\/wp-content\\\/uploads\\\/2022\\\/06\\\/Logo_SF_2012.png\",\"contentUrl\":\"https:\\\/\\\/news.save.ch\\\/wp-content\\\/uploads\\\/2022\\\/06\\\/Logo_SF_2012.png\",\"width\":1100,\"height\":91,\"caption\":\"Sicherheitsforum\"},\"image\":{\"@id\":\"https:\\\/\\\/news.save.ch\\\/de\\\/#\\\/schema\\\/logo\\\/image\\\/\"}},{\"@type\":\"Person\",\"@id\":\"https:\\\/\\\/news.save.ch\\\/de\\\/#\\\/schema\\\/person\\\/d49e199490bad7c70d64b9ab51142f2b\",\"name\":\"admin\",\"image\":{\"@type\":\"ImageObject\",\"inLanguage\":\"it-IT\",\"@id\":\"https:\\\/\\\/secure.gravatar.com\\\/avatar\\\/ae2f4d718e6c49043e314ce431e7e645d646302a24a5ef5a8bc8e3f5a032e319?s=96&d=mm&r=g\",\"url\":\"https:\\\/\\\/secure.gravatar.com\\\/avatar\\\/ae2f4d718e6c49043e314ce431e7e645d646302a24a5ef5a8bc8e3f5a032e319?s=96&d=mm&r=g\",\"contentUrl\":\"https:\\\/\\\/secure.gravatar.com\\\/avatar\\\/ae2f4d718e6c49043e314ce431e7e645d646302a24a5ef5a8bc8e3f5a032e319?s=96&d=mm&r=g\",\"caption\":\"admin\"},\"sameAs\":[\"https:\\\/\\\/develop.organisator.galledia.ch\"],\"url\":\"https:\\\/\\\/news.save.ch\\\/it\\\/author\\\/admin\\\/\"}]}<\/script>\n<!-- \/ Yoast SEO plugin. -->","yoast_head_json":{"title":"Meno condanne penali per i minorenni - Salva","description":"Condanne penali: Per il 2014 si osserva una tendenza alla diminuzione delle sentenze minorili (ben 12.800 sentenze minorili; -4% rispetto al 2013).","robots":{"index":"index","follow":"follow","max-snippet":"max-snippet:-1","max-image-preview":"max-image-preview:large","max-video-preview":"max-video-preview:-1"},"canonical":"https:\/\/news.save.ch\/it\/weniger-strafurteile-bei-jugendlichen\/","og_locale":"it_IT","og_type":"article","og_title":"Weniger Strafurteile bei Jugendlichen","og_description":"F\u00fcr das Jahr 2014 ist ein r\u00fcckl\u00e4ufiger Trend bei den Jugendurteilen festzustellen (gut 12\u2018800 Jugendurteile; -4% im Vergleich zu 2013). Dies schreibt das gem\u00e4ss Bundesamt f\u00fcr Statistik.","og_url":"https:\/\/news.save.ch\/it\/weniger-strafurteile-bei-jugendlichen\/","og_site_name":"Save","article_published_time":"2015-06-09T09:42:03+00:00","og_image":[{"url":"https:\/\/news.save.ch\/wp-content\/uploads\/2016\/12\/Weniger-Strafurteile-bei-Jugendlichen_sicherheitsforum.jpg","type":"","width":"","height":""}],"author":"admin","twitter_card":"summary_large_image","twitter_misc":{"Scritto da":"admin","Tempo di lettura stimato":"1 minuto"},"schema":{"@context":"https:\/\/schema.org","@graph":[{"@type":"Article","@id":"https:\/\/news.save.ch\/weniger-strafurteile-bei-jugendlichen\/#article","isPartOf":{"@id":"https:\/\/news.save.ch\/weniger-strafurteile-bei-jugendlichen\/"},"author":{"name":"admin","@id":"https:\/\/news.save.ch\/de\/#\/schema\/person\/d49e199490bad7c70d64b9ab51142f2b"},"headline":"Weniger Strafurteile bei Jugendlichen","datePublished":"2015-06-09T09:42:03+00:00","mainEntityOfPage":{"@id":"https:\/\/news.save.ch\/weniger-strafurteile-bei-jugendlichen\/"},"wordCount":263,"commentCount":0,"publisher":{"@id":"https:\/\/news.save.ch\/de\/#organization"},"image":{"@id":"https:\/\/news.save.ch\/weniger-strafurteile-bei-jugendlichen\/#primaryimage"},"thumbnailUrl":"https:\/\/news.save.ch\/wp-content\/uploads\/2016\/12\/Weniger-Strafurteile-bei-Jugendlichen_sicherheitsforum-scaled.jpg","keywords":["Bundesamt"],"articleSection":["ALLGEMEIN"],"inLanguage":"it-IT"},{"@type":"WebPage","@id":"https:\/\/news.save.ch\/weniger-strafurteile-bei-jugendlichen\/","url":"https:\/\/news.save.ch\/weniger-strafurteile-bei-jugendlichen\/","name":"Meno condanne penali per i minorenni - Salva","isPartOf":{"@id":"https:\/\/news.save.ch\/de\/#website"},"primaryImageOfPage":{"@id":"https:\/\/news.save.ch\/weniger-strafurteile-bei-jugendlichen\/#primaryimage"},"image":{"@id":"https:\/\/news.save.ch\/weniger-strafurteile-bei-jugendlichen\/#primaryimage"},"thumbnailUrl":"https:\/\/news.save.ch\/wp-content\/uploads\/2016\/12\/Weniger-Strafurteile-bei-Jugendlichen_sicherheitsforum-scaled.jpg","datePublished":"2015-06-09T09:42:03+00:00","description":"Condanne penali: Per il 2014 si osserva una tendenza alla diminuzione delle sentenze minorili (ben 12.800 sentenze minorili; -4% rispetto al 2013).","breadcrumb":{"@id":"https:\/\/news.save.ch\/weniger-strafurteile-bei-jugendlichen\/#breadcrumb"},"inLanguage":"it-IT","potentialAction":[{"@type":"ReadAction","target":["https:\/\/news.save.ch\/weniger-strafurteile-bei-jugendlichen\/"]}]},{"@type":"ImageObject","inLanguage":"it-IT","@id":"https:\/\/news.save.ch\/weniger-strafurteile-bei-jugendlichen\/#primaryimage","url":"https:\/\/news.save.ch\/wp-content\/uploads\/2016\/12\/Weniger-Strafurteile-bei-Jugendlichen_sicherheitsforum-scaled.jpg","contentUrl":"https:\/\/news.save.ch\/wp-content\/uploads\/2016\/12\/Weniger-Strafurteile-bei-Jugendlichen_sicherheitsforum-scaled.jpg","width":1400,"height":934},{"@type":"BreadcrumbList","@id":"https:\/\/news.save.ch\/weniger-strafurteile-bei-jugendlichen\/#breadcrumb","itemListElement":[{"@type":"ListItem","position":1,"name":"Home","item":"https:\/\/news.save.ch\/de\/"},{"@type":"ListItem","position":2,"name":"Weniger Strafurteile bei Jugendlichen"}]},{"@type":"WebSite","@id":"https:\/\/news.save.ch\/de\/#website","url":"https:\/\/news.save.ch\/de\/","name":"Risparmiare","description":"Rivista svizzera specializzata in sicurezza","publisher":{"@id":"https:\/\/news.save.ch\/de\/#organization"},"potentialAction":[{"@type":"SearchAction","target":{"@type":"EntryPoint","urlTemplate":"https:\/\/news.save.ch\/de\/?s={search_term_string}"},"query-input":{"@type":"PropertyValueSpecification","valueRequired":true,"valueName":"search_term_string"}}],"inLanguage":"it-IT"},{"@type":"Organization","@id":"https:\/\/news.save.ch\/de\/#organization","name":"Forum sulla sicurezza","url":"https:\/\/news.save.ch\/de\/","logo":{"@type":"ImageObject","inLanguage":"it-IT","@id":"https:\/\/news.save.ch\/de\/#\/schema\/logo\/image\/","url":"https:\/\/news.save.ch\/wp-content\/uploads\/2022\/06\/Logo_SF_2012.png","contentUrl":"https:\/\/news.save.ch\/wp-content\/uploads\/2022\/06\/Logo_SF_2012.png","width":1100,"height":91,"caption":"Sicherheitsforum"},"image":{"@id":"https:\/\/news.save.ch\/de\/#\/schema\/logo\/image\/"}},{"@type":"Person","@id":"https:\/\/news.save.ch\/de\/#\/schema\/person\/d49e199490bad7c70d64b9ab51142f2b","name":"amministratore","image":{"@type":"ImageObject","inLanguage":"it-IT","@id":"https:\/\/secure.gravatar.com\/avatar\/ae2f4d718e6c49043e314ce431e7e645d646302a24a5ef5a8bc8e3f5a032e319?s=96&d=mm&r=g","url":"https:\/\/secure.gravatar.com\/avatar\/ae2f4d718e6c49043e314ce431e7e645d646302a24a5ef5a8bc8e3f5a032e319?s=96&d=mm&r=g","contentUrl":"https:\/\/secure.gravatar.com\/avatar\/ae2f4d718e6c49043e314ce431e7e645d646302a24a5ef5a8bc8e3f5a032e319?s=96&d=mm&r=g","caption":"admin"},"sameAs":["https:\/\/develop.organisator.galledia.ch"],"url":"https:\/\/news.save.ch\/it\/author\/admin\/"}]}},"_links":{"self":[{"href":"https:\/\/news.save.ch\/it\/wp-json\/wp\/v2\/posts\/3219","targetHints":{"allow":["GET"]}}],"collection":[{"href":"https:\/\/news.save.ch\/it\/wp-json\/wp\/v2\/posts"}],"about":[{"href":"https:\/\/news.save.ch\/it\/wp-json\/wp\/v2\/types\/post"}],"author":[{"embeddable":true,"href":"https:\/\/news.save.ch\/it\/wp-json\/wp\/v2\/users\/1"}],"replies":[{"embeddable":true,"href":"https:\/\/news.save.ch\/it\/wp-json\/wp\/v2\/comments?post=3219"}],"version-history":[{"count":0,"href":"https:\/\/news.save.ch\/it\/wp-json\/wp\/v2\/posts\/3219\/revisions"}],"wp:featuredmedia":[{"embeddable":true,"href":"https:\/\/news.save.ch\/it\/wp-json\/wp\/v2\/media\/3221"}],"wp:attachment":[{"href":"https:\/\/news.save.ch\/it\/wp-json\/wp\/v2\/media?parent=3219"}],"wp:term":[{"taxonomy":"category","embeddable":true,"href":"https:\/\/news.save.ch\/it\/wp-json\/wp\/v2\/categories?post=3219"},{"taxonomy":"post_tag","embeddable":true,"href":"https:\/\/news.save.ch\/it\/wp-json\/wp\/v2\/tags?post=3219"}],"curies":[{"name":"wp","href":"https:\/\/api.w.org\/{rel}","templated":true}]}}