{"id":3249,"date":"2016-12-08T13:17:09","date_gmt":"2016-12-08T12:17:09","guid":{"rendered":"https:\/\/dev.sicherheitsforum.ch\/?p=3249"},"modified":"2016-12-08T13:17:09","modified_gmt":"2016-12-08T12:17:09","slug":"hohes-subjektives-sicherheitsgefuehl","status":null,"type":"post","link":"https:\/\/news.save.ch\/it\/hohes-subjektives-sicherheitsgefuehl\/","title":{"rendered":"Elevato senso di sicurezza soggettivo"},"content":{"rendered":"<figure id=\"attachment_3250\" aria-describedby=\"caption-attachment-3250\" style=\"width: 680px\" class=\"wp-caption alignnone\"><img loading=\"lazy\" decoding=\"async\" class=\"size-medium wp-image-3250\" src=\"https:\/\/news.save.ch\/wp-content\/uploads\/2016\/12\/Hohes-subjektives-Sicherheitsgefuehl_sicherheitsforum.jpg\" alt=\"\" width=\"680\" height=\"907\" \/><figcaption id=\"caption-attachment-3250\" class=\"wp-caption-text\">Foto: R. Str\u00e4ssle<\/figcaption><\/figure>\n<p>Secondo il sondaggio*, la popolazione si sente generalmente sicura nella citt\u00e0 di Zurigo, soprattutto durante il giorno. 97% degli intervistati si sentono piuttosto (25%) o molto (72%) sicuri quando camminano da soli in citt\u00e0. Di notte, invece, quasi una persona su cinque si sente insicura o non cammina mai da sola per motivi di sicurezza. Circa la met\u00e0 evita certi luoghi di notte per motivi di sicurezza. Qui si parla soprattutto della Langstrasse.<\/p>\n<p>La percentuale di coloro che giudicano il proprio quartiere meno sicuro rispetto agli altri \u00e8 pi\u00f9 alta nel distretto urbano 4 (24%). Nei distretti urbani 5 (12%), 11 (14%) e 12 (16%) le proporzioni sono leggermente superiori a quelle degli altri distretti.<\/p>\n<p><strong>Problema urgente di sicurezza: il traffico stradale<\/strong><\/p>\n<p>Il traffico stradale viene indicato spontaneamente come il problema di sicurezza pi\u00f9 urgente da risolvere da parte della polizia. Questo risultato viene messo in prospettiva quando le risposte vengono raggruppate per temi. I problemi con alcuni gruppi di popolazione come \"spacciatori\", \"ubriachi\", \"giovani\" o \"stranieri\" sono in primo piano. Al secondo posto ci sono i grandi assembramenti di persone in occasione di manifestazioni, eventi sportivi o altri grandi eventi.<\/p>\n<p><strong>92% soddisfatto della protezione e della presenza della polizia <\/strong><\/p>\n<p>Quasi tutti gli intervistati ritengono che la protezione della popolazione da parte della polizia municipale sia completamente (36%) o piuttosto (56%) sufficiente. I 6% che ritengono la protezione piuttosto insufficiente (5%) o insufficiente (1%) la giustificano il pi\u00f9 delle volte con la scarsa presenza\/ pattugliamento. Alla domanda, 62% degli intervistati affermano che la presenza di pattuglie a piedi \u00e8 giusta, per 29% \u00e8 troppo ridotta. Per le pattuglie con veicolo, la presenza \u00e8 giusta per 71% degli intervistati. Per il 13% potrebbero esserci pi\u00f9 pattuglie e per il 7% meno pattuglie.<\/p>\n<p><strong>Buona esperienza e ottimi punteggi di fiducia <\/strong><\/p>\n<p>Quasi la met\u00e0 degli intervistati ha avuto contatti personali con la polizia negli ultimi cinque anni. La stragrande maggioranza (83%) di coloro che hanno avuto contatti con la polizia valuta il comportamento degli agenti come corretto. Una persona su dieci giudica il comportamento solo parzialmente corretto e una su venti \u00e8 del parere che la polizia non si sia comportata correttamente.<\/p>\n<p>Gli abitanti di Zurigo hanno generalmente un livello di fiducia molto alto nella polizia cittadina. Su una scala da 1 (pochissima fiducia) a 10 (altissima fiducia), danno un punteggio medio di 8,1. Tra gli stranieri intervistati, la fiducia \u00e8 ancora pi\u00f9 alta (8,3) che tra gli svizzeri (8,1).<\/p>\n<p>\"La polizia municipale \u00e8 fortemente percepita dalla popolazione e influenza l'atteggiamento verso la vita nella citt\u00e0 di Zurigo con le sue azioni professionali e corrette. \u00c8 una grande responsabilit\u00e0. Continueremo a fare del nostro meglio per mantenere questo alto livello di fiducia, se non addirittura aumentarlo\", afferma il comandante Daniel Blumer.<\/p>\n<p><strong>Azione appropriata da parte della polizia<\/strong><\/p>\n<p>Mentre 56% degli intervistati valutano in generale le azioni della polizia come \"giuste\", 13% le considerano troppo incoerenti e 6% troppo coerenti. Ciascuna 13% non fa dichiarazioni chiare o non le fa. Dal punto di vista dell'opinione pubblica, la polizia agisce in modo troppo incoerente, soprattutto durante le manifestazioni, gli scontri durante le partite di calcio e i disordini in generale. Sono stati citati spesso anche i pochi controlli coerenti sugli automobilisti e soprattutto sui ciclisti.<\/p>\n<p><strong>Utile, competente e cordiale<\/strong><\/p>\n<p>Gli agenti della polizia municipale sono ben accolti dalla popolazione nel suo complesso. Oltre l'80% degli intervistati li percepisce come piuttosto (53%) o molto disponibili (35%), piuttosto (57%) o molto (28%) competenti e piuttosto (55%) o molto (29%) amichevoli. Solo una minoranza attribuisce alla polizia caratteristiche negative. I pi\u00f9 citati sono piuttosto\/molto testardo, intimidatorio o arrogante.<\/p>\n<p>\"La percezione positiva prevale chiaramente. Tuttavia, per un corpo di polizia \u00e8 importante che la popolazione gli faccia da specchio. Analizzeremo pi\u00f9 a fondo la questione del comportamento\", dice il comandante.<\/p>\n<p><strong>Violenza nei confronti della polizia<\/strong><\/p>\n<p>L'atteggiamento sostanzialmente positivo della popolazione nei confronti della polizia municipale si riflette nel fatto che 92% sono dell'opinione che la violenza contro gli agenti di polizia debba essere punita in modo coerente (piuttosto d'accordo: 28%; pienamente d'accordo: 64%). Sebbene 58% condividano l'opinione che la violenza faccia parte del rischio professionale della polizia (tendenzialmente d'accordo: 44%; pienamente d'accordo: 14%), solo 8% sono d'accordo con l'affermazione che la polizia provoca la violenza con il suo comportamento (tendenzialmente d'accordo: 7%; pienamente d'accordo: 1%).<\/p>\n<p><strong>Videosorveglianza, body cam e controlli d'identit\u00e0 <\/strong><\/p>\n<p>La popolazione \u00e8 relativamente aperta alla videosorveglianza e all'uso delle body camera. L'accettazione dipende dal settore di applicazione. Gli intervistati possono benissimo immaginare il loro utilizzo in occasione di grandi eventi, manifestazioni sportive e dimostrazioni. Un totale di 60% degli intervistati ritiene che sia positivo che la polizia controlli specificamente le persone, anche se c'\u00e8 solo un leggero sospetto (piuttosto d'accordo: 34%; pienamente d'accordo: 26%). In relazione ai controlli sulle persone, \u00e8 stato anche chiesto se la polizia tratta tutte le persone allo stesso modo. Circa un terzo (779 persone) di tutti gli intervistati ha l'impressione che la polizia municipale non tratti tutti allo stesso modo - senza giudicare questo aspetto. Secondo queste 779 persone, i seguenti gruppi sono stati trattati in modo diverso in alcuni casi: Giovani (8 %), emarginati\/drogati\/criminali (12%), stranieri, migranti, richiedenti asilo (34%), persone con la pelle scura o dall'aspetto straniero (44%). Un'analisi pi\u00f9 approfondita ha mostrato che la circostanza tende ad avere una connotazione negativa. \"Questo risultato \u00e8 per me un motivo per sensibilizzare ancora di pi\u00f9 il corpo al principio di \"polizia equa ed efficace\". Se rispondiamo correttamente alle domande che ne derivano per quanto riguarda i controlli di polizia, la questione del profiling etnico, ad esempio, non si porr\u00e0 pi\u00f9\", spiega il comandante.<\/p>\n<p><strong>Adattamento ottimale alle esigenze della popolazione <\/strong><\/p>\n<p>La popolazione della citt\u00e0 di Zurigo \u00e8 ampiamente soddisfatta della sua polizia. Tuttavia, nei prossimi mesi la polizia municipale esaminer\u00e0 pi\u00f9 da vicino i singoli argomenti. Questo con l'obiettivo di adattare in modo ottimale il lavoro della polizia alle esigenze e al senso di sicurezza della popolazione.\u00a0<em>Comunicato stampa Polizia municipale di Zurigo<\/em><\/p>\n<p><em>* Su incarico della Polizia municipale di Zurigo, l'istituto di ricerche di mercato e di opinione Demoscope ha condotto quest'estate un'indagine rappresentativa sulla popolazione. Un totale di 2282 persone di et\u00e0 pari o superiore ai 15 anni che vivono nella citt\u00e0 di Zurigo (stranieri con permesso di soggiorno C e cittadini svizzeri) hanno risposto a domande sulla loro sensazione soggettiva di sicurezza, sul loro atteggiamento nei confronti della polizia e sulla fiducia in essa, e su altri argomenti. Al sondaggio si poteva rispondere online (proporzione: 72%) o per telefono (proporzione: 28%).<\/em><\/p>","protected":false},"excerpt":{"rendered":"<p>Die Bev\u00f6lkerung f\u00fchlt sich gem\u00e4ss Umfrage*\u00a0in der Stadt Z\u00fcrich generell sicher \u2013 vor allem tags\u00fcber. 97% der Befragten f\u00fchlen sich, wenn sie alleine in der Stadt unterwegs sind, eher (25%) oder sehr (72%) sicher. Nachts hingegen f\u00fchlt sich fast jede f\u00fcnfte Person unsicher oder ist aus Sicherheitsgr\u00fcnden gar nie alleine unterwegs. Rund die H\u00e4lfte meidet [&hellip;]<\/p>\n","protected":false},"author":1,"featured_media":3250,"comment_status":"open","ping_status":"open","sticky":false,"template":"","format":"standard","meta":{"_acf_changed":false,"pgc_sgb_lightbox_settings":"","footnotes":""},"categories":[1],"tags":[69],"class_list":["post-3249","post","type-post","status-publish","format-standard","has-post-thumbnail","hentry","category-allgemein","tag-justiz-polizei"],"acf":[],"hkrextid":null,"publication":null,"issue":null,"workflow":null,"startPage":null,"spitzmarke":null,"_posts_by_tag_page_fields":{"widget_title":"","widget_tags":""},"_at_widget":"1","_yoast_wpseo_primary_category":"","_yoast_wpseo_focuskw_text_input":"Sicher","_yoast_wpseo_opengraph-image":null,"_yoast_wpseo_opengraph-description":null,"_yoast_wpseo_opengraph-title":null,"enclosure":null,"_yoast_wpseo_twitter-title":null,"_yoast_wpseo_twitter-description":null,"_yoast_wpseo_twitter-image":null,"_wp_old_slug":null,"_yoast_wpseo_title":null,"_yoast_wpseo_canonical":null,"yoast_head":"<!-- This site is optimized with the Yoast SEO plugin v27.5 - https:\/\/yoast.com\/product\/yoast-seo-wordpress\/ -->\n<title>Hohes subjektives Sicherheitsgef\u00fchl - Save<\/title>\n<meta name=\"robots\" content=\"index, follow, max-snippet:-1, max-image-preview:large, max-video-preview:-1\" \/>\n<link rel=\"canonical\" href=\"https:\/\/news.save.ch\/it\/hohes-subjektives-sicherheitsgefuehl\/\" \/>\n<meta property=\"og:locale\" content=\"it_IT\" \/>\n<meta property=\"og:type\" content=\"article\" \/>\n<meta property=\"og:title\" content=\"Hohes subjektives Sicherheitsgef\u00fchl - Save\" \/>\n<meta property=\"og:description\" content=\"Die Bev\u00f6lkerung f\u00fchlt sich gem\u00e4ss Umfrage*\u00a0in der Stadt Z\u00fcrich generell sicher \u2013 vor allem tags\u00fcber. 97% der Befragten f\u00fchlen sich, wenn sie alleine in der Stadt unterwegs sind, eher (25%) oder sehr (72%) sicher. Nachts hingegen f\u00fchlt sich fast jede f\u00fcnfte Person unsicher oder ist aus Sicherheitsgr\u00fcnden gar nie alleine unterwegs. Rund die H\u00e4lfte meidet [&hellip;]\" \/>\n<meta property=\"og:url\" content=\"https:\/\/news.save.ch\/it\/hohes-subjektives-sicherheitsgefuehl\/\" \/>\n<meta property=\"og:site_name\" content=\"Save\" \/>\n<meta property=\"article:published_time\" content=\"2016-12-08T12:17:09+00:00\" \/>\n<meta property=\"og:image\" content=\"https:\/\/news.save.ch\/wp-content\/uploads\/2016\/12\/Hohes-subjektives-Sicherheitsgefuehl_sicherheitsforum-scaled.jpg\" \/>\n\t<meta property=\"og:image:width\" content=\"1050\" \/>\n\t<meta property=\"og:image:height\" content=\"1400\" \/>\n\t<meta property=\"og:image:type\" content=\"image\/jpeg\" \/>\n<meta name=\"author\" content=\"admin\" \/>\n<meta name=\"twitter:card\" content=\"summary_large_image\" \/>\n<meta name=\"twitter:label1\" content=\"Scritto da\" \/>\n\t<meta name=\"twitter:data1\" content=\"admin\" \/>\n\t<meta name=\"twitter:label2\" content=\"Tempo di lettura stimato\" \/>\n\t<meta name=\"twitter:data2\" content=\"5 minuti\" \/>\n<script type=\"application\/ld+json\" class=\"yoast-schema-graph\">{\"@context\":\"https:\\\/\\\/schema.org\",\"@graph\":[{\"@type\":\"Article\",\"@id\":\"https:\\\/\\\/news.save.ch\\\/hohes-subjektives-sicherheitsgefuehl\\\/#article\",\"isPartOf\":{\"@id\":\"https:\\\/\\\/news.save.ch\\\/hohes-subjektives-sicherheitsgefuehl\\\/\"},\"author\":{\"name\":\"admin\",\"@id\":\"https:\\\/\\\/news.save.ch\\\/de\\\/#\\\/schema\\\/person\\\/d49e199490bad7c70d64b9ab51142f2b\"},\"headline\":\"Hohes subjektives Sicherheitsgef\u00fchl\",\"datePublished\":\"2016-12-08T12:17:09+00:00\",\"mainEntityOfPage\":{\"@id\":\"https:\\\/\\\/news.save.ch\\\/hohes-subjektives-sicherheitsgefuehl\\\/\"},\"wordCount\":1040,\"commentCount\":0,\"publisher\":{\"@id\":\"https:\\\/\\\/news.save.ch\\\/de\\\/#organization\"},\"image\":{\"@id\":\"https:\\\/\\\/news.save.ch\\\/hohes-subjektives-sicherheitsgefuehl\\\/#primaryimage\"},\"thumbnailUrl\":\"https:\\\/\\\/news.save.ch\\\/wp-content\\\/uploads\\\/2016\\\/12\\\/Hohes-subjektives-Sicherheitsgefuehl_sicherheitsforum-scaled.jpg\",\"keywords\":[\"Justiz &amp; Polizei\"],\"articleSection\":[\"ALLGEMEIN\"],\"inLanguage\":\"it-IT\"},{\"@type\":\"WebPage\",\"@id\":\"https:\\\/\\\/news.save.ch\\\/hohes-subjektives-sicherheitsgefuehl\\\/\",\"url\":\"https:\\\/\\\/news.save.ch\\\/hohes-subjektives-sicherheitsgefuehl\\\/\",\"name\":\"Hohes subjektives Sicherheitsgef\u00fchl - Save\",\"isPartOf\":{\"@id\":\"https:\\\/\\\/news.save.ch\\\/de\\\/#website\"},\"primaryImageOfPage\":{\"@id\":\"https:\\\/\\\/news.save.ch\\\/hohes-subjektives-sicherheitsgefuehl\\\/#primaryimage\"},\"image\":{\"@id\":\"https:\\\/\\\/news.save.ch\\\/hohes-subjektives-sicherheitsgefuehl\\\/#primaryimage\"},\"thumbnailUrl\":\"https:\\\/\\\/news.save.ch\\\/wp-content\\\/uploads\\\/2016\\\/12\\\/Hohes-subjektives-Sicherheitsgefuehl_sicherheitsforum-scaled.jpg\",\"datePublished\":\"2016-12-08T12:17:09+00:00\",\"breadcrumb\":{\"@id\":\"https:\\\/\\\/news.save.ch\\\/hohes-subjektives-sicherheitsgefuehl\\\/#breadcrumb\"},\"inLanguage\":\"it-IT\",\"potentialAction\":[{\"@type\":\"ReadAction\",\"target\":[\"https:\\\/\\\/news.save.ch\\\/hohes-subjektives-sicherheitsgefuehl\\\/\"]}]},{\"@type\":\"ImageObject\",\"inLanguage\":\"it-IT\",\"@id\":\"https:\\\/\\\/news.save.ch\\\/hohes-subjektives-sicherheitsgefuehl\\\/#primaryimage\",\"url\":\"https:\\\/\\\/news.save.ch\\\/wp-content\\\/uploads\\\/2016\\\/12\\\/Hohes-subjektives-Sicherheitsgefuehl_sicherheitsforum-scaled.jpg\",\"contentUrl\":\"https:\\\/\\\/news.save.ch\\\/wp-content\\\/uploads\\\/2016\\\/12\\\/Hohes-subjektives-Sicherheitsgefuehl_sicherheitsforum-scaled.jpg\",\"width\":1050,\"height\":1400,\"caption\":\"Foto: R. Str\u00e4ssle\"},{\"@type\":\"BreadcrumbList\",\"@id\":\"https:\\\/\\\/news.save.ch\\\/hohes-subjektives-sicherheitsgefuehl\\\/#breadcrumb\",\"itemListElement\":[{\"@type\":\"ListItem\",\"position\":1,\"name\":\"Home\",\"item\":\"https:\\\/\\\/news.save.ch\\\/de\\\/\"},{\"@type\":\"ListItem\",\"position\":2,\"name\":\"Hohes subjektives Sicherheitsgef\u00fchl\"}]},{\"@type\":\"WebSite\",\"@id\":\"https:\\\/\\\/news.save.ch\\\/de\\\/#website\",\"url\":\"https:\\\/\\\/news.save.ch\\\/de\\\/\",\"name\":\"Save\",\"description\":\"Schweizer Fachzeitschrift f\u00fcr Sicherheit\",\"publisher\":{\"@id\":\"https:\\\/\\\/news.save.ch\\\/de\\\/#organization\"},\"potentialAction\":[{\"@type\":\"SearchAction\",\"target\":{\"@type\":\"EntryPoint\",\"urlTemplate\":\"https:\\\/\\\/news.save.ch\\\/de\\\/?s={search_term_string}\"},\"query-input\":{\"@type\":\"PropertyValueSpecification\",\"valueRequired\":true,\"valueName\":\"search_term_string\"}}],\"inLanguage\":\"it-IT\"},{\"@type\":\"Organization\",\"@id\":\"https:\\\/\\\/news.save.ch\\\/de\\\/#organization\",\"name\":\"Sicherheitsforum\",\"url\":\"https:\\\/\\\/news.save.ch\\\/de\\\/\",\"logo\":{\"@type\":\"ImageObject\",\"inLanguage\":\"it-IT\",\"@id\":\"https:\\\/\\\/news.save.ch\\\/de\\\/#\\\/schema\\\/logo\\\/image\\\/\",\"url\":\"https:\\\/\\\/news.save.ch\\\/wp-content\\\/uploads\\\/2022\\\/06\\\/Logo_SF_2012.png\",\"contentUrl\":\"https:\\\/\\\/news.save.ch\\\/wp-content\\\/uploads\\\/2022\\\/06\\\/Logo_SF_2012.png\",\"width\":1100,\"height\":91,\"caption\":\"Sicherheitsforum\"},\"image\":{\"@id\":\"https:\\\/\\\/news.save.ch\\\/de\\\/#\\\/schema\\\/logo\\\/image\\\/\"}},{\"@type\":\"Person\",\"@id\":\"https:\\\/\\\/news.save.ch\\\/de\\\/#\\\/schema\\\/person\\\/d49e199490bad7c70d64b9ab51142f2b\",\"name\":\"admin\",\"image\":{\"@type\":\"ImageObject\",\"inLanguage\":\"it-IT\",\"@id\":\"https:\\\/\\\/secure.gravatar.com\\\/avatar\\\/ae2f4d718e6c49043e314ce431e7e645d646302a24a5ef5a8bc8e3f5a032e319?s=96&d=mm&r=g\",\"url\":\"https:\\\/\\\/secure.gravatar.com\\\/avatar\\\/ae2f4d718e6c49043e314ce431e7e645d646302a24a5ef5a8bc8e3f5a032e319?s=96&d=mm&r=g\",\"contentUrl\":\"https:\\\/\\\/secure.gravatar.com\\\/avatar\\\/ae2f4d718e6c49043e314ce431e7e645d646302a24a5ef5a8bc8e3f5a032e319?s=96&d=mm&r=g\",\"caption\":\"admin\"},\"sameAs\":[\"https:\\\/\\\/develop.organisator.galledia.ch\"],\"url\":\"https:\\\/\\\/news.save.ch\\\/it\\\/author\\\/admin\\\/\"}]}<\/script>\n<!-- \/ Yoast SEO plugin. -->","yoast_head_json":{"title":"Elevata sensazione di sicurezza soggettiva - Salva","robots":{"index":"index","follow":"follow","max-snippet":"max-snippet:-1","max-image-preview":"max-image-preview:large","max-video-preview":"max-video-preview:-1"},"canonical":"https:\/\/news.save.ch\/it\/hohes-subjektives-sicherheitsgefuehl\/","og_locale":"it_IT","og_type":"article","og_title":"Hohes subjektives Sicherheitsgef\u00fchl - Save","og_description":"Die Bev\u00f6lkerung f\u00fchlt sich gem\u00e4ss Umfrage*\u00a0in der Stadt Z\u00fcrich generell sicher \u2013 vor allem tags\u00fcber. 97% der Befragten f\u00fchlen sich, wenn sie alleine in der Stadt unterwegs sind, eher (25%) oder sehr (72%) sicher. Nachts hingegen f\u00fchlt sich fast jede f\u00fcnfte Person unsicher oder ist aus Sicherheitsgr\u00fcnden gar nie alleine unterwegs. Rund die H\u00e4lfte meidet [&hellip;]","og_url":"https:\/\/news.save.ch\/it\/hohes-subjektives-sicherheitsgefuehl\/","og_site_name":"Save","article_published_time":"2016-12-08T12:17:09+00:00","og_image":[{"width":1050,"height":1400,"url":"https:\/\/news.save.ch\/wp-content\/uploads\/2016\/12\/Hohes-subjektives-Sicherheitsgefuehl_sicherheitsforum-scaled.jpg","type":"image\/jpeg"}],"author":"admin","twitter_card":"summary_large_image","twitter_misc":{"Scritto da":"admin","Tempo di lettura stimato":"5 minuti"},"schema":{"@context":"https:\/\/schema.org","@graph":[{"@type":"Article","@id":"https:\/\/news.save.ch\/hohes-subjektives-sicherheitsgefuehl\/#article","isPartOf":{"@id":"https:\/\/news.save.ch\/hohes-subjektives-sicherheitsgefuehl\/"},"author":{"name":"admin","@id":"https:\/\/news.save.ch\/de\/#\/schema\/person\/d49e199490bad7c70d64b9ab51142f2b"},"headline":"Hohes subjektives Sicherheitsgef\u00fchl","datePublished":"2016-12-08T12:17:09+00:00","mainEntityOfPage":{"@id":"https:\/\/news.save.ch\/hohes-subjektives-sicherheitsgefuehl\/"},"wordCount":1040,"commentCount":0,"publisher":{"@id":"https:\/\/news.save.ch\/de\/#organization"},"image":{"@id":"https:\/\/news.save.ch\/hohes-subjektives-sicherheitsgefuehl\/#primaryimage"},"thumbnailUrl":"https:\/\/news.save.ch\/wp-content\/uploads\/2016\/12\/Hohes-subjektives-Sicherheitsgefuehl_sicherheitsforum-scaled.jpg","keywords":["Justiz &amp; Polizei"],"articleSection":["ALLGEMEIN"],"inLanguage":"it-IT"},{"@type":"WebPage","@id":"https:\/\/news.save.ch\/hohes-subjektives-sicherheitsgefuehl\/","url":"https:\/\/news.save.ch\/hohes-subjektives-sicherheitsgefuehl\/","name":"Elevata sensazione di sicurezza soggettiva - Salva","isPartOf":{"@id":"https:\/\/news.save.ch\/de\/#website"},"primaryImageOfPage":{"@id":"https:\/\/news.save.ch\/hohes-subjektives-sicherheitsgefuehl\/#primaryimage"},"image":{"@id":"https:\/\/news.save.ch\/hohes-subjektives-sicherheitsgefuehl\/#primaryimage"},"thumbnailUrl":"https:\/\/news.save.ch\/wp-content\/uploads\/2016\/12\/Hohes-subjektives-Sicherheitsgefuehl_sicherheitsforum-scaled.jpg","datePublished":"2016-12-08T12:17:09+00:00","breadcrumb":{"@id":"https:\/\/news.save.ch\/hohes-subjektives-sicherheitsgefuehl\/#breadcrumb"},"inLanguage":"it-IT","potentialAction":[{"@type":"ReadAction","target":["https:\/\/news.save.ch\/hohes-subjektives-sicherheitsgefuehl\/"]}]},{"@type":"ImageObject","inLanguage":"it-IT","@id":"https:\/\/news.save.ch\/hohes-subjektives-sicherheitsgefuehl\/#primaryimage","url":"https:\/\/news.save.ch\/wp-content\/uploads\/2016\/12\/Hohes-subjektives-Sicherheitsgefuehl_sicherheitsforum-scaled.jpg","contentUrl":"https:\/\/news.save.ch\/wp-content\/uploads\/2016\/12\/Hohes-subjektives-Sicherheitsgefuehl_sicherheitsforum-scaled.jpg","width":1050,"height":1400,"caption":"Foto: R. Str\u00e4ssle"},{"@type":"BreadcrumbList","@id":"https:\/\/news.save.ch\/hohes-subjektives-sicherheitsgefuehl\/#breadcrumb","itemListElement":[{"@type":"ListItem","position":1,"name":"Home","item":"https:\/\/news.save.ch\/de\/"},{"@type":"ListItem","position":2,"name":"Hohes subjektives Sicherheitsgef\u00fchl"}]},{"@type":"WebSite","@id":"https:\/\/news.save.ch\/de\/#website","url":"https:\/\/news.save.ch\/de\/","name":"Risparmiare","description":"Rivista svizzera specializzata in sicurezza","publisher":{"@id":"https:\/\/news.save.ch\/de\/#organization"},"potentialAction":[{"@type":"SearchAction","target":{"@type":"EntryPoint","urlTemplate":"https:\/\/news.save.ch\/de\/?s={search_term_string}"},"query-input":{"@type":"PropertyValueSpecification","valueRequired":true,"valueName":"search_term_string"}}],"inLanguage":"it-IT"},{"@type":"Organization","@id":"https:\/\/news.save.ch\/de\/#organization","name":"Forum sulla sicurezza","url":"https:\/\/news.save.ch\/de\/","logo":{"@type":"ImageObject","inLanguage":"it-IT","@id":"https:\/\/news.save.ch\/de\/#\/schema\/logo\/image\/","url":"https:\/\/news.save.ch\/wp-content\/uploads\/2022\/06\/Logo_SF_2012.png","contentUrl":"https:\/\/news.save.ch\/wp-content\/uploads\/2022\/06\/Logo_SF_2012.png","width":1100,"height":91,"caption":"Sicherheitsforum"},"image":{"@id":"https:\/\/news.save.ch\/de\/#\/schema\/logo\/image\/"}},{"@type":"Person","@id":"https:\/\/news.save.ch\/de\/#\/schema\/person\/d49e199490bad7c70d64b9ab51142f2b","name":"amministratore","image":{"@type":"ImageObject","inLanguage":"it-IT","@id":"https:\/\/secure.gravatar.com\/avatar\/ae2f4d718e6c49043e314ce431e7e645d646302a24a5ef5a8bc8e3f5a032e319?s=96&d=mm&r=g","url":"https:\/\/secure.gravatar.com\/avatar\/ae2f4d718e6c49043e314ce431e7e645d646302a24a5ef5a8bc8e3f5a032e319?s=96&d=mm&r=g","contentUrl":"https:\/\/secure.gravatar.com\/avatar\/ae2f4d718e6c49043e314ce431e7e645d646302a24a5ef5a8bc8e3f5a032e319?s=96&d=mm&r=g","caption":"admin"},"sameAs":["https:\/\/develop.organisator.galledia.ch"],"url":"https:\/\/news.save.ch\/it\/author\/admin\/"}]}},"_links":{"self":[{"href":"https:\/\/news.save.ch\/it\/wp-json\/wp\/v2\/posts\/3249","targetHints":{"allow":["GET"]}}],"collection":[{"href":"https:\/\/news.save.ch\/it\/wp-json\/wp\/v2\/posts"}],"about":[{"href":"https:\/\/news.save.ch\/it\/wp-json\/wp\/v2\/types\/post"}],"author":[{"embeddable":true,"href":"https:\/\/news.save.ch\/it\/wp-json\/wp\/v2\/users\/1"}],"replies":[{"embeddable":true,"href":"https:\/\/news.save.ch\/it\/wp-json\/wp\/v2\/comments?post=3249"}],"version-history":[{"count":0,"href":"https:\/\/news.save.ch\/it\/wp-json\/wp\/v2\/posts\/3249\/revisions"}],"wp:featuredmedia":[{"embeddable":true,"href":"https:\/\/news.save.ch\/it\/wp-json\/wp\/v2\/media\/3250"}],"wp:attachment":[{"href":"https:\/\/news.save.ch\/it\/wp-json\/wp\/v2\/media?parent=3249"}],"wp:term":[{"taxonomy":"category","embeddable":true,"href":"https:\/\/news.save.ch\/it\/wp-json\/wp\/v2\/categories?post=3249"},{"taxonomy":"post_tag","embeddable":true,"href":"https:\/\/news.save.ch\/it\/wp-json\/wp\/v2\/tags?post=3249"}],"curies":[{"name":"wp","href":"https:\/\/api.w.org\/{rel}","templated":true}]}}