{"id":3266,"date":"2018-10-02T16:00:02","date_gmt":"2018-10-02T14:00:02","guid":{"rendered":"https:\/\/news.save.ch\/?p=3266"},"modified":"2023-03-14T09:04:09","modified_gmt":"2023-03-14T08:04:09","slug":"neue-erkenntnisse-ueber-morbus-bechterew","status":null,"type":"post","link":"https:\/\/news.save.ch\/it\/neue-erkenntnisse-ueber-morbus-bechterew\/","title":{"rendered":"Nuove conoscenze sulla spondilite anchilosante"},"content":{"rendered":"<figure id=\"attachment_3267\" aria-describedby=\"caption-attachment-3267\" style=\"width: 680px\" class=\"wp-caption alignnone\"><img loading=\"lazy\" decoding=\"async\" class=\"size-medium wp-image-3267\" src=\"http:\/\/develop.safety-plus.ch\/wp-content\/uploads\/2018\/10\/Depositphotos_lightsource-.jpg\" alt=\"\" width=\"680\" height=\"680\" \/><figcaption id=\"caption-attachment-3267\" class=\"wp-caption-text\">La malattia di Bekhterev porta a un'infiammazione prolungata e dolorosa delle articolazioni e, infine, alla deformazione della colonna vertebrale. I ricercatori sospettano che una certa proteina sia la causa della malattia. \u00a9 Depositphotos\/lightsource<\/figcaption><\/figure>\n<p>La spondilite anchilosante porta a una prolungata e dolorosa <a href=\"https:\/\/news.save.ch\/it\/natron-hilfe-bei-autoimmunerkrankungen\/\" target=\"_blank\" rel=\"noopener\">Infiammazione delle articolazioni<\/a> e infine ad una deformazione del <a href=\"https:\/\/news.save.ch\/it\/rueckenschmerzen-eine-frage-der-mechanik\/\" target=\"_blank\" rel=\"noopener\">Dorsale<\/a>. I ricercatori sospettano che la causa della malattia sia una proteina specifica che la maggior parte dei pazienti ha nelle proprie cellule: la proteina HLA-B27. Le proteine si ripiegano in una struttura tridimensionale dopo essere state prodotte e i ricercatori sospettano che questa, la proteina HLA-B27, scateni la malattia a causa del suo ripiegamento particolarmente lento e complicato.<\/p>\n<p><strong>Studio del trasporto della proteina HLA-B27<\/strong><\/p>\n<p>I ricercatori della Jacobs University, in collaborazione con i colleghi della Freie Universit\u00e4t di Berlino, hanno ora scoperto esattamente come avviene questo ripiegamento e il successivo controllo di qualit\u00e0 della proteina HLA-B27. La dott.ssa Zeynep Hein, postdoc nel gruppo di ricerca del Prof. Dr. Sebastian Springer presso la Jacobs University, ha studiato in dettaglio il trasporto della proteina HLA-B27 all'interno delle cellule umane.<\/p>\n<p>A questo scopo, viene prodotta una forma geneticamente stabilizzata della proteina HLA-B27 e confrontata con la proteina presente nel nostro corpo. \"Siamo sempre stati interessati al trasporto delle proteine nelle cellule e siamo abili nel creare proteine artificiali per studiare il processo di trasporto in questo modo\", spiega Hein. \"Questo progetto ha messo a frutto queste competenze e conoscenze\". Gli esperimenti sono condotti in coltura cellulare, quindi non con la partecipazione dei pazienti.<\/p>\n<p>Tra le altre cose, Hein e il suo team sono riusciti a scoprire che la proteina HLA-B27 pu\u00f2 ripiegarsi nella sua struttura speciale solo con grande difficolt\u00e0. E anche se riesce a ripiegarsi, la proteina tende a disintegrarsi immediatamente, perdendo cos\u00ec la sua funzione. \"Naturalmente, in questa fase non possiamo ancora dire in che modo queste scoperte fondamentali porteranno in seguito a un'eventuale <a href=\"https:\/\/news.save.ch\/it\/kuenftige-pillen-werden-elektronisch-sein\/\" target=\"_blank\" rel=\"noopener\">Terapia<\/a> o curare la spondilite anchilosante\", afferma Springer. Ma lui e il suo team sono consapevoli da tempo di una cosa: \"La ricerca dei meccanismi fondamentali \u00e8 indispensabile per sviluppare terapie e farmaci.<\/p>\n<p><strong>Fonte:<\/strong><br \/>\nZeynep Hein, Britta Borchert, Esam Tolba Abualrous, Sebastian Springer: meccanismi distinti controllano l'integrit\u00e0 strutturale di HLA-B*27:05 a livello intracellulare e di superficie. <em>PLOS ONE<\/em> (2018), <a href=\"https:\/\/journals.plos.org\/plosone\/article?id=10.1371\/journal.pone.0200811\" target=\"_blank\" rel=\"noopener\">doi:10.1371\/journal.pone.0200811<\/a>.<\/p>\n<p>Testo: <a href=\"http:\/\/www.jacobs-university.de\" target=\"_blank\" rel=\"noopener\">Universit\u00e0 Jacobs di Brema <\/a><\/p>","protected":false},"excerpt":{"rendered":"<p>Morbus Bechterew f\u00fchrt zu langwierigen und schmerzhaften Entz\u00fcndungen der Gelenke und letztlich zu einer Verformung der Wirbels\u00e4ule. Forscher vermuten als Ursache f\u00fcr die Krankheit ein bestimmtes Protein, welches die meisten Patienten in ihren Zellen aufweisen: das HLA-B27-Protein. Proteine falten sich nach ihrer Herstellung in eine dreidimensionale Struktur, und Forscher vermuten, dass dieses das HLA-B27-Protein durch [&hellip;]<\/p>\n","protected":false},"author":1,"featured_media":16302,"comment_status":"open","ping_status":"open","sticky":false,"template":"","format":"standard","meta":{"_acf_changed":false,"pgc_sgb_lightbox_settings":"","footnotes":""},"categories":[1,3314],"tags":[1713,1981,149,2332,2559,2718,64,3254],"class_list":["post-3266","post","type-post","status-publish","format-standard","has-post-thumbnail","hentry","category-allgemein","category-health-safety","tag-auto-immunerkrankungen","tag-entzuendung","tag-gesundheitsschutz","tag-jacobs-university","tag-morbus-bechterew","tag-protein","tag-studie","tag-wirbelsaeule"],"acf":[],"hkrextid":null,"publication":null,"issue":null,"workflow":null,"startPage":null,"spitzmarke":null,"_posts_by_tag_page_fields":{"widget_title":"","widget_tags":""},"_at_widget":"1","_yoast_wpseo_primary_category":"4","_yoast_wpseo_focuskw_text_input":"Morbus Bechterew","_yoast_wpseo_opengraph-image":null,"_yoast_wpseo_opengraph-description":null,"_yoast_wpseo_opengraph-title":null,"enclosure":null,"_yoast_wpseo_twitter-title":null,"_yoast_wpseo_twitter-description":null,"_yoast_wpseo_twitter-image":null,"_wp_old_slug":null,"_yoast_wpseo_title":null,"_yoast_wpseo_canonical":null,"yoast_head":"<!-- This site is optimized with the Yoast SEO plugin v27.5 - https:\/\/yoast.com\/product\/yoast-seo-wordpress\/ -->\n<title>Neue Erkenntnisse \u00fcber Morbus Bechterew - Save<\/title>\n<meta name=\"description\" content=\"Morbus Bechterew f\u00fchrt zu langwierigen und schmerzhaften Entz\u00fcndungen der Gelenke und letztlich zu einer Verformung der Wirbels\u00e4ule.\" \/>\n<meta name=\"robots\" content=\"index, follow, max-snippet:-1, max-image-preview:large, max-video-preview:-1\" \/>\n<link rel=\"canonical\" href=\"https:\/\/news.save.ch\/it\/neue-erkenntnisse-ueber-morbus-bechterew\/\" \/>\n<meta property=\"og:locale\" content=\"it_IT\" \/>\n<meta property=\"og:type\" content=\"article\" \/>\n<meta property=\"og:title\" content=\"Neue Erkenntnisse \u00fcber Morbus Bechterew - Save\" \/>\n<meta property=\"og:description\" content=\"Morbus Bechterew f\u00fchrt zu langwierigen und schmerzhaften Entz\u00fcndungen der Gelenke und letztlich zu einer Verformung der Wirbels\u00e4ule.\" \/>\n<meta property=\"og:url\" content=\"https:\/\/news.save.ch\/it\/neue-erkenntnisse-ueber-morbus-bechterew\/\" \/>\n<meta property=\"og:site_name\" content=\"Save\" \/>\n<meta property=\"article:published_time\" content=\"2018-10-02T14:00:02+00:00\" \/>\n<meta property=\"article:modified_time\" content=\"2023-03-14T08:04:09+00:00\" \/>\n<meta property=\"og:image\" content=\"https:\/\/news.save.ch\/wp-content\/uploads\/2018\/10\/Depositphotos_lightsource-scaled-1.jpg\" \/>\n\t<meta property=\"og:image:width\" content=\"1200\" \/>\n\t<meta property=\"og:image:height\" content=\"1200\" \/>\n\t<meta property=\"og:image:type\" content=\"image\/jpeg\" \/>\n<meta name=\"author\" content=\"admin\" \/>\n<meta name=\"twitter:card\" content=\"summary_large_image\" \/>\n<meta name=\"twitter:label1\" content=\"Scritto da\" \/>\n\t<meta name=\"twitter:data1\" content=\"admin\" \/>\n\t<meta name=\"twitter:label2\" content=\"Tempo di lettura stimato\" \/>\n\t<meta name=\"twitter:data2\" content=\"2 minuti\" \/>\n<script type=\"application\/ld+json\" class=\"yoast-schema-graph\">{\"@context\":\"https:\\\/\\\/schema.org\",\"@graph\":[{\"@type\":\"Article\",\"@id\":\"https:\\\/\\\/news.save.ch\\\/neue-erkenntnisse-ueber-morbus-bechterew\\\/#article\",\"isPartOf\":{\"@id\":\"https:\\\/\\\/news.save.ch\\\/neue-erkenntnisse-ueber-morbus-bechterew\\\/\"},\"author\":{\"name\":\"admin\",\"@id\":\"https:\\\/\\\/news.save.ch\\\/de\\\/#\\\/schema\\\/person\\\/d49e199490bad7c70d64b9ab51142f2b\"},\"headline\":\"Neue Erkenntnisse \u00fcber Morbus Bechterew\",\"datePublished\":\"2018-10-02T14:00:02+00:00\",\"dateModified\":\"2023-03-14T08:04:09+00:00\",\"mainEntityOfPage\":{\"@id\":\"https:\\\/\\\/news.save.ch\\\/neue-erkenntnisse-ueber-morbus-bechterew\\\/\"},\"wordCount\":383,\"commentCount\":0,\"publisher\":{\"@id\":\"https:\\\/\\\/news.save.ch\\\/de\\\/#organization\"},\"image\":{\"@id\":\"https:\\\/\\\/news.save.ch\\\/neue-erkenntnisse-ueber-morbus-bechterew\\\/#primaryimage\"},\"thumbnailUrl\":\"https:\\\/\\\/news.save.ch\\\/wp-content\\\/uploads\\\/2018\\\/10\\\/Depositphotos_lightsource-scaled-1.jpg\",\"keywords\":[\"Auto-Immunerkrankungen\",\"Entz\u00fcndung\",\"Gesundheitsschutz\",\"Jacobs University\",\"Morbus Bechterew\",\"Protein\",\"Studie\",\"Wirbels\u00e4ule\"],\"articleSection\":[\"ALLGEMEIN\",\"HEALTH &amp; SAFETY\"],\"inLanguage\":\"it-IT\"},{\"@type\":\"WebPage\",\"@id\":\"https:\\\/\\\/news.save.ch\\\/neue-erkenntnisse-ueber-morbus-bechterew\\\/\",\"url\":\"https:\\\/\\\/news.save.ch\\\/neue-erkenntnisse-ueber-morbus-bechterew\\\/\",\"name\":\"Neue Erkenntnisse \u00fcber Morbus Bechterew - Save\",\"isPartOf\":{\"@id\":\"https:\\\/\\\/news.save.ch\\\/de\\\/#website\"},\"primaryImageOfPage\":{\"@id\":\"https:\\\/\\\/news.save.ch\\\/neue-erkenntnisse-ueber-morbus-bechterew\\\/#primaryimage\"},\"image\":{\"@id\":\"https:\\\/\\\/news.save.ch\\\/neue-erkenntnisse-ueber-morbus-bechterew\\\/#primaryimage\"},\"thumbnailUrl\":\"https:\\\/\\\/news.save.ch\\\/wp-content\\\/uploads\\\/2018\\\/10\\\/Depositphotos_lightsource-scaled-1.jpg\",\"datePublished\":\"2018-10-02T14:00:02+00:00\",\"dateModified\":\"2023-03-14T08:04:09+00:00\",\"description\":\"Morbus Bechterew f\u00fchrt zu langwierigen und schmerzhaften Entz\u00fcndungen der Gelenke und letztlich zu einer Verformung der Wirbels\u00e4ule.\",\"breadcrumb\":{\"@id\":\"https:\\\/\\\/news.save.ch\\\/neue-erkenntnisse-ueber-morbus-bechterew\\\/#breadcrumb\"},\"inLanguage\":\"it-IT\",\"potentialAction\":[{\"@type\":\"ReadAction\",\"target\":[\"https:\\\/\\\/news.save.ch\\\/neue-erkenntnisse-ueber-morbus-bechterew\\\/\"]}]},{\"@type\":\"ImageObject\",\"inLanguage\":\"it-IT\",\"@id\":\"https:\\\/\\\/news.save.ch\\\/neue-erkenntnisse-ueber-morbus-bechterew\\\/#primaryimage\",\"url\":\"https:\\\/\\\/news.save.ch\\\/wp-content\\\/uploads\\\/2018\\\/10\\\/Depositphotos_lightsource-scaled-1.jpg\",\"contentUrl\":\"https:\\\/\\\/news.save.ch\\\/wp-content\\\/uploads\\\/2018\\\/10\\\/Depositphotos_lightsource-scaled-1.jpg\",\"width\":1200,\"height\":1200,\"caption\":\"Morbus Bechterew f\u00fchrt zu langwierigen und schmerzhaften Entz\u00fcndungen der Gelenke und letztlich zu einer Verformung der Wirbels\u00e4ule. Forscher vermuten als Ursache f\u00fcr die Krankheit ein bestimmtes Protein. \u00a9 Depositphotos\\\/lightsource\"},{\"@type\":\"BreadcrumbList\",\"@id\":\"https:\\\/\\\/news.save.ch\\\/neue-erkenntnisse-ueber-morbus-bechterew\\\/#breadcrumb\",\"itemListElement\":[{\"@type\":\"ListItem\",\"position\":1,\"name\":\"Home\",\"item\":\"https:\\\/\\\/news.save.ch\\\/de\\\/\"},{\"@type\":\"ListItem\",\"position\":2,\"name\":\"Neue Erkenntnisse \u00fcber Morbus Bechterew\"}]},{\"@type\":\"WebSite\",\"@id\":\"https:\\\/\\\/news.save.ch\\\/de\\\/#website\",\"url\":\"https:\\\/\\\/news.save.ch\\\/de\\\/\",\"name\":\"Save\",\"description\":\"Schweizer Fachzeitschrift f\u00fcr Sicherheit\",\"publisher\":{\"@id\":\"https:\\\/\\\/news.save.ch\\\/de\\\/#organization\"},\"potentialAction\":[{\"@type\":\"SearchAction\",\"target\":{\"@type\":\"EntryPoint\",\"urlTemplate\":\"https:\\\/\\\/news.save.ch\\\/de\\\/?s={search_term_string}\"},\"query-input\":{\"@type\":\"PropertyValueSpecification\",\"valueRequired\":true,\"valueName\":\"search_term_string\"}}],\"inLanguage\":\"it-IT\"},{\"@type\":\"Organization\",\"@id\":\"https:\\\/\\\/news.save.ch\\\/de\\\/#organization\",\"name\":\"Sicherheitsforum\",\"url\":\"https:\\\/\\\/news.save.ch\\\/de\\\/\",\"logo\":{\"@type\":\"ImageObject\",\"inLanguage\":\"it-IT\",\"@id\":\"https:\\\/\\\/news.save.ch\\\/de\\\/#\\\/schema\\\/logo\\\/image\\\/\",\"url\":\"https:\\\/\\\/news.save.ch\\\/wp-content\\\/uploads\\\/2022\\\/06\\\/Logo_SF_2012.png\",\"contentUrl\":\"https:\\\/\\\/news.save.ch\\\/wp-content\\\/uploads\\\/2022\\\/06\\\/Logo_SF_2012.png\",\"width\":1100,\"height\":91,\"caption\":\"Sicherheitsforum\"},\"image\":{\"@id\":\"https:\\\/\\\/news.save.ch\\\/de\\\/#\\\/schema\\\/logo\\\/image\\\/\"}},{\"@type\":\"Person\",\"@id\":\"https:\\\/\\\/news.save.ch\\\/de\\\/#\\\/schema\\\/person\\\/d49e199490bad7c70d64b9ab51142f2b\",\"name\":\"admin\",\"image\":{\"@type\":\"ImageObject\",\"inLanguage\":\"it-IT\",\"@id\":\"https:\\\/\\\/secure.gravatar.com\\\/avatar\\\/ae2f4d718e6c49043e314ce431e7e645d646302a24a5ef5a8bc8e3f5a032e319?s=96&d=mm&r=g\",\"url\":\"https:\\\/\\\/secure.gravatar.com\\\/avatar\\\/ae2f4d718e6c49043e314ce431e7e645d646302a24a5ef5a8bc8e3f5a032e319?s=96&d=mm&r=g\",\"contentUrl\":\"https:\\\/\\\/secure.gravatar.com\\\/avatar\\\/ae2f4d718e6c49043e314ce431e7e645d646302a24a5ef5a8bc8e3f5a032e319?s=96&d=mm&r=g\",\"caption\":\"admin\"},\"sameAs\":[\"https:\\\/\\\/develop.organisator.galledia.ch\"],\"url\":\"https:\\\/\\\/news.save.ch\\\/it\\\/author\\\/admin\\\/\"}]}<\/script>\n<!-- \/ Yoast SEO plugin. -->","yoast_head_json":{"title":"Nuove conoscenze sulla spondilite anchilosante - Save","description":"La malattia di Bekhterev porta a un'infiammazione prolungata e dolorosa delle articolazioni e, infine, alla deformazione della colonna vertebrale.","robots":{"index":"index","follow":"follow","max-snippet":"max-snippet:-1","max-image-preview":"max-image-preview:large","max-video-preview":"max-video-preview:-1"},"canonical":"https:\/\/news.save.ch\/it\/neue-erkenntnisse-ueber-morbus-bechterew\/","og_locale":"it_IT","og_type":"article","og_title":"Neue Erkenntnisse \u00fcber Morbus Bechterew - Save","og_description":"Morbus Bechterew f\u00fchrt zu langwierigen und schmerzhaften Entz\u00fcndungen der Gelenke und letztlich zu einer Verformung der Wirbels\u00e4ule.","og_url":"https:\/\/news.save.ch\/it\/neue-erkenntnisse-ueber-morbus-bechterew\/","og_site_name":"Save","article_published_time":"2018-10-02T14:00:02+00:00","article_modified_time":"2023-03-14T08:04:09+00:00","og_image":[{"width":1200,"height":1200,"url":"https:\/\/news.save.ch\/wp-content\/uploads\/2018\/10\/Depositphotos_lightsource-scaled-1.jpg","type":"image\/jpeg"}],"author":"admin","twitter_card":"summary_large_image","twitter_misc":{"Scritto da":"admin","Tempo di lettura stimato":"2 minuti"},"schema":{"@context":"https:\/\/schema.org","@graph":[{"@type":"Article","@id":"https:\/\/news.save.ch\/neue-erkenntnisse-ueber-morbus-bechterew\/#article","isPartOf":{"@id":"https:\/\/news.save.ch\/neue-erkenntnisse-ueber-morbus-bechterew\/"},"author":{"name":"admin","@id":"https:\/\/news.save.ch\/de\/#\/schema\/person\/d49e199490bad7c70d64b9ab51142f2b"},"headline":"Neue Erkenntnisse \u00fcber Morbus Bechterew","datePublished":"2018-10-02T14:00:02+00:00","dateModified":"2023-03-14T08:04:09+00:00","mainEntityOfPage":{"@id":"https:\/\/news.save.ch\/neue-erkenntnisse-ueber-morbus-bechterew\/"},"wordCount":383,"commentCount":0,"publisher":{"@id":"https:\/\/news.save.ch\/de\/#organization"},"image":{"@id":"https:\/\/news.save.ch\/neue-erkenntnisse-ueber-morbus-bechterew\/#primaryimage"},"thumbnailUrl":"https:\/\/news.save.ch\/wp-content\/uploads\/2018\/10\/Depositphotos_lightsource-scaled-1.jpg","keywords":["Auto-Immunerkrankungen","Entz\u00fcndung","Gesundheitsschutz","Jacobs University","Morbus Bechterew","Protein","Studie","Wirbels\u00e4ule"],"articleSection":["ALLGEMEIN","HEALTH &amp; SAFETY"],"inLanguage":"it-IT"},{"@type":"WebPage","@id":"https:\/\/news.save.ch\/neue-erkenntnisse-ueber-morbus-bechterew\/","url":"https:\/\/news.save.ch\/neue-erkenntnisse-ueber-morbus-bechterew\/","name":"Nuove conoscenze sulla spondilite anchilosante - Save","isPartOf":{"@id":"https:\/\/news.save.ch\/de\/#website"},"primaryImageOfPage":{"@id":"https:\/\/news.save.ch\/neue-erkenntnisse-ueber-morbus-bechterew\/#primaryimage"},"image":{"@id":"https:\/\/news.save.ch\/neue-erkenntnisse-ueber-morbus-bechterew\/#primaryimage"},"thumbnailUrl":"https:\/\/news.save.ch\/wp-content\/uploads\/2018\/10\/Depositphotos_lightsource-scaled-1.jpg","datePublished":"2018-10-02T14:00:02+00:00","dateModified":"2023-03-14T08:04:09+00:00","description":"La malattia di Bekhterev porta a un'infiammazione prolungata e dolorosa delle articolazioni e, infine, alla deformazione della colonna vertebrale.","breadcrumb":{"@id":"https:\/\/news.save.ch\/neue-erkenntnisse-ueber-morbus-bechterew\/#breadcrumb"},"inLanguage":"it-IT","potentialAction":[{"@type":"ReadAction","target":["https:\/\/news.save.ch\/neue-erkenntnisse-ueber-morbus-bechterew\/"]}]},{"@type":"ImageObject","inLanguage":"it-IT","@id":"https:\/\/news.save.ch\/neue-erkenntnisse-ueber-morbus-bechterew\/#primaryimage","url":"https:\/\/news.save.ch\/wp-content\/uploads\/2018\/10\/Depositphotos_lightsource-scaled-1.jpg","contentUrl":"https:\/\/news.save.ch\/wp-content\/uploads\/2018\/10\/Depositphotos_lightsource-scaled-1.jpg","width":1200,"height":1200,"caption":"Morbus Bechterew f\u00fchrt zu langwierigen und schmerzhaften Entz\u00fcndungen der Gelenke und letztlich zu einer Verformung der Wirbels\u00e4ule. Forscher vermuten als Ursache f\u00fcr die Krankheit ein bestimmtes Protein. \u00a9 Depositphotos\/lightsource"},{"@type":"BreadcrumbList","@id":"https:\/\/news.save.ch\/neue-erkenntnisse-ueber-morbus-bechterew\/#breadcrumb","itemListElement":[{"@type":"ListItem","position":1,"name":"Home","item":"https:\/\/news.save.ch\/de\/"},{"@type":"ListItem","position":2,"name":"Neue Erkenntnisse \u00fcber Morbus Bechterew"}]},{"@type":"WebSite","@id":"https:\/\/news.save.ch\/de\/#website","url":"https:\/\/news.save.ch\/de\/","name":"Risparmiare","description":"Rivista svizzera specializzata in sicurezza","publisher":{"@id":"https:\/\/news.save.ch\/de\/#organization"},"potentialAction":[{"@type":"SearchAction","target":{"@type":"EntryPoint","urlTemplate":"https:\/\/news.save.ch\/de\/?s={search_term_string}"},"query-input":{"@type":"PropertyValueSpecification","valueRequired":true,"valueName":"search_term_string"}}],"inLanguage":"it-IT"},{"@type":"Organization","@id":"https:\/\/news.save.ch\/de\/#organization","name":"Forum sulla sicurezza","url":"https:\/\/news.save.ch\/de\/","logo":{"@type":"ImageObject","inLanguage":"it-IT","@id":"https:\/\/news.save.ch\/de\/#\/schema\/logo\/image\/","url":"https:\/\/news.save.ch\/wp-content\/uploads\/2022\/06\/Logo_SF_2012.png","contentUrl":"https:\/\/news.save.ch\/wp-content\/uploads\/2022\/06\/Logo_SF_2012.png","width":1100,"height":91,"caption":"Sicherheitsforum"},"image":{"@id":"https:\/\/news.save.ch\/de\/#\/schema\/logo\/image\/"}},{"@type":"Person","@id":"https:\/\/news.save.ch\/de\/#\/schema\/person\/d49e199490bad7c70d64b9ab51142f2b","name":"amministratore","image":{"@type":"ImageObject","inLanguage":"it-IT","@id":"https:\/\/secure.gravatar.com\/avatar\/ae2f4d718e6c49043e314ce431e7e645d646302a24a5ef5a8bc8e3f5a032e319?s=96&d=mm&r=g","url":"https:\/\/secure.gravatar.com\/avatar\/ae2f4d718e6c49043e314ce431e7e645d646302a24a5ef5a8bc8e3f5a032e319?s=96&d=mm&r=g","contentUrl":"https:\/\/secure.gravatar.com\/avatar\/ae2f4d718e6c49043e314ce431e7e645d646302a24a5ef5a8bc8e3f5a032e319?s=96&d=mm&r=g","caption":"admin"},"sameAs":["https:\/\/develop.organisator.galledia.ch"],"url":"https:\/\/news.save.ch\/it\/author\/admin\/"}]}},"_links":{"self":[{"href":"https:\/\/news.save.ch\/it\/wp-json\/wp\/v2\/posts\/3266","targetHints":{"allow":["GET"]}}],"collection":[{"href":"https:\/\/news.save.ch\/it\/wp-json\/wp\/v2\/posts"}],"about":[{"href":"https:\/\/news.save.ch\/it\/wp-json\/wp\/v2\/types\/post"}],"author":[{"embeddable":true,"href":"https:\/\/news.save.ch\/it\/wp-json\/wp\/v2\/users\/1"}],"replies":[{"embeddable":true,"href":"https:\/\/news.save.ch\/it\/wp-json\/wp\/v2\/comments?post=3266"}],"version-history":[{"count":1,"href":"https:\/\/news.save.ch\/it\/wp-json\/wp\/v2\/posts\/3266\/revisions"}],"predecessor-version":[{"id":18698,"href":"https:\/\/news.save.ch\/it\/wp-json\/wp\/v2\/posts\/3266\/revisions\/18698"}],"wp:featuredmedia":[{"embeddable":true,"href":"https:\/\/news.save.ch\/it\/wp-json\/wp\/v2\/media\/16302"}],"wp:attachment":[{"href":"https:\/\/news.save.ch\/it\/wp-json\/wp\/v2\/media?parent=3266"}],"wp:term":[{"taxonomy":"category","embeddable":true,"href":"https:\/\/news.save.ch\/it\/wp-json\/wp\/v2\/categories?post=3266"},{"taxonomy":"post_tag","embeddable":true,"href":"https:\/\/news.save.ch\/it\/wp-json\/wp\/v2\/tags?post=3266"}],"curies":[{"name":"wp","href":"https:\/\/api.w.org\/{rel}","templated":true}]}}