{"id":3390,"date":"2016-03-10T12:24:19","date_gmt":"2016-03-10T11:24:19","guid":{"rendered":"https:\/\/dev.sicherheitsforum.ch\/?p=3390"},"modified":"2023-03-14T08:57:24","modified_gmt":"2023-03-14T07:57:24","slug":"digitale-schweiz","status":null,"type":"post","link":"https:\/\/news.save.ch\/it\/digitale-schweiz\/","title":{"rendered":"Svizzera digitale"},"content":{"rendered":"<figure id=\"attachment_3391\" aria-describedby=\"caption-attachment-3391\" style=\"width: 680px\" class=\"wp-caption alignnone\"><a href=\"https:\/\/news.save.ch\/wp-content\/uploads\/2016\/12\/Digitale-Schweiz-sf-sicherheitsforum.jpg\"><img loading=\"lazy\" decoding=\"async\" class=\"size-medium wp-image-3391\" src=\"https:\/\/news.save.ch\/wp-content\/uploads\/2016\/12\/Digitale-Schweiz-sf-sicherheitsforum.jpg\" alt=\"\" width=\"680\" height=\"627\" srcset=\"https:\/\/news.save.ch\/wp-content\/uploads\/2016\/12\/Digitale-Schweiz-sf-sicherheitsforum.jpg 1000w, https:\/\/news.save.ch\/wp-content\/uploads\/2016\/12\/Digitale-Schweiz-sf-sicherheitsforum-325x300.jpg 325w\" sizes=\"auto, (max-width: 680px) 100vw, 680px\" \/><\/a><figcaption id=\"caption-attachment-3391\" class=\"wp-caption-text\">Con sensori nelle auto, nei televisori, negli orologi, nei tablet, negli smartphone e persino nel frigorifero: potremmo essere connessi a Internet costantemente e ventiquattro ore su ventiquattro.<\/figcaption><\/figure>\n<blockquote>\n<p>\"Il cloud sembra essere l\u00ec e non \u00e8 pi\u00f9 percepito come tale. Roger E. Gisi, fondatore di Cloud Finder Svizzera<\/p>\n<\/blockquote>\n<p><em>Innanzitutto, la questione del fattore chiave: il cloud computing \u00e8 davvero un fattore chiave dei futuri paesaggi IT?<\/em><\/p>\n<p><em>Roger E. Gisi:<\/em> S\u00ec e anche no. Il cloud computing esercita una forte influenza su altri fattori, ma \u00e8 esso stesso dipendente da alcuni fattori. Tra questi, reti e percorsi di trasmissione particolarmente potenti, dispositivi di invio e ricezione disponibili, standard comuni e interoperabilit\u00e0. Senza un ecosistema compatto, il cloud sta in piedi da solo - ma i vantaggi del cloud sono cos\u00ec grandi che l'intero sistema si svilupper\u00e0 rapidamente. Quindi un s\u00ec convinto. Il cloud computing \u00e8 passato dal clamore alla realt\u00e0 quotidiana, sia per gli utenti privati che per le aziende. La nuvola sembra essere l\u00ec e non \u00e8 pi\u00f9 percepita come tale, ma riguarda tutti noi.<\/p>\n<p><em>Ci\u00f2 significa che tutti noi dobbiamo essere interessati al cloud computing e non possiamo pi\u00f9 evitare i servizi cloud. Come possono le aziende, in particolare, selezionare i loro fornitori di cloud per prendere la decisione giusta?<\/em><\/p>\n<p>N\u00e9 pi\u00f9 n\u00e9 meno che nella scelta dei fornitori IT \"classici\"! Ma prima di tutto \u00e8 necessario partire in modo fondato e serio dai propri processi aziendali, dai loro requisiti concreti e dall'esatta gestione dei servizi e della governance del cloud. Dal punto di vista della sicurezza, nella scelta del provider \u00e8 necessario chiarire in anticipo le seguenti questioni:<\/p>\n<ul>\n<li>Dove sono i dati?<\/li>\n<li>Come vengono autorizzati gli utenti?<\/li>\n<li>L'autorizzazione viene verificata in tempo reale rispetto ai diritti dell'utente corrente?<\/li>\n<li>Esiste un'autenticazione rigorosa?<\/li>\n<li>I dati vengono crittografati automaticamente dal provider del cloud?<\/li>\n<li>Il fornitore di cloud segue gli standard abituali?<\/li>\n<li>E: dispone di certificazioni importanti come ISO 27001 e ISO 27002?<\/li>\n<\/ul>\n<p><em>Tutto ci\u00f2 va bene. Ma come pu\u00f2 l'azienda valutare realmente i servizi del fornitore di cloud?<\/em><\/p>\n<p>Se guardiamo alla qualit\u00e0 del servizio, ad esempio, questa \u00e8 certamente la formulazione di SLA semplici e ben strutturati, che contengono tutti i dettagli importanti e sono facili da capire per il cliente. Le certificazioni dei processi aziendali, dei centri dati e dei dipendenti possono anche segnalare al cliente che il lavoro dell'azienda \u00e8 di alta qualit\u00e0 e affidabile.<\/p>\n<p><em>Rimaniamo ancora un po' sul tema della sicurezza e della protezione dei dati. Un percorso sicuro verso il cloud prevede che i dati vengano gestiti con attenzione. Come valuta lo stato attuale?<\/em><\/p>\n<p>Per le aziende, l'esigenza di sicurezza va oltre: ad esempio, i segreti aziendali devono essere protetti dallo spionaggio industriale. Di conseguenza, il mancato rispetto della sicurezza delle informazioni e dei dati pu\u00f2 avere gravi conseguenze. Nel frattempo, la consapevolezza della protezione dei dati e della sicurezza delle informazioni \u00e8 progredita - fortunatamente. \u00c8 vero che la protezione e la sicurezza dei dati sono sempre state un problema. Ma \u00e8 tornato all'ordine del giorno solo in relazione al cloud computing. L'IT ben gestito e spostato nel cloud offre una sicurezza dei dati, delle informazioni e delle operazioni molto maggiore rispetto alle infrastrutture IT tradizionali in molte aziende, e non solo nelle PMI. Inoltre, in molte organizzazioni manca la classificazione dei dati. Le persone non sono consapevoli del valore che i dati rappresentano per l'azienda. I dati contabili sono esternalizzati, quelli dei clienti no, o viceversa. Purtroppo, tali decisioni vengono di solito prese in modo arbitrario. Fortunatamente, i responsabili IT che sanno esattamente a cosa devono prestare attenzione in termini di sicurezza e protezione dei dati dimostrano che le cose possono essere fatte in modo diverso. Sono in grado di fare le giuste richieste e di porre le giuste domande al loro futuro fornitore di cloud. Sono coloro che si assumono la responsabilit\u00e0 dell'attuazione dei progetti in azienda e prestano la dovuta attenzione a questi aspetti.<\/p>\n<p><em>Ma ora abbiamo pi\u00f9 benefici o pi\u00f9 rischi?<\/em><\/p>\n<p>Le aziende svizzere esperte nella governance del cloud, come la <a href=\"https:\/\/www.glenfis.ch\/de\" target=\"_blank\" data-cke-saved-href=\"https:\/\/www.glenfis.ch\/de\" rel=\"noopener\">glenfis AG<\/a>Abbiamo riscontrato che molti dei progetti che abbiamo implementato sono ora soluzioni cloud ben bilanciate in termini di rischio e valore aggiunto, soprattutto in quelle aree e processi aziendali che presentano un elevato grado di standardizzazione, anche in tutti i settori e industrie. In questo modo si riducono i rischi e si aumentano notevolmente i vantaggi delle applicazioni aziendali nel cloud. Oltre alle tradizionali \"commodity\" dei servizi IT, come la posta elettronica, la gestione dei documenti e dei contenuti, si tratta soprattutto di processi aziendali nel settore delle vendite e del marketing, delle risorse umane e gi\u00e0 nell'area ERP. Alle PMI vengono offerte alternative interessanti e i rischi e i costi di una tale migrazione verso le offerte cloud sono gestibili. Per quanto riguarda i fornitori, esistono ormai una buona esperienza e standard per i percorsi di migrazione. Quindi: chiaramente molti pi\u00f9 vantaggi che rischi!<\/p>\n<p><em>Come prosegue il viaggio con il cloud e le nuove tecnologie?<\/em><\/p>\n<p>Paragoniamo il cloud a un'automobile: la vostra auto \u00e8 il vostro ambiente IT - l'auto a noleggio \u00e8 il classico outsourcing IT. Ma il cloud computing \u00e8 come un servizio taxi. Lo si usa quando se ne ha bisogno, si paga per un certo servizio e non si deve pagare pi\u00f9 nulla quando si esce, cio\u00e8 quando si smette di usarlo. Auto per il cloud - questa \u00e8 una storia molto grande. Il suo futuro con le nuove tecnologie \u00e8 gi\u00e0 pi\u00f9 che mai attuale. Con i sensori nelle auto, nelle smart TV, negli orologi intelligenti, nei tablet, negli smartphone fino al frigorifero: costantemente e 24 ore su 24 potremmo essere connessi a Internet - se vogliamo permetterlo. Tutti i nuovi prodotti hanno gi\u00e0 un sensore incorporato che raccoglie dati. Con l'Apple Watch, questa tendenza raggiunge un nuovo livello che va ben oltre l'uso BYOD degli ultimi anni. Anche se potrebbe essere un po' complicato, con il cloud computing \u00e8 sicuramente pi\u00f9 facile: un maggiore comfort di applicazione e di utilizzo, un mondo del lavoro pi\u00f9 flessibile e agile, una maggiore libert\u00e0 di innovazione, un servizio completo per tutti i dispositivi applicativi e molto altro ancora. A condizione che noi uomini ci prefiggiamo di anticipare questi problemi in modo rapido, efficace e vantaggioso.<\/p>\n<p>digitaleschweiz\u00a0<a href=\"https:\/\/digitaleschweiz.ch\" target=\"_blank\" rel=\"noopener\">https:\/\/digitaleschweiz.ch<\/a><\/p>\n<p>Cloud Finder Svizzera\u00a0<a href=\"https:\/\/www.cloud-finder.ch\" target=\"_blank\" rel=\"noopener\">https:\/\/www.cloud-finder.ch<\/a><\/p>\n<p>glenfis\u00a0<a href=\"https:\/\/www.glenfis.ch\/de\" target=\"_blank\" rel=\"noopener\">https:\/\/www.glenfis.ch\/de<\/a><\/p>","protected":false},"excerpt":{"rendered":"<p>\u00abDie Cloud scheint einfach da zu sein und wird als solche gar nicht mehr wahrgenommen.\u00bb Roger E. Gisi, Gr\u00fcnder von Cloud Finder Schweiz Zuerst die Frage nach dem Schl\u00fcsselfaktor: Ist Cloud Computing wirklich ein Schl\u00fcsselfaktor der k\u00fcnftigen Informatik-Landschaften? Roger E. Gisi: Ja und auch nein. Cloud Computing \u00fcbt einen starken Einfluss auf andere Faktoren aus, [&hellip;]<\/p>\n","protected":false},"author":10,"featured_media":3391,"comment_status":"open","ping_status":"open","sticky":false,"template":"","format":"standard","meta":{"_acf_changed":false,"pgc_sgb_lightbox_settings":"","footnotes":""},"categories":[3313],"tags":[63,140],"class_list":["post-3390","post","type-post","status-publish","format-standard","has-post-thumbnail","hentry","category-digitalisierung","tag-it-security","tag-physische-it-sicherheit"],"acf":[],"hkrextid":null,"publication":null,"issue":null,"workflow":null,"startPage":null,"spitzmarke":null,"_posts_by_tag_page_fields":{"widget_title":"","widget_tags":""},"_at_widget":"1","_yoast_wpseo_primary_category":"2","_yoast_wpseo_focuskw_text_input":"Digitale Schweiz","_yoast_wpseo_opengraph-image":"https:\/\/dev.sicherheitsforum.ch\/wp-content\/uploads\/2016\/12\/Digitale-Schweiz-sf-sicherheitsforum.jpg","_yoast_wpseo_opengraph-description":"Die Digitalisierung schreitet weiter voran. Dennoch pr\u00e4sentiert sich die Entwicklung zuweilen noch schwer absch\u00e4tzbar. An vorderster Front f\u00fcr mehr Transparenz und Information ist Roger E. Gisi t\u00e4tig. Auf der von ihm gegr\u00fcndeten Plattform Cloud Finder Schweiz wird laufend auf neue Dienstleistungen und Nachrichten rund um Cloud Computing hingewiesen, das immer mehr als Schl\u00fcsselfaktor f\u00fcr die Informatik gesehen wird.","_yoast_wpseo_opengraph-title":"Digitale Schweiz","enclosure":null,"_yoast_wpseo_twitter-title":"Digitale Schweiz","_yoast_wpseo_twitter-description":"Die Digitalisierung schreitet weiter voran. Dennoch pr\u00e4sentiert sich die Entwicklung zuweilen noch schwer absch\u00e4tzbar. An vorderster Front f\u00fcr mehr Transparenz und Information ist Roger E. Gisi t\u00e4tig. Auf der von ihm gegr\u00fcndeten Plattform Cloud Finder Schweiz wird laufend auf neue Dienstleistungen und Nachrichten rund um Cloud Computing hingewiesen, das immer mehr als Schl\u00fcsselfaktor f\u00fcr die Informatik gesehen wird.","_yoast_wpseo_twitter-image":"https:\/\/dev.sicherheitsforum.ch\/wp-content\/uploads\/2016\/12\/Digitale-Schweiz-sf-sicherheitsforum.jpg","_wp_old_slug":null,"_yoast_wpseo_title":null,"_yoast_wpseo_canonical":null,"yoast_head":"<!-- This site is optimized with the Yoast SEO plugin v27.4 - https:\/\/yoast.com\/product\/yoast-seo-wordpress\/ -->\n<title>Digitale Schweiz - Save<\/title>\n<meta name=\"description\" content=\"Die Digitalisierung schreitet weiter voran. Dennoch pr\u00e4sentiert sich die Entwicklung zuweilen noch schwer absch\u00e4tzbar. An vorderster Front f\u00fcr mehr Transparenz und Information ist Roger E. Gisi t\u00e4tig. Auf der von ihm gegr\u00fcndeten Plattform Cloud Finder Schweiz wird laufend auf neue Dienstleistungen und Nachrichten rund um Cloud Computing hingewiesen, das immer mehr als Schl\u00fcsselfaktor f\u00fcr die Informatik gesehen wird.\" \/>\n<meta name=\"robots\" content=\"index, follow, max-snippet:-1, max-image-preview:large, max-video-preview:-1\" \/>\n<link rel=\"canonical\" href=\"https:\/\/news.save.ch\/it\/digitale-schweiz\/\" \/>\n<meta property=\"og:locale\" content=\"it_IT\" \/>\n<meta property=\"og:type\" content=\"article\" \/>\n<meta property=\"og:title\" content=\"Digitale Schweiz\" \/>\n<meta property=\"og:description\" content=\"Die Digitalisierung schreitet weiter voran. Dennoch pr\u00e4sentiert sich die Entwicklung zuweilen noch schwer absch\u00e4tzbar. An vorderster Front f\u00fcr mehr Transparenz und Information ist Roger E. Gisi t\u00e4tig. Auf der von ihm gegr\u00fcndeten Plattform Cloud Finder Schweiz wird laufend auf neue Dienstleistungen und Nachrichten rund um Cloud Computing hingewiesen, das immer mehr als Schl\u00fcsselfaktor f\u00fcr die Informatik gesehen wird.\" \/>\n<meta property=\"og:url\" content=\"https:\/\/news.save.ch\/it\/digitale-schweiz\/\" \/>\n<meta property=\"og:site_name\" content=\"Save\" \/>\n<meta property=\"article:published_time\" content=\"2016-03-10T11:24:19+00:00\" \/>\n<meta property=\"article:modified_time\" content=\"2023-03-14T07:57:24+00:00\" \/>\n<meta property=\"og:image\" content=\"https:\/\/dev.sicherheitsforum.ch\/wp-content\/uploads\/2016\/12\/Digitale-Schweiz-sf-sicherheitsforum.jpg\" \/>\n<meta name=\"author\" content=\"galledia\" \/>\n<meta name=\"twitter:card\" content=\"summary_large_image\" \/>\n<meta name=\"twitter:title\" content=\"Digitale Schweiz\" \/>\n<meta name=\"twitter:description\" content=\"Die Digitalisierung schreitet weiter voran. Dennoch pr\u00e4sentiert sich die Entwicklung zuweilen noch schwer absch\u00e4tzbar. An vorderster Front f\u00fcr mehr Transparenz und Information ist Roger E. Gisi t\u00e4tig. Auf der von ihm gegr\u00fcndeten Plattform Cloud Finder Schweiz wird laufend auf neue Dienstleistungen und Nachrichten rund um Cloud Computing hingewiesen, das immer mehr als Schl\u00fcsselfaktor f\u00fcr die Informatik gesehen wird.\" \/>\n<meta name=\"twitter:image\" content=\"https:\/\/dev.sicherheitsforum.ch\/wp-content\/uploads\/2016\/12\/Digitale-Schweiz-sf-sicherheitsforum.jpg\" \/>\n<meta name=\"twitter:label1\" content=\"Scritto da\" \/>\n\t<meta name=\"twitter:data1\" content=\"galledia\" \/>\n\t<meta name=\"twitter:label2\" content=\"Tempo di lettura stimato\" \/>\n\t<meta name=\"twitter:data2\" content=\"5 minuti\" \/>\n<script type=\"application\/ld+json\" class=\"yoast-schema-graph\">{\"@context\":\"https:\\\/\\\/schema.org\",\"@graph\":[{\"@type\":\"Article\",\"@id\":\"https:\\\/\\\/news.save.ch\\\/digitale-schweiz\\\/#article\",\"isPartOf\":{\"@id\":\"https:\\\/\\\/news.save.ch\\\/digitale-schweiz\\\/\"},\"author\":{\"name\":\"galledia\",\"@id\":\"https:\\\/\\\/news.save.ch\\\/de\\\/#\\\/schema\\\/person\\\/af1b2481d0ee02dd880e616f4534d788\"},\"headline\":\"Digitale Schweiz\",\"datePublished\":\"2016-03-10T11:24:19+00:00\",\"dateModified\":\"2023-03-14T07:57:24+00:00\",\"mainEntityOfPage\":{\"@id\":\"https:\\\/\\\/news.save.ch\\\/digitale-schweiz\\\/\"},\"wordCount\":1006,\"commentCount\":0,\"publisher\":{\"@id\":\"https:\\\/\\\/news.save.ch\\\/de\\\/#organization\"},\"image\":{\"@id\":\"https:\\\/\\\/news.save.ch\\\/digitale-schweiz\\\/#primaryimage\"},\"thumbnailUrl\":\"https:\\\/\\\/news.save.ch\\\/wp-content\\\/uploads\\\/2016\\\/12\\\/Digitale-Schweiz-sf-sicherheitsforum.jpg\",\"keywords\":[\"IT-SECURITY\",\"Physische IT-Sicherheit\"],\"articleSection\":[\"DIGITALISIERUNG\"],\"inLanguage\":\"it-IT\"},{\"@type\":\"WebPage\",\"@id\":\"https:\\\/\\\/news.save.ch\\\/digitale-schweiz\\\/\",\"url\":\"https:\\\/\\\/news.save.ch\\\/digitale-schweiz\\\/\",\"name\":\"Digitale Schweiz - Save\",\"isPartOf\":{\"@id\":\"https:\\\/\\\/news.save.ch\\\/de\\\/#website\"},\"primaryImageOfPage\":{\"@id\":\"https:\\\/\\\/news.save.ch\\\/digitale-schweiz\\\/#primaryimage\"},\"image\":{\"@id\":\"https:\\\/\\\/news.save.ch\\\/digitale-schweiz\\\/#primaryimage\"},\"thumbnailUrl\":\"https:\\\/\\\/news.save.ch\\\/wp-content\\\/uploads\\\/2016\\\/12\\\/Digitale-Schweiz-sf-sicherheitsforum.jpg\",\"datePublished\":\"2016-03-10T11:24:19+00:00\",\"dateModified\":\"2023-03-14T07:57:24+00:00\",\"description\":\"Die Digitalisierung schreitet weiter voran. Dennoch pr\u00e4sentiert sich die Entwicklung zuweilen noch schwer absch\u00e4tzbar. An vorderster Front f\u00fcr mehr Transparenz und Information ist Roger E. Gisi t\u00e4tig. Auf der von ihm gegr\u00fcndeten Plattform Cloud Finder Schweiz wird laufend auf neue Dienstleistungen und Nachrichten rund um Cloud Computing hingewiesen, das immer mehr als Schl\u00fcsselfaktor f\u00fcr die Informatik gesehen wird.\",\"breadcrumb\":{\"@id\":\"https:\\\/\\\/news.save.ch\\\/digitale-schweiz\\\/#breadcrumb\"},\"inLanguage\":\"it-IT\",\"potentialAction\":[{\"@type\":\"ReadAction\",\"target\":[\"https:\\\/\\\/news.save.ch\\\/digitale-schweiz\\\/\"]}]},{\"@type\":\"ImageObject\",\"inLanguage\":\"it-IT\",\"@id\":\"https:\\\/\\\/news.save.ch\\\/digitale-schweiz\\\/#primaryimage\",\"url\":\"https:\\\/\\\/news.save.ch\\\/wp-content\\\/uploads\\\/2016\\\/12\\\/Digitale-Schweiz-sf-sicherheitsforum.jpg\",\"contentUrl\":\"https:\\\/\\\/news.save.ch\\\/wp-content\\\/uploads\\\/2016\\\/12\\\/Digitale-Schweiz-sf-sicherheitsforum.jpg\",\"width\":1000,\"height\":922,\"caption\":\"Mit Sensoren in Autos, TVs, Uhren, Tablets, Smartphones bis hin zum K\u00fchlschrank: St\u00e4ndig und rund um die Uhr k\u00f6nnten wir mit dem Internet verbunden sein.\"},{\"@type\":\"BreadcrumbList\",\"@id\":\"https:\\\/\\\/news.save.ch\\\/digitale-schweiz\\\/#breadcrumb\",\"itemListElement\":[{\"@type\":\"ListItem\",\"position\":1,\"name\":\"Home\",\"item\":\"https:\\\/\\\/news.save.ch\\\/de\\\/\"},{\"@type\":\"ListItem\",\"position\":2,\"name\":\"Digitale Schweiz\"}]},{\"@type\":\"WebSite\",\"@id\":\"https:\\\/\\\/news.save.ch\\\/de\\\/#website\",\"url\":\"https:\\\/\\\/news.save.ch\\\/de\\\/\",\"name\":\"Save\",\"description\":\"Schweizer Fachzeitschrift f\u00fcr Sicherheit\",\"publisher\":{\"@id\":\"https:\\\/\\\/news.save.ch\\\/de\\\/#organization\"},\"potentialAction\":[{\"@type\":\"SearchAction\",\"target\":{\"@type\":\"EntryPoint\",\"urlTemplate\":\"https:\\\/\\\/news.save.ch\\\/de\\\/?s={search_term_string}\"},\"query-input\":{\"@type\":\"PropertyValueSpecification\",\"valueRequired\":true,\"valueName\":\"search_term_string\"}}],\"inLanguage\":\"it-IT\"},{\"@type\":\"Organization\",\"@id\":\"https:\\\/\\\/news.save.ch\\\/de\\\/#organization\",\"name\":\"Sicherheitsforum\",\"url\":\"https:\\\/\\\/news.save.ch\\\/de\\\/\",\"logo\":{\"@type\":\"ImageObject\",\"inLanguage\":\"it-IT\",\"@id\":\"https:\\\/\\\/news.save.ch\\\/de\\\/#\\\/schema\\\/logo\\\/image\\\/\",\"url\":\"https:\\\/\\\/news.save.ch\\\/wp-content\\\/uploads\\\/2022\\\/06\\\/Logo_SF_2012.png\",\"contentUrl\":\"https:\\\/\\\/news.save.ch\\\/wp-content\\\/uploads\\\/2022\\\/06\\\/Logo_SF_2012.png\",\"width\":1100,\"height\":91,\"caption\":\"Sicherheitsforum\"},\"image\":{\"@id\":\"https:\\\/\\\/news.save.ch\\\/de\\\/#\\\/schema\\\/logo\\\/image\\\/\"}},{\"@type\":\"Person\",\"@id\":\"https:\\\/\\\/news.save.ch\\\/de\\\/#\\\/schema\\\/person\\\/af1b2481d0ee02dd880e616f4534d788\",\"name\":\"galledia\",\"image\":{\"@type\":\"ImageObject\",\"inLanguage\":\"it-IT\",\"@id\":\"https:\\\/\\\/secure.gravatar.com\\\/avatar\\\/9baa80b63641d54c66fff920086eecab2c9e64c67a448c886b8c6c946e57f4c4?s=96&d=mm&r=g\",\"url\":\"https:\\\/\\\/secure.gravatar.com\\\/avatar\\\/9baa80b63641d54c66fff920086eecab2c9e64c67a448c886b8c6c946e57f4c4?s=96&d=mm&r=g\",\"contentUrl\":\"https:\\\/\\\/secure.gravatar.com\\\/avatar\\\/9baa80b63641d54c66fff920086eecab2c9e64c67a448c886b8c6c946e57f4c4?s=96&d=mm&r=g\",\"caption\":\"galledia\"},\"url\":\"https:\\\/\\\/news.save.ch\\\/it\\\/author\\\/galledia\\\/\"}]}<\/script>\n<!-- \/ Yoast SEO plugin. -->","yoast_head_json":{"title":"Svizzera digitale - Salva","description":"La digitalizzazione continua a progredire. Tuttavia, a volte lo sviluppo \u00e8 ancora difficile da valutare. Roger E. Gisi \u00e8 in prima linea negli sforzi per aumentare la trasparenza e l'informazione. Sulla piattaforma Cloud Finder Switzerland, da lui fondata, segnala costantemente nuovi servizi e novit\u00e0 sul cloud computing, sempre pi\u00f9 considerato un fattore chiave per l'IT.","robots":{"index":"index","follow":"follow","max-snippet":"max-snippet:-1","max-image-preview":"max-image-preview:large","max-video-preview":"max-video-preview:-1"},"canonical":"https:\/\/news.save.ch\/it\/digitale-schweiz\/","og_locale":"it_IT","og_type":"article","og_title":"Digitale Schweiz","og_description":"Die Digitalisierung schreitet weiter voran. Dennoch pr\u00e4sentiert sich die Entwicklung zuweilen noch schwer absch\u00e4tzbar. An vorderster Front f\u00fcr mehr Transparenz und Information ist Roger E. Gisi t\u00e4tig. Auf der von ihm gegr\u00fcndeten Plattform Cloud Finder Schweiz wird laufend auf neue Dienstleistungen und Nachrichten rund um Cloud Computing hingewiesen, das immer mehr als Schl\u00fcsselfaktor f\u00fcr die Informatik gesehen wird.","og_url":"https:\/\/news.save.ch\/it\/digitale-schweiz\/","og_site_name":"Save","article_published_time":"2016-03-10T11:24:19+00:00","article_modified_time":"2023-03-14T07:57:24+00:00","og_image":[{"url":"https:\/\/dev.sicherheitsforum.ch\/wp-content\/uploads\/2016\/12\/Digitale-Schweiz-sf-sicherheitsforum.jpg","type":"","width":"","height":""}],"author":"galledia","twitter_card":"summary_large_image","twitter_title":"Digitale Schweiz","twitter_description":"Die Digitalisierung schreitet weiter voran. Dennoch pr\u00e4sentiert sich die Entwicklung zuweilen noch schwer absch\u00e4tzbar. An vorderster Front f\u00fcr mehr Transparenz und Information ist Roger E. Gisi t\u00e4tig. Auf der von ihm gegr\u00fcndeten Plattform Cloud Finder Schweiz wird laufend auf neue Dienstleistungen und Nachrichten rund um Cloud Computing hingewiesen, das immer mehr als Schl\u00fcsselfaktor f\u00fcr die Informatik gesehen wird.","twitter_image":"https:\/\/dev.sicherheitsforum.ch\/wp-content\/uploads\/2016\/12\/Digitale-Schweiz-sf-sicherheitsforum.jpg","twitter_misc":{"Scritto da":"galledia","Tempo di lettura stimato":"5 minuti"},"schema":{"@context":"https:\/\/schema.org","@graph":[{"@type":"Article","@id":"https:\/\/news.save.ch\/digitale-schweiz\/#article","isPartOf":{"@id":"https:\/\/news.save.ch\/digitale-schweiz\/"},"author":{"name":"galledia","@id":"https:\/\/news.save.ch\/de\/#\/schema\/person\/af1b2481d0ee02dd880e616f4534d788"},"headline":"Digitale Schweiz","datePublished":"2016-03-10T11:24:19+00:00","dateModified":"2023-03-14T07:57:24+00:00","mainEntityOfPage":{"@id":"https:\/\/news.save.ch\/digitale-schweiz\/"},"wordCount":1006,"commentCount":0,"publisher":{"@id":"https:\/\/news.save.ch\/de\/#organization"},"image":{"@id":"https:\/\/news.save.ch\/digitale-schweiz\/#primaryimage"},"thumbnailUrl":"https:\/\/news.save.ch\/wp-content\/uploads\/2016\/12\/Digitale-Schweiz-sf-sicherheitsforum.jpg","keywords":["IT-SECURITY","Physische IT-Sicherheit"],"articleSection":["DIGITALISIERUNG"],"inLanguage":"it-IT"},{"@type":"WebPage","@id":"https:\/\/news.save.ch\/digitale-schweiz\/","url":"https:\/\/news.save.ch\/digitale-schweiz\/","name":"Svizzera digitale - Salva","isPartOf":{"@id":"https:\/\/news.save.ch\/de\/#website"},"primaryImageOfPage":{"@id":"https:\/\/news.save.ch\/digitale-schweiz\/#primaryimage"},"image":{"@id":"https:\/\/news.save.ch\/digitale-schweiz\/#primaryimage"},"thumbnailUrl":"https:\/\/news.save.ch\/wp-content\/uploads\/2016\/12\/Digitale-Schweiz-sf-sicherheitsforum.jpg","datePublished":"2016-03-10T11:24:19+00:00","dateModified":"2023-03-14T07:57:24+00:00","description":"La digitalizzazione continua a progredire. Tuttavia, a volte lo sviluppo \u00e8 ancora difficile da valutare. Roger E. Gisi \u00e8 in prima linea negli sforzi per aumentare la trasparenza e l'informazione. Sulla piattaforma Cloud Finder Switzerland, da lui fondata, segnala costantemente nuovi servizi e novit\u00e0 sul cloud computing, sempre pi\u00f9 considerato un fattore chiave per l'IT.","breadcrumb":{"@id":"https:\/\/news.save.ch\/digitale-schweiz\/#breadcrumb"},"inLanguage":"it-IT","potentialAction":[{"@type":"ReadAction","target":["https:\/\/news.save.ch\/digitale-schweiz\/"]}]},{"@type":"ImageObject","inLanguage":"it-IT","@id":"https:\/\/news.save.ch\/digitale-schweiz\/#primaryimage","url":"https:\/\/news.save.ch\/wp-content\/uploads\/2016\/12\/Digitale-Schweiz-sf-sicherheitsforum.jpg","contentUrl":"https:\/\/news.save.ch\/wp-content\/uploads\/2016\/12\/Digitale-Schweiz-sf-sicherheitsforum.jpg","width":1000,"height":922,"caption":"Mit Sensoren in Autos, TVs, Uhren, Tablets, Smartphones bis hin zum K\u00fchlschrank: St\u00e4ndig und rund um die Uhr k\u00f6nnten wir mit dem Internet verbunden sein."},{"@type":"BreadcrumbList","@id":"https:\/\/news.save.ch\/digitale-schweiz\/#breadcrumb","itemListElement":[{"@type":"ListItem","position":1,"name":"Home","item":"https:\/\/news.save.ch\/de\/"},{"@type":"ListItem","position":2,"name":"Digitale Schweiz"}]},{"@type":"WebSite","@id":"https:\/\/news.save.ch\/de\/#website","url":"https:\/\/news.save.ch\/de\/","name":"Risparmiare","description":"Rivista svizzera specializzata in sicurezza","publisher":{"@id":"https:\/\/news.save.ch\/de\/#organization"},"potentialAction":[{"@type":"SearchAction","target":{"@type":"EntryPoint","urlTemplate":"https:\/\/news.save.ch\/de\/?s={search_term_string}"},"query-input":{"@type":"PropertyValueSpecification","valueRequired":true,"valueName":"search_term_string"}}],"inLanguage":"it-IT"},{"@type":"Organization","@id":"https:\/\/news.save.ch\/de\/#organization","name":"Forum sulla sicurezza","url":"https:\/\/news.save.ch\/de\/","logo":{"@type":"ImageObject","inLanguage":"it-IT","@id":"https:\/\/news.save.ch\/de\/#\/schema\/logo\/image\/","url":"https:\/\/news.save.ch\/wp-content\/uploads\/2022\/06\/Logo_SF_2012.png","contentUrl":"https:\/\/news.save.ch\/wp-content\/uploads\/2022\/06\/Logo_SF_2012.png","width":1100,"height":91,"caption":"Sicherheitsforum"},"image":{"@id":"https:\/\/news.save.ch\/de\/#\/schema\/logo\/image\/"}},{"@type":"Person","@id":"https:\/\/news.save.ch\/de\/#\/schema\/person\/af1b2481d0ee02dd880e616f4534d788","name":"galledia","image":{"@type":"ImageObject","inLanguage":"it-IT","@id":"https:\/\/secure.gravatar.com\/avatar\/9baa80b63641d54c66fff920086eecab2c9e64c67a448c886b8c6c946e57f4c4?s=96&d=mm&r=g","url":"https:\/\/secure.gravatar.com\/avatar\/9baa80b63641d54c66fff920086eecab2c9e64c67a448c886b8c6c946e57f4c4?s=96&d=mm&r=g","contentUrl":"https:\/\/secure.gravatar.com\/avatar\/9baa80b63641d54c66fff920086eecab2c9e64c67a448c886b8c6c946e57f4c4?s=96&d=mm&r=g","caption":"galledia"},"url":"https:\/\/news.save.ch\/it\/author\/galledia\/"}]}},"_links":{"self":[{"href":"https:\/\/news.save.ch\/it\/wp-json\/wp\/v2\/posts\/3390","targetHints":{"allow":["GET"]}}],"collection":[{"href":"https:\/\/news.save.ch\/it\/wp-json\/wp\/v2\/posts"}],"about":[{"href":"https:\/\/news.save.ch\/it\/wp-json\/wp\/v2\/types\/post"}],"author":[{"embeddable":true,"href":"https:\/\/news.save.ch\/it\/wp-json\/wp\/v2\/users\/10"}],"replies":[{"embeddable":true,"href":"https:\/\/news.save.ch\/it\/wp-json\/wp\/v2\/comments?post=3390"}],"version-history":[{"count":1,"href":"https:\/\/news.save.ch\/it\/wp-json\/wp\/v2\/posts\/3390\/revisions"}],"predecessor-version":[{"id":17656,"href":"https:\/\/news.save.ch\/it\/wp-json\/wp\/v2\/posts\/3390\/revisions\/17656"}],"wp:featuredmedia":[{"embeddable":true,"href":"https:\/\/news.save.ch\/it\/wp-json\/wp\/v2\/media\/3391"}],"wp:attachment":[{"href":"https:\/\/news.save.ch\/it\/wp-json\/wp\/v2\/media?parent=3390"}],"wp:term":[{"taxonomy":"category","embeddable":true,"href":"https:\/\/news.save.ch\/it\/wp-json\/wp\/v2\/categories?post=3390"},{"taxonomy":"post_tag","embeddable":true,"href":"https:\/\/news.save.ch\/it\/wp-json\/wp\/v2\/tags?post=3390"}],"curies":[{"name":"wp","href":"https:\/\/api.w.org\/{rel}","templated":true}]}}