{"id":345,"date":"2015-04-29T09:40:42","date_gmt":"2015-04-29T07:40:42","guid":{"rendered":"https:\/\/dev.sicherheitsforum.ch\/?p=345"},"modified":"2023-03-14T08:57:41","modified_gmt":"2023-03-14T07:57:41","slug":"grosses-misstrauen-in-die-digitale-wolke","status":null,"type":"post","link":"https:\/\/news.save.ch\/it\/grosses-misstrauen-in-die-digitale-wolke\/","title":{"rendered":"Grande sfiducia nella nuvola digitale"},"content":{"rendered":"<p><img loading=\"lazy\" decoding=\"async\" class=\"size-medium wp-image-346\" src=\"https:\/\/sicherheitsforum.ch\/wp-content\/uploads\/2016\/12\/Grosses-Misstrauen-in-die-digitale-Wolke-it-security.jpg\" alt=\"Trasferimento illegale di dati digitali online su cloud con mano che indossa un guanto di pelle nera che preme il tasto invio\" width=\"680\" height=\"450\" \/><\/p>\n<p>&nbsp;<\/p>\n<p>Questo \u00e8 il risultato dello studio \"<a title=\"Link allo studio\" href=\"https:\/\/www.nifis.de\/fileadmin\/docs\/NIFIS_Studie_IT-Sicherheit_und_Datenschutz_2015.pdf\" target=\"_blank\" data-cke-saved-href=\"https:\/\/www.nifis.de\/fileadmin\/docs\/NIFIS_Studie_IT-Sicherheit_und_Datenschutz_2015.pdf\" rel=\"noopener\">Sicurezza informatica e protezione dei dati 2015<\/a>\" dell'organizzazione di auto-aiuto National Initiative for Information and Internet Security e.V. (<a title=\"Collegamento all&#039;organizzazione\" href=\"https:\/\/www.nifis.de\" target=\"_blank\" data-cke-saved-href=\"https:\/\/www.nifis.de\" rel=\"noopener\">NIFIS<\/a>). Secondo lo studio, la perdita di controllo sui propri dati (73%), gli attacchi di hacker interni ed esterni (71%) e la propria ignoranza dei rischi esistenti (89%) sono attualmente i principali pericoli per l'economia tedesca nel cloud computing.<\/p>\n<p><strong>Le aziende sono poco attente ai loro dati<\/strong><\/p>\n<p>Lo studio NIFIS ha preso in considerazione anche altri aspetti della sicurezza del cloud computing. Secondo la maggioranza degli esperti (66%), i moderni programmi di crittografia possono rendere molto pi\u00f9 difficile la lettura dei dati, ma non offrono una protezione completa contro lo spionaggio. Altri 54% testimoniano la gestione poco accorta dei dati in cloud da parte dell'economia tedesca. Degna di nota \u00e8 anche la valutazione di quasi la met\u00e0 degli esperti IT intervistati (49%) secondo cui i fornitori di cloud, da parte loro, in alcuni casi gestiscono i dati affidati con eccessiva negligenza. Il <a title=\"Link all&#039;articolo \/ S\u00fcddeutsche\" href=\"https:\/\/www.sueddeutsche.de\/digital\/us-gerichtsentscheid-microsoft-muss-ermittlern-auch-daten-aus-europa-liefern-1.2072643\" target=\"_blank\" data-cke-saved-href=\"https:\/\/www.sueddeutsche.de\/digital\/us-gerichtsentscheid-microsoft-muss-ermittlern-auch-daten-aus-europa-liefern-1.2072643\" rel=\"noopener\">Giurisdizione degli Stati Uniti<\/a> secondo l'avvocato Thomas Lapp, presidente del NIFIS, contribuisce all'incertezza delle aziende tedesche nella scelta del fornitore di cloud. Secondo lo studio, 65% delle aziende intervistate ritengono che ci sia una mancanza di trasparenza sul fatto che i fornitori di servizi cloud che gestiscono i dati dei loro clienti in Europa non li trasmettano alle autorit\u00e0 statunitensi, come le agenzie di intelligence.<\/p>\n<p><strong>Campagna di sensibilizzazione<\/strong><\/p>\n<p>Per alleviare l'incertezza delle aziende tedesche sul cloud computing, Lapp chiede una campagna educativa ad ampio raggio: \"Il governo federale e le associazioni imprenditoriali devono considerare la digitalizzazione dell'economia tedesca come un compito nazionale\". Nell'ambito di una collaborazione pi\u00f9 intensa, soprattutto tra Stato ed economia, una campagna educativa deve fornire informazioni sui pericoli e sui rischi del cloud computing. \"Questo darebbe a molte aziende una maggiore sicurezza nell'affrontare il cloud digitale e allo stesso tempo rafforzerebbe in modo massiccio la fiducia nella nuova tecnologia\". Inoltre, se le aziende sono pi\u00f9 consapevoli dei pericoli, molti dei loro timori si riveleranno infondati\", sottolinea il presidente del NIFIS.<\/p>\n<p>Secondo Lapp, le aziende tedesche sembrano essere ancora sotto l'impressione duratura di Prism e Co. Secondo lo studio del NIFIS, gli scandali di spionaggio hanno reso le aziende tedesche 88% pi\u00f9 sensibili alla protezione dei dati. Di conseguenza, la spesa per la sicurezza informatica e la protezione dei dati continuer\u00e0 ad aumentare nel 2015. Quasi la met\u00e0 delle aziende tedesche (49%) prevede un aumento degli investimenti di 50% quest'anno. Un altro 17% ha addirittura previsto un raddoppio. Rispetto all'anno precedente, un numero significativamente maggiore di aziende prevede un aumento della domanda di sicurezza informatica e delle informazioni.<\/p>","protected":false},"excerpt":{"rendered":"<p>&nbsp; Dies geht aus der Studie \u201eIT-Sicherheit und Datenschutz 2015\u201c der Selbsthilfeorganisation Nationalen Initiative f\u00fcr Informations- und Internet-Sicherheit e.V. (NIFIS) hervor. Demnach sind Kontrollverlust \u00fcber die eigenen Daten (73%), interne und externe Hackerangriffe (71%) und die eigene Unwissenheit \u00fcber die vorhandenen Risiken (89%) derzeit die Hauptgefahren f\u00fcr die deutsche Wirtschaft beim Cloud Computing. Firmen gehen [&hellip;]<\/p>\n","protected":false},"author":1,"featured_media":346,"comment_status":"open","ping_status":"open","sticky":false,"template":"","format":"standard","meta":{"_acf_changed":false,"pgc_sgb_lightbox_settings":"","footnotes":""},"categories":[3313],"tags":[96,62,63],"class_list":["post-345","post","type-post","status-publish","format-standard","has-post-thumbnail","hentry","category-digitalisierung","tag-cyber-crime","tag-ict-sicherheit","tag-it-security"],"acf":[],"hkrextid":null,"publication":null,"issue":null,"workflow":null,"startPage":null,"spitzmarke":null,"_posts_by_tag_page_fields":{"widget_title":"","widget_tags":""},"_at_widget":"1","_yoast_wpseo_primary_category":"2","_yoast_wpseo_focuskw_text_input":"Cloud Computing","_yoast_wpseo_opengraph-image":"https:\/\/sicherheitsforum.ch\/wp-content\/uploads\/2016\/12\/Grosses-Misstrauen-in-die-digitale-Wolke-it-security.jpg","_yoast_wpseo_opengraph-description":"Dunkle Wolken \u00fcber dem Cloud Computing in Deutschland: Bei 84% der Unternehmen herrscht grosse Unsicherheit dar\u00fcber, ob ihre Daten in der \u201edigitalen Wolke\u201c noch sicher sind.","_yoast_wpseo_opengraph-title":"Grosses Misstrauen in die digitale Wolke","enclosure":null,"_yoast_wpseo_twitter-title":null,"_yoast_wpseo_twitter-description":null,"_yoast_wpseo_twitter-image":null,"_wp_old_slug":null,"_yoast_wpseo_title":null,"_yoast_wpseo_canonical":null,"yoast_head":"<!-- This site is optimized with the Yoast SEO plugin v27.5 - https:\/\/yoast.com\/product\/yoast-seo-wordpress\/ -->\n<title>Grosses Misstrauen in die digitale Wolke - Save<\/title>\n<meta name=\"description\" content=\"Cloud Computing in Deutschland: Bei 84% der Unternehmen herrscht grosse Unsicherheit dar\u00fcber, ob ihre Daten in der \u201edigitalen Wolke\u201c noch sicher sind.\" \/>\n<meta name=\"robots\" content=\"index, follow, max-snippet:-1, max-image-preview:large, max-video-preview:-1\" \/>\n<link rel=\"canonical\" href=\"https:\/\/news.save.ch\/it\/grosses-misstrauen-in-die-digitale-wolke\/\" \/>\n<meta property=\"og:locale\" content=\"it_IT\" \/>\n<meta property=\"og:type\" content=\"article\" \/>\n<meta property=\"og:title\" content=\"Grosses Misstrauen in die digitale Wolke\" \/>\n<meta property=\"og:description\" content=\"Dunkle Wolken \u00fcber dem Cloud Computing in Deutschland: Bei 84% der Unternehmen herrscht grosse Unsicherheit dar\u00fcber, ob ihre Daten in der \u201edigitalen Wolke\u201c noch sicher sind.\" \/>\n<meta property=\"og:url\" content=\"https:\/\/news.save.ch\/it\/grosses-misstrauen-in-die-digitale-wolke\/\" \/>\n<meta property=\"og:site_name\" content=\"Save\" \/>\n<meta property=\"article:published_time\" content=\"2015-04-29T07:40:42+00:00\" \/>\n<meta property=\"article:modified_time\" content=\"2023-03-14T07:57:41+00:00\" \/>\n<meta property=\"og:image\" content=\"https:\/\/sicherheitsforum.ch\/wp-content\/uploads\/2016\/12\/Grosses-Misstrauen-in-die-digitale-Wolke-it-security.jpg\" \/>\n<meta name=\"author\" content=\"admin\" \/>\n<meta name=\"twitter:card\" content=\"summary_large_image\" \/>\n<meta name=\"twitter:label1\" content=\"Scritto da\" \/>\n\t<meta name=\"twitter:data1\" content=\"admin\" \/>\n\t<meta name=\"twitter:label2\" content=\"Tempo di lettura stimato\" \/>\n\t<meta name=\"twitter:data2\" content=\"2 minuti\" \/>\n<script type=\"application\/ld+json\" class=\"yoast-schema-graph\">{\"@context\":\"https:\\\/\\\/schema.org\",\"@graph\":[{\"@type\":\"Article\",\"@id\":\"https:\\\/\\\/news.save.ch\\\/grosses-misstrauen-in-die-digitale-wolke\\\/#article\",\"isPartOf\":{\"@id\":\"https:\\\/\\\/news.save.ch\\\/grosses-misstrauen-in-die-digitale-wolke\\\/\"},\"author\":{\"name\":\"admin\",\"@id\":\"https:\\\/\\\/news.save.ch\\\/de\\\/#\\\/schema\\\/person\\\/d49e199490bad7c70d64b9ab51142f2b\"},\"headline\":\"Grosses Misstrauen in die digitale Wolke\",\"datePublished\":\"2015-04-29T07:40:42+00:00\",\"dateModified\":\"2023-03-14T07:57:41+00:00\",\"mainEntityOfPage\":{\"@id\":\"https:\\\/\\\/news.save.ch\\\/grosses-misstrauen-in-die-digitale-wolke\\\/\"},\"wordCount\":393,\"commentCount\":0,\"publisher\":{\"@id\":\"https:\\\/\\\/news.save.ch\\\/de\\\/#organization\"},\"image\":{\"@id\":\"https:\\\/\\\/news.save.ch\\\/grosses-misstrauen-in-die-digitale-wolke\\\/#primaryimage\"},\"thumbnailUrl\":\"https:\\\/\\\/news.save.ch\\\/wp-content\\\/uploads\\\/2016\\\/12\\\/Grosses-Misstrauen-in-die-digitale-Wolke-it-security-scaled.jpg\",\"keywords\":[\"Cyber-Crime\",\"ICT-Sicherheit\",\"IT-SECURITY\"],\"articleSection\":[\"DIGITALISIERUNG\"],\"inLanguage\":\"it-IT\"},{\"@type\":\"WebPage\",\"@id\":\"https:\\\/\\\/news.save.ch\\\/grosses-misstrauen-in-die-digitale-wolke\\\/\",\"url\":\"https:\\\/\\\/news.save.ch\\\/grosses-misstrauen-in-die-digitale-wolke\\\/\",\"name\":\"Grosses Misstrauen in die digitale Wolke - Save\",\"isPartOf\":{\"@id\":\"https:\\\/\\\/news.save.ch\\\/de\\\/#website\"},\"primaryImageOfPage\":{\"@id\":\"https:\\\/\\\/news.save.ch\\\/grosses-misstrauen-in-die-digitale-wolke\\\/#primaryimage\"},\"image\":{\"@id\":\"https:\\\/\\\/news.save.ch\\\/grosses-misstrauen-in-die-digitale-wolke\\\/#primaryimage\"},\"thumbnailUrl\":\"https:\\\/\\\/news.save.ch\\\/wp-content\\\/uploads\\\/2016\\\/12\\\/Grosses-Misstrauen-in-die-digitale-Wolke-it-security-scaled.jpg\",\"datePublished\":\"2015-04-29T07:40:42+00:00\",\"dateModified\":\"2023-03-14T07:57:41+00:00\",\"description\":\"Cloud Computing in Deutschland: Bei 84% der Unternehmen herrscht grosse Unsicherheit dar\u00fcber, ob ihre Daten in der \u201edigitalen Wolke\u201c noch sicher sind.\",\"breadcrumb\":{\"@id\":\"https:\\\/\\\/news.save.ch\\\/grosses-misstrauen-in-die-digitale-wolke\\\/#breadcrumb\"},\"inLanguage\":\"it-IT\",\"potentialAction\":[{\"@type\":\"ReadAction\",\"target\":[\"https:\\\/\\\/news.save.ch\\\/grosses-misstrauen-in-die-digitale-wolke\\\/\"]}]},{\"@type\":\"ImageObject\",\"inLanguage\":\"it-IT\",\"@id\":\"https:\\\/\\\/news.save.ch\\\/grosses-misstrauen-in-die-digitale-wolke\\\/#primaryimage\",\"url\":\"https:\\\/\\\/news.save.ch\\\/wp-content\\\/uploads\\\/2016\\\/12\\\/Grosses-Misstrauen-in-die-digitale-Wolke-it-security-scaled.jpg\",\"contentUrl\":\"https:\\\/\\\/news.save.ch\\\/wp-content\\\/uploads\\\/2016\\\/12\\\/Grosses-Misstrauen-in-die-digitale-Wolke-it-security-scaled.jpg\",\"width\":1400,\"height\":927,\"caption\":\"Online illegal digital data transfer over the cloud with hand wearing black leather glove pressing enter key\"},{\"@type\":\"BreadcrumbList\",\"@id\":\"https:\\\/\\\/news.save.ch\\\/grosses-misstrauen-in-die-digitale-wolke\\\/#breadcrumb\",\"itemListElement\":[{\"@type\":\"ListItem\",\"position\":1,\"name\":\"Home\",\"item\":\"https:\\\/\\\/news.save.ch\\\/de\\\/\"},{\"@type\":\"ListItem\",\"position\":2,\"name\":\"Grosses Misstrauen in die digitale Wolke\"}]},{\"@type\":\"WebSite\",\"@id\":\"https:\\\/\\\/news.save.ch\\\/de\\\/#website\",\"url\":\"https:\\\/\\\/news.save.ch\\\/de\\\/\",\"name\":\"Save\",\"description\":\"Schweizer Fachzeitschrift f\u00fcr Sicherheit\",\"publisher\":{\"@id\":\"https:\\\/\\\/news.save.ch\\\/de\\\/#organization\"},\"potentialAction\":[{\"@type\":\"SearchAction\",\"target\":{\"@type\":\"EntryPoint\",\"urlTemplate\":\"https:\\\/\\\/news.save.ch\\\/de\\\/?s={search_term_string}\"},\"query-input\":{\"@type\":\"PropertyValueSpecification\",\"valueRequired\":true,\"valueName\":\"search_term_string\"}}],\"inLanguage\":\"it-IT\"},{\"@type\":\"Organization\",\"@id\":\"https:\\\/\\\/news.save.ch\\\/de\\\/#organization\",\"name\":\"Sicherheitsforum\",\"url\":\"https:\\\/\\\/news.save.ch\\\/de\\\/\",\"logo\":{\"@type\":\"ImageObject\",\"inLanguage\":\"it-IT\",\"@id\":\"https:\\\/\\\/news.save.ch\\\/de\\\/#\\\/schema\\\/logo\\\/image\\\/\",\"url\":\"https:\\\/\\\/news.save.ch\\\/wp-content\\\/uploads\\\/2022\\\/06\\\/Logo_SF_2012.png\",\"contentUrl\":\"https:\\\/\\\/news.save.ch\\\/wp-content\\\/uploads\\\/2022\\\/06\\\/Logo_SF_2012.png\",\"width\":1100,\"height\":91,\"caption\":\"Sicherheitsforum\"},\"image\":{\"@id\":\"https:\\\/\\\/news.save.ch\\\/de\\\/#\\\/schema\\\/logo\\\/image\\\/\"}},{\"@type\":\"Person\",\"@id\":\"https:\\\/\\\/news.save.ch\\\/de\\\/#\\\/schema\\\/person\\\/d49e199490bad7c70d64b9ab51142f2b\",\"name\":\"admin\",\"image\":{\"@type\":\"ImageObject\",\"inLanguage\":\"it-IT\",\"@id\":\"https:\\\/\\\/secure.gravatar.com\\\/avatar\\\/ae2f4d718e6c49043e314ce431e7e645d646302a24a5ef5a8bc8e3f5a032e319?s=96&d=mm&r=g\",\"url\":\"https:\\\/\\\/secure.gravatar.com\\\/avatar\\\/ae2f4d718e6c49043e314ce431e7e645d646302a24a5ef5a8bc8e3f5a032e319?s=96&d=mm&r=g\",\"contentUrl\":\"https:\\\/\\\/secure.gravatar.com\\\/avatar\\\/ae2f4d718e6c49043e314ce431e7e645d646302a24a5ef5a8bc8e3f5a032e319?s=96&d=mm&r=g\",\"caption\":\"admin\"},\"sameAs\":[\"https:\\\/\\\/develop.organisator.galledia.ch\"],\"url\":\"https:\\\/\\\/news.save.ch\\\/it\\\/author\\\/admin\\\/\"}]}<\/script>\n<!-- \/ Yoast SEO plugin. -->","yoast_head_json":{"title":"Grande sfiducia nella nuvola digitale - Save","description":"Cloud computing in Germania: c'\u00e8 grande incertezza tra le 84% di aziende sul fatto che i loro dati siano ancora sicuri nella \"nuvola digitale\".","robots":{"index":"index","follow":"follow","max-snippet":"max-snippet:-1","max-image-preview":"max-image-preview:large","max-video-preview":"max-video-preview:-1"},"canonical":"https:\/\/news.save.ch\/it\/grosses-misstrauen-in-die-digitale-wolke\/","og_locale":"it_IT","og_type":"article","og_title":"Grosses Misstrauen in die digitale Wolke","og_description":"Dunkle Wolken \u00fcber dem Cloud Computing in Deutschland: Bei 84% der Unternehmen herrscht grosse Unsicherheit dar\u00fcber, ob ihre Daten in der \u201edigitalen Wolke\u201c noch sicher sind.","og_url":"https:\/\/news.save.ch\/it\/grosses-misstrauen-in-die-digitale-wolke\/","og_site_name":"Save","article_published_time":"2015-04-29T07:40:42+00:00","article_modified_time":"2023-03-14T07:57:41+00:00","og_image":[{"url":"https:\/\/sicherheitsforum.ch\/wp-content\/uploads\/2016\/12\/Grosses-Misstrauen-in-die-digitale-Wolke-it-security.jpg","type":"","width":"","height":""}],"author":"admin","twitter_card":"summary_large_image","twitter_misc":{"Scritto da":"admin","Tempo di lettura stimato":"2 minuti"},"schema":{"@context":"https:\/\/schema.org","@graph":[{"@type":"Article","@id":"https:\/\/news.save.ch\/grosses-misstrauen-in-die-digitale-wolke\/#article","isPartOf":{"@id":"https:\/\/news.save.ch\/grosses-misstrauen-in-die-digitale-wolke\/"},"author":{"name":"admin","@id":"https:\/\/news.save.ch\/de\/#\/schema\/person\/d49e199490bad7c70d64b9ab51142f2b"},"headline":"Grosses Misstrauen in die digitale Wolke","datePublished":"2015-04-29T07:40:42+00:00","dateModified":"2023-03-14T07:57:41+00:00","mainEntityOfPage":{"@id":"https:\/\/news.save.ch\/grosses-misstrauen-in-die-digitale-wolke\/"},"wordCount":393,"commentCount":0,"publisher":{"@id":"https:\/\/news.save.ch\/de\/#organization"},"image":{"@id":"https:\/\/news.save.ch\/grosses-misstrauen-in-die-digitale-wolke\/#primaryimage"},"thumbnailUrl":"https:\/\/news.save.ch\/wp-content\/uploads\/2016\/12\/Grosses-Misstrauen-in-die-digitale-Wolke-it-security-scaled.jpg","keywords":["Cyber-Crime","ICT-Sicherheit","IT-SECURITY"],"articleSection":["DIGITALISIERUNG"],"inLanguage":"it-IT"},{"@type":"WebPage","@id":"https:\/\/news.save.ch\/grosses-misstrauen-in-die-digitale-wolke\/","url":"https:\/\/news.save.ch\/grosses-misstrauen-in-die-digitale-wolke\/","name":"Grande sfiducia nella nuvola digitale - Save","isPartOf":{"@id":"https:\/\/news.save.ch\/de\/#website"},"primaryImageOfPage":{"@id":"https:\/\/news.save.ch\/grosses-misstrauen-in-die-digitale-wolke\/#primaryimage"},"image":{"@id":"https:\/\/news.save.ch\/grosses-misstrauen-in-die-digitale-wolke\/#primaryimage"},"thumbnailUrl":"https:\/\/news.save.ch\/wp-content\/uploads\/2016\/12\/Grosses-Misstrauen-in-die-digitale-Wolke-it-security-scaled.jpg","datePublished":"2015-04-29T07:40:42+00:00","dateModified":"2023-03-14T07:57:41+00:00","description":"Cloud computing in Germania: c'\u00e8 grande incertezza tra le 84% di aziende sul fatto che i loro dati siano ancora sicuri nella \"nuvola digitale\".","breadcrumb":{"@id":"https:\/\/news.save.ch\/grosses-misstrauen-in-die-digitale-wolke\/#breadcrumb"},"inLanguage":"it-IT","potentialAction":[{"@type":"ReadAction","target":["https:\/\/news.save.ch\/grosses-misstrauen-in-die-digitale-wolke\/"]}]},{"@type":"ImageObject","inLanguage":"it-IT","@id":"https:\/\/news.save.ch\/grosses-misstrauen-in-die-digitale-wolke\/#primaryimage","url":"https:\/\/news.save.ch\/wp-content\/uploads\/2016\/12\/Grosses-Misstrauen-in-die-digitale-Wolke-it-security-scaled.jpg","contentUrl":"https:\/\/news.save.ch\/wp-content\/uploads\/2016\/12\/Grosses-Misstrauen-in-die-digitale-Wolke-it-security-scaled.jpg","width":1400,"height":927,"caption":"Online illegal digital data transfer over the cloud with hand wearing black leather glove pressing enter key"},{"@type":"BreadcrumbList","@id":"https:\/\/news.save.ch\/grosses-misstrauen-in-die-digitale-wolke\/#breadcrumb","itemListElement":[{"@type":"ListItem","position":1,"name":"Home","item":"https:\/\/news.save.ch\/de\/"},{"@type":"ListItem","position":2,"name":"Grosses Misstrauen in die digitale Wolke"}]},{"@type":"WebSite","@id":"https:\/\/news.save.ch\/de\/#website","url":"https:\/\/news.save.ch\/de\/","name":"Risparmiare","description":"Rivista svizzera specializzata in sicurezza","publisher":{"@id":"https:\/\/news.save.ch\/de\/#organization"},"potentialAction":[{"@type":"SearchAction","target":{"@type":"EntryPoint","urlTemplate":"https:\/\/news.save.ch\/de\/?s={search_term_string}"},"query-input":{"@type":"PropertyValueSpecification","valueRequired":true,"valueName":"search_term_string"}}],"inLanguage":"it-IT"},{"@type":"Organization","@id":"https:\/\/news.save.ch\/de\/#organization","name":"Forum sulla sicurezza","url":"https:\/\/news.save.ch\/de\/","logo":{"@type":"ImageObject","inLanguage":"it-IT","@id":"https:\/\/news.save.ch\/de\/#\/schema\/logo\/image\/","url":"https:\/\/news.save.ch\/wp-content\/uploads\/2022\/06\/Logo_SF_2012.png","contentUrl":"https:\/\/news.save.ch\/wp-content\/uploads\/2022\/06\/Logo_SF_2012.png","width":1100,"height":91,"caption":"Sicherheitsforum"},"image":{"@id":"https:\/\/news.save.ch\/de\/#\/schema\/logo\/image\/"}},{"@type":"Person","@id":"https:\/\/news.save.ch\/de\/#\/schema\/person\/d49e199490bad7c70d64b9ab51142f2b","name":"amministratore","image":{"@type":"ImageObject","inLanguage":"it-IT","@id":"https:\/\/secure.gravatar.com\/avatar\/ae2f4d718e6c49043e314ce431e7e645d646302a24a5ef5a8bc8e3f5a032e319?s=96&d=mm&r=g","url":"https:\/\/secure.gravatar.com\/avatar\/ae2f4d718e6c49043e314ce431e7e645d646302a24a5ef5a8bc8e3f5a032e319?s=96&d=mm&r=g","contentUrl":"https:\/\/secure.gravatar.com\/avatar\/ae2f4d718e6c49043e314ce431e7e645d646302a24a5ef5a8bc8e3f5a032e319?s=96&d=mm&r=g","caption":"admin"},"sameAs":["https:\/\/develop.organisator.galledia.ch"],"url":"https:\/\/news.save.ch\/it\/author\/admin\/"}]}},"_links":{"self":[{"href":"https:\/\/news.save.ch\/it\/wp-json\/wp\/v2\/posts\/345","targetHints":{"allow":["GET"]}}],"collection":[{"href":"https:\/\/news.save.ch\/it\/wp-json\/wp\/v2\/posts"}],"about":[{"href":"https:\/\/news.save.ch\/it\/wp-json\/wp\/v2\/types\/post"}],"author":[{"embeddable":true,"href":"https:\/\/news.save.ch\/it\/wp-json\/wp\/v2\/users\/1"}],"replies":[{"embeddable":true,"href":"https:\/\/news.save.ch\/it\/wp-json\/wp\/v2\/comments?post=345"}],"version-history":[{"count":1,"href":"https:\/\/news.save.ch\/it\/wp-json\/wp\/v2\/posts\/345\/revisions"}],"predecessor-version":[{"id":17800,"href":"https:\/\/news.save.ch\/it\/wp-json\/wp\/v2\/posts\/345\/revisions\/17800"}],"wp:featuredmedia":[{"embeddable":true,"href":"https:\/\/news.save.ch\/it\/wp-json\/wp\/v2\/media\/346"}],"wp:attachment":[{"href":"https:\/\/news.save.ch\/it\/wp-json\/wp\/v2\/media?parent=345"}],"wp:term":[{"taxonomy":"category","embeddable":true,"href":"https:\/\/news.save.ch\/it\/wp-json\/wp\/v2\/categories?post=345"},{"taxonomy":"post_tag","embeddable":true,"href":"https:\/\/news.save.ch\/it\/wp-json\/wp\/v2\/tags?post=345"}],"curies":[{"name":"wp","href":"https:\/\/api.w.org\/{rel}","templated":true}]}}