{"id":3583,"date":"2016-12-23T14:39:05","date_gmt":"2016-12-23T13:39:05","guid":{"rendered":"https:\/\/sicherheitsforum.ch\/?p=3583"},"modified":"2016-12-23T14:39:05","modified_gmt":"2016-12-23T13:39:05","slug":"neuheiten-an-der-sicherheit-2017","status":null,"type":"post","link":"https:\/\/news.save.ch\/it\/neuheiten-an-der-sicherheit-2017\/","title":{"rendered":"Quali sono le novit\u00e0 della sicurezza 2017?"},"content":{"rendered":"<figure id=\"attachment_3586\" aria-describedby=\"caption-attachment-3586\" style=\"width: 680px\" class=\"wp-caption alignleft\"><img loading=\"lazy\" decoding=\"async\" class=\"size-medium wp-image-3586\" src=\"https:\/\/news.save.ch\/wp-content\/uploads\/2016\/12\/Sicherheitsmesse-Bild.jpg\" alt=\"\" width=\"680\" height=\"581\" srcset=\"https:\/\/news.save.ch\/wp-content\/uploads\/2016\/12\/Sicherheitsmesse-Bild.jpg 946w, https:\/\/news.save.ch\/wp-content\/uploads\/2016\/12\/Sicherheitsmesse-Bild-351x300.jpg 351w\" sizes=\"auto, (max-width: 680px) 100vw, 680px\" \/><figcaption id=\"caption-attachment-3586\" class=\"wp-caption-text\">Al <a href=\"https:\/\/www.sicherheit-messe.ch\/htm\/messethemen.htm\">Argomenti della fiera<\/a><\/figcaption><\/figure>\n<p>Security 2017 (dal 14 al 17 novembre) si terr\u00e0 l'anno prossimo, in alternanza con S\u00e9curity a Losanna.<\/p>\n<p><strong>Congresso commerciale completamente integrato<\/strong><strong>\u00a0<\/strong><\/p>\n<p>Espresso in cifre, il <a href=\"https:\/\/www.sicherheit-messe.ch\/htm\/konferenz.htm\">Congresso commerciale<\/a> Il programma di Safety 2017 \u00e8 presto detto: 12 moduli di mezza giornata con circa 70 relatori; sono attesi circa 1.000 visitatori.<\/p>\n<p>La novit\u00e0 \u00e8 che il congresso commerciale sar\u00e0 completamente integrato nella fiera. Ci\u00f2 consentir\u00e0 di soddisfare meglio le esigenze dei visitatori e degli espositori, scrive l'organizzatore della fiera Exhibit &amp; More AG. Il Congresso sar\u00e0 integrato in un concetto di \"stanza nella stanza\" nei padiglioni 3 e 5. Inoltre, lo spazio espositivo messo a disposizione dalla <a href=\"https:\/\/www.save.ch\">Salva AG<\/a> Il programma \u00e8 stato ottimizzato in modo da avere pi\u00f9 tempo per una visita combinata al congresso e alla fiera.<\/p>\n<p>Secondo l'organizzatore, questi cambiamenti significano che il \"Forum blu\" nel padiglione 3 e il \"Forum rosso\" nel padiglione 5 offriranno ora solo un totale di dodici moduli di mezza giornata su vari argomenti di gestione del rischio, sicurezza e protezione antincendio. I dettagli del programma saranno disponibili a partire da giugno 2017.<\/p>\n<p><strong>Parco dell'innovazione e altro ancora<\/strong><\/p>\n<p>Non solo il congresso commerciale che lo accompagna presenta una novit\u00e0, ma anche la fiera stessa sar\u00e0 arricchita da alcuni nuovi aspetti:<\/p>\n<p><strong>\"<a href=\"https:\/\/www.sicherheit-messe.ch\/htm\/historytunnel.htm\">Tunnel della storia<\/a>\"<\/strong>\u00c8 un breve viaggio nel passato dell'industria della sicurezza. Perch\u00e9: \"Se non si conosce il passato, non si pu\u00f2 capire il presente\". Il \"Tunnel della Storia\" di Security 2017 ha lo scopo di mostrare ai visitatori gli sviluppi, i processi dai pericoli e dai rischi originari alle soluzioni pi\u00f9 recenti, come scrivono gli organizzatori. In questo modo si apre anche la strada agli stand degli espositori, dicono gli organizzatori. Con il concetto di \"viaggio nel tempo\", l'espositore pu\u00f2 fornire al visitatore ulteriori informazioni sulla sua azienda e sui suoi prodotti.<\/p>\n<p>In questo viaggio nel tempo, domande come \"Chi ha inventato la serratura della porta e perch\u00e9? Quali sono gli attuali bestseller nel campo della protezione antieffrazione? Il futuro appartiene all'impronta digitale?\". Dalla A di sistema di allarme alla Z di controllo accessi: ogni prodotto, ogni servizio dell'industria della sicurezza racconta la sua storia nel \"Tunnel della Storia\". Ci\u00f2 contribuisce a promuovere la comprensione delle soluzioni di sicurezza del presente.<\/p>\n<p><strong><a href=\"https:\/\/www.sicherheit-messe.ch\/htm\/ips.htm\">IPS - Parco Innovazione Sicurezza<\/a><\/strong>L'industria svizzera della sicurezza ha bisogno di una piattaforma adeguata per le innovazioni. Solo cos\u00ec potr\u00e0 soddisfare le crescenti richieste ed esigenze, scrive l'organizzatore. Per questo motivo, per la prima volta si sta progettando un \"Security Innovation Park\". Una piattaforma in cui non solo vengono presentate idee, ma si possono anche stabilire contatti diretti tra \"innovatori\" e professionisti del settore della sicurezza - agli espositori, ai visitatori della fiera e ai partecipanti al congresso commerciale, secondo la dichiarazione. Il motto dell'IPS \u00e8: \"Chi non capisce il presente non pu\u00f2 plasmare il futuro\".<\/p>\n<p><strong><a href=\"https:\/\/www.sicherheit-messe.ch\/htm\/gedankeninsel.htm\">Isole di pensiero<\/a><\/strong>Come possiamo proteggere meglio i nostri figli dalla violenza in futuro? \"Come si costruir\u00e0 l'edificio di domani in modo che il fuoco non abbia pi\u00f9 alcuna possibilit\u00e0?\". Le varie \"isole di pensiero\" hanno l'obiettivo di fornire idee su questi e altri argomenti; la partecipazione attiva dei visitatori \u00e8 incoraggiata. Chiss\u00e0, forse dall'una o dall'altra corrente di pensiero emerger\u00e0 una soluzione decisiva per il futuro.<\/p>\n<p>Anche nel 2017 la sicurezza sar\u00e0 sostenuta dalle pi\u00f9 importanti associazioni industriali svizzere. Per maggiori informazioni sull'evento:\u00a0<a href=\"https:\/\/www.sicherheit-messe.ch\/htm\/willkommen.htm?langset=de\">www.sicherheit-messe.ch<\/a><\/p>","protected":false},"excerpt":{"rendered":"<p>Alternierend zur S\u00e9curity in Lausanne findet im kommenden Jahr die Sicherheit 2017 (14. bis 17. November) statt. Fachkongress wird komplett integriert\u00a0 In Zahlen ausgedr\u00fcckt ist der Fachkongress im Rahmen der Sicherheit 2017 rasch erz\u00e4hlt: 12 Halbtagesmodule mit rund 70 Referenten; erwartet werden rund 1000 Besucherinnen und Besucher. Neu ist, dass der Fachkongress komplett in die [&hellip;]<\/p>\n","protected":false},"author":8,"featured_media":3593,"comment_status":"open","ping_status":"open","sticky":false,"template":"","format":"standard","meta":{"_acf_changed":false,"pgc_sgb_lightbox_settings":"","footnotes":""},"categories":[1],"tags":[278,191,160],"class_list":["post-3583","post","type-post","status-publish","format-standard","has-post-thumbnail","hentry","category-allgemein","tag-fachkongress-fachmesse","tag-sicherheitsmesse","tag-veranstaltungen"],"acf":[],"hkrextid":null,"publication":null,"issue":null,"workflow":null,"startPage":null,"spitzmarke":null,"_posts_by_tag_page_fields":{"widget_title":"","widget_tags":""},"_at_widget":"1","_yoast_wpseo_primary_category":"1","_yoast_wpseo_focuskw_text_input":"Sicherheitsfachmesse","_yoast_wpseo_opengraph-image":null,"_yoast_wpseo_opengraph-description":null,"_yoast_wpseo_opengraph-title":null,"enclosure":null,"_yoast_wpseo_twitter-title":null,"_yoast_wpseo_twitter-description":null,"_yoast_wpseo_twitter-image":null,"_wp_old_slug":null,"_yoast_wpseo_title":null,"_yoast_wpseo_canonical":null,"yoast_head":"<!-- This site is optimized with the Yoast SEO plugin v27.5 - https:\/\/yoast.com\/product\/yoast-seo-wordpress\/ -->\n<title>Was ist neu an der Sicherheit 2017? - Save<\/title>\n<meta name=\"robots\" content=\"index, follow, max-snippet:-1, max-image-preview:large, max-video-preview:-1\" \/>\n<link rel=\"canonical\" href=\"https:\/\/news.save.ch\/it\/neuheiten-an-der-sicherheit-2017\/\" \/>\n<meta property=\"og:locale\" content=\"it_IT\" \/>\n<meta property=\"og:type\" content=\"article\" \/>\n<meta property=\"og:title\" content=\"Was ist neu an der Sicherheit 2017? - Save\" \/>\n<meta property=\"og:description\" content=\"Alternierend zur S\u00e9curity in Lausanne findet im kommenden Jahr die Sicherheit 2017 (14. bis 17. November) statt. Fachkongress wird komplett integriert\u00a0 In Zahlen ausgedr\u00fcckt ist der Fachkongress im Rahmen der Sicherheit 2017 rasch erz\u00e4hlt: 12 Halbtagesmodule mit rund 70 Referenten; erwartet werden rund 1000 Besucherinnen und Besucher. Neu ist, dass der Fachkongress komplett in die [&hellip;]\" \/>\n<meta property=\"og:url\" content=\"https:\/\/news.save.ch\/it\/neuheiten-an-der-sicherheit-2017\/\" \/>\n<meta property=\"og:site_name\" content=\"Save\" \/>\n<meta property=\"article:published_time\" content=\"2016-12-23T13:39:05+00:00\" \/>\n<meta property=\"og:image\" content=\"https:\/\/news.save.ch\/wp-content\/uploads\/2016\/12\/240_sicherheit_-_fotograf_thomas_entzeroth_1000137-scaled.jpg\" \/>\n\t<meta property=\"og:image:width\" content=\"1400\" \/>\n\t<meta property=\"og:image:height\" content=\"932\" \/>\n\t<meta property=\"og:image:type\" content=\"image\/jpeg\" \/>\n<meta name=\"author\" content=\"Roger Str\u00e4ssle\" \/>\n<meta name=\"twitter:card\" content=\"summary_large_image\" \/>\n<meta name=\"twitter:label1\" content=\"Scritto da\" \/>\n\t<meta name=\"twitter:data1\" content=\"Roger Str\u00e4ssle\" \/>\n\t<meta name=\"twitter:label2\" content=\"Tempo di lettura stimato\" \/>\n\t<meta name=\"twitter:data2\" content=\"3 minuti\" \/>\n<script type=\"application\/ld+json\" class=\"yoast-schema-graph\">{\"@context\":\"https:\\\/\\\/schema.org\",\"@graph\":[{\"@type\":\"Article\",\"@id\":\"https:\\\/\\\/news.save.ch\\\/neuheiten-an-der-sicherheit-2017\\\/#article\",\"isPartOf\":{\"@id\":\"https:\\\/\\\/news.save.ch\\\/neuheiten-an-der-sicherheit-2017\\\/\"},\"author\":{\"name\":\"Roger Str\u00e4ssle\",\"@id\":\"https:\\\/\\\/news.save.ch\\\/de\\\/#\\\/schema\\\/person\\\/d5022db048e0e2b9785c50e5b24da5aa\"},\"headline\":\"Was ist neu an der Sicherheit 2017?\",\"datePublished\":\"2016-12-23T13:39:05+00:00\",\"mainEntityOfPage\":{\"@id\":\"https:\\\/\\\/news.save.ch\\\/neuheiten-an-der-sicherheit-2017\\\/\"},\"wordCount\":536,\"commentCount\":0,\"publisher\":{\"@id\":\"https:\\\/\\\/news.save.ch\\\/de\\\/#organization\"},\"image\":{\"@id\":\"https:\\\/\\\/news.save.ch\\\/neuheiten-an-der-sicherheit-2017\\\/#primaryimage\"},\"thumbnailUrl\":\"https:\\\/\\\/news.save.ch\\\/wp-content\\\/uploads\\\/2016\\\/12\\\/240_sicherheit_-_fotograf_thomas_entzeroth_1000137-scaled.jpg\",\"keywords\":[\"Fachkongress \\\/ Fachmesse\",\"Sicherheitsmesse\",\"Veranstaltungen\"],\"articleSection\":[\"ALLGEMEIN\"],\"inLanguage\":\"it-IT\"},{\"@type\":\"WebPage\",\"@id\":\"https:\\\/\\\/news.save.ch\\\/neuheiten-an-der-sicherheit-2017\\\/\",\"url\":\"https:\\\/\\\/news.save.ch\\\/neuheiten-an-der-sicherheit-2017\\\/\",\"name\":\"Was ist neu an der Sicherheit 2017? - Save\",\"isPartOf\":{\"@id\":\"https:\\\/\\\/news.save.ch\\\/de\\\/#website\"},\"primaryImageOfPage\":{\"@id\":\"https:\\\/\\\/news.save.ch\\\/neuheiten-an-der-sicherheit-2017\\\/#primaryimage\"},\"image\":{\"@id\":\"https:\\\/\\\/news.save.ch\\\/neuheiten-an-der-sicherheit-2017\\\/#primaryimage\"},\"thumbnailUrl\":\"https:\\\/\\\/news.save.ch\\\/wp-content\\\/uploads\\\/2016\\\/12\\\/240_sicherheit_-_fotograf_thomas_entzeroth_1000137-scaled.jpg\",\"datePublished\":\"2016-12-23T13:39:05+00:00\",\"breadcrumb\":{\"@id\":\"https:\\\/\\\/news.save.ch\\\/neuheiten-an-der-sicherheit-2017\\\/#breadcrumb\"},\"inLanguage\":\"it-IT\",\"potentialAction\":[{\"@type\":\"ReadAction\",\"target\":[\"https:\\\/\\\/news.save.ch\\\/neuheiten-an-der-sicherheit-2017\\\/\"]}]},{\"@type\":\"ImageObject\",\"inLanguage\":\"it-IT\",\"@id\":\"https:\\\/\\\/news.save.ch\\\/neuheiten-an-der-sicherheit-2017\\\/#primaryimage\",\"url\":\"https:\\\/\\\/news.save.ch\\\/wp-content\\\/uploads\\\/2016\\\/12\\\/240_sicherheit_-_fotograf_thomas_entzeroth_1000137-scaled.jpg\",\"contentUrl\":\"https:\\\/\\\/news.save.ch\\\/wp-content\\\/uploads\\\/2016\\\/12\\\/240_sicherheit_-_fotograf_thomas_entzeroth_1000137-scaled.jpg\",\"width\":1400,\"height\":932,\"caption\":\"Foto: Thomas Entzeroth\"},{\"@type\":\"BreadcrumbList\",\"@id\":\"https:\\\/\\\/news.save.ch\\\/neuheiten-an-der-sicherheit-2017\\\/#breadcrumb\",\"itemListElement\":[{\"@type\":\"ListItem\",\"position\":1,\"name\":\"Home\",\"item\":\"https:\\\/\\\/news.save.ch\\\/de\\\/\"},{\"@type\":\"ListItem\",\"position\":2,\"name\":\"Was ist neu an der Sicherheit 2017?\"}]},{\"@type\":\"WebSite\",\"@id\":\"https:\\\/\\\/news.save.ch\\\/de\\\/#website\",\"url\":\"https:\\\/\\\/news.save.ch\\\/de\\\/\",\"name\":\"Save\",\"description\":\"Schweizer Fachzeitschrift f\u00fcr Sicherheit\",\"publisher\":{\"@id\":\"https:\\\/\\\/news.save.ch\\\/de\\\/#organization\"},\"potentialAction\":[{\"@type\":\"SearchAction\",\"target\":{\"@type\":\"EntryPoint\",\"urlTemplate\":\"https:\\\/\\\/news.save.ch\\\/de\\\/?s={search_term_string}\"},\"query-input\":{\"@type\":\"PropertyValueSpecification\",\"valueRequired\":true,\"valueName\":\"search_term_string\"}}],\"inLanguage\":\"it-IT\"},{\"@type\":\"Organization\",\"@id\":\"https:\\\/\\\/news.save.ch\\\/de\\\/#organization\",\"name\":\"Sicherheitsforum\",\"url\":\"https:\\\/\\\/news.save.ch\\\/de\\\/\",\"logo\":{\"@type\":\"ImageObject\",\"inLanguage\":\"it-IT\",\"@id\":\"https:\\\/\\\/news.save.ch\\\/de\\\/#\\\/schema\\\/logo\\\/image\\\/\",\"url\":\"https:\\\/\\\/news.save.ch\\\/wp-content\\\/uploads\\\/2022\\\/06\\\/Logo_SF_2012.png\",\"contentUrl\":\"https:\\\/\\\/news.save.ch\\\/wp-content\\\/uploads\\\/2022\\\/06\\\/Logo_SF_2012.png\",\"width\":1100,\"height\":91,\"caption\":\"Sicherheitsforum\"},\"image\":{\"@id\":\"https:\\\/\\\/news.save.ch\\\/de\\\/#\\\/schema\\\/logo\\\/image\\\/\"}},{\"@type\":\"Person\",\"@id\":\"https:\\\/\\\/news.save.ch\\\/de\\\/#\\\/schema\\\/person\\\/d5022db048e0e2b9785c50e5b24da5aa\",\"name\":\"Roger Str\u00e4ssle\",\"image\":{\"@type\":\"ImageObject\",\"inLanguage\":\"it-IT\",\"@id\":\"https:\\\/\\\/secure.gravatar.com\\\/avatar\\\/862a5569d087de48e5856e32f45d719a03804c891d6deb8d4f71a660e79e4a47?s=96&d=mm&r=g\",\"url\":\"https:\\\/\\\/secure.gravatar.com\\\/avatar\\\/862a5569d087de48e5856e32f45d719a03804c891d6deb8d4f71a660e79e4a47?s=96&d=mm&r=g\",\"contentUrl\":\"https:\\\/\\\/secure.gravatar.com\\\/avatar\\\/862a5569d087de48e5856e32f45d719a03804c891d6deb8d4f71a660e79e4a47?s=96&d=mm&r=g\",\"caption\":\"Roger Str\u00e4ssle\"},\"url\":\"https:\\\/\\\/news.save.ch\\\/it\\\/author\\\/roger-straessle\\\/\"}]}<\/script>\n<!-- \/ Yoast SEO plugin. -->","yoast_head_json":{"title":"Cosa c'\u00e8 di nuovo nella sicurezza 2017? - Risparmiare","robots":{"index":"index","follow":"follow","max-snippet":"max-snippet:-1","max-image-preview":"max-image-preview:large","max-video-preview":"max-video-preview:-1"},"canonical":"https:\/\/news.save.ch\/it\/neuheiten-an-der-sicherheit-2017\/","og_locale":"it_IT","og_type":"article","og_title":"Was ist neu an der Sicherheit 2017? - Save","og_description":"Alternierend zur S\u00e9curity in Lausanne findet im kommenden Jahr die Sicherheit 2017 (14. bis 17. November) statt. Fachkongress wird komplett integriert\u00a0 In Zahlen ausgedr\u00fcckt ist der Fachkongress im Rahmen der Sicherheit 2017 rasch erz\u00e4hlt: 12 Halbtagesmodule mit rund 70 Referenten; erwartet werden rund 1000 Besucherinnen und Besucher. Neu ist, dass der Fachkongress komplett in die [&hellip;]","og_url":"https:\/\/news.save.ch\/it\/neuheiten-an-der-sicherheit-2017\/","og_site_name":"Save","article_published_time":"2016-12-23T13:39:05+00:00","og_image":[{"width":1400,"height":932,"url":"https:\/\/news.save.ch\/wp-content\/uploads\/2016\/12\/240_sicherheit_-_fotograf_thomas_entzeroth_1000137-scaled.jpg","type":"image\/jpeg"}],"author":"Roger Str\u00e4ssle","twitter_card":"summary_large_image","twitter_misc":{"Scritto da":"Roger Str\u00e4ssle","Tempo di lettura stimato":"3 minuti"},"schema":{"@context":"https:\/\/schema.org","@graph":[{"@type":"Article","@id":"https:\/\/news.save.ch\/neuheiten-an-der-sicherheit-2017\/#article","isPartOf":{"@id":"https:\/\/news.save.ch\/neuheiten-an-der-sicherheit-2017\/"},"author":{"name":"Roger Str\u00e4ssle","@id":"https:\/\/news.save.ch\/de\/#\/schema\/person\/d5022db048e0e2b9785c50e5b24da5aa"},"headline":"Was ist neu an der Sicherheit 2017?","datePublished":"2016-12-23T13:39:05+00:00","mainEntityOfPage":{"@id":"https:\/\/news.save.ch\/neuheiten-an-der-sicherheit-2017\/"},"wordCount":536,"commentCount":0,"publisher":{"@id":"https:\/\/news.save.ch\/de\/#organization"},"image":{"@id":"https:\/\/news.save.ch\/neuheiten-an-der-sicherheit-2017\/#primaryimage"},"thumbnailUrl":"https:\/\/news.save.ch\/wp-content\/uploads\/2016\/12\/240_sicherheit_-_fotograf_thomas_entzeroth_1000137-scaled.jpg","keywords":["Fachkongress \/ Fachmesse","Sicherheitsmesse","Veranstaltungen"],"articleSection":["ALLGEMEIN"],"inLanguage":"it-IT"},{"@type":"WebPage","@id":"https:\/\/news.save.ch\/neuheiten-an-der-sicherheit-2017\/","url":"https:\/\/news.save.ch\/neuheiten-an-der-sicherheit-2017\/","name":"Cosa c'\u00e8 di nuovo nella sicurezza 2017? - Risparmiare","isPartOf":{"@id":"https:\/\/news.save.ch\/de\/#website"},"primaryImageOfPage":{"@id":"https:\/\/news.save.ch\/neuheiten-an-der-sicherheit-2017\/#primaryimage"},"image":{"@id":"https:\/\/news.save.ch\/neuheiten-an-der-sicherheit-2017\/#primaryimage"},"thumbnailUrl":"https:\/\/news.save.ch\/wp-content\/uploads\/2016\/12\/240_sicherheit_-_fotograf_thomas_entzeroth_1000137-scaled.jpg","datePublished":"2016-12-23T13:39:05+00:00","breadcrumb":{"@id":"https:\/\/news.save.ch\/neuheiten-an-der-sicherheit-2017\/#breadcrumb"},"inLanguage":"it-IT","potentialAction":[{"@type":"ReadAction","target":["https:\/\/news.save.ch\/neuheiten-an-der-sicherheit-2017\/"]}]},{"@type":"ImageObject","inLanguage":"it-IT","@id":"https:\/\/news.save.ch\/neuheiten-an-der-sicherheit-2017\/#primaryimage","url":"https:\/\/news.save.ch\/wp-content\/uploads\/2016\/12\/240_sicherheit_-_fotograf_thomas_entzeroth_1000137-scaled.jpg","contentUrl":"https:\/\/news.save.ch\/wp-content\/uploads\/2016\/12\/240_sicherheit_-_fotograf_thomas_entzeroth_1000137-scaled.jpg","width":1400,"height":932,"caption":"Foto: Thomas Entzeroth"},{"@type":"BreadcrumbList","@id":"https:\/\/news.save.ch\/neuheiten-an-der-sicherheit-2017\/#breadcrumb","itemListElement":[{"@type":"ListItem","position":1,"name":"Home","item":"https:\/\/news.save.ch\/de\/"},{"@type":"ListItem","position":2,"name":"Was ist neu an der Sicherheit 2017?"}]},{"@type":"WebSite","@id":"https:\/\/news.save.ch\/de\/#website","url":"https:\/\/news.save.ch\/de\/","name":"Risparmiare","description":"Rivista svizzera specializzata in sicurezza","publisher":{"@id":"https:\/\/news.save.ch\/de\/#organization"},"potentialAction":[{"@type":"SearchAction","target":{"@type":"EntryPoint","urlTemplate":"https:\/\/news.save.ch\/de\/?s={search_term_string}"},"query-input":{"@type":"PropertyValueSpecification","valueRequired":true,"valueName":"search_term_string"}}],"inLanguage":"it-IT"},{"@type":"Organization","@id":"https:\/\/news.save.ch\/de\/#organization","name":"Forum sulla sicurezza","url":"https:\/\/news.save.ch\/de\/","logo":{"@type":"ImageObject","inLanguage":"it-IT","@id":"https:\/\/news.save.ch\/de\/#\/schema\/logo\/image\/","url":"https:\/\/news.save.ch\/wp-content\/uploads\/2022\/06\/Logo_SF_2012.png","contentUrl":"https:\/\/news.save.ch\/wp-content\/uploads\/2022\/06\/Logo_SF_2012.png","width":1100,"height":91,"caption":"Sicherheitsforum"},"image":{"@id":"https:\/\/news.save.ch\/de\/#\/schema\/logo\/image\/"}},{"@type":"Person","@id":"https:\/\/news.save.ch\/de\/#\/schema\/person\/d5022db048e0e2b9785c50e5b24da5aa","name":"Roger Str\u00e4ssle","image":{"@type":"ImageObject","inLanguage":"it-IT","@id":"https:\/\/secure.gravatar.com\/avatar\/862a5569d087de48e5856e32f45d719a03804c891d6deb8d4f71a660e79e4a47?s=96&d=mm&r=g","url":"https:\/\/secure.gravatar.com\/avatar\/862a5569d087de48e5856e32f45d719a03804c891d6deb8d4f71a660e79e4a47?s=96&d=mm&r=g","contentUrl":"https:\/\/secure.gravatar.com\/avatar\/862a5569d087de48e5856e32f45d719a03804c891d6deb8d4f71a660e79e4a47?s=96&d=mm&r=g","caption":"Roger Str\u00e4ssle"},"url":"https:\/\/news.save.ch\/it\/author\/roger-straessle\/"}]}},"_links":{"self":[{"href":"https:\/\/news.save.ch\/it\/wp-json\/wp\/v2\/posts\/3583","targetHints":{"allow":["GET"]}}],"collection":[{"href":"https:\/\/news.save.ch\/it\/wp-json\/wp\/v2\/posts"}],"about":[{"href":"https:\/\/news.save.ch\/it\/wp-json\/wp\/v2\/types\/post"}],"author":[{"embeddable":true,"href":"https:\/\/news.save.ch\/it\/wp-json\/wp\/v2\/users\/8"}],"replies":[{"embeddable":true,"href":"https:\/\/news.save.ch\/it\/wp-json\/wp\/v2\/comments?post=3583"}],"version-history":[{"count":0,"href":"https:\/\/news.save.ch\/it\/wp-json\/wp\/v2\/posts\/3583\/revisions"}],"wp:featuredmedia":[{"embeddable":true,"href":"https:\/\/news.save.ch\/it\/wp-json\/wp\/v2\/media\/3593"}],"wp:attachment":[{"href":"https:\/\/news.save.ch\/it\/wp-json\/wp\/v2\/media?parent=3583"}],"wp:term":[{"taxonomy":"category","embeddable":true,"href":"https:\/\/news.save.ch\/it\/wp-json\/wp\/v2\/categories?post=3583"},{"taxonomy":"post_tag","embeddable":true,"href":"https:\/\/news.save.ch\/it\/wp-json\/wp\/v2\/tags?post=3583"}],"curies":[{"name":"wp","href":"https:\/\/api.w.org\/{rel}","templated":true}]}}