{"id":3627,"date":"2018-12-20T08:01:08","date_gmt":"2018-12-20T07:01:08","guid":{"rendered":"https:\/\/news.save.ch\/?p=3627"},"modified":"2023-03-14T09:05:08","modified_gmt":"2023-03-14T08:05:08","slug":"von-profi-zu-profi","status":null,"type":"post","link":"https:\/\/news.save.ch\/it\/von-profi-zu-profi\/","title":{"rendered":"Da professionista a professionista"},"content":{"rendered":"<figure id=\"attachment_3629\" aria-describedby=\"caption-attachment-3629\" style=\"width: 680px\" class=\"wp-caption alignnone\"><img loading=\"lazy\" decoding=\"async\" class=\"size-medium wp-image-3629\" src=\"http:\/\/develop.safety-plus.ch\/wp-content\/uploads\/2018\/12\/BAUMAG-17-Sa-17_Stimmung_Hallen.jpg\" alt=\"\" width=\"680\" height=\"453\" \/><figcaption id=\"caption-attachment-3629\" class=\"wp-caption-text\">La fiera svizzera delle macchine edili, delle attrezzature e degli utensili per l'edilizia. \u00a9 Fiere ZT<\/figcaption><\/figure>\n<p>Con 19.000 visitatori nazionali ed esteri, \u00e8 considerata la fiera e l'evento esclusivo per le innovazioni in termini di efficienza, sostenibilit\u00e0, protezione dell'ambiente e delle persone. I leader del mercato mondiale e i nuovi arrivati presentano le loro innovazioni 1:1 e attraverso occhiali virtuali. Il pubblico interessato trover\u00e0 di tutto, dalle macchine per l'edilizia e le attrezzature di sollevamento alle casseforme e ai ponteggi. Una nuova attrazione saranno le presentazioni giornaliere sulla \"Digitalizzazione in cantiere\" nei settori dell'edilizia, dell'ingegneria civile, delle costruzioni stradali e delle costruzioni in legno. I giovani potranno anche stupire con difficili lavori di muratura. Dopo che J\u00e9r\u00f4me Hug, originario di Lucerna, \u00e8 stato incoronato campione svizzero agli SwissSkills, allo Schaumauern ci sar\u00e0 anche un candidato alla Coppa del Mondo.<\/p>\n<p><strong>Pratiche di digitalizzazione in cantiere<\/strong><\/p>\n<p>Cosa significa BIM? Che cos'\u00e8 la digitalizzazione? E come influisce sulla pratica in cantiere? In collaborazione con Baublatt, l'Associazione svizzera dei direttori dei lavori organizza una serie di presentazioni specialistiche in cui le aziende presenteranno le loro esperienze, dal controllo 3D delle macchine alla realt\u00e0 aumentata. L'obiettivo degli eventi \u00e8 quello di mostrare ai professionisti cosa si fa gi\u00e0 oggi in Svizzera in termini di digitalizzazione nei cantieri - in altre parole, la pratica nella produzione di edifici e infrastrutture. Da un lato, i relatori presenteranno progetti di costruzione concreti, spiegheranno i termini e, dall'altro, renderanno visibili i limiti della fattibilit\u00e0. Anche il mondo digitale sar\u00e0 in mostra presso lo stand di Baukader Schweiz. Utilizzando occhiali VR, i partecipanti visiteranno un cantiere per 60 secondi per raccogliere il maggior numero di punti possibile.<\/p>\n<p>Data: 07 - 10 febbraio 2019, gio - dom 9.00 - 17.00<\/p>\n<p><a href=\"http:\/\/www.baumaschinen-messe.ch\" target=\"_blank\" rel=\"noopener\">www.baumaschinen-messe.ch<\/a><\/p>","protected":false},"excerpt":{"rendered":"<p>Mit 19 000 Besuchern aus dem In- und Ausland gilt sie als die exklusive Fachmesse und Event f\u00fcr Innovationen im Hinblick auf Effizienz, Nachhaltigkeit, Schutz der Umwelt und der Menschen. Weltmarktf\u00fchrer und Newcomer pr\u00e4sentieren ihre Innovationen 1:1 als auch durch die virtuelle Brille. Das interessierte Publikum findet alles von Baumaschinen \u00fcber Hebezeuge bis Schalungen und [&hellip;]<\/p>\n","protected":false},"author":1,"featured_media":3629,"comment_status":"open","ping_status":"open","sticky":false,"template":"","format":"standard","meta":{"_acf_changed":false,"pgc_sgb_lightbox_settings":"","footnotes":""},"categories":[1,3314],"tags":[1741,161,159,1947,3061,596],"class_list":["post-3627","post","type-post","status-publish","format-standard","has-post-thumbnail","hentry","category-allgemein","category-health-safety","tag-baumag","tag-bim","tag-digitalisierung","tag-effizienz","tag-swissskills","tag-veranstaltung"],"acf":[],"hkrextid":null,"publication":null,"issue":null,"workflow":null,"startPage":null,"spitzmarke":null,"_posts_by_tag_page_fields":{"widget_title":"","widget_tags":""},"_at_widget":"1","_yoast_wpseo_primary_category":"5","_yoast_wpseo_focuskw_text_input":"Baumag","_yoast_wpseo_opengraph-image":null,"_yoast_wpseo_opengraph-description":null,"_yoast_wpseo_opengraph-title":null,"enclosure":null,"_yoast_wpseo_twitter-title":null,"_yoast_wpseo_twitter-description":null,"_yoast_wpseo_twitter-image":null,"_wp_old_slug":null,"_yoast_wpseo_title":null,"_yoast_wpseo_canonical":null,"yoast_head":"<!-- This site is optimized with the Yoast SEO plugin v27.5 - https:\/\/yoast.com\/product\/yoast-seo-wordpress\/ -->\n<title>Von Profi zu Profi - Save<\/title>\n<meta name=\"description\" content=\"Die Baumag ist ein wichtiger Treffpunkt f\u00fcr den gesamten Baumaschinen- Sektor.\" \/>\n<meta name=\"robots\" content=\"index, follow, max-snippet:-1, max-image-preview:large, max-video-preview:-1\" \/>\n<link rel=\"canonical\" href=\"https:\/\/news.save.ch\/it\/von-profi-zu-profi\/\" \/>\n<meta property=\"og:locale\" content=\"it_IT\" \/>\n<meta property=\"og:type\" content=\"article\" \/>\n<meta property=\"og:title\" content=\"Von Profi zu Profi - Save\" \/>\n<meta property=\"og:description\" content=\"Die Baumag ist ein wichtiger Treffpunkt f\u00fcr den gesamten Baumaschinen- Sektor.\" \/>\n<meta property=\"og:url\" content=\"https:\/\/news.save.ch\/it\/von-profi-zu-profi\/\" \/>\n<meta property=\"og:site_name\" content=\"Save\" \/>\n<meta property=\"article:published_time\" content=\"2018-12-20T07:01:08+00:00\" \/>\n<meta property=\"article:modified_time\" content=\"2023-03-14T08:05:08+00:00\" \/>\n<meta property=\"og:image\" content=\"https:\/\/news.save.ch\/wp-content\/uploads\/2018\/12\/BAUMAG-17-Sa-17_Stimmung_Hallen-scaled-1.jpg\" \/>\n\t<meta property=\"og:image:width\" content=\"1200\" \/>\n\t<meta property=\"og:image:height\" content=\"800\" \/>\n\t<meta property=\"og:image:type\" content=\"image\/jpeg\" \/>\n<meta name=\"author\" content=\"admin\" \/>\n<meta name=\"twitter:card\" content=\"summary_large_image\" \/>\n<meta name=\"twitter:label1\" content=\"Scritto da\" \/>\n\t<meta name=\"twitter:data1\" content=\"admin\" \/>\n\t<meta name=\"twitter:label2\" content=\"Tempo di lettura stimato\" \/>\n\t<meta name=\"twitter:data2\" content=\"1 minuto\" \/>\n<script type=\"application\/ld+json\" class=\"yoast-schema-graph\">{\"@context\":\"https:\\\/\\\/schema.org\",\"@graph\":[{\"@type\":\"Article\",\"@id\":\"https:\\\/\\\/news.save.ch\\\/von-profi-zu-profi\\\/#article\",\"isPartOf\":{\"@id\":\"https:\\\/\\\/news.save.ch\\\/von-profi-zu-profi\\\/\"},\"author\":{\"name\":\"admin\",\"@id\":\"https:\\\/\\\/news.save.ch\\\/de\\\/#\\\/schema\\\/person\\\/d49e199490bad7c70d64b9ab51142f2b\"},\"headline\":\"Von Profi zu Profi\",\"datePublished\":\"2018-12-20T07:01:08+00:00\",\"dateModified\":\"2023-03-14T08:05:08+00:00\",\"mainEntityOfPage\":{\"@id\":\"https:\\\/\\\/news.save.ch\\\/von-profi-zu-profi\\\/\"},\"wordCount\":264,\"commentCount\":0,\"publisher\":{\"@id\":\"https:\\\/\\\/news.save.ch\\\/de\\\/#organization\"},\"image\":{\"@id\":\"https:\\\/\\\/news.save.ch\\\/von-profi-zu-profi\\\/#primaryimage\"},\"thumbnailUrl\":\"https:\\\/\\\/news.save.ch\\\/wp-content\\\/uploads\\\/2018\\\/12\\\/BAUMAG-17-Sa-17_Stimmung_Hallen-scaled-1.jpg\",\"keywords\":[\"Baumag\",\"BIM\",\"Digitalisierung\",\"Effizienz\",\"SwissSkills\",\"Veranstaltung\"],\"articleSection\":[\"ALLGEMEIN\",\"HEALTH &amp; SAFETY\"],\"inLanguage\":\"it-IT\"},{\"@type\":\"WebPage\",\"@id\":\"https:\\\/\\\/news.save.ch\\\/von-profi-zu-profi\\\/\",\"url\":\"https:\\\/\\\/news.save.ch\\\/von-profi-zu-profi\\\/\",\"name\":\"Von Profi zu Profi - Save\",\"isPartOf\":{\"@id\":\"https:\\\/\\\/news.save.ch\\\/de\\\/#website\"},\"primaryImageOfPage\":{\"@id\":\"https:\\\/\\\/news.save.ch\\\/von-profi-zu-profi\\\/#primaryimage\"},\"image\":{\"@id\":\"https:\\\/\\\/news.save.ch\\\/von-profi-zu-profi\\\/#primaryimage\"},\"thumbnailUrl\":\"https:\\\/\\\/news.save.ch\\\/wp-content\\\/uploads\\\/2018\\\/12\\\/BAUMAG-17-Sa-17_Stimmung_Hallen-scaled-1.jpg\",\"datePublished\":\"2018-12-20T07:01:08+00:00\",\"dateModified\":\"2023-03-14T08:05:08+00:00\",\"description\":\"Die Baumag ist ein wichtiger Treffpunkt f\u00fcr den gesamten Baumaschinen- Sektor.\",\"breadcrumb\":{\"@id\":\"https:\\\/\\\/news.save.ch\\\/von-profi-zu-profi\\\/#breadcrumb\"},\"inLanguage\":\"it-IT\",\"potentialAction\":[{\"@type\":\"ReadAction\",\"target\":[\"https:\\\/\\\/news.save.ch\\\/von-profi-zu-profi\\\/\"]}]},{\"@type\":\"ImageObject\",\"inLanguage\":\"it-IT\",\"@id\":\"https:\\\/\\\/news.save.ch\\\/von-profi-zu-profi\\\/#primaryimage\",\"url\":\"https:\\\/\\\/news.save.ch\\\/wp-content\\\/uploads\\\/2018\\\/12\\\/BAUMAG-17-Sa-17_Stimmung_Hallen-scaled-1.jpg\",\"contentUrl\":\"https:\\\/\\\/news.save.ch\\\/wp-content\\\/uploads\\\/2018\\\/12\\\/BAUMAG-17-Sa-17_Stimmung_Hallen-scaled-1.jpg\",\"width\":1200,\"height\":800,\"caption\":\"Die Schweizer Fachmesse f\u00fcr Baumaschinen, Bauger\u00e4te und Werkzeuge. \u00a9 ZT Fachmessen\"},{\"@type\":\"BreadcrumbList\",\"@id\":\"https:\\\/\\\/news.save.ch\\\/von-profi-zu-profi\\\/#breadcrumb\",\"itemListElement\":[{\"@type\":\"ListItem\",\"position\":1,\"name\":\"Home\",\"item\":\"https:\\\/\\\/news.save.ch\\\/de\\\/\"},{\"@type\":\"ListItem\",\"position\":2,\"name\":\"Von Profi zu Profi\"}]},{\"@type\":\"WebSite\",\"@id\":\"https:\\\/\\\/news.save.ch\\\/de\\\/#website\",\"url\":\"https:\\\/\\\/news.save.ch\\\/de\\\/\",\"name\":\"Save\",\"description\":\"Schweizer Fachzeitschrift f\u00fcr Sicherheit\",\"publisher\":{\"@id\":\"https:\\\/\\\/news.save.ch\\\/de\\\/#organization\"},\"potentialAction\":[{\"@type\":\"SearchAction\",\"target\":{\"@type\":\"EntryPoint\",\"urlTemplate\":\"https:\\\/\\\/news.save.ch\\\/de\\\/?s={search_term_string}\"},\"query-input\":{\"@type\":\"PropertyValueSpecification\",\"valueRequired\":true,\"valueName\":\"search_term_string\"}}],\"inLanguage\":\"it-IT\"},{\"@type\":\"Organization\",\"@id\":\"https:\\\/\\\/news.save.ch\\\/de\\\/#organization\",\"name\":\"Sicherheitsforum\",\"url\":\"https:\\\/\\\/news.save.ch\\\/de\\\/\",\"logo\":{\"@type\":\"ImageObject\",\"inLanguage\":\"it-IT\",\"@id\":\"https:\\\/\\\/news.save.ch\\\/de\\\/#\\\/schema\\\/logo\\\/image\\\/\",\"url\":\"https:\\\/\\\/news.save.ch\\\/wp-content\\\/uploads\\\/2022\\\/06\\\/Logo_SF_2012.png\",\"contentUrl\":\"https:\\\/\\\/news.save.ch\\\/wp-content\\\/uploads\\\/2022\\\/06\\\/Logo_SF_2012.png\",\"width\":1100,\"height\":91,\"caption\":\"Sicherheitsforum\"},\"image\":{\"@id\":\"https:\\\/\\\/news.save.ch\\\/de\\\/#\\\/schema\\\/logo\\\/image\\\/\"}},{\"@type\":\"Person\",\"@id\":\"https:\\\/\\\/news.save.ch\\\/de\\\/#\\\/schema\\\/person\\\/d49e199490bad7c70d64b9ab51142f2b\",\"name\":\"admin\",\"image\":{\"@type\":\"ImageObject\",\"inLanguage\":\"it-IT\",\"@id\":\"https:\\\/\\\/secure.gravatar.com\\\/avatar\\\/ae2f4d718e6c49043e314ce431e7e645d646302a24a5ef5a8bc8e3f5a032e319?s=96&d=mm&r=g\",\"url\":\"https:\\\/\\\/secure.gravatar.com\\\/avatar\\\/ae2f4d718e6c49043e314ce431e7e645d646302a24a5ef5a8bc8e3f5a032e319?s=96&d=mm&r=g\",\"contentUrl\":\"https:\\\/\\\/secure.gravatar.com\\\/avatar\\\/ae2f4d718e6c49043e314ce431e7e645d646302a24a5ef5a8bc8e3f5a032e319?s=96&d=mm&r=g\",\"caption\":\"admin\"},\"sameAs\":[\"https:\\\/\\\/develop.organisator.galledia.ch\"],\"url\":\"https:\\\/\\\/news.save.ch\\\/it\\\/author\\\/admin\\\/\"}]}<\/script>\n<!-- \/ Yoast SEO plugin. -->","yoast_head_json":{"title":"Da professionista a professionista - Salva","description":"Baumag \u00e8 un importante punto di incontro per l'intero settore delle macchine edili.","robots":{"index":"index","follow":"follow","max-snippet":"max-snippet:-1","max-image-preview":"max-image-preview:large","max-video-preview":"max-video-preview:-1"},"canonical":"https:\/\/news.save.ch\/it\/von-profi-zu-profi\/","og_locale":"it_IT","og_type":"article","og_title":"Von Profi zu Profi - Save","og_description":"Die Baumag ist ein wichtiger Treffpunkt f\u00fcr den gesamten Baumaschinen- Sektor.","og_url":"https:\/\/news.save.ch\/it\/von-profi-zu-profi\/","og_site_name":"Save","article_published_time":"2018-12-20T07:01:08+00:00","article_modified_time":"2023-03-14T08:05:08+00:00","og_image":[{"width":1200,"height":800,"url":"https:\/\/news.save.ch\/wp-content\/uploads\/2018\/12\/BAUMAG-17-Sa-17_Stimmung_Hallen-scaled-1.jpg","type":"image\/jpeg"}],"author":"admin","twitter_card":"summary_large_image","twitter_misc":{"Scritto da":"admin","Tempo di lettura stimato":"1 minuto"},"schema":{"@context":"https:\/\/schema.org","@graph":[{"@type":"Article","@id":"https:\/\/news.save.ch\/von-profi-zu-profi\/#article","isPartOf":{"@id":"https:\/\/news.save.ch\/von-profi-zu-profi\/"},"author":{"name":"admin","@id":"https:\/\/news.save.ch\/de\/#\/schema\/person\/d49e199490bad7c70d64b9ab51142f2b"},"headline":"Von Profi zu Profi","datePublished":"2018-12-20T07:01:08+00:00","dateModified":"2023-03-14T08:05:08+00:00","mainEntityOfPage":{"@id":"https:\/\/news.save.ch\/von-profi-zu-profi\/"},"wordCount":264,"commentCount":0,"publisher":{"@id":"https:\/\/news.save.ch\/de\/#organization"},"image":{"@id":"https:\/\/news.save.ch\/von-profi-zu-profi\/#primaryimage"},"thumbnailUrl":"https:\/\/news.save.ch\/wp-content\/uploads\/2018\/12\/BAUMAG-17-Sa-17_Stimmung_Hallen-scaled-1.jpg","keywords":["Baumag","BIM","Digitalisierung","Effizienz","SwissSkills","Veranstaltung"],"articleSection":["ALLGEMEIN","HEALTH &amp; SAFETY"],"inLanguage":"it-IT"},{"@type":"WebPage","@id":"https:\/\/news.save.ch\/von-profi-zu-profi\/","url":"https:\/\/news.save.ch\/von-profi-zu-profi\/","name":"Da professionista a professionista - Salva","isPartOf":{"@id":"https:\/\/news.save.ch\/de\/#website"},"primaryImageOfPage":{"@id":"https:\/\/news.save.ch\/von-profi-zu-profi\/#primaryimage"},"image":{"@id":"https:\/\/news.save.ch\/von-profi-zu-profi\/#primaryimage"},"thumbnailUrl":"https:\/\/news.save.ch\/wp-content\/uploads\/2018\/12\/BAUMAG-17-Sa-17_Stimmung_Hallen-scaled-1.jpg","datePublished":"2018-12-20T07:01:08+00:00","dateModified":"2023-03-14T08:05:08+00:00","description":"Baumag \u00e8 un importante punto di incontro per l'intero settore delle macchine edili.","breadcrumb":{"@id":"https:\/\/news.save.ch\/von-profi-zu-profi\/#breadcrumb"},"inLanguage":"it-IT","potentialAction":[{"@type":"ReadAction","target":["https:\/\/news.save.ch\/von-profi-zu-profi\/"]}]},{"@type":"ImageObject","inLanguage":"it-IT","@id":"https:\/\/news.save.ch\/von-profi-zu-profi\/#primaryimage","url":"https:\/\/news.save.ch\/wp-content\/uploads\/2018\/12\/BAUMAG-17-Sa-17_Stimmung_Hallen-scaled-1.jpg","contentUrl":"https:\/\/news.save.ch\/wp-content\/uploads\/2018\/12\/BAUMAG-17-Sa-17_Stimmung_Hallen-scaled-1.jpg","width":1200,"height":800,"caption":"Die Schweizer Fachmesse f\u00fcr Baumaschinen, Bauger\u00e4te und Werkzeuge. \u00a9 ZT Fachmessen"},{"@type":"BreadcrumbList","@id":"https:\/\/news.save.ch\/von-profi-zu-profi\/#breadcrumb","itemListElement":[{"@type":"ListItem","position":1,"name":"Home","item":"https:\/\/news.save.ch\/de\/"},{"@type":"ListItem","position":2,"name":"Von Profi zu Profi"}]},{"@type":"WebSite","@id":"https:\/\/news.save.ch\/de\/#website","url":"https:\/\/news.save.ch\/de\/","name":"Risparmiare","description":"Rivista svizzera specializzata in sicurezza","publisher":{"@id":"https:\/\/news.save.ch\/de\/#organization"},"potentialAction":[{"@type":"SearchAction","target":{"@type":"EntryPoint","urlTemplate":"https:\/\/news.save.ch\/de\/?s={search_term_string}"},"query-input":{"@type":"PropertyValueSpecification","valueRequired":true,"valueName":"search_term_string"}}],"inLanguage":"it-IT"},{"@type":"Organization","@id":"https:\/\/news.save.ch\/de\/#organization","name":"Forum sulla sicurezza","url":"https:\/\/news.save.ch\/de\/","logo":{"@type":"ImageObject","inLanguage":"it-IT","@id":"https:\/\/news.save.ch\/de\/#\/schema\/logo\/image\/","url":"https:\/\/news.save.ch\/wp-content\/uploads\/2022\/06\/Logo_SF_2012.png","contentUrl":"https:\/\/news.save.ch\/wp-content\/uploads\/2022\/06\/Logo_SF_2012.png","width":1100,"height":91,"caption":"Sicherheitsforum"},"image":{"@id":"https:\/\/news.save.ch\/de\/#\/schema\/logo\/image\/"}},{"@type":"Person","@id":"https:\/\/news.save.ch\/de\/#\/schema\/person\/d49e199490bad7c70d64b9ab51142f2b","name":"amministratore","image":{"@type":"ImageObject","inLanguage":"it-IT","@id":"https:\/\/secure.gravatar.com\/avatar\/ae2f4d718e6c49043e314ce431e7e645d646302a24a5ef5a8bc8e3f5a032e319?s=96&d=mm&r=g","url":"https:\/\/secure.gravatar.com\/avatar\/ae2f4d718e6c49043e314ce431e7e645d646302a24a5ef5a8bc8e3f5a032e319?s=96&d=mm&r=g","contentUrl":"https:\/\/secure.gravatar.com\/avatar\/ae2f4d718e6c49043e314ce431e7e645d646302a24a5ef5a8bc8e3f5a032e319?s=96&d=mm&r=g","caption":"admin"},"sameAs":["https:\/\/develop.organisator.galledia.ch"],"url":"https:\/\/news.save.ch\/it\/author\/admin\/"}]}},"_links":{"self":[{"href":"https:\/\/news.save.ch\/it\/wp-json\/wp\/v2\/posts\/3627","targetHints":{"allow":["GET"]}}],"collection":[{"href":"https:\/\/news.save.ch\/it\/wp-json\/wp\/v2\/posts"}],"about":[{"href":"https:\/\/news.save.ch\/it\/wp-json\/wp\/v2\/types\/post"}],"author":[{"embeddable":true,"href":"https:\/\/news.save.ch\/it\/wp-json\/wp\/v2\/users\/1"}],"replies":[{"embeddable":true,"href":"https:\/\/news.save.ch\/it\/wp-json\/wp\/v2\/comments?post=3627"}],"version-history":[{"count":1,"href":"https:\/\/news.save.ch\/it\/wp-json\/wp\/v2\/posts\/3627\/revisions"}],"predecessor-version":[{"id":18279,"href":"https:\/\/news.save.ch\/it\/wp-json\/wp\/v2\/posts\/3627\/revisions\/18279"}],"wp:featuredmedia":[{"embeddable":true,"href":"https:\/\/news.save.ch\/it\/wp-json\/wp\/v2\/media\/3629"}],"wp:attachment":[{"href":"https:\/\/news.save.ch\/it\/wp-json\/wp\/v2\/media?parent=3627"}],"wp:term":[{"taxonomy":"category","embeddable":true,"href":"https:\/\/news.save.ch\/it\/wp-json\/wp\/v2\/categories?post=3627"},{"taxonomy":"post_tag","embeddable":true,"href":"https:\/\/news.save.ch\/it\/wp-json\/wp\/v2\/tags?post=3627"}],"curies":[{"name":"wp","href":"https:\/\/api.w.org\/{rel}","templated":true}]}}