{"id":3641,"date":"2018-12-15T08:30:49","date_gmt":"2018-12-15T07:30:49","guid":{"rendered":"https:\/\/news.save.ch\/?p=3641"},"modified":"2023-03-14T09:05:33","modified_gmt":"2023-03-14T08:05:33","slug":"depressionen-ursachen-und-hilfen","status":null,"type":"post","link":"https:\/\/news.save.ch\/it\/depressionen-ursachen-und-hilfen\/","title":{"rendered":"Depressione: Cause e aiuto"},"content":{"rendered":"<figure id=\"attachment_3642\" aria-describedby=\"caption-attachment-3642\" style=\"width: 680px\" class=\"wp-caption alignnone\"><img loading=\"lazy\" decoding=\"async\" class=\"size-medium wp-image-3642\" src=\"http:\/\/develop.safety-plus.ch\/wp-content\/uploads\/2018\/12\/Depositphotos_evgenyataman.jpg\" alt=\"\" width=\"680\" height=\"400\" \/><figcaption id=\"caption-attachment-3642\" class=\"wp-caption-text\">Le misure naturopatiche aiutano a combattere la depressione.<br \/>\u00a9 Depositphotos\/evgenyataman<\/figcaption><\/figure>\n<p>Esistono molte opzioni olistiche e naturopatiche per la depressione che hanno dimostrato di aiutare e guarire. Tuttavia, chi soffre di depressione spesso non \u00e8 in grado di seguire semplicemente un programma sportivo, di guardare quale <a href=\"https:\/\/news.save.ch\/it\/ernaehrung-fuer-die-herzgesundheit\/\" target=\"_blank\" rel=\"noopener\">Integratori alimentari<\/a> sarebbe necessario per rendere la dieta pi\u00f9 sana, per ridurre gli effetti collaterali dei farmaci e per ridurre i costi di gestione. <a href=\"https:\/\/news.save.ch\/it\/medikamente-koennen-die-fahrfaehigkeit-beeintraechtigen-doch-diese-gefahr-wird-auf-schweizer-strassen-oftmals-unterschaetzt-mit-einer-neuen-kampagne-wollen-die-bfu-die-verbindung-der-schweizer-aerz\/\" target=\"_blank\" rel=\"noopener\">Farmaci<\/a> che sono stati presi per anni, per non parlare di mettere insieme un concetto olistico.<\/p>\n<p>Vorremmo quindi sottolineare a questo punto che il nostro articolo e le opzioni di auto-aiuto in esso elencate non sono destinate solo alle persone depresse, ma anche a parenti, medici e terapeuti che possono cos\u00ec assistere e sostenere le persone colpite di conseguenza. Perch\u00e9 hanno sicuramente bisogno di qualcosa di pi\u00f9 di un semplice farmaco e spesso anche di una psicoterapia.<\/p>\n<p>Tuttavia, non \u00e8 quasi mai vero che un approccio o un rimedio molto specifico possa aiutare ugualmente ogni persona che ne soffre. Al contrario, ogni persona sembra aver bisogno di un concetto molto individuale di misure diverse, soprattutto nel caso della depressione. Il nostro articolo intende indicare queste possibili misure. Quale di queste sia in ultima analisi utile e di aiuto nel singolo caso deve essere attentamente esaminata e decisa individualmente per ogni persona.<\/p>\n<p><strong>La definizione di depressione<\/strong><\/p>\n<p>La definizione ufficiale di depressione include sempre il termine disturbo mentale, che diventa evidente attraverso i sintomi descritti nel paragrafo successivo. La psiche, a sua volta, viene descritta come \"luogo del sentire e del pensare umano\". Sembra che la depressione sia un problema che si \u00e8 sviluppato nella nostra mente, ad esempio a seguito di esperienze negative. Ma questa \u00e8 solo una mezza verit\u00e0. Spesso la definizione di depressione dovrebbe includere anche riferimenti al fatto che in molti casi la malattia \u00e8 puramente fisica, come imparerete nel corso dell'articolo.<\/p>\n<p><strong>I sintomi della depressione<\/strong><\/p>\n<p>La depressione non pu\u00f2 essere paragonata a un umore basso o a un brutto carattere. \u00c8 uno stato da cui si crede di non potersi pi\u00f9 rialzare. Ci tiene prigionieri come in una prigione buia. Non c'\u00e8 speranza, non c'\u00e8 luce, non c'\u00e8 sorriso. Ci si sente cadere, ma non si raggiunge mai il fondo. Non importa quali siano le circostanze - se il sole o la pioggia, se i bambini ridono o piangono - nulla tocca, nulla arriva pi\u00f9 dentro di noi.<\/p>\n<p>Anche le cose che sono sempre state molto divertenti non sono pi\u00f9 stimolanti. Attivit\u00e0 che nelle persone sane non sono degne di nota, come lavarsi i capelli o vestirsi, si rivelano azioni dispendiose dal punto di vista energetico che in alcuni giorni non si riescono a fare. E quando si trova il coraggio di farlo, ci si stanca rapidamente, anche se agli occhi degli altri non si \u00e8 fatto alcuno sforzo.<\/p>\n<p>Nella linea guida per la depressione unipolare pubblicata dalla Societ\u00e0 tedesca di psichiatria e psicoterapia, psicosomatica e neurologia (DGPPN), si possono leggere molti altri sintomi che aiutano a riconoscere la depressione, ad esempio:<\/p>\n<ul>\n<li>\u00c8 difficile concentrarsi.<\/li>\n<li>Vi sentite senza valore.<\/li>\n<li>Si dorme male e ci si sveglia molto prima del solito.<\/li>\n<li>Non si ha appetito e si perde peso.<\/li>\n<li>Le persone non fanno pi\u00f9 progetti per il futuro.<\/li>\n<li>Si pensa a come sarebbe non esserci pi\u00f9 e si cerca, almeno mentalmente, un modo per farlo.<\/li>\n<\/ul>\n<p>Ulteriori informazioni sono disponibili ai seguenti indirizzi <a href=\"https:\/\/www.zentrum-der-gesundheit.de\/depressionen.html\" target=\"_blank\" rel=\"noopener\">Collegamento<\/a><\/p>\n<p>&nbsp;<\/p>\n<p>&nbsp;<\/p>\n<p>&nbsp;<\/p>","protected":false},"excerpt":{"rendered":"<p>Bei Depressionen gibt es viele ganzheitliche und naturheilkundliche M\u00f6glichkeiten, die nachweislich helfen und heilen k\u00f6nnen. Wer jedoch an Depressionen leidet, ist oft nicht in der Lage, mal eben ein Sportprogramm zu absolvieren, zu schauen, welche Nahrungserg\u00e4nzungen erforderlich w\u00e4ren, die Ern\u00e4hrung ges\u00fcnder zu gestalten, die Nebenwirkungen von Medikamenten zu \u00fcberpr\u00fcfen, die man seit Jahren nimmt, geschweige [&hellip;]<\/p>\n","protected":false},"author":1,"featured_media":3642,"comment_status":"open","ping_status":"open","sticky":false,"template":"","format":"standard","meta":{"_acf_changed":false,"pgc_sgb_lightbox_settings":"","footnotes":""},"categories":[1,3314],"tags":[1641,2165,149,146,2600,141,2729,2734,3027,3072],"class_list":["post-3641","post","type-post","status-publish","format-standard","has-post-thumbnail","hentry","category-allgemein","category-health-safety","tag-antidepressiva","tag-gesundheitsfoerderung","tag-gesundheitsschutz","tag-medikamente","tag-naturheilkunde","tag-praevention","tag-psychische-gesundheit","tag-psychotherapie","tag-sucht","tag-tabletten"],"acf":[],"hkrextid":null,"publication":null,"issue":null,"workflow":null,"startPage":null,"spitzmarke":null,"_posts_by_tag_page_fields":{"widget_title":"","widget_tags":""},"_at_widget":"1","_yoast_wpseo_primary_category":"3303","_yoast_wpseo_focuskw_text_input":"Depressionen","_yoast_wpseo_opengraph-image":null,"_yoast_wpseo_opengraph-description":null,"_yoast_wpseo_opengraph-title":null,"enclosure":null,"_yoast_wpseo_twitter-title":null,"_yoast_wpseo_twitter-description":null,"_yoast_wpseo_twitter-image":null,"_wp_old_slug":null,"_yoast_wpseo_title":null,"_yoast_wpseo_canonical":null,"yoast_head":"<!-- This site is optimized with the Yoast SEO plugin v27.5 - https:\/\/yoast.com\/product\/yoast-seo-wordpress\/ -->\n<title>Depressionen: Ursachen und Hilfen - Save<\/title>\n<meta name=\"description\" content=\"Depressionen betreffen immer mehr Menschen \u2013 die meisten nehmen Antidepressiva.\" \/>\n<meta name=\"robots\" content=\"index, follow, max-snippet:-1, max-image-preview:large, max-video-preview:-1\" \/>\n<link rel=\"canonical\" href=\"https:\/\/news.save.ch\/it\/depressionen-ursachen-und-hilfen\/\" \/>\n<meta property=\"og:locale\" content=\"it_IT\" \/>\n<meta property=\"og:type\" content=\"article\" \/>\n<meta property=\"og:title\" content=\"Depressionen: Ursachen und Hilfen - Save\" \/>\n<meta property=\"og:description\" content=\"Depressionen betreffen immer mehr Menschen \u2013 die meisten nehmen Antidepressiva.\" \/>\n<meta property=\"og:url\" content=\"https:\/\/news.save.ch\/it\/depressionen-ursachen-und-hilfen\/\" \/>\n<meta property=\"og:site_name\" content=\"Save\" \/>\n<meta property=\"article:published_time\" content=\"2018-12-15T07:30:49+00:00\" \/>\n<meta property=\"article:modified_time\" content=\"2023-03-14T08:05:33+00:00\" \/>\n<meta property=\"og:image\" content=\"https:\/\/news.save.ch\/wp-content\/uploads\/2018\/12\/Depositphotos_evgenyataman-scaled-1.jpg\" \/>\n\t<meta property=\"og:image:width\" content=\"1200\" \/>\n\t<meta property=\"og:image:height\" content=\"706\" \/>\n\t<meta property=\"og:image:type\" content=\"image\/jpeg\" \/>\n<meta name=\"author\" content=\"admin\" \/>\n<meta name=\"twitter:card\" content=\"summary_large_image\" \/>\n<meta name=\"twitter:label1\" content=\"Scritto da\" \/>\n\t<meta name=\"twitter:data1\" content=\"admin\" \/>\n\t<meta name=\"twitter:label2\" content=\"Tempo di lettura stimato\" \/>\n\t<meta name=\"twitter:data2\" content=\"3 minuti\" \/>\n<script type=\"application\/ld+json\" class=\"yoast-schema-graph\">{\"@context\":\"https:\\\/\\\/schema.org\",\"@graph\":[{\"@type\":\"Article\",\"@id\":\"https:\\\/\\\/news.save.ch\\\/depressionen-ursachen-und-hilfen\\\/#article\",\"isPartOf\":{\"@id\":\"https:\\\/\\\/news.save.ch\\\/depressionen-ursachen-und-hilfen\\\/\"},\"author\":{\"name\":\"admin\",\"@id\":\"https:\\\/\\\/news.save.ch\\\/de\\\/#\\\/schema\\\/person\\\/d49e199490bad7c70d64b9ab51142f2b\"},\"headline\":\"Depressionen: Ursachen und Hilfen\",\"datePublished\":\"2018-12-15T07:30:49+00:00\",\"dateModified\":\"2023-03-14T08:05:33+00:00\",\"mainEntityOfPage\":{\"@id\":\"https:\\\/\\\/news.save.ch\\\/depressionen-ursachen-und-hilfen\\\/\"},\"wordCount\":583,\"commentCount\":0,\"publisher\":{\"@id\":\"https:\\\/\\\/news.save.ch\\\/de\\\/#organization\"},\"image\":{\"@id\":\"https:\\\/\\\/news.save.ch\\\/depressionen-ursachen-und-hilfen\\\/#primaryimage\"},\"thumbnailUrl\":\"https:\\\/\\\/news.save.ch\\\/wp-content\\\/uploads\\\/2018\\\/12\\\/Depositphotos_evgenyataman-scaled-1.jpg\",\"keywords\":[\"Antidepressiva\",\"Gesundheitsf\u00f6rderung\",\"Gesundheitsschutz\",\"Medikamente\",\"Naturheilkunde\",\"Pr\u00e4vention\",\"Psychische Gesundheit\",\"Psychotherapie\",\"Sucht\",\"Tabletten\"],\"articleSection\":[\"ALLGEMEIN\",\"HEALTH &amp; SAFETY\"],\"inLanguage\":\"it-IT\"},{\"@type\":\"WebPage\",\"@id\":\"https:\\\/\\\/news.save.ch\\\/depressionen-ursachen-und-hilfen\\\/\",\"url\":\"https:\\\/\\\/news.save.ch\\\/depressionen-ursachen-und-hilfen\\\/\",\"name\":\"Depressionen: Ursachen und Hilfen - Save\",\"isPartOf\":{\"@id\":\"https:\\\/\\\/news.save.ch\\\/de\\\/#website\"},\"primaryImageOfPage\":{\"@id\":\"https:\\\/\\\/news.save.ch\\\/depressionen-ursachen-und-hilfen\\\/#primaryimage\"},\"image\":{\"@id\":\"https:\\\/\\\/news.save.ch\\\/depressionen-ursachen-und-hilfen\\\/#primaryimage\"},\"thumbnailUrl\":\"https:\\\/\\\/news.save.ch\\\/wp-content\\\/uploads\\\/2018\\\/12\\\/Depositphotos_evgenyataman-scaled-1.jpg\",\"datePublished\":\"2018-12-15T07:30:49+00:00\",\"dateModified\":\"2023-03-14T08:05:33+00:00\",\"description\":\"Depressionen betreffen immer mehr Menschen \u2013 die meisten nehmen Antidepressiva.\",\"breadcrumb\":{\"@id\":\"https:\\\/\\\/news.save.ch\\\/depressionen-ursachen-und-hilfen\\\/#breadcrumb\"},\"inLanguage\":\"it-IT\",\"potentialAction\":[{\"@type\":\"ReadAction\",\"target\":[\"https:\\\/\\\/news.save.ch\\\/depressionen-ursachen-und-hilfen\\\/\"]}]},{\"@type\":\"ImageObject\",\"inLanguage\":\"it-IT\",\"@id\":\"https:\\\/\\\/news.save.ch\\\/depressionen-ursachen-und-hilfen\\\/#primaryimage\",\"url\":\"https:\\\/\\\/news.save.ch\\\/wp-content\\\/uploads\\\/2018\\\/12\\\/Depositphotos_evgenyataman-scaled-1.jpg\",\"contentUrl\":\"https:\\\/\\\/news.save.ch\\\/wp-content\\\/uploads\\\/2018\\\/12\\\/Depositphotos_evgenyataman-scaled-1.jpg\",\"width\":1200,\"height\":706,\"caption\":\"Bei Depressionen helfen naturheilkundliche Massnahmen. \u00a9 Depositphotos\\\/evgenyataman\"},{\"@type\":\"BreadcrumbList\",\"@id\":\"https:\\\/\\\/news.save.ch\\\/depressionen-ursachen-und-hilfen\\\/#breadcrumb\",\"itemListElement\":[{\"@type\":\"ListItem\",\"position\":1,\"name\":\"Home\",\"item\":\"https:\\\/\\\/news.save.ch\\\/de\\\/\"},{\"@type\":\"ListItem\",\"position\":2,\"name\":\"Depressionen: Ursachen und Hilfen\"}]},{\"@type\":\"WebSite\",\"@id\":\"https:\\\/\\\/news.save.ch\\\/de\\\/#website\",\"url\":\"https:\\\/\\\/news.save.ch\\\/de\\\/\",\"name\":\"Save\",\"description\":\"Schweizer Fachzeitschrift f\u00fcr Sicherheit\",\"publisher\":{\"@id\":\"https:\\\/\\\/news.save.ch\\\/de\\\/#organization\"},\"potentialAction\":[{\"@type\":\"SearchAction\",\"target\":{\"@type\":\"EntryPoint\",\"urlTemplate\":\"https:\\\/\\\/news.save.ch\\\/de\\\/?s={search_term_string}\"},\"query-input\":{\"@type\":\"PropertyValueSpecification\",\"valueRequired\":true,\"valueName\":\"search_term_string\"}}],\"inLanguage\":\"it-IT\"},{\"@type\":\"Organization\",\"@id\":\"https:\\\/\\\/news.save.ch\\\/de\\\/#organization\",\"name\":\"Sicherheitsforum\",\"url\":\"https:\\\/\\\/news.save.ch\\\/de\\\/\",\"logo\":{\"@type\":\"ImageObject\",\"inLanguage\":\"it-IT\",\"@id\":\"https:\\\/\\\/news.save.ch\\\/de\\\/#\\\/schema\\\/logo\\\/image\\\/\",\"url\":\"https:\\\/\\\/news.save.ch\\\/wp-content\\\/uploads\\\/2022\\\/06\\\/Logo_SF_2012.png\",\"contentUrl\":\"https:\\\/\\\/news.save.ch\\\/wp-content\\\/uploads\\\/2022\\\/06\\\/Logo_SF_2012.png\",\"width\":1100,\"height\":91,\"caption\":\"Sicherheitsforum\"},\"image\":{\"@id\":\"https:\\\/\\\/news.save.ch\\\/de\\\/#\\\/schema\\\/logo\\\/image\\\/\"}},{\"@type\":\"Person\",\"@id\":\"https:\\\/\\\/news.save.ch\\\/de\\\/#\\\/schema\\\/person\\\/d49e199490bad7c70d64b9ab51142f2b\",\"name\":\"admin\",\"image\":{\"@type\":\"ImageObject\",\"inLanguage\":\"it-IT\",\"@id\":\"https:\\\/\\\/secure.gravatar.com\\\/avatar\\\/ae2f4d718e6c49043e314ce431e7e645d646302a24a5ef5a8bc8e3f5a032e319?s=96&d=mm&r=g\",\"url\":\"https:\\\/\\\/secure.gravatar.com\\\/avatar\\\/ae2f4d718e6c49043e314ce431e7e645d646302a24a5ef5a8bc8e3f5a032e319?s=96&d=mm&r=g\",\"contentUrl\":\"https:\\\/\\\/secure.gravatar.com\\\/avatar\\\/ae2f4d718e6c49043e314ce431e7e645d646302a24a5ef5a8bc8e3f5a032e319?s=96&d=mm&r=g\",\"caption\":\"admin\"},\"sameAs\":[\"https:\\\/\\\/develop.organisator.galledia.ch\"],\"url\":\"https:\\\/\\\/news.save.ch\\\/it\\\/author\\\/admin\\\/\"}]}<\/script>\n<!-- \/ Yoast SEO plugin. -->","yoast_head_json":{"title":"Depressione: Cause e aiuto - Save","description":"La depressione colpisce un numero sempre maggiore di persone, la maggior parte delle quali assume antidepressivi.","robots":{"index":"index","follow":"follow","max-snippet":"max-snippet:-1","max-image-preview":"max-image-preview:large","max-video-preview":"max-video-preview:-1"},"canonical":"https:\/\/news.save.ch\/it\/depressionen-ursachen-und-hilfen\/","og_locale":"it_IT","og_type":"article","og_title":"Depressionen: Ursachen und Hilfen - Save","og_description":"Depressionen betreffen immer mehr Menschen \u2013 die meisten nehmen Antidepressiva.","og_url":"https:\/\/news.save.ch\/it\/depressionen-ursachen-und-hilfen\/","og_site_name":"Save","article_published_time":"2018-12-15T07:30:49+00:00","article_modified_time":"2023-03-14T08:05:33+00:00","og_image":[{"width":1200,"height":706,"url":"https:\/\/news.save.ch\/wp-content\/uploads\/2018\/12\/Depositphotos_evgenyataman-scaled-1.jpg","type":"image\/jpeg"}],"author":"admin","twitter_card":"summary_large_image","twitter_misc":{"Scritto da":"admin","Tempo di lettura stimato":"3 minuti"},"schema":{"@context":"https:\/\/schema.org","@graph":[{"@type":"Article","@id":"https:\/\/news.save.ch\/depressionen-ursachen-und-hilfen\/#article","isPartOf":{"@id":"https:\/\/news.save.ch\/depressionen-ursachen-und-hilfen\/"},"author":{"name":"admin","@id":"https:\/\/news.save.ch\/de\/#\/schema\/person\/d49e199490bad7c70d64b9ab51142f2b"},"headline":"Depressionen: Ursachen und Hilfen","datePublished":"2018-12-15T07:30:49+00:00","dateModified":"2023-03-14T08:05:33+00:00","mainEntityOfPage":{"@id":"https:\/\/news.save.ch\/depressionen-ursachen-und-hilfen\/"},"wordCount":583,"commentCount":0,"publisher":{"@id":"https:\/\/news.save.ch\/de\/#organization"},"image":{"@id":"https:\/\/news.save.ch\/depressionen-ursachen-und-hilfen\/#primaryimage"},"thumbnailUrl":"https:\/\/news.save.ch\/wp-content\/uploads\/2018\/12\/Depositphotos_evgenyataman-scaled-1.jpg","keywords":["Antidepressiva","Gesundheitsf\u00f6rderung","Gesundheitsschutz","Medikamente","Naturheilkunde","Pr\u00e4vention","Psychische Gesundheit","Psychotherapie","Sucht","Tabletten"],"articleSection":["ALLGEMEIN","HEALTH &amp; SAFETY"],"inLanguage":"it-IT"},{"@type":"WebPage","@id":"https:\/\/news.save.ch\/depressionen-ursachen-und-hilfen\/","url":"https:\/\/news.save.ch\/depressionen-ursachen-und-hilfen\/","name":"Depressione: Cause e aiuto - Save","isPartOf":{"@id":"https:\/\/news.save.ch\/de\/#website"},"primaryImageOfPage":{"@id":"https:\/\/news.save.ch\/depressionen-ursachen-und-hilfen\/#primaryimage"},"image":{"@id":"https:\/\/news.save.ch\/depressionen-ursachen-und-hilfen\/#primaryimage"},"thumbnailUrl":"https:\/\/news.save.ch\/wp-content\/uploads\/2018\/12\/Depositphotos_evgenyataman-scaled-1.jpg","datePublished":"2018-12-15T07:30:49+00:00","dateModified":"2023-03-14T08:05:33+00:00","description":"La depressione colpisce un numero sempre maggiore di persone, la maggior parte delle quali assume antidepressivi.","breadcrumb":{"@id":"https:\/\/news.save.ch\/depressionen-ursachen-und-hilfen\/#breadcrumb"},"inLanguage":"it-IT","potentialAction":[{"@type":"ReadAction","target":["https:\/\/news.save.ch\/depressionen-ursachen-und-hilfen\/"]}]},{"@type":"ImageObject","inLanguage":"it-IT","@id":"https:\/\/news.save.ch\/depressionen-ursachen-und-hilfen\/#primaryimage","url":"https:\/\/news.save.ch\/wp-content\/uploads\/2018\/12\/Depositphotos_evgenyataman-scaled-1.jpg","contentUrl":"https:\/\/news.save.ch\/wp-content\/uploads\/2018\/12\/Depositphotos_evgenyataman-scaled-1.jpg","width":1200,"height":706,"caption":"Bei Depressionen helfen naturheilkundliche Massnahmen. \u00a9 Depositphotos\/evgenyataman"},{"@type":"BreadcrumbList","@id":"https:\/\/news.save.ch\/depressionen-ursachen-und-hilfen\/#breadcrumb","itemListElement":[{"@type":"ListItem","position":1,"name":"Home","item":"https:\/\/news.save.ch\/de\/"},{"@type":"ListItem","position":2,"name":"Depressionen: Ursachen und Hilfen"}]},{"@type":"WebSite","@id":"https:\/\/news.save.ch\/de\/#website","url":"https:\/\/news.save.ch\/de\/","name":"Risparmiare","description":"Rivista svizzera specializzata in sicurezza","publisher":{"@id":"https:\/\/news.save.ch\/de\/#organization"},"potentialAction":[{"@type":"SearchAction","target":{"@type":"EntryPoint","urlTemplate":"https:\/\/news.save.ch\/de\/?s={search_term_string}"},"query-input":{"@type":"PropertyValueSpecification","valueRequired":true,"valueName":"search_term_string"}}],"inLanguage":"it-IT"},{"@type":"Organization","@id":"https:\/\/news.save.ch\/de\/#organization","name":"Forum sulla sicurezza","url":"https:\/\/news.save.ch\/de\/","logo":{"@type":"ImageObject","inLanguage":"it-IT","@id":"https:\/\/news.save.ch\/de\/#\/schema\/logo\/image\/","url":"https:\/\/news.save.ch\/wp-content\/uploads\/2022\/06\/Logo_SF_2012.png","contentUrl":"https:\/\/news.save.ch\/wp-content\/uploads\/2022\/06\/Logo_SF_2012.png","width":1100,"height":91,"caption":"Sicherheitsforum"},"image":{"@id":"https:\/\/news.save.ch\/de\/#\/schema\/logo\/image\/"}},{"@type":"Person","@id":"https:\/\/news.save.ch\/de\/#\/schema\/person\/d49e199490bad7c70d64b9ab51142f2b","name":"amministratore","image":{"@type":"ImageObject","inLanguage":"it-IT","@id":"https:\/\/secure.gravatar.com\/avatar\/ae2f4d718e6c49043e314ce431e7e645d646302a24a5ef5a8bc8e3f5a032e319?s=96&d=mm&r=g","url":"https:\/\/secure.gravatar.com\/avatar\/ae2f4d718e6c49043e314ce431e7e645d646302a24a5ef5a8bc8e3f5a032e319?s=96&d=mm&r=g","contentUrl":"https:\/\/secure.gravatar.com\/avatar\/ae2f4d718e6c49043e314ce431e7e645d646302a24a5ef5a8bc8e3f5a032e319?s=96&d=mm&r=g","caption":"admin"},"sameAs":["https:\/\/develop.organisator.galledia.ch"],"url":"https:\/\/news.save.ch\/it\/author\/admin\/"}]}},"_links":{"self":[{"href":"https:\/\/news.save.ch\/it\/wp-json\/wp\/v2\/posts\/3641","targetHints":{"allow":["GET"]}}],"collection":[{"href":"https:\/\/news.save.ch\/it\/wp-json\/wp\/v2\/posts"}],"about":[{"href":"https:\/\/news.save.ch\/it\/wp-json\/wp\/v2\/types\/post"}],"author":[{"embeddable":true,"href":"https:\/\/news.save.ch\/it\/wp-json\/wp\/v2\/users\/1"}],"replies":[{"embeddable":true,"href":"https:\/\/news.save.ch\/it\/wp-json\/wp\/v2\/comments?post=3641"}],"version-history":[{"count":1,"href":"https:\/\/news.save.ch\/it\/wp-json\/wp\/v2\/posts\/3641\/revisions"}],"predecessor-version":[{"id":18688,"href":"https:\/\/news.save.ch\/it\/wp-json\/wp\/v2\/posts\/3641\/revisions\/18688"}],"wp:featuredmedia":[{"embeddable":true,"href":"https:\/\/news.save.ch\/it\/wp-json\/wp\/v2\/media\/3642"}],"wp:attachment":[{"href":"https:\/\/news.save.ch\/it\/wp-json\/wp\/v2\/media?parent=3641"}],"wp:term":[{"taxonomy":"category","embeddable":true,"href":"https:\/\/news.save.ch\/it\/wp-json\/wp\/v2\/categories?post=3641"},{"taxonomy":"post_tag","embeddable":true,"href":"https:\/\/news.save.ch\/it\/wp-json\/wp\/v2\/tags?post=3641"}],"curies":[{"name":"wp","href":"https:\/\/api.w.org\/{rel}","templated":true}]}}