{"id":3683,"date":"2019-01-04T08:33:40","date_gmt":"2019-01-04T07:33:40","guid":{"rendered":"https:\/\/news.save.ch\/?p=3683"},"modified":"2023-03-14T09:05:33","modified_gmt":"2023-03-14T08:05:33","slug":"der-depression-eine-stimme-geben","status":null,"type":"post","link":"https:\/\/news.save.ch\/it\/der-depression-eine-stimme-geben\/","title":{"rendered":"Dare voce alla depressione"},"content":{"rendered":"<figure id=\"attachment_3685\" aria-describedby=\"caption-attachment-3685\" style=\"width: 680px\" class=\"wp-caption alignnone\"><img loading=\"lazy\" decoding=\"async\" class=\"size-medium wp-image-3685\" src=\"http:\/\/develop.safety-plus.ch\/wp-content\/uploads\/2019\/01\/Depositphotos_monkeybusiness.jpg\" alt=\"\" width=\"680\" height=\"453\" \/><figcaption id=\"caption-attachment-3685\" class=\"wp-caption-text\">Un nuovo sito web multimediale interattivo permette alle persone che soffrono di depressione di dire la loro - clip di esperti informano sulla malattia. \u00a9 Depositphotos\/monkeybusiness<\/figcaption><\/figure>\n<p>Le persone colpite possono inviare testimonianze scritte o file audio e video per il sito web. \"Vogliamo un approccio aperto a <a href=\"https:\/\/news.save.ch\/it\/?s=Depression\" target=\"_blank\" rel=\"noopener\">Depressione<\/a> e quindi risvegliare la comprensione per la malattia, che spesso \u00e8 difficile da comprendere per gli estranei\", spiegano i promotori del progetto Michaela Kirst e Axel Schmidt. Gli approfondimenti molto personali sono integrati da brevi video di esperti. Questi contengono le informazioni pi\u00f9 importanti su sintomi, cause e opzioni di trattamento della depressione. \"L'utente pu\u00f2 cos\u00ec informarsi sulla depressione senza dover leggere lunghi testi\", spiega l'agenzia Knick Design, che ha progettato e realizzato il sito. Anche le celebrit\u00e0 stanno facendo una campagna di informazione sulla depressione sul sito web. Oltre all'intrattenitore Harald Schmidt, anche la presentatrice e attrice Nova Meierhenrich e la blogger Victoria van Violence hanno detto la loro. \"Il sito web \u00e8 una piattaforma educativa unica sulla depressione. Non c'\u00e8 nulla di paragonabile su Internet\", sottolinea il regista e psichiatra Axel Schmidt.<\/p>\n<p><strong>Un anno nella vita delle persone affette da depressione - Il film documentario ha dato impulso al sito web educativo<\/strong><\/p>\n<p>Il sito web \u00e8 stato sviluppato a partire dal progetto cinematografico \"The middle of the night is the beginning of the day\". Per il film documentario, Michaela Kirst e Axel Schmidt hanno accompagnato per un anno due donne affette da depressione e una famiglia colpita. Il film \u00e8 stato presentato in anteprima nel 2016 e da allora \u00e8 stato proiettato nei cinema in oltre 90 localit\u00e0. Il documentario pu\u00f2 essere ordinato in DVD per la visione a casa. \"Durante la ricerca dei protagonisti per il nostro documentario, molte persone ci hanno confidato le loro esperienze. Non abbiamo potuto includerle tutte nel film. Tuttavia, abbiamo ritenuto davvero importante dare una casa a tutte queste storie diverse\", afferma la regista e produttrice Michaela Kirst di sagamedia, spiegando l'idea del progetto.<\/p>\n<p><strong>Ancora molti pregiudizi e lacune nella conoscenza della malattia<\/strong><\/p>\n<p>Ogni anno, in Germania, 5,3 milioni di persone soffrono di depressione che richiede un trattamento. Questa malattia diffusa \u00e8 caratterizzata, tra l'altro, da umore depresso, mancanza di interesse e di gioia, disturbi del sonno persistenti e senso di disperazione. Il Prof. Ulrich Hegerl, Presidente del Consiglio di Amministrazione della Fondazione tedesca per l'aiuto alla depressione, vede ancora un grande bisogno di educazione: \"Dalle nostre indagini a livello nazionale sappiamo che ci sono ancora grandi lacune nella conoscenza e nei pregiudizi sulla depressione tra la popolazione tedesca. Molte persone non capiscono che la depressione \u00e8 una malattia grave che pu\u00f2 colpire chiunque e richiede un trattamento professionale. Confondono la depressione con le preoccupazioni o <a href=\"https:\/\/news.save.ch\/it\/stress-in-schweizer-betrieben\/\" target=\"_blank\" rel=\"noopener\">Domanda eccessiva<\/a>che tutti sperimentano una volta nella vita quotidiana\". Il sito web offre quindi una visione molto personale e autentica di ci\u00f2 che si prova con la malattia, dando cos\u00ec un importante contributo alla sensibilizzazione.<\/p>\n<p><strong>Pi\u00f9 informazioni<\/strong><\/p>\n<p>Le testimonianze delle persone colpite e i filmati degli esperti sono disponibili al seguente indirizzo <a href=\"http:\/\/www.die-mitte-der-nacht.de\" target=\"_blank\" rel=\"noopener\">www.die-mitte-der-nacht.de<\/a>.<br \/>\nIl film documentario \"The middle of the night is the beginning of the day\" \u00e8 disponibile in DVD da <a href=\"http:\/\/www.deutsche-depressionshilfe.de\/infomaterial\" target=\"_blank\" rel=\"noopener\">www.deutsche-depressionshilfe.de\/infomaterial<\/a> disponibile.<\/p>","protected":false},"excerpt":{"rendered":"<p>Die Betroffenen k\u00f6nnen f\u00fcr die Website schriftliche Erfahrungsberichte oder Audio- und Video-Dateien einreichen. \u201eWir wollen einen offenen Umgang mit Depression f\u00f6rdern und so Verst\u00e4ndnis wecken f\u00fcr die Erkrankung, die f\u00fcr Aussenstehende oft schwer greifbar ist\u201c erkl\u00e4ren die Initiatoren des Projekts Michaela Kirst und Axel Schmidt. Erg\u00e4nzt werden die sehr pers\u00f6nlichen Einblicke durch kurze Experten-Videos. Diese [&hellip;]<\/p>\n","protected":false},"author":1,"featured_media":3685,"comment_status":"open","ping_status":"open","sticky":false,"template":"","format":"standard","meta":{"_acf_changed":false,"pgc_sgb_lightbox_settings":"","footnotes":""},"categories":[1,3314],"tags":[1702,1775,1893,1986,1990,2165,149,146,2729,2954],"class_list":["post-3683","post","type-post","status-publish","format-standard","has-post-thumbnail","hentry","category-allgemein","category-health-safety","tag-aufklaerung","tag-betriebliches-gesundheitsmanagement","tag-depression","tag-erfahrungen","tag-erkrankung","tag-gesundheitsfoerderung","tag-gesundheitsschutz","tag-medikamente","tag-psychische-gesundheit","tag-sorgen"],"acf":[],"hkrextid":null,"publication":null,"issue":null,"workflow":null,"startPage":null,"spitzmarke":null,"_posts_by_tag_page_fields":{"widget_title":"","widget_tags":""},"_at_widget":"1","_yoast_wpseo_primary_category":"3303","_yoast_wpseo_focuskw_text_input":"Depression","_yoast_wpseo_opengraph-image":null,"_yoast_wpseo_opengraph-description":null,"_yoast_wpseo_opengraph-title":null,"enclosure":null,"_yoast_wpseo_twitter-title":null,"_yoast_wpseo_twitter-description":null,"_yoast_wpseo_twitter-image":null,"_wp_old_slug":null,"_yoast_wpseo_title":null,"_yoast_wpseo_canonical":null,"yoast_head":"<!-- This site is optimized with the Yoast SEO plugin v27.4 - https:\/\/yoast.com\/product\/yoast-seo-wordpress\/ -->\n<title>Der Depression eine Stimme geben - Save<\/title>\n<meta name=\"description\" content=\"Betroffene und Angeh\u00f6rige k\u00f6nnen unter eine Aufkl\u00e4rungs-Webseite der Depression eine Stimme geben.\" \/>\n<meta name=\"robots\" content=\"index, follow, max-snippet:-1, max-image-preview:large, max-video-preview:-1\" \/>\n<link rel=\"canonical\" href=\"https:\/\/news.save.ch\/it\/der-depression-eine-stimme-geben\/\" \/>\n<meta property=\"og:locale\" content=\"it_IT\" \/>\n<meta property=\"og:type\" content=\"article\" \/>\n<meta property=\"og:title\" content=\"Der Depression eine Stimme geben - Save\" \/>\n<meta property=\"og:description\" content=\"Betroffene und Angeh\u00f6rige k\u00f6nnen unter eine Aufkl\u00e4rungs-Webseite der Depression eine Stimme geben.\" \/>\n<meta property=\"og:url\" content=\"https:\/\/news.save.ch\/it\/der-depression-eine-stimme-geben\/\" \/>\n<meta property=\"og:site_name\" content=\"Save\" \/>\n<meta property=\"article:published_time\" content=\"2019-01-04T07:33:40+00:00\" \/>\n<meta property=\"article:modified_time\" content=\"2023-03-14T08:05:33+00:00\" \/>\n<meta property=\"og:image\" content=\"https:\/\/news.save.ch\/wp-content\/uploads\/2019\/01\/Depositphotos_monkeybusiness-scaled-1.jpg\" \/>\n\t<meta property=\"og:image:width\" content=\"1200\" \/>\n\t<meta property=\"og:image:height\" content=\"800\" \/>\n\t<meta property=\"og:image:type\" content=\"image\/jpeg\" \/>\n<meta name=\"author\" content=\"admin\" \/>\n<meta name=\"twitter:card\" content=\"summary_large_image\" \/>\n<meta name=\"twitter:label1\" content=\"Scritto da\" \/>\n\t<meta name=\"twitter:data1\" content=\"admin\" \/>\n\t<meta name=\"twitter:label2\" content=\"Tempo di lettura stimato\" \/>\n\t<meta name=\"twitter:data2\" content=\"3 minuti\" \/>\n<script type=\"application\/ld+json\" class=\"yoast-schema-graph\">{\"@context\":\"https:\\\/\\\/schema.org\",\"@graph\":[{\"@type\":\"Article\",\"@id\":\"https:\\\/\\\/news.save.ch\\\/der-depression-eine-stimme-geben\\\/#article\",\"isPartOf\":{\"@id\":\"https:\\\/\\\/news.save.ch\\\/der-depression-eine-stimme-geben\\\/\"},\"author\":{\"name\":\"admin\",\"@id\":\"https:\\\/\\\/news.save.ch\\\/de\\\/#\\\/schema\\\/person\\\/d49e199490bad7c70d64b9ab51142f2b\"},\"headline\":\"Der Depression eine Stimme geben\",\"datePublished\":\"2019-01-04T07:33:40+00:00\",\"dateModified\":\"2023-03-14T08:05:33+00:00\",\"mainEntityOfPage\":{\"@id\":\"https:\\\/\\\/news.save.ch\\\/der-depression-eine-stimme-geben\\\/\"},\"wordCount\":505,\"commentCount\":0,\"publisher\":{\"@id\":\"https:\\\/\\\/news.save.ch\\\/de\\\/#organization\"},\"image\":{\"@id\":\"https:\\\/\\\/news.save.ch\\\/der-depression-eine-stimme-geben\\\/#primaryimage\"},\"thumbnailUrl\":\"https:\\\/\\\/news.save.ch\\\/wp-content\\\/uploads\\\/2019\\\/01\\\/Depositphotos_monkeybusiness-scaled-1.jpg\",\"keywords\":[\"Aufkl\u00e4rung\",\"Betriebliches Gesundheitsmanagement\",\"Depression\",\"Erfahrungen\",\"Erkrankung\",\"Gesundheitsf\u00f6rderung\",\"Gesundheitsschutz\",\"Medikamente\",\"Psychische Gesundheit\",\"Sorgen\"],\"articleSection\":[\"ALLGEMEIN\",\"HEALTH &amp; SAFETY\"],\"inLanguage\":\"it-IT\"},{\"@type\":\"WebPage\",\"@id\":\"https:\\\/\\\/news.save.ch\\\/der-depression-eine-stimme-geben\\\/\",\"url\":\"https:\\\/\\\/news.save.ch\\\/der-depression-eine-stimme-geben\\\/\",\"name\":\"Der Depression eine Stimme geben - Save\",\"isPartOf\":{\"@id\":\"https:\\\/\\\/news.save.ch\\\/de\\\/#website\"},\"primaryImageOfPage\":{\"@id\":\"https:\\\/\\\/news.save.ch\\\/der-depression-eine-stimme-geben\\\/#primaryimage\"},\"image\":{\"@id\":\"https:\\\/\\\/news.save.ch\\\/der-depression-eine-stimme-geben\\\/#primaryimage\"},\"thumbnailUrl\":\"https:\\\/\\\/news.save.ch\\\/wp-content\\\/uploads\\\/2019\\\/01\\\/Depositphotos_monkeybusiness-scaled-1.jpg\",\"datePublished\":\"2019-01-04T07:33:40+00:00\",\"dateModified\":\"2023-03-14T08:05:33+00:00\",\"description\":\"Betroffene und Angeh\u00f6rige k\u00f6nnen unter eine Aufkl\u00e4rungs-Webseite der Depression eine Stimme geben.\",\"breadcrumb\":{\"@id\":\"https:\\\/\\\/news.save.ch\\\/der-depression-eine-stimme-geben\\\/#breadcrumb\"},\"inLanguage\":\"it-IT\",\"potentialAction\":[{\"@type\":\"ReadAction\",\"target\":[\"https:\\\/\\\/news.save.ch\\\/der-depression-eine-stimme-geben\\\/\"]}]},{\"@type\":\"ImageObject\",\"inLanguage\":\"it-IT\",\"@id\":\"https:\\\/\\\/news.save.ch\\\/der-depression-eine-stimme-geben\\\/#primaryimage\",\"url\":\"https:\\\/\\\/news.save.ch\\\/wp-content\\\/uploads\\\/2019\\\/01\\\/Depositphotos_monkeybusiness-scaled-1.jpg\",\"contentUrl\":\"https:\\\/\\\/news.save.ch\\\/wp-content\\\/uploads\\\/2019\\\/01\\\/Depositphotos_monkeybusiness-scaled-1.jpg\",\"width\":1200,\"height\":800,\"caption\":\"Neue multimediale interaktive Website l\u00e4sst an Depression erkrankte Menschen zu Wort kommen \u2013 Experten-Clips informieren \u00fcber Erkrankung \u00a9 Depositphotos\\\/monkeybusiness\"},{\"@type\":\"BreadcrumbList\",\"@id\":\"https:\\\/\\\/news.save.ch\\\/der-depression-eine-stimme-geben\\\/#breadcrumb\",\"itemListElement\":[{\"@type\":\"ListItem\",\"position\":1,\"name\":\"Home\",\"item\":\"https:\\\/\\\/news.save.ch\\\/de\\\/\"},{\"@type\":\"ListItem\",\"position\":2,\"name\":\"Der Depression eine Stimme geben\"}]},{\"@type\":\"WebSite\",\"@id\":\"https:\\\/\\\/news.save.ch\\\/de\\\/#website\",\"url\":\"https:\\\/\\\/news.save.ch\\\/de\\\/\",\"name\":\"Save\",\"description\":\"Schweizer Fachzeitschrift f\u00fcr Sicherheit\",\"publisher\":{\"@id\":\"https:\\\/\\\/news.save.ch\\\/de\\\/#organization\"},\"potentialAction\":[{\"@type\":\"SearchAction\",\"target\":{\"@type\":\"EntryPoint\",\"urlTemplate\":\"https:\\\/\\\/news.save.ch\\\/de\\\/?s={search_term_string}\"},\"query-input\":{\"@type\":\"PropertyValueSpecification\",\"valueRequired\":true,\"valueName\":\"search_term_string\"}}],\"inLanguage\":\"it-IT\"},{\"@type\":\"Organization\",\"@id\":\"https:\\\/\\\/news.save.ch\\\/de\\\/#organization\",\"name\":\"Sicherheitsforum\",\"url\":\"https:\\\/\\\/news.save.ch\\\/de\\\/\",\"logo\":{\"@type\":\"ImageObject\",\"inLanguage\":\"it-IT\",\"@id\":\"https:\\\/\\\/news.save.ch\\\/de\\\/#\\\/schema\\\/logo\\\/image\\\/\",\"url\":\"https:\\\/\\\/news.save.ch\\\/wp-content\\\/uploads\\\/2022\\\/06\\\/Logo_SF_2012.png\",\"contentUrl\":\"https:\\\/\\\/news.save.ch\\\/wp-content\\\/uploads\\\/2022\\\/06\\\/Logo_SF_2012.png\",\"width\":1100,\"height\":91,\"caption\":\"Sicherheitsforum\"},\"image\":{\"@id\":\"https:\\\/\\\/news.save.ch\\\/de\\\/#\\\/schema\\\/logo\\\/image\\\/\"}},{\"@type\":\"Person\",\"@id\":\"https:\\\/\\\/news.save.ch\\\/de\\\/#\\\/schema\\\/person\\\/d49e199490bad7c70d64b9ab51142f2b\",\"name\":\"admin\",\"image\":{\"@type\":\"ImageObject\",\"inLanguage\":\"it-IT\",\"@id\":\"https:\\\/\\\/secure.gravatar.com\\\/avatar\\\/ae2f4d718e6c49043e314ce431e7e645d646302a24a5ef5a8bc8e3f5a032e319?s=96&d=mm&r=g\",\"url\":\"https:\\\/\\\/secure.gravatar.com\\\/avatar\\\/ae2f4d718e6c49043e314ce431e7e645d646302a24a5ef5a8bc8e3f5a032e319?s=96&d=mm&r=g\",\"contentUrl\":\"https:\\\/\\\/secure.gravatar.com\\\/avatar\\\/ae2f4d718e6c49043e314ce431e7e645d646302a24a5ef5a8bc8e3f5a032e319?s=96&d=mm&r=g\",\"caption\":\"admin\"},\"sameAs\":[\"https:\\\/\\\/develop.organisator.galledia.ch\"],\"url\":\"https:\\\/\\\/news.save.ch\\\/it\\\/author\\\/admin\\\/\"}]}<\/script>\n<!-- \/ Yoast SEO plugin. -->","yoast_head_json":{"title":"Dare voce alla depressione - Save","description":"Le persone colpite e i familiari possono dare voce alla depressione attraverso un sito web educativo.","robots":{"index":"index","follow":"follow","max-snippet":"max-snippet:-1","max-image-preview":"max-image-preview:large","max-video-preview":"max-video-preview:-1"},"canonical":"https:\/\/news.save.ch\/it\/der-depression-eine-stimme-geben\/","og_locale":"it_IT","og_type":"article","og_title":"Der Depression eine Stimme geben - Save","og_description":"Betroffene und Angeh\u00f6rige k\u00f6nnen unter eine Aufkl\u00e4rungs-Webseite der Depression eine Stimme geben.","og_url":"https:\/\/news.save.ch\/it\/der-depression-eine-stimme-geben\/","og_site_name":"Save","article_published_time":"2019-01-04T07:33:40+00:00","article_modified_time":"2023-03-14T08:05:33+00:00","og_image":[{"width":1200,"height":800,"url":"https:\/\/news.save.ch\/wp-content\/uploads\/2019\/01\/Depositphotos_monkeybusiness-scaled-1.jpg","type":"image\/jpeg"}],"author":"admin","twitter_card":"summary_large_image","twitter_misc":{"Scritto da":"admin","Tempo di lettura stimato":"3 minuti"},"schema":{"@context":"https:\/\/schema.org","@graph":[{"@type":"Article","@id":"https:\/\/news.save.ch\/der-depression-eine-stimme-geben\/#article","isPartOf":{"@id":"https:\/\/news.save.ch\/der-depression-eine-stimme-geben\/"},"author":{"name":"admin","@id":"https:\/\/news.save.ch\/de\/#\/schema\/person\/d49e199490bad7c70d64b9ab51142f2b"},"headline":"Der Depression eine Stimme geben","datePublished":"2019-01-04T07:33:40+00:00","dateModified":"2023-03-14T08:05:33+00:00","mainEntityOfPage":{"@id":"https:\/\/news.save.ch\/der-depression-eine-stimme-geben\/"},"wordCount":505,"commentCount":0,"publisher":{"@id":"https:\/\/news.save.ch\/de\/#organization"},"image":{"@id":"https:\/\/news.save.ch\/der-depression-eine-stimme-geben\/#primaryimage"},"thumbnailUrl":"https:\/\/news.save.ch\/wp-content\/uploads\/2019\/01\/Depositphotos_monkeybusiness-scaled-1.jpg","keywords":["Aufkl\u00e4rung","Betriebliches Gesundheitsmanagement","Depression","Erfahrungen","Erkrankung","Gesundheitsf\u00f6rderung","Gesundheitsschutz","Medikamente","Psychische Gesundheit","Sorgen"],"articleSection":["ALLGEMEIN","HEALTH &amp; SAFETY"],"inLanguage":"it-IT"},{"@type":"WebPage","@id":"https:\/\/news.save.ch\/der-depression-eine-stimme-geben\/","url":"https:\/\/news.save.ch\/der-depression-eine-stimme-geben\/","name":"Dare voce alla depressione - Save","isPartOf":{"@id":"https:\/\/news.save.ch\/de\/#website"},"primaryImageOfPage":{"@id":"https:\/\/news.save.ch\/der-depression-eine-stimme-geben\/#primaryimage"},"image":{"@id":"https:\/\/news.save.ch\/der-depression-eine-stimme-geben\/#primaryimage"},"thumbnailUrl":"https:\/\/news.save.ch\/wp-content\/uploads\/2019\/01\/Depositphotos_monkeybusiness-scaled-1.jpg","datePublished":"2019-01-04T07:33:40+00:00","dateModified":"2023-03-14T08:05:33+00:00","description":"Le persone colpite e i familiari possono dare voce alla depressione attraverso un sito web educativo.","breadcrumb":{"@id":"https:\/\/news.save.ch\/der-depression-eine-stimme-geben\/#breadcrumb"},"inLanguage":"it-IT","potentialAction":[{"@type":"ReadAction","target":["https:\/\/news.save.ch\/der-depression-eine-stimme-geben\/"]}]},{"@type":"ImageObject","inLanguage":"it-IT","@id":"https:\/\/news.save.ch\/der-depression-eine-stimme-geben\/#primaryimage","url":"https:\/\/news.save.ch\/wp-content\/uploads\/2019\/01\/Depositphotos_monkeybusiness-scaled-1.jpg","contentUrl":"https:\/\/news.save.ch\/wp-content\/uploads\/2019\/01\/Depositphotos_monkeybusiness-scaled-1.jpg","width":1200,"height":800,"caption":"Neue multimediale interaktive Website l\u00e4sst an Depression erkrankte Menschen zu Wort kommen \u2013 Experten-Clips informieren \u00fcber Erkrankung \u00a9 Depositphotos\/monkeybusiness"},{"@type":"BreadcrumbList","@id":"https:\/\/news.save.ch\/der-depression-eine-stimme-geben\/#breadcrumb","itemListElement":[{"@type":"ListItem","position":1,"name":"Home","item":"https:\/\/news.save.ch\/de\/"},{"@type":"ListItem","position":2,"name":"Der Depression eine Stimme geben"}]},{"@type":"WebSite","@id":"https:\/\/news.save.ch\/de\/#website","url":"https:\/\/news.save.ch\/de\/","name":"Risparmiare","description":"Rivista svizzera specializzata in sicurezza","publisher":{"@id":"https:\/\/news.save.ch\/de\/#organization"},"potentialAction":[{"@type":"SearchAction","target":{"@type":"EntryPoint","urlTemplate":"https:\/\/news.save.ch\/de\/?s={search_term_string}"},"query-input":{"@type":"PropertyValueSpecification","valueRequired":true,"valueName":"search_term_string"}}],"inLanguage":"it-IT"},{"@type":"Organization","@id":"https:\/\/news.save.ch\/de\/#organization","name":"Forum sulla sicurezza","url":"https:\/\/news.save.ch\/de\/","logo":{"@type":"ImageObject","inLanguage":"it-IT","@id":"https:\/\/news.save.ch\/de\/#\/schema\/logo\/image\/","url":"https:\/\/news.save.ch\/wp-content\/uploads\/2022\/06\/Logo_SF_2012.png","contentUrl":"https:\/\/news.save.ch\/wp-content\/uploads\/2022\/06\/Logo_SF_2012.png","width":1100,"height":91,"caption":"Sicherheitsforum"},"image":{"@id":"https:\/\/news.save.ch\/de\/#\/schema\/logo\/image\/"}},{"@type":"Person","@id":"https:\/\/news.save.ch\/de\/#\/schema\/person\/d49e199490bad7c70d64b9ab51142f2b","name":"amministratore","image":{"@type":"ImageObject","inLanguage":"it-IT","@id":"https:\/\/secure.gravatar.com\/avatar\/ae2f4d718e6c49043e314ce431e7e645d646302a24a5ef5a8bc8e3f5a032e319?s=96&d=mm&r=g","url":"https:\/\/secure.gravatar.com\/avatar\/ae2f4d718e6c49043e314ce431e7e645d646302a24a5ef5a8bc8e3f5a032e319?s=96&d=mm&r=g","contentUrl":"https:\/\/secure.gravatar.com\/avatar\/ae2f4d718e6c49043e314ce431e7e645d646302a24a5ef5a8bc8e3f5a032e319?s=96&d=mm&r=g","caption":"admin"},"sameAs":["https:\/\/develop.organisator.galledia.ch"],"url":"https:\/\/news.save.ch\/it\/author\/admin\/"}]}},"_links":{"self":[{"href":"https:\/\/news.save.ch\/it\/wp-json\/wp\/v2\/posts\/3683","targetHints":{"allow":["GET"]}}],"collection":[{"href":"https:\/\/news.save.ch\/it\/wp-json\/wp\/v2\/posts"}],"about":[{"href":"https:\/\/news.save.ch\/it\/wp-json\/wp\/v2\/types\/post"}],"author":[{"embeddable":true,"href":"https:\/\/news.save.ch\/it\/wp-json\/wp\/v2\/users\/1"}],"replies":[{"embeddable":true,"href":"https:\/\/news.save.ch\/it\/wp-json\/wp\/v2\/comments?post=3683"}],"version-history":[{"count":1,"href":"https:\/\/news.save.ch\/it\/wp-json\/wp\/v2\/posts\/3683\/revisions"}],"predecessor-version":[{"id":18277,"href":"https:\/\/news.save.ch\/it\/wp-json\/wp\/v2\/posts\/3683\/revisions\/18277"}],"wp:featuredmedia":[{"embeddable":true,"href":"https:\/\/news.save.ch\/it\/wp-json\/wp\/v2\/media\/3685"}],"wp:attachment":[{"href":"https:\/\/news.save.ch\/it\/wp-json\/wp\/v2\/media?parent=3683"}],"wp:term":[{"taxonomy":"category","embeddable":true,"href":"https:\/\/news.save.ch\/it\/wp-json\/wp\/v2\/categories?post=3683"},{"taxonomy":"post_tag","embeddable":true,"href":"https:\/\/news.save.ch\/it\/wp-json\/wp\/v2\/tags?post=3683"}],"curies":[{"name":"wp","href":"https:\/\/api.w.org\/{rel}","templated":true}]}}