{"id":3695,"date":"2017-01-16T18:18:40","date_gmt":"2017-01-16T17:18:40","guid":{"rendered":"https:\/\/sicherheitsforum.ch\/?p=3695"},"modified":"2023-03-14T09:00:02","modified_gmt":"2023-03-14T08:00:02","slug":"alexander-bradfisch-ist-neuer-ceo-der-glutz-ag","status":null,"type":"post","link":"https:\/\/news.save.ch\/it\/alexander-bradfisch-ist-neuer-ceo-der-glutz-ag\/","title":{"rendered":"Alexander Bradfisch \u00e8 il nuovo CEO di Glutz AG"},"content":{"rendered":"<figure id=\"attachment_3696\" aria-describedby=\"caption-attachment-3696\" style=\"width: 680px\" class=\"wp-caption aligncenter\"><img loading=\"lazy\" decoding=\"async\" class=\"size-medium wp-image-3696\" src=\"https:\/\/news.save.ch\/wp-content\/uploads\/2017\/01\/glutz_ceo_-scaled-1.jpg\" alt=\"\" width=\"680\" height=\"453\" \/><figcaption id=\"caption-attachment-3696\" class=\"wp-caption-text\">\u00a9 depositphotos<\/figcaption><\/figure>\n<p>La persona che lavora nell'area di accesso <a href=\"https:\/\/glutz.com\">Glutz AG<\/a> ha organizzato la successione per et\u00e0 ai vertici dell'azienda. Dopo 20 anni come CEO, Peter Riedweg ha passato le redini al suo successore Alexander Bradfisch alla fine del 2016, secondo un comunicato dell'azienda. Il 43enne cittadino tedesco ha completato un apprendistato come impiegato industriale e si \u00e8 laureato in economia aziendale internazionale. Grazie a una carriera continua come controller, sales controller, sales manager e business manager, Bradfisch ha una solida esperienza di gestione e leadership. Secondo il comunicato, il nuovo CEO di Glutz ha acquisito esperienza nel settore negli ultimi dieci anni in funzioni di gestione e direzione aziendale presso Geze GmbH, Geze Service GmbH e Bosch Sicherheitstechnik GmbH. Bradfisch \u00e8 sposato e padre di una figlia di un anno.<\/p>\n<p><strong>Riedweg nuovo membro del Consiglio di amministrazione<\/strong><\/p>\n<p>Peter Riedweg rimarr\u00e0 associato all'azienda come consulente senior. In questa funzione ha assunto anche il mandato di membro del Consiglio di amministrazione di Glutz AG all'inizio del 2017. Theo Strausak, Presidente del Consiglio di Amministrazione di Glutz Holding AG: \"Quando Peter Riedweg ha assunto la direzione di Glutz AG nel 1997, l'azienda si trovava in un contesto economico estremamente difficile. \u00c8 riuscito a rimettere in carreggiata l'azienda e successivamente a posizionare la Glutz AG all'avanguardia del settore con prodotti e idee innovative.\"<\/p>","protected":false},"excerpt":{"rendered":"<p>Die im Zutrittsbereich t\u00e4tige Glutz AG hat die altersbedingte Nachfolge an der operativen Unternehmensspitze geregelt. Nach 20 Jahren als CEO hat Peter Riedweg auf Ende 2016 die Gesch\u00e4ftsf\u00fchrung seinem Nachfolger Alexander Bradfisch \u00fcbergeben, wie das Unternehmen in einer Mitteilung schreibt. Der 43-j\u00e4hrige deutsche Staatsb\u00fcrger habe eine Ausbildung als Industriekaufmann absolvierte und ein Studium der internationalen [&hellip;]<\/p>\n","protected":false},"author":8,"featured_media":3696,"comment_status":"open","ping_status":"open","sticky":false,"template":"","format":"standard","meta":{"_acf_changed":false,"pgc_sgb_lightbox_settings":"","footnotes":""},"categories":[3312],"tags":[65],"class_list":["post-3695","post","type-post","status-publish","format-standard","has-post-thumbnail","hentry","category-sicherheit","tag-unternehmen"],"acf":[],"hkrextid":null,"publication":null,"issue":null,"workflow":null,"startPage":null,"spitzmarke":null,"_posts_by_tag_page_fields":{"widget_title":"","widget_tags":""},"_at_widget":"1","_yoast_wpseo_primary_category":"3303","_yoast_wpseo_focuskw_text_input":"Glutz AG","_yoast_wpseo_opengraph-image":null,"_yoast_wpseo_opengraph-description":null,"_yoast_wpseo_opengraph-title":null,"enclosure":null,"_yoast_wpseo_twitter-title":null,"_yoast_wpseo_twitter-description":null,"_yoast_wpseo_twitter-image":null,"_wp_old_slug":null,"_yoast_wpseo_title":null,"_yoast_wpseo_canonical":null,"yoast_head":"<!-- This site is optimized with the Yoast SEO plugin v27.5 - https:\/\/yoast.com\/product\/yoast-seo-wordpress\/ -->\n<title>Alexander Bradfisch ist neuer CEO der Glutz AG - Save<\/title>\n<meta name=\"description\" content=\"Der neue CEO der im Zutrittsbereich t\u00e4tigen Firma Glutz heisst Alexander Bradfisch. Er hat Peter Riedweg abgel\u00f6st.\" \/>\n<meta name=\"robots\" content=\"index, follow, max-snippet:-1, max-image-preview:large, max-video-preview:-1\" \/>\n<link rel=\"canonical\" href=\"https:\/\/news.save.ch\/it\/alexander-bradfisch-ist-neuer-ceo-der-glutz-ag\/\" \/>\n<meta property=\"og:locale\" content=\"it_IT\" \/>\n<meta property=\"og:type\" content=\"article\" \/>\n<meta property=\"og:title\" content=\"Alexander Bradfisch ist neuer CEO der Glutz AG - Save\" \/>\n<meta property=\"og:description\" content=\"Der neue CEO der im Zutrittsbereich t\u00e4tigen Firma Glutz heisst Alexander Bradfisch. Er hat Peter Riedweg abgel\u00f6st.\" \/>\n<meta property=\"og:url\" content=\"https:\/\/news.save.ch\/it\/alexander-bradfisch-ist-neuer-ceo-der-glutz-ag\/\" \/>\n<meta property=\"og:site_name\" content=\"Save\" \/>\n<meta property=\"article:published_time\" content=\"2017-01-16T17:18:40+00:00\" \/>\n<meta property=\"article:modified_time\" content=\"2023-03-14T08:00:02+00:00\" \/>\n<meta property=\"og:image\" content=\"https:\/\/news.save.ch\/wp-content\/uploads\/2017\/01\/glutz_ceo_-scaled-1-scaled.jpg\" \/>\n\t<meta property=\"og:image:width\" content=\"1400\" \/>\n\t<meta property=\"og:image:height\" content=\"934\" \/>\n\t<meta property=\"og:image:type\" content=\"image\/jpeg\" \/>\n<meta name=\"author\" content=\"Roger Str\u00e4ssle\" \/>\n<meta name=\"twitter:card\" content=\"summary_large_image\" \/>\n<meta name=\"twitter:label1\" content=\"Scritto da\" \/>\n\t<meta name=\"twitter:data1\" content=\"Roger Str\u00e4ssle\" \/>\n\t<meta name=\"twitter:label2\" content=\"Tempo di lettura stimato\" \/>\n\t<meta name=\"twitter:data2\" content=\"1 minuto\" \/>\n<script type=\"application\/ld+json\" class=\"yoast-schema-graph\">{\"@context\":\"https:\\\/\\\/schema.org\",\"@graph\":[{\"@type\":\"Article\",\"@id\":\"https:\\\/\\\/news.save.ch\\\/alexander-bradfisch-ist-neuer-ceo-der-glutz-ag\\\/#article\",\"isPartOf\":{\"@id\":\"https:\\\/\\\/news.save.ch\\\/alexander-bradfisch-ist-neuer-ceo-der-glutz-ag\\\/\"},\"author\":{\"name\":\"Roger Str\u00e4ssle\",\"@id\":\"https:\\\/\\\/news.save.ch\\\/de\\\/#\\\/schema\\\/person\\\/d5022db048e0e2b9785c50e5b24da5aa\"},\"headline\":\"Alexander Bradfisch ist neuer CEO der Glutz AG\",\"datePublished\":\"2017-01-16T17:18:40+00:00\",\"dateModified\":\"2023-03-14T08:00:02+00:00\",\"mainEntityOfPage\":{\"@id\":\"https:\\\/\\\/news.save.ch\\\/alexander-bradfisch-ist-neuer-ceo-der-glutz-ag\\\/\"},\"wordCount\":223,\"commentCount\":0,\"publisher\":{\"@id\":\"https:\\\/\\\/news.save.ch\\\/de\\\/#organization\"},\"image\":{\"@id\":\"https:\\\/\\\/news.save.ch\\\/alexander-bradfisch-ist-neuer-ceo-der-glutz-ag\\\/#primaryimage\"},\"thumbnailUrl\":\"https:\\\/\\\/news.save.ch\\\/wp-content\\\/uploads\\\/2017\\\/01\\\/glutz_ceo_-scaled-1-scaled.jpg\",\"keywords\":[\"Unternehmen\"],\"articleSection\":[\"SICHERHEIT\"],\"inLanguage\":\"it-IT\"},{\"@type\":\"WebPage\",\"@id\":\"https:\\\/\\\/news.save.ch\\\/alexander-bradfisch-ist-neuer-ceo-der-glutz-ag\\\/\",\"url\":\"https:\\\/\\\/news.save.ch\\\/alexander-bradfisch-ist-neuer-ceo-der-glutz-ag\\\/\",\"name\":\"Alexander Bradfisch ist neuer CEO der Glutz AG - Save\",\"isPartOf\":{\"@id\":\"https:\\\/\\\/news.save.ch\\\/de\\\/#website\"},\"primaryImageOfPage\":{\"@id\":\"https:\\\/\\\/news.save.ch\\\/alexander-bradfisch-ist-neuer-ceo-der-glutz-ag\\\/#primaryimage\"},\"image\":{\"@id\":\"https:\\\/\\\/news.save.ch\\\/alexander-bradfisch-ist-neuer-ceo-der-glutz-ag\\\/#primaryimage\"},\"thumbnailUrl\":\"https:\\\/\\\/news.save.ch\\\/wp-content\\\/uploads\\\/2017\\\/01\\\/glutz_ceo_-scaled-1-scaled.jpg\",\"datePublished\":\"2017-01-16T17:18:40+00:00\",\"dateModified\":\"2023-03-14T08:00:02+00:00\",\"description\":\"Der neue CEO der im Zutrittsbereich t\u00e4tigen Firma Glutz heisst Alexander Bradfisch. Er hat Peter Riedweg abgel\u00f6st.\",\"breadcrumb\":{\"@id\":\"https:\\\/\\\/news.save.ch\\\/alexander-bradfisch-ist-neuer-ceo-der-glutz-ag\\\/#breadcrumb\"},\"inLanguage\":\"it-IT\",\"potentialAction\":[{\"@type\":\"ReadAction\",\"target\":[\"https:\\\/\\\/news.save.ch\\\/alexander-bradfisch-ist-neuer-ceo-der-glutz-ag\\\/\"]}]},{\"@type\":\"ImageObject\",\"inLanguage\":\"it-IT\",\"@id\":\"https:\\\/\\\/news.save.ch\\\/alexander-bradfisch-ist-neuer-ceo-der-glutz-ag\\\/#primaryimage\",\"url\":\"https:\\\/\\\/news.save.ch\\\/wp-content\\\/uploads\\\/2017\\\/01\\\/glutz_ceo_-scaled-1-scaled.jpg\",\"contentUrl\":\"https:\\\/\\\/news.save.ch\\\/wp-content\\\/uploads\\\/2017\\\/01\\\/glutz_ceo_-scaled-1-scaled.jpg\",\"width\":1400,\"height\":934,\"caption\":\"\u00a9 depositphotos\"},{\"@type\":\"BreadcrumbList\",\"@id\":\"https:\\\/\\\/news.save.ch\\\/alexander-bradfisch-ist-neuer-ceo-der-glutz-ag\\\/#breadcrumb\",\"itemListElement\":[{\"@type\":\"ListItem\",\"position\":1,\"name\":\"Home\",\"item\":\"https:\\\/\\\/news.save.ch\\\/de\\\/\"},{\"@type\":\"ListItem\",\"position\":2,\"name\":\"Alexander Bradfisch ist neuer CEO der Glutz AG\"}]},{\"@type\":\"WebSite\",\"@id\":\"https:\\\/\\\/news.save.ch\\\/de\\\/#website\",\"url\":\"https:\\\/\\\/news.save.ch\\\/de\\\/\",\"name\":\"Save\",\"description\":\"Schweizer Fachzeitschrift f\u00fcr Sicherheit\",\"publisher\":{\"@id\":\"https:\\\/\\\/news.save.ch\\\/de\\\/#organization\"},\"potentialAction\":[{\"@type\":\"SearchAction\",\"target\":{\"@type\":\"EntryPoint\",\"urlTemplate\":\"https:\\\/\\\/news.save.ch\\\/de\\\/?s={search_term_string}\"},\"query-input\":{\"@type\":\"PropertyValueSpecification\",\"valueRequired\":true,\"valueName\":\"search_term_string\"}}],\"inLanguage\":\"it-IT\"},{\"@type\":\"Organization\",\"@id\":\"https:\\\/\\\/news.save.ch\\\/de\\\/#organization\",\"name\":\"Sicherheitsforum\",\"url\":\"https:\\\/\\\/news.save.ch\\\/de\\\/\",\"logo\":{\"@type\":\"ImageObject\",\"inLanguage\":\"it-IT\",\"@id\":\"https:\\\/\\\/news.save.ch\\\/de\\\/#\\\/schema\\\/logo\\\/image\\\/\",\"url\":\"https:\\\/\\\/news.save.ch\\\/wp-content\\\/uploads\\\/2022\\\/06\\\/Logo_SF_2012.png\",\"contentUrl\":\"https:\\\/\\\/news.save.ch\\\/wp-content\\\/uploads\\\/2022\\\/06\\\/Logo_SF_2012.png\",\"width\":1100,\"height\":91,\"caption\":\"Sicherheitsforum\"},\"image\":{\"@id\":\"https:\\\/\\\/news.save.ch\\\/de\\\/#\\\/schema\\\/logo\\\/image\\\/\"}},{\"@type\":\"Person\",\"@id\":\"https:\\\/\\\/news.save.ch\\\/de\\\/#\\\/schema\\\/person\\\/d5022db048e0e2b9785c50e5b24da5aa\",\"name\":\"Roger Str\u00e4ssle\",\"image\":{\"@type\":\"ImageObject\",\"inLanguage\":\"it-IT\",\"@id\":\"https:\\\/\\\/secure.gravatar.com\\\/avatar\\\/862a5569d087de48e5856e32f45d719a03804c891d6deb8d4f71a660e79e4a47?s=96&d=mm&r=g\",\"url\":\"https:\\\/\\\/secure.gravatar.com\\\/avatar\\\/862a5569d087de48e5856e32f45d719a03804c891d6deb8d4f71a660e79e4a47?s=96&d=mm&r=g\",\"contentUrl\":\"https:\\\/\\\/secure.gravatar.com\\\/avatar\\\/862a5569d087de48e5856e32f45d719a03804c891d6deb8d4f71a660e79e4a47?s=96&d=mm&r=g\",\"caption\":\"Roger Str\u00e4ssle\"},\"url\":\"https:\\\/\\\/news.save.ch\\\/it\\\/author\\\/roger-straessle\\\/\"}]}<\/script>\n<!-- \/ Yoast SEO plugin. -->","yoast_head_json":{"title":"Alexander Bradfisch \u00e8 il nuovo CEO di Glutz AG - Save","description":"Il nuovo CEO di Glutz, azienda attiva nel settore degli accessi, \u00e8 Alexander Bradfisch. Ha preso il posto di Peter Riedweg.","robots":{"index":"index","follow":"follow","max-snippet":"max-snippet:-1","max-image-preview":"max-image-preview:large","max-video-preview":"max-video-preview:-1"},"canonical":"https:\/\/news.save.ch\/it\/alexander-bradfisch-ist-neuer-ceo-der-glutz-ag\/","og_locale":"it_IT","og_type":"article","og_title":"Alexander Bradfisch ist neuer CEO der Glutz AG - Save","og_description":"Der neue CEO der im Zutrittsbereich t\u00e4tigen Firma Glutz heisst Alexander Bradfisch. Er hat Peter Riedweg abgel\u00f6st.","og_url":"https:\/\/news.save.ch\/it\/alexander-bradfisch-ist-neuer-ceo-der-glutz-ag\/","og_site_name":"Save","article_published_time":"2017-01-16T17:18:40+00:00","article_modified_time":"2023-03-14T08:00:02+00:00","og_image":[{"width":1400,"height":934,"url":"https:\/\/news.save.ch\/wp-content\/uploads\/2017\/01\/glutz_ceo_-scaled-1-scaled.jpg","type":"image\/jpeg"}],"author":"Roger Str\u00e4ssle","twitter_card":"summary_large_image","twitter_misc":{"Scritto da":"Roger Str\u00e4ssle","Tempo di lettura stimato":"1 minuto"},"schema":{"@context":"https:\/\/schema.org","@graph":[{"@type":"Article","@id":"https:\/\/news.save.ch\/alexander-bradfisch-ist-neuer-ceo-der-glutz-ag\/#article","isPartOf":{"@id":"https:\/\/news.save.ch\/alexander-bradfisch-ist-neuer-ceo-der-glutz-ag\/"},"author":{"name":"Roger Str\u00e4ssle","@id":"https:\/\/news.save.ch\/de\/#\/schema\/person\/d5022db048e0e2b9785c50e5b24da5aa"},"headline":"Alexander Bradfisch ist neuer CEO der Glutz AG","datePublished":"2017-01-16T17:18:40+00:00","dateModified":"2023-03-14T08:00:02+00:00","mainEntityOfPage":{"@id":"https:\/\/news.save.ch\/alexander-bradfisch-ist-neuer-ceo-der-glutz-ag\/"},"wordCount":223,"commentCount":0,"publisher":{"@id":"https:\/\/news.save.ch\/de\/#organization"},"image":{"@id":"https:\/\/news.save.ch\/alexander-bradfisch-ist-neuer-ceo-der-glutz-ag\/#primaryimage"},"thumbnailUrl":"https:\/\/news.save.ch\/wp-content\/uploads\/2017\/01\/glutz_ceo_-scaled-1-scaled.jpg","keywords":["Unternehmen"],"articleSection":["SICHERHEIT"],"inLanguage":"it-IT"},{"@type":"WebPage","@id":"https:\/\/news.save.ch\/alexander-bradfisch-ist-neuer-ceo-der-glutz-ag\/","url":"https:\/\/news.save.ch\/alexander-bradfisch-ist-neuer-ceo-der-glutz-ag\/","name":"Alexander Bradfisch \u00e8 il nuovo CEO di Glutz AG - Save","isPartOf":{"@id":"https:\/\/news.save.ch\/de\/#website"},"primaryImageOfPage":{"@id":"https:\/\/news.save.ch\/alexander-bradfisch-ist-neuer-ceo-der-glutz-ag\/#primaryimage"},"image":{"@id":"https:\/\/news.save.ch\/alexander-bradfisch-ist-neuer-ceo-der-glutz-ag\/#primaryimage"},"thumbnailUrl":"https:\/\/news.save.ch\/wp-content\/uploads\/2017\/01\/glutz_ceo_-scaled-1-scaled.jpg","datePublished":"2017-01-16T17:18:40+00:00","dateModified":"2023-03-14T08:00:02+00:00","description":"Il nuovo CEO di Glutz, azienda attiva nel settore degli accessi, \u00e8 Alexander Bradfisch. Ha preso il posto di Peter Riedweg.","breadcrumb":{"@id":"https:\/\/news.save.ch\/alexander-bradfisch-ist-neuer-ceo-der-glutz-ag\/#breadcrumb"},"inLanguage":"it-IT","potentialAction":[{"@type":"ReadAction","target":["https:\/\/news.save.ch\/alexander-bradfisch-ist-neuer-ceo-der-glutz-ag\/"]}]},{"@type":"ImageObject","inLanguage":"it-IT","@id":"https:\/\/news.save.ch\/alexander-bradfisch-ist-neuer-ceo-der-glutz-ag\/#primaryimage","url":"https:\/\/news.save.ch\/wp-content\/uploads\/2017\/01\/glutz_ceo_-scaled-1-scaled.jpg","contentUrl":"https:\/\/news.save.ch\/wp-content\/uploads\/2017\/01\/glutz_ceo_-scaled-1-scaled.jpg","width":1400,"height":934,"caption":"\u00a9 depositphotos"},{"@type":"BreadcrumbList","@id":"https:\/\/news.save.ch\/alexander-bradfisch-ist-neuer-ceo-der-glutz-ag\/#breadcrumb","itemListElement":[{"@type":"ListItem","position":1,"name":"Home","item":"https:\/\/news.save.ch\/de\/"},{"@type":"ListItem","position":2,"name":"Alexander Bradfisch ist neuer CEO der Glutz AG"}]},{"@type":"WebSite","@id":"https:\/\/news.save.ch\/de\/#website","url":"https:\/\/news.save.ch\/de\/","name":"Risparmiare","description":"Rivista svizzera specializzata in sicurezza","publisher":{"@id":"https:\/\/news.save.ch\/de\/#organization"},"potentialAction":[{"@type":"SearchAction","target":{"@type":"EntryPoint","urlTemplate":"https:\/\/news.save.ch\/de\/?s={search_term_string}"},"query-input":{"@type":"PropertyValueSpecification","valueRequired":true,"valueName":"search_term_string"}}],"inLanguage":"it-IT"},{"@type":"Organization","@id":"https:\/\/news.save.ch\/de\/#organization","name":"Forum sulla sicurezza","url":"https:\/\/news.save.ch\/de\/","logo":{"@type":"ImageObject","inLanguage":"it-IT","@id":"https:\/\/news.save.ch\/de\/#\/schema\/logo\/image\/","url":"https:\/\/news.save.ch\/wp-content\/uploads\/2022\/06\/Logo_SF_2012.png","contentUrl":"https:\/\/news.save.ch\/wp-content\/uploads\/2022\/06\/Logo_SF_2012.png","width":1100,"height":91,"caption":"Sicherheitsforum"},"image":{"@id":"https:\/\/news.save.ch\/de\/#\/schema\/logo\/image\/"}},{"@type":"Person","@id":"https:\/\/news.save.ch\/de\/#\/schema\/person\/d5022db048e0e2b9785c50e5b24da5aa","name":"Roger Str\u00e4ssle","image":{"@type":"ImageObject","inLanguage":"it-IT","@id":"https:\/\/secure.gravatar.com\/avatar\/862a5569d087de48e5856e32f45d719a03804c891d6deb8d4f71a660e79e4a47?s=96&d=mm&r=g","url":"https:\/\/secure.gravatar.com\/avatar\/862a5569d087de48e5856e32f45d719a03804c891d6deb8d4f71a660e79e4a47?s=96&d=mm&r=g","contentUrl":"https:\/\/secure.gravatar.com\/avatar\/862a5569d087de48e5856e32f45d719a03804c891d6deb8d4f71a660e79e4a47?s=96&d=mm&r=g","caption":"Roger Str\u00e4ssle"},"url":"https:\/\/news.save.ch\/it\/author\/roger-straessle\/"}]}},"_links":{"self":[{"href":"https:\/\/news.save.ch\/it\/wp-json\/wp\/v2\/posts\/3695","targetHints":{"allow":["GET"]}}],"collection":[{"href":"https:\/\/news.save.ch\/it\/wp-json\/wp\/v2\/posts"}],"about":[{"href":"https:\/\/news.save.ch\/it\/wp-json\/wp\/v2\/types\/post"}],"author":[{"embeddable":true,"href":"https:\/\/news.save.ch\/it\/wp-json\/wp\/v2\/users\/8"}],"replies":[{"embeddable":true,"href":"https:\/\/news.save.ch\/it\/wp-json\/wp\/v2\/comments?post=3695"}],"version-history":[{"count":1,"href":"https:\/\/news.save.ch\/it\/wp-json\/wp\/v2\/posts\/3695\/revisions"}],"predecessor-version":[{"id":17996,"href":"https:\/\/news.save.ch\/it\/wp-json\/wp\/v2\/posts\/3695\/revisions\/17996"}],"wp:featuredmedia":[{"embeddable":true,"href":"https:\/\/news.save.ch\/it\/wp-json\/wp\/v2\/media\/3696"}],"wp:attachment":[{"href":"https:\/\/news.save.ch\/it\/wp-json\/wp\/v2\/media?parent=3695"}],"wp:term":[{"taxonomy":"category","embeddable":true,"href":"https:\/\/news.save.ch\/it\/wp-json\/wp\/v2\/categories?post=3695"},{"taxonomy":"post_tag","embeddable":true,"href":"https:\/\/news.save.ch\/it\/wp-json\/wp\/v2\/tags?post=3695"}],"curies":[{"name":"wp","href":"https:\/\/api.w.org\/{rel}","templated":true}]}}