{"id":3805,"date":"2018-02-05T15:05:24","date_gmt":"2018-02-05T14:05:24","guid":{"rendered":"https:\/\/sicherheitsforum.ch\/?p=3805"},"modified":"2018-02-05T15:05:24","modified_gmt":"2018-02-05T14:05:24","slug":"gesamtschweizerischer-sirenentest","status":null,"type":"post","link":"https:\/\/news.save.ch\/it\/gesamtschweizerischer-sirenentest\/","title":{"rendered":"Test della sirena"},"content":{"rendered":"<p><img loading=\"lazy\" decoding=\"async\" class=\"size-full wp-image-3806\" src=\"https:\/\/sicherheitsforum.ch\/wp-content\/uploads\/2017\/01\/Pneumatic_siren.jpg\" alt=\"\" width=\"640\" height=\"480\" srcset=\"https:\/\/news.save.ch\/wp-content\/uploads\/2017\/01\/Pneumatic_siren.jpg 640w, https:\/\/news.save.ch\/wp-content\/uploads\/2017\/01\/Pneumatic_siren-375x281.jpg 375w\" sizes=\"auto, (max-width: 640px) 100vw, 640px\" \/><\/p>\n<figure id=\"attachment_3806\" aria-describedby=\"caption-attachment-3806\" style=\"width: 640px\" class=\"wp-caption aligncenter\"><img loading=\"lazy\" decoding=\"async\" class=\"size-full wp-image-3806\" src=\"https:\/\/news.save.ch\/wp-content\/uploads\/2017\/01\/Pneumatic_siren.jpg\" alt=\"Il test annuale delle sirene effettuato oggi in tutta la Svizzera ha mostrato che 99% delle sirene funzionano perfettamente.\" width=\"640\" height=\"480\" srcset=\"https:\/\/news.save.ch\/wp-content\/uploads\/2017\/01\/Pneumatic_siren.jpg 640w, https:\/\/news.save.ch\/wp-content\/uploads\/2017\/01\/Pneumatic_siren-375x281.jpg 375w\" sizes=\"auto, (max-width: 640px) 100vw, 640px\" \/><figcaption id=\"caption-attachment-3806\" class=\"wp-caption-text\">Mercoled\u00ec 7 febbraio si svolger\u00e0, come ogni anno, il test delle sirene. Foto: Wikipedia.org<\/figcaption><\/figure>\n<p>Le catastrofi possono verificarsi in qualsiasi momento e senza preavviso, anche in Svizzera. In caso di incidente, \u00e8 fondamentale che le autorit\u00e0 responsabili, le organizzazioni di comando e di risposta della protezione civile e la popolazione colpita agiscano nel modo pi\u00f9 rapido e corretto possibile. A tal fine, devono essere disponibili le informazioni pertinenti. Di conseguenza, \u00e8 possibile prevenire o limitare i danni.<\/p>\n<p>A questo scopo, la Svizzera dispone di una fitta rete di circa 5.000 sirene fisse e circa 2.200 sirene mobili per garantire l'allerta della popolazione. L'Ufficio federale della protezione civile (<a href=\"https:\/\/www.babs.admin.ch\/\">Babs<\/a>), in collaborazione con i Cantoni, i Comuni e i gestori delle dighe, garantisce che i sistemi di allarme siano all'avanguardia e sempre operativi. Negli ultimi anni, ad esempio, tutte le circa 5.000 sirene fisse sono state collegate al sistema di controllo uniforme Polyalert. Ci\u00f2 consente di attivarli a livello centrale in ogni cantone, di solito da parte della polizia cantonale.<\/p>\n<h2>Allarme generale e allarme acqua<\/h2>\n<p>Il 7 febbraio 2018, la prontezza funzionale delle sirene sar\u00e0 quindi testata in tutta la Svizzera. Verranno testate le sirene dell'allarme generale e dell'allarme idrico. Non devono essere adottate misure di protezione.<\/p>\n<p>Il segnale di allarme generale viene attivato alle 13.30. \u00c8 un lamento regolare ascendente e discendente di un minuto. Se necessario, la prova delle sirene pu\u00f2 continuare fino alle 14:00.<\/p>\n<p>Dalle 14.15 alle 15.00 al massimo, nelle zone a rischio sotto le dighe scatta l'allarme acqua. Consiste in dodici toni bassi e continui di 20 secondi ciascuno a intervalli di 10 secondi.<\/p>\n<h2>Nuove vie nella comunicazione degli eventi<\/h2>\n<p>Dal 2015, il Babs opera insieme ai suoi partner sotto il nome di <a href=\"https:\/\/alertswiss.ch\/wissen-tipps\/gefahren-kennen\/\">Allertswiss<\/a> nuovi canali di comunicazione per informare la popolazione sulla protezione in caso di disastri ed emergenze, in particolare un sito web e un'app. In futuro, i canali di Alertswiss saranno utilizzati anche per le informazioni sugli eventi in caso di disastri ed emergenze. Ci\u00f2 consentir\u00e0 di informare la popolazione in modo rapido e completo. Questo vale in particolare per le persone con problemi di udito, che sono raggiunte solo in modo insufficiente con l'allarme tradizionale a sirena.<\/p>\n<p>Se l'allarme generale suona al di fuori di una prova di sirena annunciata, significa che esiste una possibilit\u00e0 di pericolo per la popolazione. In questo caso, si chiede alla popolazione di ascoltare la radio, seguire le istruzioni delle autorit\u00e0 e informare i vicini.<\/p>\n<p>L'allarme acqua significa che c'\u00e8 un pericolo immediato sotto una diga. In questo caso, la popolazione \u00e8 invitata a lasciare immediatamente l'area a rischio. Gli opuscoli informano in anticipo la popolazione delle aree colpite sull'allarme idrico in generale e soprattutto sulle possibilit\u00e0 di fuga disponibili in loco.<\/p>\n<p>Ulteriori informazioni e regole di comportamento sono reperibili sul sito <a href=\"https:\/\/www.babs.admin.ch\/\">Sito web dell'Ufficio federale della protezione civile<\/a> nonch\u00e9 nel televideo delle stazioni della SRG, pagina 680.<\/p>\n<p><em>Fonte: <a href=\"https:\/\/www.vbs.admin.ch\">VBS<\/a><\/em><\/p>\n<p>&nbsp;<\/p>\n<p>&nbsp;<\/p>\n<p>&nbsp;<\/p>","protected":false},"excerpt":{"rendered":"<p>Katastrophen k\u00f6nnen sich jederzeit und ohne Vorwarnung ereignen &#8211; auch in der Schweiz. Im Ereignisfall ist es entscheidend, dass die zust\u00e4ndigen Beh\u00f6rden, die F\u00fchrungs- und Einsatzorganisationen des Bev\u00f6lkerungsschutzes und auch die betroffene Bev\u00f6lkerung m\u00f6glichst rasch und richtig handeln. Dazu m\u00fcssen die relevanten Informationen verf\u00fcgbar sein. Im Ergebnis k\u00f6nnen damit Sch\u00e4den verhindert oder begrenzt werden. Zu [&hellip;]<\/p>\n","protected":false},"author":8,"featured_media":3806,"comment_status":"open","ping_status":"open","sticky":false,"template":"","format":"standard","meta":{"_acf_changed":false,"pgc_sgb_lightbox_settings":"","footnotes":""},"categories":[1],"tags":[151,75],"class_list":["post-3805","post","type-post","status-publish","format-standard","has-post-thumbnail","hentry","category-allgemein","tag-alarmierung","tag-sirenentest"],"acf":[],"hkrextid":null,"publication":null,"issue":null,"workflow":null,"startPage":null,"spitzmarke":null,"_posts_by_tag_page_fields":{"widget_title":"","widget_tags":""},"_at_widget":"1","_yoast_wpseo_primary_category":"","_yoast_wpseo_focuskw_text_input":"Sirenen","_yoast_wpseo_opengraph-image":null,"_yoast_wpseo_opengraph-description":null,"_yoast_wpseo_opengraph-title":"Am Mittwoch findet ein gesamtschweizerischer #Sirenentest statt.","enclosure":null,"_yoast_wpseo_twitter-title":"Am Mittwoch findet ein gesamtschweizerischer #Sirenentest statt.","_yoast_wpseo_twitter-description":null,"_yoast_wpseo_twitter-image":null,"_wp_old_slug":null,"_yoast_wpseo_title":null,"_yoast_wpseo_canonical":null,"yoast_head":"<!-- This site is optimized with the Yoast SEO plugin v27.5 - https:\/\/yoast.com\/product\/yoast-seo-wordpress\/ -->\n<title>Sirenentest - Save<\/title>\n<meta name=\"description\" content=\"Sirenen k\u00f6nnen Leben retten. Doch sie m\u00fcssen richtig funktionieren. Deshalb findet am 7. Februar 2018 in der Schweiz der j\u00e4hrliche Sirenentest statt.\" \/>\n<meta name=\"robots\" content=\"index, follow, max-snippet:-1, max-image-preview:large, max-video-preview:-1\" \/>\n<link rel=\"canonical\" href=\"https:\/\/news.save.ch\/it\/gesamtschweizerischer-sirenentest\/\" \/>\n<meta property=\"og:locale\" content=\"it_IT\" \/>\n<meta property=\"og:type\" content=\"article\" \/>\n<meta property=\"og:title\" content=\"Am Mittwoch findet ein gesamtschweizerischer #Sirenentest statt.\" \/>\n<meta property=\"og:description\" content=\"Sirenen k\u00f6nnen Leben retten. Doch sie m\u00fcssen richtig funktionieren. Deshalb findet am 7. Februar 2018 in der Schweiz der j\u00e4hrliche Sirenentest statt.\" \/>\n<meta property=\"og:url\" content=\"https:\/\/news.save.ch\/it\/gesamtschweizerischer-sirenentest\/\" \/>\n<meta property=\"og:site_name\" content=\"Save\" \/>\n<meta property=\"article:published_time\" content=\"2018-02-05T14:05:24+00:00\" \/>\n<meta property=\"og:image\" content=\"https:\/\/news.save.ch\/wp-content\/uploads\/2017\/01\/Pneumatic_siren.jpg\" \/>\n\t<meta property=\"og:image:width\" content=\"640\" \/>\n\t<meta property=\"og:image:height\" content=\"480\" \/>\n\t<meta property=\"og:image:type\" content=\"image\/jpeg\" \/>\n<meta name=\"author\" content=\"Roger Str\u00e4ssle\" \/>\n<meta name=\"twitter:card\" content=\"summary_large_image\" \/>\n<meta name=\"twitter:title\" content=\"Am Mittwoch findet ein gesamtschweizerischer #Sirenentest statt.\" \/>\n<meta name=\"twitter:label1\" content=\"Scritto da\" \/>\n\t<meta name=\"twitter:data1\" content=\"Roger Str\u00e4ssle\" \/>\n\t<meta name=\"twitter:label2\" content=\"Tempo di lettura stimato\" \/>\n\t<meta name=\"twitter:data2\" content=\"3 minuti\" \/>\n<script type=\"application\/ld+json\" class=\"yoast-schema-graph\">{\"@context\":\"https:\\\/\\\/schema.org\",\"@graph\":[{\"@type\":\"Article\",\"@id\":\"https:\\\/\\\/news.save.ch\\\/gesamtschweizerischer-sirenentest\\\/#article\",\"isPartOf\":{\"@id\":\"https:\\\/\\\/news.save.ch\\\/gesamtschweizerischer-sirenentest\\\/\"},\"author\":{\"name\":\"Roger Str\u00e4ssle\",\"@id\":\"https:\\\/\\\/news.save.ch\\\/de\\\/#\\\/schema\\\/person\\\/d5022db048e0e2b9785c50e5b24da5aa\"},\"headline\":\"Sirenentest\",\"datePublished\":\"2018-02-05T14:05:24+00:00\",\"mainEntityOfPage\":{\"@id\":\"https:\\\/\\\/news.save.ch\\\/gesamtschweizerischer-sirenentest\\\/\"},\"wordCount\":504,\"commentCount\":0,\"publisher\":{\"@id\":\"https:\\\/\\\/news.save.ch\\\/de\\\/#organization\"},\"image\":{\"@id\":\"https:\\\/\\\/news.save.ch\\\/gesamtschweizerischer-sirenentest\\\/#primaryimage\"},\"thumbnailUrl\":\"https:\\\/\\\/news.save.ch\\\/wp-content\\\/uploads\\\/2017\\\/01\\\/Pneumatic_siren.jpg\",\"keywords\":[\"Alarmierung\",\"Sirenentest\"],\"articleSection\":[\"ALLGEMEIN\"],\"inLanguage\":\"it-IT\"},{\"@type\":\"WebPage\",\"@id\":\"https:\\\/\\\/news.save.ch\\\/gesamtschweizerischer-sirenentest\\\/\",\"url\":\"https:\\\/\\\/news.save.ch\\\/gesamtschweizerischer-sirenentest\\\/\",\"name\":\"Sirenentest - Save\",\"isPartOf\":{\"@id\":\"https:\\\/\\\/news.save.ch\\\/de\\\/#website\"},\"primaryImageOfPage\":{\"@id\":\"https:\\\/\\\/news.save.ch\\\/gesamtschweizerischer-sirenentest\\\/#primaryimage\"},\"image\":{\"@id\":\"https:\\\/\\\/news.save.ch\\\/gesamtschweizerischer-sirenentest\\\/#primaryimage\"},\"thumbnailUrl\":\"https:\\\/\\\/news.save.ch\\\/wp-content\\\/uploads\\\/2017\\\/01\\\/Pneumatic_siren.jpg\",\"datePublished\":\"2018-02-05T14:05:24+00:00\",\"description\":\"Sirenen k\u00f6nnen Leben retten. Doch sie m\u00fcssen richtig funktionieren. Deshalb findet am 7. Februar 2018 in der Schweiz der j\u00e4hrliche Sirenentest statt.\",\"breadcrumb\":{\"@id\":\"https:\\\/\\\/news.save.ch\\\/gesamtschweizerischer-sirenentest\\\/#breadcrumb\"},\"inLanguage\":\"it-IT\",\"potentialAction\":[{\"@type\":\"ReadAction\",\"target\":[\"https:\\\/\\\/news.save.ch\\\/gesamtschweizerischer-sirenentest\\\/\"]}]},{\"@type\":\"ImageObject\",\"inLanguage\":\"it-IT\",\"@id\":\"https:\\\/\\\/news.save.ch\\\/gesamtschweizerischer-sirenentest\\\/#primaryimage\",\"url\":\"https:\\\/\\\/news.save.ch\\\/wp-content\\\/uploads\\\/2017\\\/01\\\/Pneumatic_siren.jpg\",\"contentUrl\":\"https:\\\/\\\/news.save.ch\\\/wp-content\\\/uploads\\\/2017\\\/01\\\/Pneumatic_siren.jpg\",\"width\":640,\"height\":480,\"caption\":\"Am Mittwoch, 1 Februar finden in der ganzen Schweiz Sirenentests statt. Foto: Wikipedia.org\"},{\"@type\":\"BreadcrumbList\",\"@id\":\"https:\\\/\\\/news.save.ch\\\/gesamtschweizerischer-sirenentest\\\/#breadcrumb\",\"itemListElement\":[{\"@type\":\"ListItem\",\"position\":1,\"name\":\"Home\",\"item\":\"https:\\\/\\\/news.save.ch\\\/de\\\/\"},{\"@type\":\"ListItem\",\"position\":2,\"name\":\"Sirenentest\"}]},{\"@type\":\"WebSite\",\"@id\":\"https:\\\/\\\/news.save.ch\\\/de\\\/#website\",\"url\":\"https:\\\/\\\/news.save.ch\\\/de\\\/\",\"name\":\"Save\",\"description\":\"Schweizer Fachzeitschrift f\u00fcr Sicherheit\",\"publisher\":{\"@id\":\"https:\\\/\\\/news.save.ch\\\/de\\\/#organization\"},\"potentialAction\":[{\"@type\":\"SearchAction\",\"target\":{\"@type\":\"EntryPoint\",\"urlTemplate\":\"https:\\\/\\\/news.save.ch\\\/de\\\/?s={search_term_string}\"},\"query-input\":{\"@type\":\"PropertyValueSpecification\",\"valueRequired\":true,\"valueName\":\"search_term_string\"}}],\"inLanguage\":\"it-IT\"},{\"@type\":\"Organization\",\"@id\":\"https:\\\/\\\/news.save.ch\\\/de\\\/#organization\",\"name\":\"Sicherheitsforum\",\"url\":\"https:\\\/\\\/news.save.ch\\\/de\\\/\",\"logo\":{\"@type\":\"ImageObject\",\"inLanguage\":\"it-IT\",\"@id\":\"https:\\\/\\\/news.save.ch\\\/de\\\/#\\\/schema\\\/logo\\\/image\\\/\",\"url\":\"https:\\\/\\\/news.save.ch\\\/wp-content\\\/uploads\\\/2022\\\/06\\\/Logo_SF_2012.png\",\"contentUrl\":\"https:\\\/\\\/news.save.ch\\\/wp-content\\\/uploads\\\/2022\\\/06\\\/Logo_SF_2012.png\",\"width\":1100,\"height\":91,\"caption\":\"Sicherheitsforum\"},\"image\":{\"@id\":\"https:\\\/\\\/news.save.ch\\\/de\\\/#\\\/schema\\\/logo\\\/image\\\/\"}},{\"@type\":\"Person\",\"@id\":\"https:\\\/\\\/news.save.ch\\\/de\\\/#\\\/schema\\\/person\\\/d5022db048e0e2b9785c50e5b24da5aa\",\"name\":\"Roger Str\u00e4ssle\",\"image\":{\"@type\":\"ImageObject\",\"inLanguage\":\"it-IT\",\"@id\":\"https:\\\/\\\/secure.gravatar.com\\\/avatar\\\/862a5569d087de48e5856e32f45d719a03804c891d6deb8d4f71a660e79e4a47?s=96&d=mm&r=g\",\"url\":\"https:\\\/\\\/secure.gravatar.com\\\/avatar\\\/862a5569d087de48e5856e32f45d719a03804c891d6deb8d4f71a660e79e4a47?s=96&d=mm&r=g\",\"contentUrl\":\"https:\\\/\\\/secure.gravatar.com\\\/avatar\\\/862a5569d087de48e5856e32f45d719a03804c891d6deb8d4f71a660e79e4a47?s=96&d=mm&r=g\",\"caption\":\"Roger Str\u00e4ssle\"},\"url\":\"https:\\\/\\\/news.save.ch\\\/it\\\/author\\\/roger-straessle\\\/\"}]}<\/script>\n<!-- \/ Yoast SEO plugin. -->","yoast_head_json":{"title":"Test delle sirene - Salva","description":"Le sirene possono salvare delle vite. Ma devono funzionare correttamente. Per questo motivo, il 7 febbraio 2018 si svolger\u00e0 in Svizzera il test annuale delle sirene.","robots":{"index":"index","follow":"follow","max-snippet":"max-snippet:-1","max-image-preview":"max-image-preview:large","max-video-preview":"max-video-preview:-1"},"canonical":"https:\/\/news.save.ch\/it\/gesamtschweizerischer-sirenentest\/","og_locale":"it_IT","og_type":"article","og_title":"Am Mittwoch findet ein gesamtschweizerischer #Sirenentest statt.","og_description":"Sirenen k\u00f6nnen Leben retten. Doch sie m\u00fcssen richtig funktionieren. Deshalb findet am 7. Februar 2018 in der Schweiz der j\u00e4hrliche Sirenentest statt.","og_url":"https:\/\/news.save.ch\/it\/gesamtschweizerischer-sirenentest\/","og_site_name":"Save","article_published_time":"2018-02-05T14:05:24+00:00","og_image":[{"width":640,"height":480,"url":"https:\/\/news.save.ch\/wp-content\/uploads\/2017\/01\/Pneumatic_siren.jpg","type":"image\/jpeg"}],"author":"Roger Str\u00e4ssle","twitter_card":"summary_large_image","twitter_title":"Am Mittwoch findet ein gesamtschweizerischer #Sirenentest statt.","twitter_misc":{"Scritto da":"Roger Str\u00e4ssle","Tempo di lettura stimato":"3 minuti"},"schema":{"@context":"https:\/\/schema.org","@graph":[{"@type":"Article","@id":"https:\/\/news.save.ch\/gesamtschweizerischer-sirenentest\/#article","isPartOf":{"@id":"https:\/\/news.save.ch\/gesamtschweizerischer-sirenentest\/"},"author":{"name":"Roger Str\u00e4ssle","@id":"https:\/\/news.save.ch\/de\/#\/schema\/person\/d5022db048e0e2b9785c50e5b24da5aa"},"headline":"Sirenentest","datePublished":"2018-02-05T14:05:24+00:00","mainEntityOfPage":{"@id":"https:\/\/news.save.ch\/gesamtschweizerischer-sirenentest\/"},"wordCount":504,"commentCount":0,"publisher":{"@id":"https:\/\/news.save.ch\/de\/#organization"},"image":{"@id":"https:\/\/news.save.ch\/gesamtschweizerischer-sirenentest\/#primaryimage"},"thumbnailUrl":"https:\/\/news.save.ch\/wp-content\/uploads\/2017\/01\/Pneumatic_siren.jpg","keywords":["Alarmierung","Sirenentest"],"articleSection":["ALLGEMEIN"],"inLanguage":"it-IT"},{"@type":"WebPage","@id":"https:\/\/news.save.ch\/gesamtschweizerischer-sirenentest\/","url":"https:\/\/news.save.ch\/gesamtschweizerischer-sirenentest\/","name":"Test delle sirene - Salva","isPartOf":{"@id":"https:\/\/news.save.ch\/de\/#website"},"primaryImageOfPage":{"@id":"https:\/\/news.save.ch\/gesamtschweizerischer-sirenentest\/#primaryimage"},"image":{"@id":"https:\/\/news.save.ch\/gesamtschweizerischer-sirenentest\/#primaryimage"},"thumbnailUrl":"https:\/\/news.save.ch\/wp-content\/uploads\/2017\/01\/Pneumatic_siren.jpg","datePublished":"2018-02-05T14:05:24+00:00","description":"Le sirene possono salvare delle vite. Ma devono funzionare correttamente. Per questo motivo, il 7 febbraio 2018 si svolger\u00e0 in Svizzera il test annuale delle sirene.","breadcrumb":{"@id":"https:\/\/news.save.ch\/gesamtschweizerischer-sirenentest\/#breadcrumb"},"inLanguage":"it-IT","potentialAction":[{"@type":"ReadAction","target":["https:\/\/news.save.ch\/gesamtschweizerischer-sirenentest\/"]}]},{"@type":"ImageObject","inLanguage":"it-IT","@id":"https:\/\/news.save.ch\/gesamtschweizerischer-sirenentest\/#primaryimage","url":"https:\/\/news.save.ch\/wp-content\/uploads\/2017\/01\/Pneumatic_siren.jpg","contentUrl":"https:\/\/news.save.ch\/wp-content\/uploads\/2017\/01\/Pneumatic_siren.jpg","width":640,"height":480,"caption":"Am Mittwoch, 1 Februar finden in der ganzen Schweiz Sirenentests statt. Foto: Wikipedia.org"},{"@type":"BreadcrumbList","@id":"https:\/\/news.save.ch\/gesamtschweizerischer-sirenentest\/#breadcrumb","itemListElement":[{"@type":"ListItem","position":1,"name":"Home","item":"https:\/\/news.save.ch\/de\/"},{"@type":"ListItem","position":2,"name":"Sirenentest"}]},{"@type":"WebSite","@id":"https:\/\/news.save.ch\/de\/#website","url":"https:\/\/news.save.ch\/de\/","name":"Risparmiare","description":"Rivista svizzera specializzata in sicurezza","publisher":{"@id":"https:\/\/news.save.ch\/de\/#organization"},"potentialAction":[{"@type":"SearchAction","target":{"@type":"EntryPoint","urlTemplate":"https:\/\/news.save.ch\/de\/?s={search_term_string}"},"query-input":{"@type":"PropertyValueSpecification","valueRequired":true,"valueName":"search_term_string"}}],"inLanguage":"it-IT"},{"@type":"Organization","@id":"https:\/\/news.save.ch\/de\/#organization","name":"Forum sulla sicurezza","url":"https:\/\/news.save.ch\/de\/","logo":{"@type":"ImageObject","inLanguage":"it-IT","@id":"https:\/\/news.save.ch\/de\/#\/schema\/logo\/image\/","url":"https:\/\/news.save.ch\/wp-content\/uploads\/2022\/06\/Logo_SF_2012.png","contentUrl":"https:\/\/news.save.ch\/wp-content\/uploads\/2022\/06\/Logo_SF_2012.png","width":1100,"height":91,"caption":"Sicherheitsforum"},"image":{"@id":"https:\/\/news.save.ch\/de\/#\/schema\/logo\/image\/"}},{"@type":"Person","@id":"https:\/\/news.save.ch\/de\/#\/schema\/person\/d5022db048e0e2b9785c50e5b24da5aa","name":"Roger Str\u00e4ssle","image":{"@type":"ImageObject","inLanguage":"it-IT","@id":"https:\/\/secure.gravatar.com\/avatar\/862a5569d087de48e5856e32f45d719a03804c891d6deb8d4f71a660e79e4a47?s=96&d=mm&r=g","url":"https:\/\/secure.gravatar.com\/avatar\/862a5569d087de48e5856e32f45d719a03804c891d6deb8d4f71a660e79e4a47?s=96&d=mm&r=g","contentUrl":"https:\/\/secure.gravatar.com\/avatar\/862a5569d087de48e5856e32f45d719a03804c891d6deb8d4f71a660e79e4a47?s=96&d=mm&r=g","caption":"Roger Str\u00e4ssle"},"url":"https:\/\/news.save.ch\/it\/author\/roger-straessle\/"}]}},"_links":{"self":[{"href":"https:\/\/news.save.ch\/it\/wp-json\/wp\/v2\/posts\/3805","targetHints":{"allow":["GET"]}}],"collection":[{"href":"https:\/\/news.save.ch\/it\/wp-json\/wp\/v2\/posts"}],"about":[{"href":"https:\/\/news.save.ch\/it\/wp-json\/wp\/v2\/types\/post"}],"author":[{"embeddable":true,"href":"https:\/\/news.save.ch\/it\/wp-json\/wp\/v2\/users\/8"}],"replies":[{"embeddable":true,"href":"https:\/\/news.save.ch\/it\/wp-json\/wp\/v2\/comments?post=3805"}],"version-history":[{"count":0,"href":"https:\/\/news.save.ch\/it\/wp-json\/wp\/v2\/posts\/3805\/revisions"}],"wp:featuredmedia":[{"embeddable":true,"href":"https:\/\/news.save.ch\/it\/wp-json\/wp\/v2\/media\/3806"}],"wp:attachment":[{"href":"https:\/\/news.save.ch\/it\/wp-json\/wp\/v2\/media?parent=3805"}],"wp:term":[{"taxonomy":"category","embeddable":true,"href":"https:\/\/news.save.ch\/it\/wp-json\/wp\/v2\/categories?post=3805"},{"taxonomy":"post_tag","embeddable":true,"href":"https:\/\/news.save.ch\/it\/wp-json\/wp\/v2\/tags?post=3805"}],"curies":[{"name":"wp","href":"https:\/\/api.w.org\/{rel}","templated":true}]}}