{"id":3810,"date":"2017-02-01T14:09:24","date_gmt":"2017-02-01T13:09:24","guid":{"rendered":"https:\/\/sicherheitsforum.ch\/?p=3810"},"modified":"2023-03-14T08:57:07","modified_gmt":"2023-03-14T07:57:07","slug":"werkzeuge-fuer-starken-datenschutz","status":null,"type":"post","link":"https:\/\/news.save.ch\/it\/werkzeuge-fuer-starken-datenschutz\/","title":{"rendered":"Strumenti per una forte protezione dei dati"},"content":{"rendered":"<figure id=\"attachment_3811\" aria-describedby=\"caption-attachment-3811\" style=\"width: 680px\" class=\"wp-caption aligncenter\"><img loading=\"lazy\" decoding=\"async\" class=\"size-medium wp-image-3811\" src=\"https:\/\/sicherheitsforum.ch\/wp-content\/uploads\/2017\/01\/Depositphotos_90589592_original.jpg\" alt=\"\" width=\"680\" height=\"510\" \/><figcaption id=\"caption-attachment-3811\" class=\"wp-caption-text\">\u00a9 depositphotos<\/figcaption><\/figure>\n<p>Il Commissario per la protezione dei dati del Cantone di Zurigo fornisce nuovi strumenti per ottimizzare la protezione dei dati:<\/p>\n<p><strong>Controllo password <\/strong><\/p>\n<p>Le password forti impediscono alle persone non autorizzate di accedere ai dati. A\u00a0<a href=\"https:\/\/www.datenschutz.ch\">www.datenschutz.ch<\/a> \u00e8 ora disponibile un nuovo <a href=\"https:\/\/www.passwortcheck.ch\">Controllo password<\/a> che verifica la qualit\u00e0 delle password utilizzate. La password viene valutata come forte o debole in base a vari criteri, come la lunghezza e i caratteri utilizzati. Viene inoltre controllata con i dizionari delle quattro lingue nazionali e dell'inglese.<\/p>\n<p><strong>\u00a0<\/strong><strong>App <\/strong><strong>\"Datenschutz.ch\"<\/strong><\/p>\n<p>Con la nuova app \"<a href=\"https:\/\/www.datenschutz.ch\">Protezione dei dati.ch<\/a>\" fornisce agli utenti strumenti completi sulle tematiche della protezione dei dati. Integra il controllo delle password e le nuove enciclopedie sulla protezione dei dati. Inoltre, vengono spiegati i diritti pi\u00f9 importanti dei cittadini e vengono fornite loro modalit\u00e0 semplici per esercitarli. Direttamente dall'app, \u00e8 possibile rivendicare il diritto all'informazione o presentare una segnalazione al commissario per la protezione dei dati.<\/p>\n<p><strong>Enciclopedie sulla protezione dei dati<\/strong><\/p>\n<p>All'enciclopedia per le scuole elementari si aggiungono le altrettanto fondate opere di consultazione per le universit\u00e0 e gli uffici anagrafici. Le enciclopedie includono parole chiave in ordine alfabetico con risposte alle domande pi\u00f9 frequenti nella pratica.<\/p>\n<p>Fonte: <em>Commissario per la protezione dei dati del Cantone di Zurigo<\/em><\/p>\n<p>&nbsp;<\/p>","protected":false},"excerpt":{"rendered":"<p>Der Datenschutzbeauftragte des Kantons Z\u00fcrich liefert neue Werkzeuge, um den Datenschutz zu optimieren: Passwortcheck Starke Passw\u00f6rter hindern Unberechtigte daran, auf Daten zuzugreifen. Unter\u00a0www.datenschutz.ch steht ab sofort ein neuer Passwortcheck zur Verf\u00fcgung, der die Qualit\u00e4t\u00a0der benutzten Passw\u00f6rter \u00fcberpr\u00fcft. Das Passwort wird anhand verschiedener Kriterien wie\u00a0L\u00e4nge und verwendeter Zeichen als stark oder schwach beurteilt. Es wird zus\u00e4tzlich [&hellip;]<\/p>\n","protected":false},"author":8,"featured_media":3811,"comment_status":"open","ping_status":"open","sticky":false,"template":"","format":"standard","meta":{"_acf_changed":false,"pgc_sgb_lightbox_settings":"","footnotes":""},"categories":[3313],"tags":[96,118],"class_list":["post-3810","post","type-post","status-publish","format-standard","has-post-thumbnail","hentry","category-digitalisierung","tag-cyber-crime","tag-datenschutz"],"acf":[],"hkrextid":null,"publication":null,"issue":null,"workflow":null,"startPage":null,"spitzmarke":null,"_posts_by_tag_page_fields":{"widget_title":"","widget_tags":""},"_at_widget":"1","_yoast_wpseo_primary_category":"2","_yoast_wpseo_focuskw_text_input":"Datenschutzbeauftrage","_yoast_wpseo_opengraph-image":null,"_yoast_wpseo_opengraph-description":null,"_yoast_wpseo_opengraph-title":"Der Datenschutzbeauftragte des Kantons Z\u00fcrich hat neue Werkzeuge zum Schutz der Privatsph\u00e4re lanciert. #Datenschutz","enclosure":null,"_yoast_wpseo_twitter-title":"Der Datenschutzbeauftragte des Kantons Z\u00fcrich hat neue Werkzeuge zum Schutz der Privatsph\u00e4re lanciert. #Datenschutz","_yoast_wpseo_twitter-description":null,"_yoast_wpseo_twitter-image":null,"_wp_old_slug":null,"_yoast_wpseo_title":null,"_yoast_wpseo_canonical":null,"yoast_head":"<!-- This site is optimized with the Yoast SEO plugin v27.5 - https:\/\/yoast.com\/product\/yoast-seo-wordpress\/ -->\n<title>Werkzeuge f\u00fcr starken Datenschutz - Save<\/title>\n<meta name=\"description\" content=\"Der Datenschutzbeauftragte des Kantons Z\u00fcrich liefert neue Werkzeuge, um den Datenschutz zu optimieren.\" \/>\n<meta name=\"robots\" content=\"index, follow, max-snippet:-1, max-image-preview:large, max-video-preview:-1\" \/>\n<link rel=\"canonical\" href=\"https:\/\/news.save.ch\/it\/werkzeuge-fuer-starken-datenschutz\/\" \/>\n<meta property=\"og:locale\" content=\"it_IT\" \/>\n<meta property=\"og:type\" content=\"article\" \/>\n<meta property=\"og:title\" content=\"Der Datenschutzbeauftragte des Kantons Z\u00fcrich hat neue Werkzeuge zum Schutz der Privatsph\u00e4re lanciert. #Datenschutz\" \/>\n<meta property=\"og:description\" content=\"Der Datenschutzbeauftragte des Kantons Z\u00fcrich liefert neue Werkzeuge, um den Datenschutz zu optimieren.\" \/>\n<meta property=\"og:url\" content=\"https:\/\/news.save.ch\/it\/werkzeuge-fuer-starken-datenschutz\/\" \/>\n<meta property=\"og:site_name\" content=\"Save\" \/>\n<meta property=\"article:published_time\" content=\"2017-02-01T13:09:24+00:00\" \/>\n<meta property=\"article:modified_time\" content=\"2023-03-14T07:57:07+00:00\" \/>\n<meta property=\"og:image\" content=\"https:\/\/news.save.ch\/wp-content\/uploads\/2017\/01\/Depositphotos_90589592_original-scaled-1-scaled.jpg\" \/>\n\t<meta property=\"og:image:width\" content=\"1400\" \/>\n\t<meta property=\"og:image:height\" content=\"1050\" \/>\n\t<meta property=\"og:image:type\" content=\"image\/jpeg\" \/>\n<meta name=\"author\" content=\"Roger Str\u00e4ssle\" \/>\n<meta name=\"twitter:card\" content=\"summary_large_image\" \/>\n<meta name=\"twitter:title\" content=\"Der Datenschutzbeauftragte des Kantons Z\u00fcrich hat neue Werkzeuge zum Schutz der Privatsph\u00e4re lanciert. #Datenschutz\" \/>\n<meta name=\"twitter:label1\" content=\"Scritto da\" \/>\n\t<meta name=\"twitter:data1\" content=\"Roger Str\u00e4ssle\" \/>\n\t<meta name=\"twitter:label2\" content=\"Tempo di lettura stimato\" \/>\n\t<meta name=\"twitter:data2\" content=\"1 minuto\" \/>\n<script type=\"application\/ld+json\" class=\"yoast-schema-graph\">{\"@context\":\"https:\\\/\\\/schema.org\",\"@graph\":[{\"@type\":\"Article\",\"@id\":\"https:\\\/\\\/news.save.ch\\\/werkzeuge-fuer-starken-datenschutz\\\/#article\",\"isPartOf\":{\"@id\":\"https:\\\/\\\/news.save.ch\\\/werkzeuge-fuer-starken-datenschutz\\\/\"},\"author\":{\"name\":\"Roger Str\u00e4ssle\",\"@id\":\"https:\\\/\\\/news.save.ch\\\/de\\\/#\\\/schema\\\/person\\\/d5022db048e0e2b9785c50e5b24da5aa\"},\"headline\":\"Werkzeuge f\u00fcr starken Datenschutz\",\"datePublished\":\"2017-02-01T13:09:24+00:00\",\"dateModified\":\"2023-03-14T07:57:07+00:00\",\"mainEntityOfPage\":{\"@id\":\"https:\\\/\\\/news.save.ch\\\/werkzeuge-fuer-starken-datenschutz\\\/\"},\"wordCount\":196,\"commentCount\":0,\"publisher\":{\"@id\":\"https:\\\/\\\/news.save.ch\\\/de\\\/#organization\"},\"image\":{\"@id\":\"https:\\\/\\\/news.save.ch\\\/werkzeuge-fuer-starken-datenschutz\\\/#primaryimage\"},\"thumbnailUrl\":\"https:\\\/\\\/news.save.ch\\\/wp-content\\\/uploads\\\/2017\\\/01\\\/Depositphotos_90589592_original-scaled-1-scaled.jpg\",\"keywords\":[\"Cyber-Crime\",\"Datenschutz\"],\"articleSection\":[\"DIGITALISIERUNG\"],\"inLanguage\":\"it-IT\"},{\"@type\":\"WebPage\",\"@id\":\"https:\\\/\\\/news.save.ch\\\/werkzeuge-fuer-starken-datenschutz\\\/\",\"url\":\"https:\\\/\\\/news.save.ch\\\/werkzeuge-fuer-starken-datenschutz\\\/\",\"name\":\"Werkzeuge f\u00fcr starken Datenschutz - Save\",\"isPartOf\":{\"@id\":\"https:\\\/\\\/news.save.ch\\\/de\\\/#website\"},\"primaryImageOfPage\":{\"@id\":\"https:\\\/\\\/news.save.ch\\\/werkzeuge-fuer-starken-datenschutz\\\/#primaryimage\"},\"image\":{\"@id\":\"https:\\\/\\\/news.save.ch\\\/werkzeuge-fuer-starken-datenschutz\\\/#primaryimage\"},\"thumbnailUrl\":\"https:\\\/\\\/news.save.ch\\\/wp-content\\\/uploads\\\/2017\\\/01\\\/Depositphotos_90589592_original-scaled-1-scaled.jpg\",\"datePublished\":\"2017-02-01T13:09:24+00:00\",\"dateModified\":\"2023-03-14T07:57:07+00:00\",\"description\":\"Der Datenschutzbeauftragte des Kantons Z\u00fcrich liefert neue Werkzeuge, um den Datenschutz zu optimieren.\",\"breadcrumb\":{\"@id\":\"https:\\\/\\\/news.save.ch\\\/werkzeuge-fuer-starken-datenschutz\\\/#breadcrumb\"},\"inLanguage\":\"it-IT\",\"potentialAction\":[{\"@type\":\"ReadAction\",\"target\":[\"https:\\\/\\\/news.save.ch\\\/werkzeuge-fuer-starken-datenschutz\\\/\"]}]},{\"@type\":\"ImageObject\",\"inLanguage\":\"it-IT\",\"@id\":\"https:\\\/\\\/news.save.ch\\\/werkzeuge-fuer-starken-datenschutz\\\/#primaryimage\",\"url\":\"https:\\\/\\\/news.save.ch\\\/wp-content\\\/uploads\\\/2017\\\/01\\\/Depositphotos_90589592_original-scaled-1-scaled.jpg\",\"contentUrl\":\"https:\\\/\\\/news.save.ch\\\/wp-content\\\/uploads\\\/2017\\\/01\\\/Depositphotos_90589592_original-scaled-1-scaled.jpg\",\"width\":1400,\"height\":1050,\"caption\":\"\u00a9 depositphotos\"},{\"@type\":\"BreadcrumbList\",\"@id\":\"https:\\\/\\\/news.save.ch\\\/werkzeuge-fuer-starken-datenschutz\\\/#breadcrumb\",\"itemListElement\":[{\"@type\":\"ListItem\",\"position\":1,\"name\":\"Home\",\"item\":\"https:\\\/\\\/news.save.ch\\\/de\\\/\"},{\"@type\":\"ListItem\",\"position\":2,\"name\":\"Werkzeuge f\u00fcr starken Datenschutz\"}]},{\"@type\":\"WebSite\",\"@id\":\"https:\\\/\\\/news.save.ch\\\/de\\\/#website\",\"url\":\"https:\\\/\\\/news.save.ch\\\/de\\\/\",\"name\":\"Save\",\"description\":\"Schweizer Fachzeitschrift f\u00fcr Sicherheit\",\"publisher\":{\"@id\":\"https:\\\/\\\/news.save.ch\\\/de\\\/#organization\"},\"potentialAction\":[{\"@type\":\"SearchAction\",\"target\":{\"@type\":\"EntryPoint\",\"urlTemplate\":\"https:\\\/\\\/news.save.ch\\\/de\\\/?s={search_term_string}\"},\"query-input\":{\"@type\":\"PropertyValueSpecification\",\"valueRequired\":true,\"valueName\":\"search_term_string\"}}],\"inLanguage\":\"it-IT\"},{\"@type\":\"Organization\",\"@id\":\"https:\\\/\\\/news.save.ch\\\/de\\\/#organization\",\"name\":\"Sicherheitsforum\",\"url\":\"https:\\\/\\\/news.save.ch\\\/de\\\/\",\"logo\":{\"@type\":\"ImageObject\",\"inLanguage\":\"it-IT\",\"@id\":\"https:\\\/\\\/news.save.ch\\\/de\\\/#\\\/schema\\\/logo\\\/image\\\/\",\"url\":\"https:\\\/\\\/news.save.ch\\\/wp-content\\\/uploads\\\/2022\\\/06\\\/Logo_SF_2012.png\",\"contentUrl\":\"https:\\\/\\\/news.save.ch\\\/wp-content\\\/uploads\\\/2022\\\/06\\\/Logo_SF_2012.png\",\"width\":1100,\"height\":91,\"caption\":\"Sicherheitsforum\"},\"image\":{\"@id\":\"https:\\\/\\\/news.save.ch\\\/de\\\/#\\\/schema\\\/logo\\\/image\\\/\"}},{\"@type\":\"Person\",\"@id\":\"https:\\\/\\\/news.save.ch\\\/de\\\/#\\\/schema\\\/person\\\/d5022db048e0e2b9785c50e5b24da5aa\",\"name\":\"Roger Str\u00e4ssle\",\"image\":{\"@type\":\"ImageObject\",\"inLanguage\":\"it-IT\",\"@id\":\"https:\\\/\\\/secure.gravatar.com\\\/avatar\\\/862a5569d087de48e5856e32f45d719a03804c891d6deb8d4f71a660e79e4a47?s=96&d=mm&r=g\",\"url\":\"https:\\\/\\\/secure.gravatar.com\\\/avatar\\\/862a5569d087de48e5856e32f45d719a03804c891d6deb8d4f71a660e79e4a47?s=96&d=mm&r=g\",\"contentUrl\":\"https:\\\/\\\/secure.gravatar.com\\\/avatar\\\/862a5569d087de48e5856e32f45d719a03804c891d6deb8d4f71a660e79e4a47?s=96&d=mm&r=g\",\"caption\":\"Roger Str\u00e4ssle\"},\"url\":\"https:\\\/\\\/news.save.ch\\\/it\\\/author\\\/roger-straessle\\\/\"}]}<\/script>\n<!-- \/ Yoast SEO plugin. -->","yoast_head_json":{"title":"Strumenti per una forte protezione dei dati - Save","description":"Il Commissario per la protezione dei dati del Cantone di Zurigo fornisce nuovi strumenti per ottimizzare la protezione dei dati.","robots":{"index":"index","follow":"follow","max-snippet":"max-snippet:-1","max-image-preview":"max-image-preview:large","max-video-preview":"max-video-preview:-1"},"canonical":"https:\/\/news.save.ch\/it\/werkzeuge-fuer-starken-datenschutz\/","og_locale":"it_IT","og_type":"article","og_title":"Der Datenschutzbeauftragte des Kantons Z\u00fcrich hat neue Werkzeuge zum Schutz der Privatsph\u00e4re lanciert. #Datenschutz","og_description":"Der Datenschutzbeauftragte des Kantons Z\u00fcrich liefert neue Werkzeuge, um den Datenschutz zu optimieren.","og_url":"https:\/\/news.save.ch\/it\/werkzeuge-fuer-starken-datenschutz\/","og_site_name":"Save","article_published_time":"2017-02-01T13:09:24+00:00","article_modified_time":"2023-03-14T07:57:07+00:00","og_image":[{"width":1400,"height":1050,"url":"https:\/\/news.save.ch\/wp-content\/uploads\/2017\/01\/Depositphotos_90589592_original-scaled-1-scaled.jpg","type":"image\/jpeg"}],"author":"Roger Str\u00e4ssle","twitter_card":"summary_large_image","twitter_title":"Der Datenschutzbeauftragte des Kantons Z\u00fcrich hat neue Werkzeuge zum Schutz der Privatsph\u00e4re lanciert. #Datenschutz","twitter_misc":{"Scritto da":"Roger Str\u00e4ssle","Tempo di lettura stimato":"1 minuto"},"schema":{"@context":"https:\/\/schema.org","@graph":[{"@type":"Article","@id":"https:\/\/news.save.ch\/werkzeuge-fuer-starken-datenschutz\/#article","isPartOf":{"@id":"https:\/\/news.save.ch\/werkzeuge-fuer-starken-datenschutz\/"},"author":{"name":"Roger Str\u00e4ssle","@id":"https:\/\/news.save.ch\/de\/#\/schema\/person\/d5022db048e0e2b9785c50e5b24da5aa"},"headline":"Werkzeuge f\u00fcr starken Datenschutz","datePublished":"2017-02-01T13:09:24+00:00","dateModified":"2023-03-14T07:57:07+00:00","mainEntityOfPage":{"@id":"https:\/\/news.save.ch\/werkzeuge-fuer-starken-datenschutz\/"},"wordCount":196,"commentCount":0,"publisher":{"@id":"https:\/\/news.save.ch\/de\/#organization"},"image":{"@id":"https:\/\/news.save.ch\/werkzeuge-fuer-starken-datenschutz\/#primaryimage"},"thumbnailUrl":"https:\/\/news.save.ch\/wp-content\/uploads\/2017\/01\/Depositphotos_90589592_original-scaled-1-scaled.jpg","keywords":["Cyber-Crime","Datenschutz"],"articleSection":["DIGITALISIERUNG"],"inLanguage":"it-IT"},{"@type":"WebPage","@id":"https:\/\/news.save.ch\/werkzeuge-fuer-starken-datenschutz\/","url":"https:\/\/news.save.ch\/werkzeuge-fuer-starken-datenschutz\/","name":"Strumenti per una forte protezione dei dati - Save","isPartOf":{"@id":"https:\/\/news.save.ch\/de\/#website"},"primaryImageOfPage":{"@id":"https:\/\/news.save.ch\/werkzeuge-fuer-starken-datenschutz\/#primaryimage"},"image":{"@id":"https:\/\/news.save.ch\/werkzeuge-fuer-starken-datenschutz\/#primaryimage"},"thumbnailUrl":"https:\/\/news.save.ch\/wp-content\/uploads\/2017\/01\/Depositphotos_90589592_original-scaled-1-scaled.jpg","datePublished":"2017-02-01T13:09:24+00:00","dateModified":"2023-03-14T07:57:07+00:00","description":"Il Commissario per la protezione dei dati del Cantone di Zurigo fornisce nuovi strumenti per ottimizzare la protezione dei dati.","breadcrumb":{"@id":"https:\/\/news.save.ch\/werkzeuge-fuer-starken-datenschutz\/#breadcrumb"},"inLanguage":"it-IT","potentialAction":[{"@type":"ReadAction","target":["https:\/\/news.save.ch\/werkzeuge-fuer-starken-datenschutz\/"]}]},{"@type":"ImageObject","inLanguage":"it-IT","@id":"https:\/\/news.save.ch\/werkzeuge-fuer-starken-datenschutz\/#primaryimage","url":"https:\/\/news.save.ch\/wp-content\/uploads\/2017\/01\/Depositphotos_90589592_original-scaled-1-scaled.jpg","contentUrl":"https:\/\/news.save.ch\/wp-content\/uploads\/2017\/01\/Depositphotos_90589592_original-scaled-1-scaled.jpg","width":1400,"height":1050,"caption":"\u00a9 depositphotos"},{"@type":"BreadcrumbList","@id":"https:\/\/news.save.ch\/werkzeuge-fuer-starken-datenschutz\/#breadcrumb","itemListElement":[{"@type":"ListItem","position":1,"name":"Home","item":"https:\/\/news.save.ch\/de\/"},{"@type":"ListItem","position":2,"name":"Werkzeuge f\u00fcr starken Datenschutz"}]},{"@type":"WebSite","@id":"https:\/\/news.save.ch\/de\/#website","url":"https:\/\/news.save.ch\/de\/","name":"Risparmiare","description":"Rivista svizzera specializzata in sicurezza","publisher":{"@id":"https:\/\/news.save.ch\/de\/#organization"},"potentialAction":[{"@type":"SearchAction","target":{"@type":"EntryPoint","urlTemplate":"https:\/\/news.save.ch\/de\/?s={search_term_string}"},"query-input":{"@type":"PropertyValueSpecification","valueRequired":true,"valueName":"search_term_string"}}],"inLanguage":"it-IT"},{"@type":"Organization","@id":"https:\/\/news.save.ch\/de\/#organization","name":"Forum sulla sicurezza","url":"https:\/\/news.save.ch\/de\/","logo":{"@type":"ImageObject","inLanguage":"it-IT","@id":"https:\/\/news.save.ch\/de\/#\/schema\/logo\/image\/","url":"https:\/\/news.save.ch\/wp-content\/uploads\/2022\/06\/Logo_SF_2012.png","contentUrl":"https:\/\/news.save.ch\/wp-content\/uploads\/2022\/06\/Logo_SF_2012.png","width":1100,"height":91,"caption":"Sicherheitsforum"},"image":{"@id":"https:\/\/news.save.ch\/de\/#\/schema\/logo\/image\/"}},{"@type":"Person","@id":"https:\/\/news.save.ch\/de\/#\/schema\/person\/d5022db048e0e2b9785c50e5b24da5aa","name":"Roger Str\u00e4ssle","image":{"@type":"ImageObject","inLanguage":"it-IT","@id":"https:\/\/secure.gravatar.com\/avatar\/862a5569d087de48e5856e32f45d719a03804c891d6deb8d4f71a660e79e4a47?s=96&d=mm&r=g","url":"https:\/\/secure.gravatar.com\/avatar\/862a5569d087de48e5856e32f45d719a03804c891d6deb8d4f71a660e79e4a47?s=96&d=mm&r=g","contentUrl":"https:\/\/secure.gravatar.com\/avatar\/862a5569d087de48e5856e32f45d719a03804c891d6deb8d4f71a660e79e4a47?s=96&d=mm&r=g","caption":"Roger Str\u00e4ssle"},"url":"https:\/\/news.save.ch\/it\/author\/roger-straessle\/"}]}},"_links":{"self":[{"href":"https:\/\/news.save.ch\/it\/wp-json\/wp\/v2\/posts\/3810","targetHints":{"allow":["GET"]}}],"collection":[{"href":"https:\/\/news.save.ch\/it\/wp-json\/wp\/v2\/posts"}],"about":[{"href":"https:\/\/news.save.ch\/it\/wp-json\/wp\/v2\/types\/post"}],"author":[{"embeddable":true,"href":"https:\/\/news.save.ch\/it\/wp-json\/wp\/v2\/users\/8"}],"replies":[{"embeddable":true,"href":"https:\/\/news.save.ch\/it\/wp-json\/wp\/v2\/comments?post=3810"}],"version-history":[{"count":1,"href":"https:\/\/news.save.ch\/it\/wp-json\/wp\/v2\/posts\/3810\/revisions"}],"predecessor-version":[{"id":17535,"href":"https:\/\/news.save.ch\/it\/wp-json\/wp\/v2\/posts\/3810\/revisions\/17535"}],"wp:featuredmedia":[{"embeddable":true,"href":"https:\/\/news.save.ch\/it\/wp-json\/wp\/v2\/media\/3811"}],"wp:attachment":[{"href":"https:\/\/news.save.ch\/it\/wp-json\/wp\/v2\/media?parent=3810"}],"wp:term":[{"taxonomy":"category","embeddable":true,"href":"https:\/\/news.save.ch\/it\/wp-json\/wp\/v2\/categories?post=3810"},{"taxonomy":"post_tag","embeddable":true,"href":"https:\/\/news.save.ch\/it\/wp-json\/wp\/v2\/tags?post=3810"}],"curies":[{"name":"wp","href":"https:\/\/api.w.org\/{rel}","templated":true}]}}