{"id":390,"date":"2015-07-02T11:35:10","date_gmt":"2015-07-02T09:35:10","guid":{"rendered":"http:\/\/dev.safety-plus.ch\/?p=390"},"modified":"2015-07-02T11:35:10","modified_gmt":"2015-07-02T09:35:10","slug":"muede-mitarbeiter-kommen-unternehmen-teuer-zu-stehen","status":null,"type":"post","link":"https:\/\/news.save.ch\/it\/muede-mitarbeiter-kommen-unternehmen-teuer-zu-stehen\/","title":{"rendered":"I dipendenti stanchi costano molto alle aziende"},"content":{"rendered":"<figure id=\"attachment_395\" aria-describedby=\"caption-attachment-395\" style=\"width: 680px\" class=\"wp-caption alignnone\"><img loading=\"lazy\" decoding=\"async\" class=\"wp-image-395 size-medium\" src=\"http:\/\/develop.safety-plus.ch\/wp-content\/uploads\/2016\/12\/Muede-Mitarbeiter-kommen-Unternehmen-teuer-zu-stehen_safety-plus.jpg\" alt=\"I dipendenti stanchi sono spesso demotivati e agiscono in modo pi\u00f9 impulsivo.\" width=\"680\" height=\"543\" srcset=\"https:\/\/news.save.ch\/wp-content\/uploads\/2016\/12\/Muede-Mitarbeiter-kommen-Unternehmen-teuer-zu-stehen_safety-plus.jpg 1000w, https:\/\/news.save.ch\/wp-content\/uploads\/2016\/12\/Muede-Mitarbeiter-kommen-Unternehmen-teuer-zu-stehen_safety-plus-680x543.jpg 680w, https:\/\/news.save.ch\/wp-content\/uploads\/2016\/12\/Muede-Mitarbeiter-kommen-Unternehmen-teuer-zu-stehen_safety-plus-768x614.jpg 768w, https:\/\/news.save.ch\/wp-content\/uploads\/2016\/12\/Muede-Mitarbeiter-kommen-Unternehmen-teuer-zu-stehen_safety-plus-15x12.jpg 15w, https:\/\/news.save.ch\/wp-content\/uploads\/2016\/12\/Muede-Mitarbeiter-kommen-Unternehmen-teuer-zu-stehen_safety-plus-375x300.jpg 375w, https:\/\/news.save.ch\/wp-content\/uploads\/2016\/12\/Muede-Mitarbeiter-kommen-Unternehmen-teuer-zu-stehen_safety-plus-438x350.jpg 438w\" sizes=\"auto, (max-width: 680px) 100vw, 680px\" \/><figcaption id=\"caption-attachment-395\" class=\"wp-caption-text\">I dipendenti stanchi sono spesso demotivati e agiscono in modo pi\u00f9 impulsivo.<\/figcaption><\/figure>\n<p>La mancanza di sonno tra i dipendenti costa cara alle aziende. Chi non inizia il lavoro ben riposato non solo \u00e8 pi\u00f9 demotivato e meno concentrato, ma pu\u00f2 addirittura costare al proprio datore di lavoro dei clienti e quindi un fatturato importante. Questo \u00e8 il risultato di una recente ricerca del <a href=\"http:\/\/umich.edu\" target=\"_blank\" data-cke-saved-href=\"http:\/\/umich.edu\" rel=\"noopener\">Universit\u00e0 del Michigan<\/a>.<\/p>\n<p><strong>I clienti vogliono compassione<\/strong><\/p>\n<p>Secondo le indagini condotte dagli scienziati, i dipendenti non riposati mostrano problemi di concentrazione e sono pi\u00f9 spesso caratterizzati da comportamenti impulsivi nei confronti di colleghi e clienti. Nello studio condotto dai ricercatori del Michigan, 40 persone tra i 18 e i 50 anni sono state osservate per tre notti. Sono stati sottoposti a un rigido programma notturno per testare in seguito un comportamento lavorativo realistico.<\/p>\n<p>Dopo la notte disturbata, tutti i partecipanti hanno dovuto risolvere vari compiti al computer. A caso, alcuni hanno guardato un video naturalistico, mentre ad altri \u00e8 stato concesso di fare un pisolino di 60 minuti. In seguito, \u00e8 stato necessario risolvere altri compiti. Risultato: chi ha avuto il tempo di dormire \u00e8 stato in grado di risolvere i compiti in modo pi\u00f9 efficace. Gli altri, invece, erano demotivati e talvolta impulsivi o frustrati.<\/p>\n<p><strong>Prevenire gli scoppi d'ira<\/strong><\/p>\n<p>Il lavoro dell'Universit\u00e0 del Michigan segue una serie di risultati precedenti e conferma le ipotesi della ricerca sulle emozioni: rimanere svegli a lungo rende sempre pi\u00f9 difficile controllare le emozioni negative. Gli scoppi emotivi non possono pi\u00f9 essere evitati come quando la mente \u00e8 lucida.<\/p>\n<p>(Fonte: Pressetext.com)<\/p>","protected":false},"excerpt":{"rendered":"<p>Schlafmangel von Mitarbeitern kommt Unternehmen teuer zu stehen. Denn wer nicht ausgeschlafen seinen Dienst antritt, ist nicht nur demotivierter und weniger konzentriert, sondern kann seinem Arbeitgeber sogar Kunden und damit wichtigen Umsatz kosten. Zu diesem Ergebnis kommen aktuelle Forschungsarbeiten an der University of Michigan. Kunden wollen Sympathie Unausgeschlafene Mitarbeiter, so die Wissenschaftler in ihren Erhebungen, [&hellip;]<\/p>\n","protected":false},"author":1,"featured_media":395,"comment_status":"open","ping_status":"open","sticky":false,"template":"","format":"standard","meta":{"_acf_changed":false,"pgc_sgb_lightbox_settings":"","footnotes":""},"categories":[1],"tags":[1775],"class_list":["post-390","post","type-post","status-publish","format-standard","has-post-thumbnail","hentry","category-allgemein","tag-betriebliches-gesundheitsmanagement"],"acf":[],"hkrextid":null,"publication":null,"issue":null,"workflow":null,"startPage":null,"spitzmarke":null,"_posts_by_tag_page_fields":{"widget_title":"","widget_tags":""},"_at_widget":"1","_yoast_wpseo_primary_category":"1","_yoast_wpseo_focuskw_text_input":"M\u00fcde Mitarbeiter","_yoast_wpseo_opengraph-image":null,"_yoast_wpseo_opengraph-description":null,"_yoast_wpseo_opengraph-title":null,"enclosure":null,"_yoast_wpseo_twitter-title":null,"_yoast_wpseo_twitter-description":null,"_yoast_wpseo_twitter-image":null,"_wp_old_slug":null,"_yoast_wpseo_title":null,"_yoast_wpseo_canonical":null,"yoast_head":"<!-- This site is optimized with the Yoast SEO plugin v27.5 - https:\/\/yoast.com\/product\/yoast-seo-wordpress\/ -->\n<title>M\u00fcde Mitarbeiter kommen Unternehmen teuer zu stehen - Save<\/title>\n<meta name=\"description\" content=\"Impulsives Verhalten durch \u00fcberm\u00fcdete Mitarbeiter bringt Unternehmen um Kunden und Auftr\u00e4ge.\" \/>\n<meta name=\"robots\" content=\"index, follow, max-snippet:-1, max-image-preview:large, max-video-preview:-1\" \/>\n<link rel=\"canonical\" href=\"https:\/\/news.save.ch\/it\/muede-mitarbeiter-kommen-unternehmen-teuer-zu-stehen\/\" \/>\n<meta property=\"og:locale\" content=\"it_IT\" \/>\n<meta property=\"og:type\" content=\"article\" \/>\n<meta property=\"og:title\" content=\"M\u00fcde Mitarbeiter kommen Unternehmen teuer zu stehen - Save\" \/>\n<meta property=\"og:description\" content=\"Impulsives Verhalten durch \u00fcberm\u00fcdete Mitarbeiter bringt Unternehmen um Kunden und Auftr\u00e4ge.\" \/>\n<meta property=\"og:url\" content=\"https:\/\/news.save.ch\/it\/muede-mitarbeiter-kommen-unternehmen-teuer-zu-stehen\/\" \/>\n<meta property=\"og:site_name\" content=\"Save\" \/>\n<meta property=\"article:published_time\" content=\"2015-07-02T09:35:10+00:00\" \/>\n<meta property=\"og:image\" content=\"https:\/\/news.save.ch\/wp-content\/uploads\/2016\/12\/Muede-Mitarbeiter-kommen-Unternehmen-teuer-zu-stehen_safety-plus.jpg\" \/>\n\t<meta property=\"og:image:width\" content=\"1000\" \/>\n\t<meta property=\"og:image:height\" content=\"799\" \/>\n\t<meta property=\"og:image:type\" content=\"image\/jpeg\" \/>\n<meta name=\"author\" content=\"admin\" \/>\n<meta name=\"twitter:card\" content=\"summary_large_image\" \/>\n<meta name=\"twitter:label1\" content=\"Scritto da\" \/>\n\t<meta name=\"twitter:data1\" content=\"admin\" \/>\n\t<meta name=\"twitter:label2\" content=\"Tempo di lettura stimato\" \/>\n\t<meta name=\"twitter:data2\" content=\"1 minuto\" \/>\n<script type=\"application\/ld+json\" class=\"yoast-schema-graph\">{\"@context\":\"https:\\\/\\\/schema.org\",\"@graph\":[{\"@type\":\"Article\",\"@id\":\"https:\\\/\\\/news.save.ch\\\/muede-mitarbeiter-kommen-unternehmen-teuer-zu-stehen\\\/#article\",\"isPartOf\":{\"@id\":\"https:\\\/\\\/news.save.ch\\\/muede-mitarbeiter-kommen-unternehmen-teuer-zu-stehen\\\/\"},\"author\":{\"name\":\"admin\",\"@id\":\"https:\\\/\\\/news.save.ch\\\/de\\\/#\\\/schema\\\/person\\\/d49e199490bad7c70d64b9ab51142f2b\"},\"headline\":\"M\u00fcde Mitarbeiter kommen Unternehmen teuer zu stehen\",\"datePublished\":\"2015-07-02T09:35:10+00:00\",\"mainEntityOfPage\":{\"@id\":\"https:\\\/\\\/news.save.ch\\\/muede-mitarbeiter-kommen-unternehmen-teuer-zu-stehen\\\/\"},\"wordCount\":244,\"commentCount\":0,\"publisher\":{\"@id\":\"https:\\\/\\\/news.save.ch\\\/de\\\/#organization\"},\"image\":{\"@id\":\"https:\\\/\\\/news.save.ch\\\/muede-mitarbeiter-kommen-unternehmen-teuer-zu-stehen\\\/#primaryimage\"},\"thumbnailUrl\":\"https:\\\/\\\/news.save.ch\\\/wp-content\\\/uploads\\\/2016\\\/12\\\/Muede-Mitarbeiter-kommen-Unternehmen-teuer-zu-stehen_safety-plus.jpg\",\"keywords\":[\"Betriebliches Gesundheitsmanagement\"],\"articleSection\":[\"ALLGEMEIN\"],\"inLanguage\":\"it-IT\"},{\"@type\":\"WebPage\",\"@id\":\"https:\\\/\\\/news.save.ch\\\/muede-mitarbeiter-kommen-unternehmen-teuer-zu-stehen\\\/\",\"url\":\"https:\\\/\\\/news.save.ch\\\/muede-mitarbeiter-kommen-unternehmen-teuer-zu-stehen\\\/\",\"name\":\"M\u00fcde Mitarbeiter kommen Unternehmen teuer zu stehen - Save\",\"isPartOf\":{\"@id\":\"https:\\\/\\\/news.save.ch\\\/de\\\/#website\"},\"primaryImageOfPage\":{\"@id\":\"https:\\\/\\\/news.save.ch\\\/muede-mitarbeiter-kommen-unternehmen-teuer-zu-stehen\\\/#primaryimage\"},\"image\":{\"@id\":\"https:\\\/\\\/news.save.ch\\\/muede-mitarbeiter-kommen-unternehmen-teuer-zu-stehen\\\/#primaryimage\"},\"thumbnailUrl\":\"https:\\\/\\\/news.save.ch\\\/wp-content\\\/uploads\\\/2016\\\/12\\\/Muede-Mitarbeiter-kommen-Unternehmen-teuer-zu-stehen_safety-plus.jpg\",\"datePublished\":\"2015-07-02T09:35:10+00:00\",\"description\":\"Impulsives Verhalten durch \u00fcberm\u00fcdete Mitarbeiter bringt Unternehmen um Kunden und Auftr\u00e4ge.\",\"breadcrumb\":{\"@id\":\"https:\\\/\\\/news.save.ch\\\/muede-mitarbeiter-kommen-unternehmen-teuer-zu-stehen\\\/#breadcrumb\"},\"inLanguage\":\"it-IT\",\"potentialAction\":[{\"@type\":\"ReadAction\",\"target\":[\"https:\\\/\\\/news.save.ch\\\/muede-mitarbeiter-kommen-unternehmen-teuer-zu-stehen\\\/\"]}]},{\"@type\":\"ImageObject\",\"inLanguage\":\"it-IT\",\"@id\":\"https:\\\/\\\/news.save.ch\\\/muede-mitarbeiter-kommen-unternehmen-teuer-zu-stehen\\\/#primaryimage\",\"url\":\"https:\\\/\\\/news.save.ch\\\/wp-content\\\/uploads\\\/2016\\\/12\\\/Muede-Mitarbeiter-kommen-Unternehmen-teuer-zu-stehen_safety-plus.jpg\",\"contentUrl\":\"https:\\\/\\\/news.save.ch\\\/wp-content\\\/uploads\\\/2016\\\/12\\\/Muede-Mitarbeiter-kommen-Unternehmen-teuer-zu-stehen_safety-plus.jpg\",\"width\":1000,\"height\":799,\"caption\":\"M\u00fcde Mitarbeiter sind oft demotiviert und handeln impulsiver.\"},{\"@type\":\"BreadcrumbList\",\"@id\":\"https:\\\/\\\/news.save.ch\\\/muede-mitarbeiter-kommen-unternehmen-teuer-zu-stehen\\\/#breadcrumb\",\"itemListElement\":[{\"@type\":\"ListItem\",\"position\":1,\"name\":\"Home\",\"item\":\"https:\\\/\\\/news.save.ch\\\/de\\\/\"},{\"@type\":\"ListItem\",\"position\":2,\"name\":\"M\u00fcde Mitarbeiter kommen Unternehmen teuer zu stehen\"}]},{\"@type\":\"WebSite\",\"@id\":\"https:\\\/\\\/news.save.ch\\\/de\\\/#website\",\"url\":\"https:\\\/\\\/news.save.ch\\\/de\\\/\",\"name\":\"Save\",\"description\":\"Schweizer Fachzeitschrift f\u00fcr Sicherheit\",\"publisher\":{\"@id\":\"https:\\\/\\\/news.save.ch\\\/de\\\/#organization\"},\"potentialAction\":[{\"@type\":\"SearchAction\",\"target\":{\"@type\":\"EntryPoint\",\"urlTemplate\":\"https:\\\/\\\/news.save.ch\\\/de\\\/?s={search_term_string}\"},\"query-input\":{\"@type\":\"PropertyValueSpecification\",\"valueRequired\":true,\"valueName\":\"search_term_string\"}}],\"inLanguage\":\"it-IT\"},{\"@type\":\"Organization\",\"@id\":\"https:\\\/\\\/news.save.ch\\\/de\\\/#organization\",\"name\":\"Sicherheitsforum\",\"url\":\"https:\\\/\\\/news.save.ch\\\/de\\\/\",\"logo\":{\"@type\":\"ImageObject\",\"inLanguage\":\"it-IT\",\"@id\":\"https:\\\/\\\/news.save.ch\\\/de\\\/#\\\/schema\\\/logo\\\/image\\\/\",\"url\":\"https:\\\/\\\/news.save.ch\\\/wp-content\\\/uploads\\\/2022\\\/06\\\/Logo_SF_2012.png\",\"contentUrl\":\"https:\\\/\\\/news.save.ch\\\/wp-content\\\/uploads\\\/2022\\\/06\\\/Logo_SF_2012.png\",\"width\":1100,\"height\":91,\"caption\":\"Sicherheitsforum\"},\"image\":{\"@id\":\"https:\\\/\\\/news.save.ch\\\/de\\\/#\\\/schema\\\/logo\\\/image\\\/\"}},{\"@type\":\"Person\",\"@id\":\"https:\\\/\\\/news.save.ch\\\/de\\\/#\\\/schema\\\/person\\\/d49e199490bad7c70d64b9ab51142f2b\",\"name\":\"admin\",\"image\":{\"@type\":\"ImageObject\",\"inLanguage\":\"it-IT\",\"@id\":\"https:\\\/\\\/secure.gravatar.com\\\/avatar\\\/ae2f4d718e6c49043e314ce431e7e645d646302a24a5ef5a8bc8e3f5a032e319?s=96&d=mm&r=g\",\"url\":\"https:\\\/\\\/secure.gravatar.com\\\/avatar\\\/ae2f4d718e6c49043e314ce431e7e645d646302a24a5ef5a8bc8e3f5a032e319?s=96&d=mm&r=g\",\"contentUrl\":\"https:\\\/\\\/secure.gravatar.com\\\/avatar\\\/ae2f4d718e6c49043e314ce431e7e645d646302a24a5ef5a8bc8e3f5a032e319?s=96&d=mm&r=g\",\"caption\":\"admin\"},\"sameAs\":[\"https:\\\/\\\/develop.organisator.galledia.ch\"],\"url\":\"https:\\\/\\\/news.save.ch\\\/it\\\/author\\\/admin\\\/\"}]}<\/script>\n<!-- \/ Yoast SEO plugin. -->","yoast_head_json":{"title":"I dipendenti stanchi costano molto alle aziende - Save","description":"I comportamenti impulsivi dei dipendenti troppo stanchi privano le aziende di clienti e ordini.","robots":{"index":"index","follow":"follow","max-snippet":"max-snippet:-1","max-image-preview":"max-image-preview:large","max-video-preview":"max-video-preview:-1"},"canonical":"https:\/\/news.save.ch\/it\/muede-mitarbeiter-kommen-unternehmen-teuer-zu-stehen\/","og_locale":"it_IT","og_type":"article","og_title":"M\u00fcde Mitarbeiter kommen Unternehmen teuer zu stehen - Save","og_description":"Impulsives Verhalten durch \u00fcberm\u00fcdete Mitarbeiter bringt Unternehmen um Kunden und Auftr\u00e4ge.","og_url":"https:\/\/news.save.ch\/it\/muede-mitarbeiter-kommen-unternehmen-teuer-zu-stehen\/","og_site_name":"Save","article_published_time":"2015-07-02T09:35:10+00:00","og_image":[{"width":1000,"height":799,"url":"https:\/\/news.save.ch\/wp-content\/uploads\/2016\/12\/Muede-Mitarbeiter-kommen-Unternehmen-teuer-zu-stehen_safety-plus.jpg","type":"image\/jpeg"}],"author":"admin","twitter_card":"summary_large_image","twitter_misc":{"Scritto da":"admin","Tempo di lettura stimato":"1 minuto"},"schema":{"@context":"https:\/\/schema.org","@graph":[{"@type":"Article","@id":"https:\/\/news.save.ch\/muede-mitarbeiter-kommen-unternehmen-teuer-zu-stehen\/#article","isPartOf":{"@id":"https:\/\/news.save.ch\/muede-mitarbeiter-kommen-unternehmen-teuer-zu-stehen\/"},"author":{"name":"admin","@id":"https:\/\/news.save.ch\/de\/#\/schema\/person\/d49e199490bad7c70d64b9ab51142f2b"},"headline":"M\u00fcde Mitarbeiter kommen Unternehmen teuer zu stehen","datePublished":"2015-07-02T09:35:10+00:00","mainEntityOfPage":{"@id":"https:\/\/news.save.ch\/muede-mitarbeiter-kommen-unternehmen-teuer-zu-stehen\/"},"wordCount":244,"commentCount":0,"publisher":{"@id":"https:\/\/news.save.ch\/de\/#organization"},"image":{"@id":"https:\/\/news.save.ch\/muede-mitarbeiter-kommen-unternehmen-teuer-zu-stehen\/#primaryimage"},"thumbnailUrl":"https:\/\/news.save.ch\/wp-content\/uploads\/2016\/12\/Muede-Mitarbeiter-kommen-Unternehmen-teuer-zu-stehen_safety-plus.jpg","keywords":["Betriebliches Gesundheitsmanagement"],"articleSection":["ALLGEMEIN"],"inLanguage":"it-IT"},{"@type":"WebPage","@id":"https:\/\/news.save.ch\/muede-mitarbeiter-kommen-unternehmen-teuer-zu-stehen\/","url":"https:\/\/news.save.ch\/muede-mitarbeiter-kommen-unternehmen-teuer-zu-stehen\/","name":"I dipendenti stanchi costano molto alle aziende - Save","isPartOf":{"@id":"https:\/\/news.save.ch\/de\/#website"},"primaryImageOfPage":{"@id":"https:\/\/news.save.ch\/muede-mitarbeiter-kommen-unternehmen-teuer-zu-stehen\/#primaryimage"},"image":{"@id":"https:\/\/news.save.ch\/muede-mitarbeiter-kommen-unternehmen-teuer-zu-stehen\/#primaryimage"},"thumbnailUrl":"https:\/\/news.save.ch\/wp-content\/uploads\/2016\/12\/Muede-Mitarbeiter-kommen-Unternehmen-teuer-zu-stehen_safety-plus.jpg","datePublished":"2015-07-02T09:35:10+00:00","description":"I comportamenti impulsivi dei dipendenti troppo stanchi privano le aziende di clienti e ordini.","breadcrumb":{"@id":"https:\/\/news.save.ch\/muede-mitarbeiter-kommen-unternehmen-teuer-zu-stehen\/#breadcrumb"},"inLanguage":"it-IT","potentialAction":[{"@type":"ReadAction","target":["https:\/\/news.save.ch\/muede-mitarbeiter-kommen-unternehmen-teuer-zu-stehen\/"]}]},{"@type":"ImageObject","inLanguage":"it-IT","@id":"https:\/\/news.save.ch\/muede-mitarbeiter-kommen-unternehmen-teuer-zu-stehen\/#primaryimage","url":"https:\/\/news.save.ch\/wp-content\/uploads\/2016\/12\/Muede-Mitarbeiter-kommen-Unternehmen-teuer-zu-stehen_safety-plus.jpg","contentUrl":"https:\/\/news.save.ch\/wp-content\/uploads\/2016\/12\/Muede-Mitarbeiter-kommen-Unternehmen-teuer-zu-stehen_safety-plus.jpg","width":1000,"height":799,"caption":"M\u00fcde Mitarbeiter sind oft demotiviert und handeln impulsiver."},{"@type":"BreadcrumbList","@id":"https:\/\/news.save.ch\/muede-mitarbeiter-kommen-unternehmen-teuer-zu-stehen\/#breadcrumb","itemListElement":[{"@type":"ListItem","position":1,"name":"Home","item":"https:\/\/news.save.ch\/de\/"},{"@type":"ListItem","position":2,"name":"M\u00fcde Mitarbeiter kommen Unternehmen teuer zu stehen"}]},{"@type":"WebSite","@id":"https:\/\/news.save.ch\/de\/#website","url":"https:\/\/news.save.ch\/de\/","name":"Risparmiare","description":"Rivista svizzera specializzata in sicurezza","publisher":{"@id":"https:\/\/news.save.ch\/de\/#organization"},"potentialAction":[{"@type":"SearchAction","target":{"@type":"EntryPoint","urlTemplate":"https:\/\/news.save.ch\/de\/?s={search_term_string}"},"query-input":{"@type":"PropertyValueSpecification","valueRequired":true,"valueName":"search_term_string"}}],"inLanguage":"it-IT"},{"@type":"Organization","@id":"https:\/\/news.save.ch\/de\/#organization","name":"Forum sulla sicurezza","url":"https:\/\/news.save.ch\/de\/","logo":{"@type":"ImageObject","inLanguage":"it-IT","@id":"https:\/\/news.save.ch\/de\/#\/schema\/logo\/image\/","url":"https:\/\/news.save.ch\/wp-content\/uploads\/2022\/06\/Logo_SF_2012.png","contentUrl":"https:\/\/news.save.ch\/wp-content\/uploads\/2022\/06\/Logo_SF_2012.png","width":1100,"height":91,"caption":"Sicherheitsforum"},"image":{"@id":"https:\/\/news.save.ch\/de\/#\/schema\/logo\/image\/"}},{"@type":"Person","@id":"https:\/\/news.save.ch\/de\/#\/schema\/person\/d49e199490bad7c70d64b9ab51142f2b","name":"amministratore","image":{"@type":"ImageObject","inLanguage":"it-IT","@id":"https:\/\/secure.gravatar.com\/avatar\/ae2f4d718e6c49043e314ce431e7e645d646302a24a5ef5a8bc8e3f5a032e319?s=96&d=mm&r=g","url":"https:\/\/secure.gravatar.com\/avatar\/ae2f4d718e6c49043e314ce431e7e645d646302a24a5ef5a8bc8e3f5a032e319?s=96&d=mm&r=g","contentUrl":"https:\/\/secure.gravatar.com\/avatar\/ae2f4d718e6c49043e314ce431e7e645d646302a24a5ef5a8bc8e3f5a032e319?s=96&d=mm&r=g","caption":"admin"},"sameAs":["https:\/\/develop.organisator.galledia.ch"],"url":"https:\/\/news.save.ch\/it\/author\/admin\/"}]}},"_links":{"self":[{"href":"https:\/\/news.save.ch\/it\/wp-json\/wp\/v2\/posts\/390","targetHints":{"allow":["GET"]}}],"collection":[{"href":"https:\/\/news.save.ch\/it\/wp-json\/wp\/v2\/posts"}],"about":[{"href":"https:\/\/news.save.ch\/it\/wp-json\/wp\/v2\/types\/post"}],"author":[{"embeddable":true,"href":"https:\/\/news.save.ch\/it\/wp-json\/wp\/v2\/users\/1"}],"replies":[{"embeddable":true,"href":"https:\/\/news.save.ch\/it\/wp-json\/wp\/v2\/comments?post=390"}],"version-history":[{"count":0,"href":"https:\/\/news.save.ch\/it\/wp-json\/wp\/v2\/posts\/390\/revisions"}],"wp:featuredmedia":[{"embeddable":true,"href":"https:\/\/news.save.ch\/it\/wp-json\/wp\/v2\/media\/395"}],"wp:attachment":[{"href":"https:\/\/news.save.ch\/it\/wp-json\/wp\/v2\/media?parent=390"}],"wp:term":[{"taxonomy":"category","embeddable":true,"href":"https:\/\/news.save.ch\/it\/wp-json\/wp\/v2\/categories?post=390"},{"taxonomy":"post_tag","embeddable":true,"href":"https:\/\/news.save.ch\/it\/wp-json\/wp\/v2\/tags?post=390"}],"curies":[{"name":"wp","href":"https:\/\/api.w.org\/{rel}","templated":true}]}}