{"id":413,"date":"2015-06-11T11:41:27","date_gmt":"2015-06-11T09:41:27","guid":{"rendered":"http:\/\/dev.safety-plus.ch\/?p=413"},"modified":"2015-06-11T11:41:27","modified_gmt":"2015-06-11T09:41:27","slug":"work-smart-initiative-gestartet","status":null,"type":"post","link":"https:\/\/news.save.ch\/it\/work-smart-initiative-gestartet\/","title":{"rendered":"\"Lancio dell'iniziativa \"Work Smart"},"content":{"rendered":"<figure id=\"attachment_414\" aria-describedby=\"caption-attachment-414\" style=\"width: 680px\" class=\"wp-caption alignnone\"><img loading=\"lazy\" decoding=\"async\" class=\"wp-image-414 size-medium\" src=\"http:\/\/develop.safety-plus.ch\/wp-content\/uploads\/2016\/12\/Work-Smart-Initiative-gestartet_safety-plus.jpeg\" alt=\"Le aziende partecipanti vogliono promuovere modelli di orario di lavoro flessibile in Svizzera.\" width=\"680\" height=\"274\" \/><figcaption id=\"caption-attachment-414\" class=\"wp-caption-text\">Le aziende partecipanti vogliono promuovere modelli di orario di lavoro flessibile in Svizzera.<\/figcaption><\/figure>\n<p>In Svizzera continua la tendenza verso modelli di orario di lavoro flessibili. <a href=\"http:\/\/dev.safety-plus.ch\/immer-mehr-personen-arbeiten-flexibel\/\" target=\"_blank\" data-cke-saved-href=\"http:\/\/safety-plus.hamster.ch\/immer-mehr-personen-arbeiten-flexibel\" rel=\"noopener\">ininterrotto<\/a>\u00a0- Finora, tuttavia, la maggior parte dei dipendenti lavora ancora secondo modelli fissi.<\/p>\n<p>Il <a href=\"http:\/\/work-smart-initiative.ch\/\" target=\"_blank\" data-cke-saved-href=\"http:\/\/work-smart-initiative.ch\/\" rel=\"noopener\">\"Iniziativa \"Work Smart<\/a> vuole aiutare le aziende svizzere a rendere pi\u00f9 flessibile l'orario di lavoro. I sette promotori - tra cui Microsoft Svizzera, La Posta, le FFS e Swisscom - vogliono promuovere ulteriormente il lavoro flessibile nelle loro aziende e allo stesso tempo aiutare altre imprese a introdurlo.<\/p>\n<p>Hanno firmato una carta per impegnarsi a raggiungere questi obiettivi. Dal 15 al 19 giugno, un ulteriore <a href=\"http:\/\/work-smart-initiative.ch\/week\" target=\"_blank\" data-cke-saved-href=\"http:\/\/work-smart-initiative.ch\/week\" rel=\"noopener\">Settimana d'azione<\/a> L'evento offrir\u00e0 a decisori e dipendenti l'opportunit\u00e0 di scambiare informazioni e idee in presentazioni e workshop specializzati.<\/p>\n<p>L'iniziativa \u00e8 sostenuta dalla Scuola di Psicologia Applicata della FHNW con uno studio che ha analizzato per la prima volta la situazione delle aziende svizzere in materia di orari di lavoro flessibili e le relative sfide. Da questo studio \u00e8 stata sviluppata una guida per i manager, che pu\u00f2 essere scaricata gratuitamente. <a href=\"http:\/\/work-smart-initiative.ch\/media\/36147\/work-smart_leitfaden-fuehrungskraefte_de.pdf\" target=\"_blank\" data-cke-saved-href=\"http:\/\/work-smart-initiative.ch\/media\/36147\/work-smart_leitfaden-fuehrungskraefte_de.pdf\" rel=\"noopener\">Scaricare<\/a> \u00e8 pronto.<\/p>","protected":false},"excerpt":{"rendered":"<p>Der Trend hin zu flexiblen Arbeitszeitmodellen ist in der Schweiz nach wie vor ungebrochen\u00a0&#8211; bisher arbeiten aber immer noch die meisten Arbeitnehmer noch nach fixen Modellen. Die &#8222;Work Smart&#8220;-Initiative will Schweizer Unternehmen helfen, ihre Arbeitszeiten zu flexibilisieren. Die sieben Initianten\u00a0&#8211; darunter Microsoft Schweiz, die Schweizerische Post, die SBB und Swisscom &#8211; wollen die flexible Arbeitsform [&hellip;]<\/p>\n","protected":false},"author":1,"featured_media":414,"comment_status":"open","ping_status":"open","sticky":false,"template":"","format":"standard","meta":{"_acf_changed":false,"pgc_sgb_lightbox_settings":"","footnotes":""},"categories":[1],"tags":[1678],"class_list":["post-413","post","type-post","status-publish","format-standard","has-post-thumbnail","hentry","category-allgemein","tag-arbeitszeit"],"acf":[],"hkrextid":null,"publication":null,"issue":null,"workflow":null,"startPage":null,"spitzmarke":null,"_posts_by_tag_page_fields":{"widget_title":"","widget_tags":""},"_at_widget":"1","_yoast_wpseo_primary_category":"1","_yoast_wpseo_focuskw_text_input":"\"Work Smart\"-Initiative","_yoast_wpseo_opengraph-image":null,"_yoast_wpseo_opengraph-description":null,"_yoast_wpseo_opengraph-title":null,"enclosure":null,"_yoast_wpseo_twitter-title":null,"_yoast_wpseo_twitter-description":null,"_yoast_wpseo_twitter-image":null,"_wp_old_slug":null,"_yoast_wpseo_title":null,"_yoast_wpseo_canonical":null,"yoast_head":"<!-- This site is optimized with the Yoast SEO plugin v27.5 - https:\/\/yoast.com\/product\/yoast-seo-wordpress\/ -->\n<title>&quot;Work Smart&quot;-Initiative gestartet - Save<\/title>\n<meta name=\"description\" content=\"Flexible Arbeitszeiten f\u00f6rdern will die neue &quot;Work Smart&quot;-Initiative, deren Charta bereits von sieben Schweizer Unternehmen unterzeichnet wurde.\" \/>\n<meta name=\"robots\" content=\"index, follow, max-snippet:-1, max-image-preview:large, max-video-preview:-1\" \/>\n<link rel=\"canonical\" href=\"https:\/\/news.save.ch\/it\/work-smart-initiative-gestartet\/\" \/>\n<meta property=\"og:locale\" content=\"it_IT\" \/>\n<meta property=\"og:type\" content=\"article\" \/>\n<meta property=\"og:title\" content=\"&quot;Work Smart&quot;-Initiative gestartet - Save\" \/>\n<meta property=\"og:description\" content=\"Flexible Arbeitszeiten f\u00f6rdern will die neue &quot;Work Smart&quot;-Initiative, deren Charta bereits von sieben Schweizer Unternehmen unterzeichnet wurde.\" \/>\n<meta property=\"og:url\" content=\"https:\/\/news.save.ch\/it\/work-smart-initiative-gestartet\/\" \/>\n<meta property=\"og:site_name\" content=\"Save\" \/>\n<meta property=\"article:published_time\" content=\"2015-06-11T09:41:27+00:00\" \/>\n<meta property=\"og:image\" content=\"https:\/\/news.save.ch\/wp-content\/uploads\/2016\/12\/Work-Smart-Initiative-gestartet_safety-plus-scaled-1.jpeg\" \/>\n\t<meta property=\"og:image:width\" content=\"1200\" \/>\n\t<meta property=\"og:image:height\" content=\"483\" \/>\n\t<meta property=\"og:image:type\" content=\"image\/jpeg\" \/>\n<meta name=\"author\" content=\"admin\" \/>\n<meta name=\"twitter:card\" content=\"summary_large_image\" \/>\n<meta name=\"twitter:label1\" content=\"Scritto da\" \/>\n\t<meta name=\"twitter:data1\" content=\"admin\" \/>\n\t<meta name=\"twitter:label2\" content=\"Tempo di lettura stimato\" \/>\n\t<meta name=\"twitter:data2\" content=\"1 minuto\" \/>\n<script type=\"application\/ld+json\" class=\"yoast-schema-graph\">{\"@context\":\"https:\\\/\\\/schema.org\",\"@graph\":[{\"@type\":\"Article\",\"@id\":\"https:\\\/\\\/news.save.ch\\\/work-smart-initiative-gestartet\\\/#article\",\"isPartOf\":{\"@id\":\"https:\\\/\\\/news.save.ch\\\/work-smart-initiative-gestartet\\\/\"},\"author\":{\"name\":\"admin\",\"@id\":\"https:\\\/\\\/news.save.ch\\\/de\\\/#\\\/schema\\\/person\\\/d49e199490bad7c70d64b9ab51142f2b\"},\"headline\":\"&#8222;Work Smart&#8220;-Initiative gestartet\",\"datePublished\":\"2015-06-11T09:41:27+00:00\",\"mainEntityOfPage\":{\"@id\":\"https:\\\/\\\/news.save.ch\\\/work-smart-initiative-gestartet\\\/\"},\"wordCount\":189,\"commentCount\":0,\"publisher\":{\"@id\":\"https:\\\/\\\/news.save.ch\\\/de\\\/#organization\"},\"image\":{\"@id\":\"https:\\\/\\\/news.save.ch\\\/work-smart-initiative-gestartet\\\/#primaryimage\"},\"thumbnailUrl\":\"https:\\\/\\\/news.save.ch\\\/wp-content\\\/uploads\\\/2016\\\/12\\\/Work-Smart-Initiative-gestartet_safety-plus-scaled-1.jpeg\",\"keywords\":[\"Arbeitszeit\"],\"articleSection\":[\"ALLGEMEIN\"],\"inLanguage\":\"it-IT\"},{\"@type\":\"WebPage\",\"@id\":\"https:\\\/\\\/news.save.ch\\\/work-smart-initiative-gestartet\\\/\",\"url\":\"https:\\\/\\\/news.save.ch\\\/work-smart-initiative-gestartet\\\/\",\"name\":\"\\\"Work Smart\\\"-Initiative gestartet - Save\",\"isPartOf\":{\"@id\":\"https:\\\/\\\/news.save.ch\\\/de\\\/#website\"},\"primaryImageOfPage\":{\"@id\":\"https:\\\/\\\/news.save.ch\\\/work-smart-initiative-gestartet\\\/#primaryimage\"},\"image\":{\"@id\":\"https:\\\/\\\/news.save.ch\\\/work-smart-initiative-gestartet\\\/#primaryimage\"},\"thumbnailUrl\":\"https:\\\/\\\/news.save.ch\\\/wp-content\\\/uploads\\\/2016\\\/12\\\/Work-Smart-Initiative-gestartet_safety-plus-scaled-1.jpeg\",\"datePublished\":\"2015-06-11T09:41:27+00:00\",\"description\":\"Flexible Arbeitszeiten f\u00f6rdern will die neue \\\"Work Smart\\\"-Initiative, deren Charta bereits von sieben Schweizer Unternehmen unterzeichnet wurde.\",\"breadcrumb\":{\"@id\":\"https:\\\/\\\/news.save.ch\\\/work-smart-initiative-gestartet\\\/#breadcrumb\"},\"inLanguage\":\"it-IT\",\"potentialAction\":[{\"@type\":\"ReadAction\",\"target\":[\"https:\\\/\\\/news.save.ch\\\/work-smart-initiative-gestartet\\\/\"]}]},{\"@type\":\"ImageObject\",\"inLanguage\":\"it-IT\",\"@id\":\"https:\\\/\\\/news.save.ch\\\/work-smart-initiative-gestartet\\\/#primaryimage\",\"url\":\"https:\\\/\\\/news.save.ch\\\/wp-content\\\/uploads\\\/2016\\\/12\\\/Work-Smart-Initiative-gestartet_safety-plus-scaled-1.jpeg\",\"contentUrl\":\"https:\\\/\\\/news.save.ch\\\/wp-content\\\/uploads\\\/2016\\\/12\\\/Work-Smart-Initiative-gestartet_safety-plus-scaled-1.jpeg\",\"width\":1200,\"height\":483,\"caption\":\"Die teilnehmenden Unternehmen wollen flexible Arbeitszeitmodelle in der Schweiz f\u00f6rdern.\"},{\"@type\":\"BreadcrumbList\",\"@id\":\"https:\\\/\\\/news.save.ch\\\/work-smart-initiative-gestartet\\\/#breadcrumb\",\"itemListElement\":[{\"@type\":\"ListItem\",\"position\":1,\"name\":\"Home\",\"item\":\"https:\\\/\\\/news.save.ch\\\/de\\\/\"},{\"@type\":\"ListItem\",\"position\":2,\"name\":\"&#8222;Work Smart&#8220;-Initiative gestartet\"}]},{\"@type\":\"WebSite\",\"@id\":\"https:\\\/\\\/news.save.ch\\\/de\\\/#website\",\"url\":\"https:\\\/\\\/news.save.ch\\\/de\\\/\",\"name\":\"Save\",\"description\":\"Schweizer Fachzeitschrift f\u00fcr Sicherheit\",\"publisher\":{\"@id\":\"https:\\\/\\\/news.save.ch\\\/de\\\/#organization\"},\"potentialAction\":[{\"@type\":\"SearchAction\",\"target\":{\"@type\":\"EntryPoint\",\"urlTemplate\":\"https:\\\/\\\/news.save.ch\\\/de\\\/?s={search_term_string}\"},\"query-input\":{\"@type\":\"PropertyValueSpecification\",\"valueRequired\":true,\"valueName\":\"search_term_string\"}}],\"inLanguage\":\"it-IT\"},{\"@type\":\"Organization\",\"@id\":\"https:\\\/\\\/news.save.ch\\\/de\\\/#organization\",\"name\":\"Sicherheitsforum\",\"url\":\"https:\\\/\\\/news.save.ch\\\/de\\\/\",\"logo\":{\"@type\":\"ImageObject\",\"inLanguage\":\"it-IT\",\"@id\":\"https:\\\/\\\/news.save.ch\\\/de\\\/#\\\/schema\\\/logo\\\/image\\\/\",\"url\":\"https:\\\/\\\/news.save.ch\\\/wp-content\\\/uploads\\\/2022\\\/06\\\/Logo_SF_2012.png\",\"contentUrl\":\"https:\\\/\\\/news.save.ch\\\/wp-content\\\/uploads\\\/2022\\\/06\\\/Logo_SF_2012.png\",\"width\":1100,\"height\":91,\"caption\":\"Sicherheitsforum\"},\"image\":{\"@id\":\"https:\\\/\\\/news.save.ch\\\/de\\\/#\\\/schema\\\/logo\\\/image\\\/\"}},{\"@type\":\"Person\",\"@id\":\"https:\\\/\\\/news.save.ch\\\/de\\\/#\\\/schema\\\/person\\\/d49e199490bad7c70d64b9ab51142f2b\",\"name\":\"admin\",\"image\":{\"@type\":\"ImageObject\",\"inLanguage\":\"it-IT\",\"@id\":\"https:\\\/\\\/secure.gravatar.com\\\/avatar\\\/ae2f4d718e6c49043e314ce431e7e645d646302a24a5ef5a8bc8e3f5a032e319?s=96&d=mm&r=g\",\"url\":\"https:\\\/\\\/secure.gravatar.com\\\/avatar\\\/ae2f4d718e6c49043e314ce431e7e645d646302a24a5ef5a8bc8e3f5a032e319?s=96&d=mm&r=g\",\"contentUrl\":\"https:\\\/\\\/secure.gravatar.com\\\/avatar\\\/ae2f4d718e6c49043e314ce431e7e645d646302a24a5ef5a8bc8e3f5a032e319?s=96&d=mm&r=g\",\"caption\":\"admin\"},\"sameAs\":[\"https:\\\/\\\/develop.organisator.galledia.ch\"],\"url\":\"https:\\\/\\\/news.save.ch\\\/it\\\/author\\\/admin\\\/\"}]}<\/script>\n<!-- \/ Yoast SEO plugin. -->","yoast_head_json":{"title":"Lanciata l'iniziativa \"Work Smart\" - Save","description":"La nuova iniziativa \"Work Smart\", la cui carta \u00e8 gi\u00e0 stata firmata da sette aziende svizzere, mira a promuovere la flessibilit\u00e0 degli orari di lavoro.","robots":{"index":"index","follow":"follow","max-snippet":"max-snippet:-1","max-image-preview":"max-image-preview:large","max-video-preview":"max-video-preview:-1"},"canonical":"https:\/\/news.save.ch\/it\/work-smart-initiative-gestartet\/","og_locale":"it_IT","og_type":"article","og_title":"\"Work Smart\"-Initiative gestartet - Save","og_description":"Flexible Arbeitszeiten f\u00f6rdern will die neue \"Work Smart\"-Initiative, deren Charta bereits von sieben Schweizer Unternehmen unterzeichnet wurde.","og_url":"https:\/\/news.save.ch\/it\/work-smart-initiative-gestartet\/","og_site_name":"Save","article_published_time":"2015-06-11T09:41:27+00:00","og_image":[{"width":1200,"height":483,"url":"https:\/\/news.save.ch\/wp-content\/uploads\/2016\/12\/Work-Smart-Initiative-gestartet_safety-plus-scaled-1.jpeg","type":"image\/jpeg"}],"author":"admin","twitter_card":"summary_large_image","twitter_misc":{"Scritto da":"admin","Tempo di lettura stimato":"1 minuto"},"schema":{"@context":"https:\/\/schema.org","@graph":[{"@type":"Article","@id":"https:\/\/news.save.ch\/work-smart-initiative-gestartet\/#article","isPartOf":{"@id":"https:\/\/news.save.ch\/work-smart-initiative-gestartet\/"},"author":{"name":"admin","@id":"https:\/\/news.save.ch\/de\/#\/schema\/person\/d49e199490bad7c70d64b9ab51142f2b"},"headline":"&#8222;Work Smart&#8220;-Initiative gestartet","datePublished":"2015-06-11T09:41:27+00:00","mainEntityOfPage":{"@id":"https:\/\/news.save.ch\/work-smart-initiative-gestartet\/"},"wordCount":189,"commentCount":0,"publisher":{"@id":"https:\/\/news.save.ch\/de\/#organization"},"image":{"@id":"https:\/\/news.save.ch\/work-smart-initiative-gestartet\/#primaryimage"},"thumbnailUrl":"https:\/\/news.save.ch\/wp-content\/uploads\/2016\/12\/Work-Smart-Initiative-gestartet_safety-plus-scaled-1.jpeg","keywords":["Arbeitszeit"],"articleSection":["ALLGEMEIN"],"inLanguage":"it-IT"},{"@type":"WebPage","@id":"https:\/\/news.save.ch\/work-smart-initiative-gestartet\/","url":"https:\/\/news.save.ch\/work-smart-initiative-gestartet\/","name":"Lanciata l'iniziativa \"Work Smart\" - Save","isPartOf":{"@id":"https:\/\/news.save.ch\/de\/#website"},"primaryImageOfPage":{"@id":"https:\/\/news.save.ch\/work-smart-initiative-gestartet\/#primaryimage"},"image":{"@id":"https:\/\/news.save.ch\/work-smart-initiative-gestartet\/#primaryimage"},"thumbnailUrl":"https:\/\/news.save.ch\/wp-content\/uploads\/2016\/12\/Work-Smart-Initiative-gestartet_safety-plus-scaled-1.jpeg","datePublished":"2015-06-11T09:41:27+00:00","description":"La nuova iniziativa \"Work Smart\", la cui carta \u00e8 gi\u00e0 stata firmata da sette aziende svizzere, mira a promuovere la flessibilit\u00e0 degli orari di lavoro.","breadcrumb":{"@id":"https:\/\/news.save.ch\/work-smart-initiative-gestartet\/#breadcrumb"},"inLanguage":"it-IT","potentialAction":[{"@type":"ReadAction","target":["https:\/\/news.save.ch\/work-smart-initiative-gestartet\/"]}]},{"@type":"ImageObject","inLanguage":"it-IT","@id":"https:\/\/news.save.ch\/work-smart-initiative-gestartet\/#primaryimage","url":"https:\/\/news.save.ch\/wp-content\/uploads\/2016\/12\/Work-Smart-Initiative-gestartet_safety-plus-scaled-1.jpeg","contentUrl":"https:\/\/news.save.ch\/wp-content\/uploads\/2016\/12\/Work-Smart-Initiative-gestartet_safety-plus-scaled-1.jpeg","width":1200,"height":483,"caption":"Die teilnehmenden Unternehmen wollen flexible Arbeitszeitmodelle in der Schweiz f\u00f6rdern."},{"@type":"BreadcrumbList","@id":"https:\/\/news.save.ch\/work-smart-initiative-gestartet\/#breadcrumb","itemListElement":[{"@type":"ListItem","position":1,"name":"Home","item":"https:\/\/news.save.ch\/de\/"},{"@type":"ListItem","position":2,"name":"&#8222;Work Smart&#8220;-Initiative gestartet"}]},{"@type":"WebSite","@id":"https:\/\/news.save.ch\/de\/#website","url":"https:\/\/news.save.ch\/de\/","name":"Risparmiare","description":"Rivista svizzera specializzata in sicurezza","publisher":{"@id":"https:\/\/news.save.ch\/de\/#organization"},"potentialAction":[{"@type":"SearchAction","target":{"@type":"EntryPoint","urlTemplate":"https:\/\/news.save.ch\/de\/?s={search_term_string}"},"query-input":{"@type":"PropertyValueSpecification","valueRequired":true,"valueName":"search_term_string"}}],"inLanguage":"it-IT"},{"@type":"Organization","@id":"https:\/\/news.save.ch\/de\/#organization","name":"Forum sulla sicurezza","url":"https:\/\/news.save.ch\/de\/","logo":{"@type":"ImageObject","inLanguage":"it-IT","@id":"https:\/\/news.save.ch\/de\/#\/schema\/logo\/image\/","url":"https:\/\/news.save.ch\/wp-content\/uploads\/2022\/06\/Logo_SF_2012.png","contentUrl":"https:\/\/news.save.ch\/wp-content\/uploads\/2022\/06\/Logo_SF_2012.png","width":1100,"height":91,"caption":"Sicherheitsforum"},"image":{"@id":"https:\/\/news.save.ch\/de\/#\/schema\/logo\/image\/"}},{"@type":"Person","@id":"https:\/\/news.save.ch\/de\/#\/schema\/person\/d49e199490bad7c70d64b9ab51142f2b","name":"amministratore","image":{"@type":"ImageObject","inLanguage":"it-IT","@id":"https:\/\/secure.gravatar.com\/avatar\/ae2f4d718e6c49043e314ce431e7e645d646302a24a5ef5a8bc8e3f5a032e319?s=96&d=mm&r=g","url":"https:\/\/secure.gravatar.com\/avatar\/ae2f4d718e6c49043e314ce431e7e645d646302a24a5ef5a8bc8e3f5a032e319?s=96&d=mm&r=g","contentUrl":"https:\/\/secure.gravatar.com\/avatar\/ae2f4d718e6c49043e314ce431e7e645d646302a24a5ef5a8bc8e3f5a032e319?s=96&d=mm&r=g","caption":"admin"},"sameAs":["https:\/\/develop.organisator.galledia.ch"],"url":"https:\/\/news.save.ch\/it\/author\/admin\/"}]}},"_links":{"self":[{"href":"https:\/\/news.save.ch\/it\/wp-json\/wp\/v2\/posts\/413","targetHints":{"allow":["GET"]}}],"collection":[{"href":"https:\/\/news.save.ch\/it\/wp-json\/wp\/v2\/posts"}],"about":[{"href":"https:\/\/news.save.ch\/it\/wp-json\/wp\/v2\/types\/post"}],"author":[{"embeddable":true,"href":"https:\/\/news.save.ch\/it\/wp-json\/wp\/v2\/users\/1"}],"replies":[{"embeddable":true,"href":"https:\/\/news.save.ch\/it\/wp-json\/wp\/v2\/comments?post=413"}],"version-history":[{"count":0,"href":"https:\/\/news.save.ch\/it\/wp-json\/wp\/v2\/posts\/413\/revisions"}],"wp:featuredmedia":[{"embeddable":true,"href":"https:\/\/news.save.ch\/it\/wp-json\/wp\/v2\/media\/414"}],"wp:attachment":[{"href":"https:\/\/news.save.ch\/it\/wp-json\/wp\/v2\/media?parent=413"}],"wp:term":[{"taxonomy":"category","embeddable":true,"href":"https:\/\/news.save.ch\/it\/wp-json\/wp\/v2\/categories?post=413"},{"taxonomy":"post_tag","embeddable":true,"href":"https:\/\/news.save.ch\/it\/wp-json\/wp\/v2\/tags?post=413"}],"curies":[{"name":"wp","href":"https:\/\/api.w.org\/{rel}","templated":true}]}}