{"id":4130,"date":"2019-05-22T08:00:35","date_gmt":"2019-05-22T06:00:35","guid":{"rendered":"https:\/\/news.save.ch\/?p=4130"},"modified":"2023-03-14T09:04:01","modified_gmt":"2023-03-14T08:04:01","slug":"unfaelle-im-strassenverkehr-junge-erwachsene-besonders-gefaehrdet","status":null,"type":"post","link":"https:\/\/news.save.ch\/it\/unfaelle-im-strassenverkehr-junge-erwachsene-besonders-gefaehrdet\/","title":{"rendered":"Incidenti stradali: i giovani adulti sono particolarmente a rischio"},"content":{"rendered":"<figure id=\"attachment_4132\" aria-describedby=\"caption-attachment-4132\" style=\"width: 680px\" class=\"wp-caption alignnone\"><img loading=\"lazy\" decoding=\"async\" class=\"size-medium wp-image-4132\" src=\"http:\/\/develop.safety-plus.ch\/wp-content\/uploads\/2019\/05\/Depositphotos_AllaSerebrina.jpg\" alt=\"\" width=\"680\" height=\"454\" \/><figcaption id=\"caption-attachment-4132\" class=\"wp-caption-text\">I giovani adulti di et\u00e0 compresa tra i 18 e i 24 anni subiscono molti incidenti stradali gravi come conducenti di auto e moto. \u00a9 Depositphotos\/AllaSerebrina<\/figcaption><\/figure>\n<p><a href=\"https:\/\/news.save.ch\/it\/3072-2\/\" target=\"_blank\" rel=\"noopener\">Giovani adulti<\/a> I conducenti di auto e moto di et\u00e0 compresa tra i 18 e i 24 anni subiscono un numero di incidenti stradali gravi superiore alla media rispetto agli altri gruppi di et\u00e0. L'AAIB ha analizzato i fattori di rischio di questa fascia d'et\u00e0 e ha individuato possibili misure di prevenzione. I risultati sono ora disponibili: Il dossier sulla sicurezza pubblicato oggi mostra come rispondere all'elevato numero di incidenti annuali. <a href=\"https:\/\/news.save.ch\/it\/neues-bfu-sicherheitsbarometer-zur-verkehrssicherheit\/\" target=\"_blank\" rel=\"noopener\">Numero di vittime<\/a> (32 morti, 450 feriti gravi), si deve reagire.<\/p>\n<p>Le ragioni dell'elevato <a href=\"https:\/\/news.save.ch\/it\/unfallrisiko-verdoppelt-sich-bei-schlafentzug\/\" target=\"_blank\" rel=\"noopener\">Rischio di incidenti<\/a> nella prima et\u00e0 adulta sono complessi: da un lato, l'esperienza e la routine, estremamente importanti per la sicurezza, sono comprensibilmente carenti nella fase iniziale. Dall'altro lato, i giovani tra i 18 e i 24 anni sono ancora nella fase di crescita. Ci\u00f2 si accompagna a una certa tendenza a sopravvalutare se stessi, a comportamenti rischiosi e al consumo di alcol.<\/p>\n<p><strong>La guida distratta \u00e8 ancora pi\u00f9 pericolosa per i giovani automobilisti<\/strong><\/p>\n<p>Esistono anche altri rischi specifici per l'et\u00e0: Poich\u00e9 molti non hanno ancora interiorizzato il funzionamento del veicolo, le distrazioni, come l'uso del cellulare al volante, sono ancora pi\u00f9 pericolose per i giovani conducenti. Anche il trasporto di passeggeri coetanei, la pressione dei coetanei o la ricerca di esperienze eccitanti possono giocare un ruolo importante, soprattutto per i giovani uomini.<\/p>\n<p><strong>Pi\u00f9 informazioni<\/strong><\/p>\n<p><a href=\"https:\/\/www.bfu.ch\/de\/die-bfu\/kommunikation\/medien\/strassenverkehr\/neulenkende\/neulenkende\/unfaelle-im-strassenverkehr-junge-erwachsene-besonders-gefaehrdet\" target=\"_blank\" rel=\"noopener\">www.bfu.ch<\/a><\/p>","protected":false},"excerpt":{"rendered":"<p>Junge Erwachsene im Alter von 18 bis 24 Jahren erleiden als Auto- und Motorradfahrer im Vergleich zu anderen Altersgruppen \u00fcberdurchschnittlich viele schwere Verkehrsunf\u00e4lle. Die BFU hat die Risikofaktoren dieser Altersgruppe analysiert und m\u00f6gliche Pr\u00e4ventionsmassnahmen ermittelt. Die Resultate liegen nun vor: Das heute erscheinende Sicherheitsdossier zeigt, wie auf die hohe j\u00e4hrliche Opferzahl (32\u00a0Tote, 450\u00a0Schwerverletzte) reagiert werden [&hellip;]<\/p>\n","protected":false},"author":1,"featured_media":4132,"comment_status":"open","ping_status":"open","sticky":false,"template":"","format":"standard","meta":{"_acf_changed":false,"pgc_sgb_lightbox_settings":"","footnotes":""},"categories":[1,3314],"tags":[1712,2344,175,141,3135,3141,3186],"class_list":["post-4130","post","type-post","status-publish","format-standard","has-post-thumbnail","hentry","category-allgemein","category-health-safety","tag-auto-und-motorradfahrer","tag-junge-erwachsene","tag-nichtberufsunfaelle","tag-praevention","tag-unfaelle","tag-unfallrisiko","tag-verkehrsunfall"],"acf":[],"hkrextid":null,"publication":null,"issue":null,"workflow":null,"startPage":null,"spitzmarke":null,"_posts_by_tag_page_fields":{"widget_title":"","widget_tags":""},"_at_widget":"1","_yoast_wpseo_primary_category":"1","_yoast_wpseo_focuskw_text_input":"Unf\u00e4lle","_yoast_wpseo_opengraph-image":null,"_yoast_wpseo_opengraph-description":null,"_yoast_wpseo_opengraph-title":null,"enclosure":null,"_yoast_wpseo_twitter-title":null,"_yoast_wpseo_twitter-description":null,"_yoast_wpseo_twitter-image":null,"_wp_old_slug":null,"_yoast_wpseo_title":null,"_yoast_wpseo_canonical":null,"yoast_head":"<!-- This site is optimized with the Yoast SEO plugin v27.5 - https:\/\/yoast.com\/product\/yoast-seo-wordpress\/ -->\n<title>Unf\u00e4lle im Strassenverkehr: Junge Erwachsene besonders gef\u00e4hrdet - Save<\/title>\n<meta name=\"description\" content=\"Im Jahresschnitt werden auf Schweizer Strassen 32 junge Erwachsene get\u00f6tet und 450 weitere schwer verletzt.\" \/>\n<meta name=\"robots\" content=\"index, follow, max-snippet:-1, max-image-preview:large, max-video-preview:-1\" \/>\n<link rel=\"canonical\" href=\"https:\/\/news.save.ch\/it\/unfaelle-im-strassenverkehr-junge-erwachsene-besonders-gefaehrdet\/\" \/>\n<meta property=\"og:locale\" content=\"it_IT\" \/>\n<meta property=\"og:type\" content=\"article\" \/>\n<meta property=\"og:title\" content=\"Unf\u00e4lle im Strassenverkehr: Junge Erwachsene besonders gef\u00e4hrdet - Save\" \/>\n<meta property=\"og:description\" content=\"Im Jahresschnitt werden auf Schweizer Strassen 32 junge Erwachsene get\u00f6tet und 450 weitere schwer verletzt.\" \/>\n<meta property=\"og:url\" content=\"https:\/\/news.save.ch\/it\/unfaelle-im-strassenverkehr-junge-erwachsene-besonders-gefaehrdet\/\" \/>\n<meta property=\"og:site_name\" content=\"Save\" \/>\n<meta property=\"article:published_time\" content=\"2019-05-22T06:00:35+00:00\" \/>\n<meta property=\"article:modified_time\" content=\"2023-03-14T08:04:01+00:00\" \/>\n<meta property=\"og:image\" content=\"https:\/\/news.save.ch\/wp-content\/uploads\/2019\/05\/Depositphotos_AllaSerebrina-scaled-1.jpg\" \/>\n\t<meta property=\"og:image:width\" content=\"1200\" \/>\n\t<meta property=\"og:image:height\" content=\"801\" \/>\n\t<meta property=\"og:image:type\" content=\"image\/jpeg\" \/>\n<meta name=\"author\" content=\"admin\" \/>\n<meta name=\"twitter:card\" content=\"summary_large_image\" \/>\n<meta name=\"twitter:label1\" content=\"Scritto da\" \/>\n\t<meta name=\"twitter:data1\" content=\"admin\" \/>\n\t<meta name=\"twitter:label2\" content=\"Tempo di lettura stimato\" \/>\n\t<meta name=\"twitter:data2\" content=\"1 minuto\" \/>\n<script type=\"application\/ld+json\" class=\"yoast-schema-graph\">{\"@context\":\"https:\\\/\\\/schema.org\",\"@graph\":[{\"@type\":\"Article\",\"@id\":\"https:\\\/\\\/news.save.ch\\\/unfaelle-im-strassenverkehr-junge-erwachsene-besonders-gefaehrdet\\\/#article\",\"isPartOf\":{\"@id\":\"https:\\\/\\\/news.save.ch\\\/unfaelle-im-strassenverkehr-junge-erwachsene-besonders-gefaehrdet\\\/\"},\"author\":{\"name\":\"admin\",\"@id\":\"https:\\\/\\\/news.save.ch\\\/de\\\/#\\\/schema\\\/person\\\/d49e199490bad7c70d64b9ab51142f2b\"},\"headline\":\"Unf\u00e4lle im Strassenverkehr: Junge Erwachsene besonders gef\u00e4hrdet\",\"datePublished\":\"2019-05-22T06:00:35+00:00\",\"dateModified\":\"2023-03-14T08:04:01+00:00\",\"mainEntityOfPage\":{\"@id\":\"https:\\\/\\\/news.save.ch\\\/unfaelle-im-strassenverkehr-junge-erwachsene-besonders-gefaehrdet\\\/\"},\"wordCount\":217,\"commentCount\":0,\"publisher\":{\"@id\":\"https:\\\/\\\/news.save.ch\\\/de\\\/#organization\"},\"image\":{\"@id\":\"https:\\\/\\\/news.save.ch\\\/unfaelle-im-strassenverkehr-junge-erwachsene-besonders-gefaehrdet\\\/#primaryimage\"},\"thumbnailUrl\":\"https:\\\/\\\/news.save.ch\\\/wp-content\\\/uploads\\\/2019\\\/05\\\/Depositphotos_AllaSerebrina-scaled-1.jpg\",\"keywords\":[\"Auto- und Motorradfahrer\",\"Junge Erwachsene\",\"Nichtberufsunf\u00e4lle\",\"Pr\u00e4vention\",\"Unf\u00e4lle\",\"Unfallrisiko\",\"Verkehrsunfall\"],\"articleSection\":[\"ALLGEMEIN\",\"HEALTH &amp; SAFETY\"],\"inLanguage\":\"it-IT\"},{\"@type\":\"WebPage\",\"@id\":\"https:\\\/\\\/news.save.ch\\\/unfaelle-im-strassenverkehr-junge-erwachsene-besonders-gefaehrdet\\\/\",\"url\":\"https:\\\/\\\/news.save.ch\\\/unfaelle-im-strassenverkehr-junge-erwachsene-besonders-gefaehrdet\\\/\",\"name\":\"Unf\u00e4lle im Strassenverkehr: Junge Erwachsene besonders gef\u00e4hrdet - Save\",\"isPartOf\":{\"@id\":\"https:\\\/\\\/news.save.ch\\\/de\\\/#website\"},\"primaryImageOfPage\":{\"@id\":\"https:\\\/\\\/news.save.ch\\\/unfaelle-im-strassenverkehr-junge-erwachsene-besonders-gefaehrdet\\\/#primaryimage\"},\"image\":{\"@id\":\"https:\\\/\\\/news.save.ch\\\/unfaelle-im-strassenverkehr-junge-erwachsene-besonders-gefaehrdet\\\/#primaryimage\"},\"thumbnailUrl\":\"https:\\\/\\\/news.save.ch\\\/wp-content\\\/uploads\\\/2019\\\/05\\\/Depositphotos_AllaSerebrina-scaled-1.jpg\",\"datePublished\":\"2019-05-22T06:00:35+00:00\",\"dateModified\":\"2023-03-14T08:04:01+00:00\",\"description\":\"Im Jahresschnitt werden auf Schweizer Strassen 32 junge Erwachsene get\u00f6tet und 450 weitere schwer verletzt.\",\"breadcrumb\":{\"@id\":\"https:\\\/\\\/news.save.ch\\\/unfaelle-im-strassenverkehr-junge-erwachsene-besonders-gefaehrdet\\\/#breadcrumb\"},\"inLanguage\":\"it-IT\",\"potentialAction\":[{\"@type\":\"ReadAction\",\"target\":[\"https:\\\/\\\/news.save.ch\\\/unfaelle-im-strassenverkehr-junge-erwachsene-besonders-gefaehrdet\\\/\"]}]},{\"@type\":\"ImageObject\",\"inLanguage\":\"it-IT\",\"@id\":\"https:\\\/\\\/news.save.ch\\\/unfaelle-im-strassenverkehr-junge-erwachsene-besonders-gefaehrdet\\\/#primaryimage\",\"url\":\"https:\\\/\\\/news.save.ch\\\/wp-content\\\/uploads\\\/2019\\\/05\\\/Depositphotos_AllaSerebrina-scaled-1.jpg\",\"contentUrl\":\"https:\\\/\\\/news.save.ch\\\/wp-content\\\/uploads\\\/2019\\\/05\\\/Depositphotos_AllaSerebrina-scaled-1.jpg\",\"width\":1200,\"height\":801,\"caption\":\"Junge Erwachsene im Alter von 18 bis 24 Jahren erleiden als Auto- und Motorradfahrer viele schwere Verkehrsunf\u00e4lle. \u00a9 Depositphotos\\\/AllaSerebrina\"},{\"@type\":\"BreadcrumbList\",\"@id\":\"https:\\\/\\\/news.save.ch\\\/unfaelle-im-strassenverkehr-junge-erwachsene-besonders-gefaehrdet\\\/#breadcrumb\",\"itemListElement\":[{\"@type\":\"ListItem\",\"position\":1,\"name\":\"Home\",\"item\":\"https:\\\/\\\/news.save.ch\\\/de\\\/\"},{\"@type\":\"ListItem\",\"position\":2,\"name\":\"Unf\u00e4lle im Strassenverkehr: Junge Erwachsene besonders gef\u00e4hrdet\"}]},{\"@type\":\"WebSite\",\"@id\":\"https:\\\/\\\/news.save.ch\\\/de\\\/#website\",\"url\":\"https:\\\/\\\/news.save.ch\\\/de\\\/\",\"name\":\"Save\",\"description\":\"Schweizer Fachzeitschrift f\u00fcr Sicherheit\",\"publisher\":{\"@id\":\"https:\\\/\\\/news.save.ch\\\/de\\\/#organization\"},\"potentialAction\":[{\"@type\":\"SearchAction\",\"target\":{\"@type\":\"EntryPoint\",\"urlTemplate\":\"https:\\\/\\\/news.save.ch\\\/de\\\/?s={search_term_string}\"},\"query-input\":{\"@type\":\"PropertyValueSpecification\",\"valueRequired\":true,\"valueName\":\"search_term_string\"}}],\"inLanguage\":\"it-IT\"},{\"@type\":\"Organization\",\"@id\":\"https:\\\/\\\/news.save.ch\\\/de\\\/#organization\",\"name\":\"Sicherheitsforum\",\"url\":\"https:\\\/\\\/news.save.ch\\\/de\\\/\",\"logo\":{\"@type\":\"ImageObject\",\"inLanguage\":\"it-IT\",\"@id\":\"https:\\\/\\\/news.save.ch\\\/de\\\/#\\\/schema\\\/logo\\\/image\\\/\",\"url\":\"https:\\\/\\\/news.save.ch\\\/wp-content\\\/uploads\\\/2022\\\/06\\\/Logo_SF_2012.png\",\"contentUrl\":\"https:\\\/\\\/news.save.ch\\\/wp-content\\\/uploads\\\/2022\\\/06\\\/Logo_SF_2012.png\",\"width\":1100,\"height\":91,\"caption\":\"Sicherheitsforum\"},\"image\":{\"@id\":\"https:\\\/\\\/news.save.ch\\\/de\\\/#\\\/schema\\\/logo\\\/image\\\/\"}},{\"@type\":\"Person\",\"@id\":\"https:\\\/\\\/news.save.ch\\\/de\\\/#\\\/schema\\\/person\\\/d49e199490bad7c70d64b9ab51142f2b\",\"name\":\"admin\",\"image\":{\"@type\":\"ImageObject\",\"inLanguage\":\"it-IT\",\"@id\":\"https:\\\/\\\/secure.gravatar.com\\\/avatar\\\/ae2f4d718e6c49043e314ce431e7e645d646302a24a5ef5a8bc8e3f5a032e319?s=96&d=mm&r=g\",\"url\":\"https:\\\/\\\/secure.gravatar.com\\\/avatar\\\/ae2f4d718e6c49043e314ce431e7e645d646302a24a5ef5a8bc8e3f5a032e319?s=96&d=mm&r=g\",\"contentUrl\":\"https:\\\/\\\/secure.gravatar.com\\\/avatar\\\/ae2f4d718e6c49043e314ce431e7e645d646302a24a5ef5a8bc8e3f5a032e319?s=96&d=mm&r=g\",\"caption\":\"admin\"},\"sameAs\":[\"https:\\\/\\\/develop.organisator.galledia.ch\"],\"url\":\"https:\\\/\\\/news.save.ch\\\/it\\\/author\\\/admin\\\/\"}]}<\/script>\n<!-- \/ Yoast SEO plugin. -->","yoast_head_json":{"title":"Incidenti stradali: giovani adulti particolarmente a rischio - Save","description":"In media, ogni anno 32 giovani adulti muoiono e altri 450 rimangono gravemente feriti sulle strade svizzere.","robots":{"index":"index","follow":"follow","max-snippet":"max-snippet:-1","max-image-preview":"max-image-preview:large","max-video-preview":"max-video-preview:-1"},"canonical":"https:\/\/news.save.ch\/it\/unfaelle-im-strassenverkehr-junge-erwachsene-besonders-gefaehrdet\/","og_locale":"it_IT","og_type":"article","og_title":"Unf\u00e4lle im Strassenverkehr: Junge Erwachsene besonders gef\u00e4hrdet - Save","og_description":"Im Jahresschnitt werden auf Schweizer Strassen 32 junge Erwachsene get\u00f6tet und 450 weitere schwer verletzt.","og_url":"https:\/\/news.save.ch\/it\/unfaelle-im-strassenverkehr-junge-erwachsene-besonders-gefaehrdet\/","og_site_name":"Save","article_published_time":"2019-05-22T06:00:35+00:00","article_modified_time":"2023-03-14T08:04:01+00:00","og_image":[{"width":1200,"height":801,"url":"https:\/\/news.save.ch\/wp-content\/uploads\/2019\/05\/Depositphotos_AllaSerebrina-scaled-1.jpg","type":"image\/jpeg"}],"author":"admin","twitter_card":"summary_large_image","twitter_misc":{"Scritto da":"admin","Tempo di lettura stimato":"1 minuto"},"schema":{"@context":"https:\/\/schema.org","@graph":[{"@type":"Article","@id":"https:\/\/news.save.ch\/unfaelle-im-strassenverkehr-junge-erwachsene-besonders-gefaehrdet\/#article","isPartOf":{"@id":"https:\/\/news.save.ch\/unfaelle-im-strassenverkehr-junge-erwachsene-besonders-gefaehrdet\/"},"author":{"name":"admin","@id":"https:\/\/news.save.ch\/de\/#\/schema\/person\/d49e199490bad7c70d64b9ab51142f2b"},"headline":"Unf\u00e4lle im Strassenverkehr: Junge Erwachsene besonders gef\u00e4hrdet","datePublished":"2019-05-22T06:00:35+00:00","dateModified":"2023-03-14T08:04:01+00:00","mainEntityOfPage":{"@id":"https:\/\/news.save.ch\/unfaelle-im-strassenverkehr-junge-erwachsene-besonders-gefaehrdet\/"},"wordCount":217,"commentCount":0,"publisher":{"@id":"https:\/\/news.save.ch\/de\/#organization"},"image":{"@id":"https:\/\/news.save.ch\/unfaelle-im-strassenverkehr-junge-erwachsene-besonders-gefaehrdet\/#primaryimage"},"thumbnailUrl":"https:\/\/news.save.ch\/wp-content\/uploads\/2019\/05\/Depositphotos_AllaSerebrina-scaled-1.jpg","keywords":["Auto- und Motorradfahrer","Junge Erwachsene","Nichtberufsunf\u00e4lle","Pr\u00e4vention","Unf\u00e4lle","Unfallrisiko","Verkehrsunfall"],"articleSection":["ALLGEMEIN","HEALTH &amp; SAFETY"],"inLanguage":"it-IT"},{"@type":"WebPage","@id":"https:\/\/news.save.ch\/unfaelle-im-strassenverkehr-junge-erwachsene-besonders-gefaehrdet\/","url":"https:\/\/news.save.ch\/unfaelle-im-strassenverkehr-junge-erwachsene-besonders-gefaehrdet\/","name":"Incidenti stradali: giovani adulti particolarmente a rischio - Save","isPartOf":{"@id":"https:\/\/news.save.ch\/de\/#website"},"primaryImageOfPage":{"@id":"https:\/\/news.save.ch\/unfaelle-im-strassenverkehr-junge-erwachsene-besonders-gefaehrdet\/#primaryimage"},"image":{"@id":"https:\/\/news.save.ch\/unfaelle-im-strassenverkehr-junge-erwachsene-besonders-gefaehrdet\/#primaryimage"},"thumbnailUrl":"https:\/\/news.save.ch\/wp-content\/uploads\/2019\/05\/Depositphotos_AllaSerebrina-scaled-1.jpg","datePublished":"2019-05-22T06:00:35+00:00","dateModified":"2023-03-14T08:04:01+00:00","description":"In media, ogni anno 32 giovani adulti muoiono e altri 450 rimangono gravemente feriti sulle strade svizzere.","breadcrumb":{"@id":"https:\/\/news.save.ch\/unfaelle-im-strassenverkehr-junge-erwachsene-besonders-gefaehrdet\/#breadcrumb"},"inLanguage":"it-IT","potentialAction":[{"@type":"ReadAction","target":["https:\/\/news.save.ch\/unfaelle-im-strassenverkehr-junge-erwachsene-besonders-gefaehrdet\/"]}]},{"@type":"ImageObject","inLanguage":"it-IT","@id":"https:\/\/news.save.ch\/unfaelle-im-strassenverkehr-junge-erwachsene-besonders-gefaehrdet\/#primaryimage","url":"https:\/\/news.save.ch\/wp-content\/uploads\/2019\/05\/Depositphotos_AllaSerebrina-scaled-1.jpg","contentUrl":"https:\/\/news.save.ch\/wp-content\/uploads\/2019\/05\/Depositphotos_AllaSerebrina-scaled-1.jpg","width":1200,"height":801,"caption":"Junge Erwachsene im Alter von 18 bis 24 Jahren erleiden als Auto- und Motorradfahrer viele schwere Verkehrsunf\u00e4lle. \u00a9 Depositphotos\/AllaSerebrina"},{"@type":"BreadcrumbList","@id":"https:\/\/news.save.ch\/unfaelle-im-strassenverkehr-junge-erwachsene-besonders-gefaehrdet\/#breadcrumb","itemListElement":[{"@type":"ListItem","position":1,"name":"Home","item":"https:\/\/news.save.ch\/de\/"},{"@type":"ListItem","position":2,"name":"Unf\u00e4lle im Strassenverkehr: Junge Erwachsene besonders gef\u00e4hrdet"}]},{"@type":"WebSite","@id":"https:\/\/news.save.ch\/de\/#website","url":"https:\/\/news.save.ch\/de\/","name":"Risparmiare","description":"Rivista svizzera specializzata in sicurezza","publisher":{"@id":"https:\/\/news.save.ch\/de\/#organization"},"potentialAction":[{"@type":"SearchAction","target":{"@type":"EntryPoint","urlTemplate":"https:\/\/news.save.ch\/de\/?s={search_term_string}"},"query-input":{"@type":"PropertyValueSpecification","valueRequired":true,"valueName":"search_term_string"}}],"inLanguage":"it-IT"},{"@type":"Organization","@id":"https:\/\/news.save.ch\/de\/#organization","name":"Forum sulla sicurezza","url":"https:\/\/news.save.ch\/de\/","logo":{"@type":"ImageObject","inLanguage":"it-IT","@id":"https:\/\/news.save.ch\/de\/#\/schema\/logo\/image\/","url":"https:\/\/news.save.ch\/wp-content\/uploads\/2022\/06\/Logo_SF_2012.png","contentUrl":"https:\/\/news.save.ch\/wp-content\/uploads\/2022\/06\/Logo_SF_2012.png","width":1100,"height":91,"caption":"Sicherheitsforum"},"image":{"@id":"https:\/\/news.save.ch\/de\/#\/schema\/logo\/image\/"}},{"@type":"Person","@id":"https:\/\/news.save.ch\/de\/#\/schema\/person\/d49e199490bad7c70d64b9ab51142f2b","name":"amministratore","image":{"@type":"ImageObject","inLanguage":"it-IT","@id":"https:\/\/secure.gravatar.com\/avatar\/ae2f4d718e6c49043e314ce431e7e645d646302a24a5ef5a8bc8e3f5a032e319?s=96&d=mm&r=g","url":"https:\/\/secure.gravatar.com\/avatar\/ae2f4d718e6c49043e314ce431e7e645d646302a24a5ef5a8bc8e3f5a032e319?s=96&d=mm&r=g","contentUrl":"https:\/\/secure.gravatar.com\/avatar\/ae2f4d718e6c49043e314ce431e7e645d646302a24a5ef5a8bc8e3f5a032e319?s=96&d=mm&r=g","caption":"admin"},"sameAs":["https:\/\/develop.organisator.galledia.ch"],"url":"https:\/\/news.save.ch\/it\/author\/admin\/"}]}},"_links":{"self":[{"href":"https:\/\/news.save.ch\/it\/wp-json\/wp\/v2\/posts\/4130","targetHints":{"allow":["GET"]}}],"collection":[{"href":"https:\/\/news.save.ch\/it\/wp-json\/wp\/v2\/posts"}],"about":[{"href":"https:\/\/news.save.ch\/it\/wp-json\/wp\/v2\/types\/post"}],"author":[{"embeddable":true,"href":"https:\/\/news.save.ch\/it\/wp-json\/wp\/v2\/users\/1"}],"replies":[{"embeddable":true,"href":"https:\/\/news.save.ch\/it\/wp-json\/wp\/v2\/comments?post=4130"}],"version-history":[{"count":1,"href":"https:\/\/news.save.ch\/it\/wp-json\/wp\/v2\/posts\/4130\/revisions"}],"predecessor-version":[{"id":18661,"href":"https:\/\/news.save.ch\/it\/wp-json\/wp\/v2\/posts\/4130\/revisions\/18661"}],"wp:featuredmedia":[{"embeddable":true,"href":"https:\/\/news.save.ch\/it\/wp-json\/wp\/v2\/media\/4132"}],"wp:attachment":[{"href":"https:\/\/news.save.ch\/it\/wp-json\/wp\/v2\/media?parent=4130"}],"wp:term":[{"taxonomy":"category","embeddable":true,"href":"https:\/\/news.save.ch\/it\/wp-json\/wp\/v2\/categories?post=4130"},{"taxonomy":"post_tag","embeddable":true,"href":"https:\/\/news.save.ch\/it\/wp-json\/wp\/v2\/tags?post=4130"}],"curies":[{"name":"wp","href":"https:\/\/api.w.org\/{rel}","templated":true}]}}