{"id":4194,"date":"2017-02-17T11:24:28","date_gmt":"2017-02-17T10:24:28","guid":{"rendered":"https:\/\/news.save.ch\/?p=4194"},"modified":"2023-03-14T09:00:01","modified_gmt":"2023-03-14T08:00:01","slug":"wenn-der-virtuelle-einbrecher-die-reale-tuer-versperrt","status":null,"type":"post","link":"https:\/\/news.save.ch\/it\/wenn-der-virtuelle-einbrecher-die-reale-tuer-versperrt\/","title":{"rendered":"Quando il ladro virtuale chiude la porta"},"content":{"rendered":"<figure id=\"attachment_4195\" aria-describedby=\"caption-attachment-4195\" style=\"width: 680px\" class=\"wp-caption aligncenter\"><img loading=\"lazy\" decoding=\"async\" class=\"size-medium wp-image-4195\" src=\"https:\/\/news.save.ch\/wp-content\/uploads\/2017\/02\/Depositphotos-tuer-scaled-1.jpg\" alt=\"\" width=\"680\" height=\"461\" \/><figcaption id=\"caption-attachment-4195\" class=\"wp-caption-text\">\u00a9 depositphotos<\/figcaption><\/figure>\n<p>Alla fine di gennaio, il <a href=\"https:\/\/kaernten.orf.at\/news\/stories\/2821290\/\">Storia di un attacco informatico attraverso i media<\/a>che ha destato particolare scalpore: i criminali hanno attaccato un hotel austriaco e - nel weekend di apertura della stagione invernale - non solo hanno paralizzato il computer di prenotazione e il sistema di cassa, ma si sono anche assicurati che gli ospiti e il personale dell'hotel non potessero pi\u00f9 entrare nelle camere attaccando il sistema di chiavi. Solo dopo il pagamento di 1500 euro i sistemi sono stati rilasciati di nuovo. Secondo i responsabili, questo \u00e8 stato il terzo attacco in pochissimo tempo, il quarto \u00e8 seguito solo poco dopo.<\/p>\n<p><strong>Aumento della creativit\u00e0 dei criminali<\/strong><\/p>\n<p>Oliver Keizers, Regional Director DACH dello specialista di sicurezza Fidelis Cybersecurity, vede in questo attacco un modello per gli attacchi a cui le aziende grandi e piccole devono attualmente prepararsi, ma mette anche in guardia dal panico prematuro: \"L'attacco mostra la crescente creativit\u00e0 dei criminali quando si tratta dei loro obiettivi. In un'epoca in cui molti importanti sistemi informatici e di archiviazione sono esternalizzati nel cloud e protetti da backup, la societ\u00e0 prende di mira le aree che devono necessariamente essere fisicamente in loco, in questo caso il sistema di chiavi. Molti meccanismi di sicurezza sono minati da questo\".<\/p>\n<p>Due altre cose sono degne di nota in questa storia: in primo luogo, che ci sono stati quattro attacchi in un periodo di tempo molto breve e, in secondo luogo, che i criminali hanno effettivamente rilasciato di nuovo i sistemi. Questo suggerisce che qualcuno si \u00e8 insediato nel sistema e che non \u00e8 ancora stata trovata la porta attraverso la quale pu\u00f2 sempre rientrare. Naturalmente, una persona del genere rilascer\u00e0 sempre il sistema dopo aver pagato il riscatto - vuole colpire di nuovo tra qualche settimana. Sarebbe quindi importante non solo proteggere meglio l'intero sistema dall'esterno, ma anche analizzare gli attacchi gi\u00e0 avvenuti, imparare da essi e infine chiudere la porta ancora aperta.<\/p>\n<p><strong>Tuttavia, nessun ritorno alla tecnologia dei tasti analogici<\/strong><\/p>\n<p>Dopotutto, un incidente di questo tipo \u00e8 il pane quotidiano dei critici della \"casa intelligente\" o dei sistemi IoT: anche in questo caso si parla di un ritorno alla tecnologia delle chiavi analogiche. Ma \u00e8 facile dimenticare che i sistemi di chiusura tecnologici non sono stati introdotti per divertimento, ma per garantire un pi\u00f9 elevato standard di sicurezza. E se, come in questo caso, vengono nuovamente utilizzate chiavi analogiche, gli aggressori cercheranno semplicemente un nuovo obiettivo: il router della WLAN degli ospiti, la macchina del caff\u00e8 controllata dall'app o il frigorifero intelligente. Quasi nessun imprenditore pu\u00f2 permettersi di ignorare questa moderna tecnologia, sviluppata per semplificare la vita quotidiana. Il fatto che questa nuova tecnologia sia vulnerabile non significa che non debba essere utilizzata. Le applicazioni devono essere protette meglio e sia i dispositivi stessi che la rete in cui operano devono essere monitorati in modo costante ed efficiente.<\/p>\n<p><em>Testo: <a href=\"https:\/\/www.fidelissecurity.com\">Fidelis Cybersecurity <\/a><\/em><\/p>\n<p>&nbsp;<\/p>","protected":false},"excerpt":{"rendered":"<p>Ende Januar ging die Geschichte einer Cyberattacke durch die Medien, die f\u00fcr besonderes Aufsehen sorgte: Kriminelle hatten ein \u00f6sterreichisches Hotel angegriffen und \u2013 am Er\u00f6ffnungswochenende der Wintersaison \u2013 nicht nur den Reservierungsrechner und das Kassensystem lahmgelegt, sondern auch durch einen Angriff auf das Schl\u00fcsselsystem daf\u00fcr gesorgt, dass G\u00e4ste und Hotelpersonal nicht mehr in die Zimmer [&hellip;]<\/p>\n","protected":false},"author":8,"featured_media":4195,"comment_status":"open","ping_status":"open","sticky":false,"template":"","format":"standard","meta":{"_acf_changed":false,"pgc_sgb_lightbox_settings":"","footnotes":""},"categories":[1,3312],"tags":[96,158],"class_list":["post-4194","post","type-post","status-publish","format-standard","has-post-thumbnail","hentry","category-allgemein","category-sicherheit","tag-cyber-crime","tag-zutrittskontrolle"],"acf":[],"hkrextid":null,"publication":null,"issue":null,"workflow":null,"startPage":null,"spitzmarke":null,"_posts_by_tag_page_fields":{"widget_title":"","widget_tags":""},"_at_widget":"1","_yoast_wpseo_primary_category":"1","_yoast_wpseo_focuskw_text_input":"Cyberangriff","_yoast_wpseo_opengraph-image":null,"_yoast_wpseo_opengraph-description":null,"_yoast_wpseo_opengraph-title":null,"enclosure":null,"_yoast_wpseo_twitter-title":null,"_yoast_wpseo_twitter-description":null,"_yoast_wpseo_twitter-image":null,"_wp_old_slug":null,"_yoast_wpseo_title":null,"_yoast_wpseo_canonical":null,"yoast_head":"<!-- This site is optimized with the Yoast SEO plugin v27.4 - https:\/\/yoast.com\/product\/yoast-seo-wordpress\/ -->\n<title>Wenn der virtuelle Einbrecher die T\u00fcre verriegelt - Save<\/title>\n<meta name=\"description\" content=\"Ein Cyberangriff kann unangenehme Folgen haben: zum Beispiel, wenn den Hotelg\u00e4sten der Zugang zu ihren Zimmern versperrt wird.\" \/>\n<meta name=\"robots\" content=\"index, follow, max-snippet:-1, max-image-preview:large, max-video-preview:-1\" \/>\n<link rel=\"canonical\" href=\"https:\/\/news.save.ch\/it\/wenn-der-virtuelle-einbrecher-die-reale-tuer-versperrt\/\" \/>\n<meta property=\"og:locale\" content=\"it_IT\" \/>\n<meta property=\"og:type\" content=\"article\" \/>\n<meta property=\"og:title\" content=\"Wenn der virtuelle Einbrecher die T\u00fcre verriegelt - Save\" \/>\n<meta property=\"og:description\" content=\"Ein Cyberangriff kann unangenehme Folgen haben: zum Beispiel, wenn den Hotelg\u00e4sten der Zugang zu ihren Zimmern versperrt wird.\" \/>\n<meta property=\"og:url\" content=\"https:\/\/news.save.ch\/it\/wenn-der-virtuelle-einbrecher-die-reale-tuer-versperrt\/\" \/>\n<meta property=\"og:site_name\" content=\"Save\" \/>\n<meta property=\"article:published_time\" content=\"2017-02-17T10:24:28+00:00\" \/>\n<meta property=\"article:modified_time\" content=\"2023-03-14T08:00:01+00:00\" \/>\n<meta property=\"og:image\" content=\"https:\/\/news.save.ch\/wp-content\/uploads\/2017\/02\/Depositphotos-tuer-scaled-1-scaled.jpg\" \/>\n\t<meta property=\"og:image:width\" content=\"1400\" \/>\n\t<meta property=\"og:image:height\" content=\"949\" \/>\n\t<meta property=\"og:image:type\" content=\"image\/jpeg\" \/>\n<meta name=\"author\" content=\"Roger Str\u00e4ssle\" \/>\n<meta name=\"twitter:card\" content=\"summary_large_image\" \/>\n<meta name=\"twitter:label1\" content=\"Scritto da\" \/>\n\t<meta name=\"twitter:data1\" content=\"Roger Str\u00e4ssle\" \/>\n\t<meta name=\"twitter:label2\" content=\"Tempo di lettura stimato\" \/>\n\t<meta name=\"twitter:data2\" content=\"2 minuti\" \/>\n<script type=\"application\/ld+json\" class=\"yoast-schema-graph\">{\"@context\":\"https:\\\/\\\/schema.org\",\"@graph\":[{\"@type\":\"Article\",\"@id\":\"https:\\\/\\\/news.save.ch\\\/wenn-der-virtuelle-einbrecher-die-reale-tuer-versperrt\\\/#article\",\"isPartOf\":{\"@id\":\"https:\\\/\\\/news.save.ch\\\/wenn-der-virtuelle-einbrecher-die-reale-tuer-versperrt\\\/\"},\"author\":{\"name\":\"Roger Str\u00e4ssle\",\"@id\":\"https:\\\/\\\/news.save.ch\\\/de\\\/#\\\/schema\\\/person\\\/d5022db048e0e2b9785c50e5b24da5aa\"},\"headline\":\"Wenn der virtuelle Einbrecher die T\u00fcre verriegelt\",\"datePublished\":\"2017-02-17T10:24:28+00:00\",\"dateModified\":\"2023-03-14T08:00:01+00:00\",\"mainEntityOfPage\":{\"@id\":\"https:\\\/\\\/news.save.ch\\\/wenn-der-virtuelle-einbrecher-die-reale-tuer-versperrt\\\/\"},\"wordCount\":493,\"commentCount\":0,\"publisher\":{\"@id\":\"https:\\\/\\\/news.save.ch\\\/de\\\/#organization\"},\"image\":{\"@id\":\"https:\\\/\\\/news.save.ch\\\/wenn-der-virtuelle-einbrecher-die-reale-tuer-versperrt\\\/#primaryimage\"},\"thumbnailUrl\":\"https:\\\/\\\/news.save.ch\\\/wp-content\\\/uploads\\\/2017\\\/02\\\/Depositphotos-tuer-scaled-1-scaled.jpg\",\"keywords\":[\"Cyber-Crime\",\"Zutrittskontrolle\"],\"articleSection\":[\"ALLGEMEIN\",\"SICHERHEIT\"],\"inLanguage\":\"it-IT\"},{\"@type\":\"WebPage\",\"@id\":\"https:\\\/\\\/news.save.ch\\\/wenn-der-virtuelle-einbrecher-die-reale-tuer-versperrt\\\/\",\"url\":\"https:\\\/\\\/news.save.ch\\\/wenn-der-virtuelle-einbrecher-die-reale-tuer-versperrt\\\/\",\"name\":\"Wenn der virtuelle Einbrecher die T\u00fcre verriegelt - Save\",\"isPartOf\":{\"@id\":\"https:\\\/\\\/news.save.ch\\\/de\\\/#website\"},\"primaryImageOfPage\":{\"@id\":\"https:\\\/\\\/news.save.ch\\\/wenn-der-virtuelle-einbrecher-die-reale-tuer-versperrt\\\/#primaryimage\"},\"image\":{\"@id\":\"https:\\\/\\\/news.save.ch\\\/wenn-der-virtuelle-einbrecher-die-reale-tuer-versperrt\\\/#primaryimage\"},\"thumbnailUrl\":\"https:\\\/\\\/news.save.ch\\\/wp-content\\\/uploads\\\/2017\\\/02\\\/Depositphotos-tuer-scaled-1-scaled.jpg\",\"datePublished\":\"2017-02-17T10:24:28+00:00\",\"dateModified\":\"2023-03-14T08:00:01+00:00\",\"description\":\"Ein Cyberangriff kann unangenehme Folgen haben: zum Beispiel, wenn den Hotelg\u00e4sten der Zugang zu ihren Zimmern versperrt wird.\",\"breadcrumb\":{\"@id\":\"https:\\\/\\\/news.save.ch\\\/wenn-der-virtuelle-einbrecher-die-reale-tuer-versperrt\\\/#breadcrumb\"},\"inLanguage\":\"it-IT\",\"potentialAction\":[{\"@type\":\"ReadAction\",\"target\":[\"https:\\\/\\\/news.save.ch\\\/wenn-der-virtuelle-einbrecher-die-reale-tuer-versperrt\\\/\"]}]},{\"@type\":\"ImageObject\",\"inLanguage\":\"it-IT\",\"@id\":\"https:\\\/\\\/news.save.ch\\\/wenn-der-virtuelle-einbrecher-die-reale-tuer-versperrt\\\/#primaryimage\",\"url\":\"https:\\\/\\\/news.save.ch\\\/wp-content\\\/uploads\\\/2017\\\/02\\\/Depositphotos-tuer-scaled-1-scaled.jpg\",\"contentUrl\":\"https:\\\/\\\/news.save.ch\\\/wp-content\\\/uploads\\\/2017\\\/02\\\/Depositphotos-tuer-scaled-1-scaled.jpg\",\"width\":1400,\"height\":949,\"caption\":\"\u00a9 depositphotos\"},{\"@type\":\"BreadcrumbList\",\"@id\":\"https:\\\/\\\/news.save.ch\\\/wenn-der-virtuelle-einbrecher-die-reale-tuer-versperrt\\\/#breadcrumb\",\"itemListElement\":[{\"@type\":\"ListItem\",\"position\":1,\"name\":\"Home\",\"item\":\"https:\\\/\\\/news.save.ch\\\/de\\\/\"},{\"@type\":\"ListItem\",\"position\":2,\"name\":\"Wenn der virtuelle Einbrecher die T\u00fcre verriegelt\"}]},{\"@type\":\"WebSite\",\"@id\":\"https:\\\/\\\/news.save.ch\\\/de\\\/#website\",\"url\":\"https:\\\/\\\/news.save.ch\\\/de\\\/\",\"name\":\"Save\",\"description\":\"Schweizer Fachzeitschrift f\u00fcr Sicherheit\",\"publisher\":{\"@id\":\"https:\\\/\\\/news.save.ch\\\/de\\\/#organization\"},\"potentialAction\":[{\"@type\":\"SearchAction\",\"target\":{\"@type\":\"EntryPoint\",\"urlTemplate\":\"https:\\\/\\\/news.save.ch\\\/de\\\/?s={search_term_string}\"},\"query-input\":{\"@type\":\"PropertyValueSpecification\",\"valueRequired\":true,\"valueName\":\"search_term_string\"}}],\"inLanguage\":\"it-IT\"},{\"@type\":\"Organization\",\"@id\":\"https:\\\/\\\/news.save.ch\\\/de\\\/#organization\",\"name\":\"Sicherheitsforum\",\"url\":\"https:\\\/\\\/news.save.ch\\\/de\\\/\",\"logo\":{\"@type\":\"ImageObject\",\"inLanguage\":\"it-IT\",\"@id\":\"https:\\\/\\\/news.save.ch\\\/de\\\/#\\\/schema\\\/logo\\\/image\\\/\",\"url\":\"https:\\\/\\\/news.save.ch\\\/wp-content\\\/uploads\\\/2022\\\/06\\\/Logo_SF_2012.png\",\"contentUrl\":\"https:\\\/\\\/news.save.ch\\\/wp-content\\\/uploads\\\/2022\\\/06\\\/Logo_SF_2012.png\",\"width\":1100,\"height\":91,\"caption\":\"Sicherheitsforum\"},\"image\":{\"@id\":\"https:\\\/\\\/news.save.ch\\\/de\\\/#\\\/schema\\\/logo\\\/image\\\/\"}},{\"@type\":\"Person\",\"@id\":\"https:\\\/\\\/news.save.ch\\\/de\\\/#\\\/schema\\\/person\\\/d5022db048e0e2b9785c50e5b24da5aa\",\"name\":\"Roger Str\u00e4ssle\",\"image\":{\"@type\":\"ImageObject\",\"inLanguage\":\"it-IT\",\"@id\":\"https:\\\/\\\/secure.gravatar.com\\\/avatar\\\/862a5569d087de48e5856e32f45d719a03804c891d6deb8d4f71a660e79e4a47?s=96&d=mm&r=g\",\"url\":\"https:\\\/\\\/secure.gravatar.com\\\/avatar\\\/862a5569d087de48e5856e32f45d719a03804c891d6deb8d4f71a660e79e4a47?s=96&d=mm&r=g\",\"contentUrl\":\"https:\\\/\\\/secure.gravatar.com\\\/avatar\\\/862a5569d087de48e5856e32f45d719a03804c891d6deb8d4f71a660e79e4a47?s=96&d=mm&r=g\",\"caption\":\"Roger Str\u00e4ssle\"},\"url\":\"https:\\\/\\\/news.save.ch\\\/it\\\/author\\\/roger-straessle\\\/\"}]}<\/script>\n<!-- \/ Yoast SEO plugin. -->","yoast_head_json":{"title":"Quando il ladro virtuale chiude la porta - Salva","description":"Un attacco informatico pu\u00f2 avere conseguenze spiacevoli: ad esempio, se agli ospiti dell'hotel viene impedito di accedere alle loro camere.","robots":{"index":"index","follow":"follow","max-snippet":"max-snippet:-1","max-image-preview":"max-image-preview:large","max-video-preview":"max-video-preview:-1"},"canonical":"https:\/\/news.save.ch\/it\/wenn-der-virtuelle-einbrecher-die-reale-tuer-versperrt\/","og_locale":"it_IT","og_type":"article","og_title":"Wenn der virtuelle Einbrecher die T\u00fcre verriegelt - Save","og_description":"Ein Cyberangriff kann unangenehme Folgen haben: zum Beispiel, wenn den Hotelg\u00e4sten der Zugang zu ihren Zimmern versperrt wird.","og_url":"https:\/\/news.save.ch\/it\/wenn-der-virtuelle-einbrecher-die-reale-tuer-versperrt\/","og_site_name":"Save","article_published_time":"2017-02-17T10:24:28+00:00","article_modified_time":"2023-03-14T08:00:01+00:00","og_image":[{"width":1400,"height":949,"url":"https:\/\/news.save.ch\/wp-content\/uploads\/2017\/02\/Depositphotos-tuer-scaled-1-scaled.jpg","type":"image\/jpeg"}],"author":"Roger Str\u00e4ssle","twitter_card":"summary_large_image","twitter_misc":{"Scritto da":"Roger Str\u00e4ssle","Tempo di lettura stimato":"2 minuti"},"schema":{"@context":"https:\/\/schema.org","@graph":[{"@type":"Article","@id":"https:\/\/news.save.ch\/wenn-der-virtuelle-einbrecher-die-reale-tuer-versperrt\/#article","isPartOf":{"@id":"https:\/\/news.save.ch\/wenn-der-virtuelle-einbrecher-die-reale-tuer-versperrt\/"},"author":{"name":"Roger Str\u00e4ssle","@id":"https:\/\/news.save.ch\/de\/#\/schema\/person\/d5022db048e0e2b9785c50e5b24da5aa"},"headline":"Wenn der virtuelle Einbrecher die T\u00fcre verriegelt","datePublished":"2017-02-17T10:24:28+00:00","dateModified":"2023-03-14T08:00:01+00:00","mainEntityOfPage":{"@id":"https:\/\/news.save.ch\/wenn-der-virtuelle-einbrecher-die-reale-tuer-versperrt\/"},"wordCount":493,"commentCount":0,"publisher":{"@id":"https:\/\/news.save.ch\/de\/#organization"},"image":{"@id":"https:\/\/news.save.ch\/wenn-der-virtuelle-einbrecher-die-reale-tuer-versperrt\/#primaryimage"},"thumbnailUrl":"https:\/\/news.save.ch\/wp-content\/uploads\/2017\/02\/Depositphotos-tuer-scaled-1-scaled.jpg","keywords":["Cyber-Crime","Zutrittskontrolle"],"articleSection":["ALLGEMEIN","SICHERHEIT"],"inLanguage":"it-IT"},{"@type":"WebPage","@id":"https:\/\/news.save.ch\/wenn-der-virtuelle-einbrecher-die-reale-tuer-versperrt\/","url":"https:\/\/news.save.ch\/wenn-der-virtuelle-einbrecher-die-reale-tuer-versperrt\/","name":"Quando il ladro virtuale chiude la porta - Salva","isPartOf":{"@id":"https:\/\/news.save.ch\/de\/#website"},"primaryImageOfPage":{"@id":"https:\/\/news.save.ch\/wenn-der-virtuelle-einbrecher-die-reale-tuer-versperrt\/#primaryimage"},"image":{"@id":"https:\/\/news.save.ch\/wenn-der-virtuelle-einbrecher-die-reale-tuer-versperrt\/#primaryimage"},"thumbnailUrl":"https:\/\/news.save.ch\/wp-content\/uploads\/2017\/02\/Depositphotos-tuer-scaled-1-scaled.jpg","datePublished":"2017-02-17T10:24:28+00:00","dateModified":"2023-03-14T08:00:01+00:00","description":"Un attacco informatico pu\u00f2 avere conseguenze spiacevoli: ad esempio, se agli ospiti dell'hotel viene impedito di accedere alle loro camere.","breadcrumb":{"@id":"https:\/\/news.save.ch\/wenn-der-virtuelle-einbrecher-die-reale-tuer-versperrt\/#breadcrumb"},"inLanguage":"it-IT","potentialAction":[{"@type":"ReadAction","target":["https:\/\/news.save.ch\/wenn-der-virtuelle-einbrecher-die-reale-tuer-versperrt\/"]}]},{"@type":"ImageObject","inLanguage":"it-IT","@id":"https:\/\/news.save.ch\/wenn-der-virtuelle-einbrecher-die-reale-tuer-versperrt\/#primaryimage","url":"https:\/\/news.save.ch\/wp-content\/uploads\/2017\/02\/Depositphotos-tuer-scaled-1-scaled.jpg","contentUrl":"https:\/\/news.save.ch\/wp-content\/uploads\/2017\/02\/Depositphotos-tuer-scaled-1-scaled.jpg","width":1400,"height":949,"caption":"\u00a9 depositphotos"},{"@type":"BreadcrumbList","@id":"https:\/\/news.save.ch\/wenn-der-virtuelle-einbrecher-die-reale-tuer-versperrt\/#breadcrumb","itemListElement":[{"@type":"ListItem","position":1,"name":"Home","item":"https:\/\/news.save.ch\/de\/"},{"@type":"ListItem","position":2,"name":"Wenn der virtuelle Einbrecher die T\u00fcre verriegelt"}]},{"@type":"WebSite","@id":"https:\/\/news.save.ch\/de\/#website","url":"https:\/\/news.save.ch\/de\/","name":"Risparmiare","description":"Rivista svizzera specializzata in sicurezza","publisher":{"@id":"https:\/\/news.save.ch\/de\/#organization"},"potentialAction":[{"@type":"SearchAction","target":{"@type":"EntryPoint","urlTemplate":"https:\/\/news.save.ch\/de\/?s={search_term_string}"},"query-input":{"@type":"PropertyValueSpecification","valueRequired":true,"valueName":"search_term_string"}}],"inLanguage":"it-IT"},{"@type":"Organization","@id":"https:\/\/news.save.ch\/de\/#organization","name":"Forum sulla sicurezza","url":"https:\/\/news.save.ch\/de\/","logo":{"@type":"ImageObject","inLanguage":"it-IT","@id":"https:\/\/news.save.ch\/de\/#\/schema\/logo\/image\/","url":"https:\/\/news.save.ch\/wp-content\/uploads\/2022\/06\/Logo_SF_2012.png","contentUrl":"https:\/\/news.save.ch\/wp-content\/uploads\/2022\/06\/Logo_SF_2012.png","width":1100,"height":91,"caption":"Sicherheitsforum"},"image":{"@id":"https:\/\/news.save.ch\/de\/#\/schema\/logo\/image\/"}},{"@type":"Person","@id":"https:\/\/news.save.ch\/de\/#\/schema\/person\/d5022db048e0e2b9785c50e5b24da5aa","name":"Roger Str\u00e4ssle","image":{"@type":"ImageObject","inLanguage":"it-IT","@id":"https:\/\/secure.gravatar.com\/avatar\/862a5569d087de48e5856e32f45d719a03804c891d6deb8d4f71a660e79e4a47?s=96&d=mm&r=g","url":"https:\/\/secure.gravatar.com\/avatar\/862a5569d087de48e5856e32f45d719a03804c891d6deb8d4f71a660e79e4a47?s=96&d=mm&r=g","contentUrl":"https:\/\/secure.gravatar.com\/avatar\/862a5569d087de48e5856e32f45d719a03804c891d6deb8d4f71a660e79e4a47?s=96&d=mm&r=g","caption":"Roger Str\u00e4ssle"},"url":"https:\/\/news.save.ch\/it\/author\/roger-straessle\/"}]}},"_links":{"self":[{"href":"https:\/\/news.save.ch\/it\/wp-json\/wp\/v2\/posts\/4194","targetHints":{"allow":["GET"]}}],"collection":[{"href":"https:\/\/news.save.ch\/it\/wp-json\/wp\/v2\/posts"}],"about":[{"href":"https:\/\/news.save.ch\/it\/wp-json\/wp\/v2\/types\/post"}],"author":[{"embeddable":true,"href":"https:\/\/news.save.ch\/it\/wp-json\/wp\/v2\/users\/8"}],"replies":[{"embeddable":true,"href":"https:\/\/news.save.ch\/it\/wp-json\/wp\/v2\/comments?post=4194"}],"version-history":[{"count":1,"href":"https:\/\/news.save.ch\/it\/wp-json\/wp\/v2\/posts\/4194\/revisions"}],"predecessor-version":[{"id":17994,"href":"https:\/\/news.save.ch\/it\/wp-json\/wp\/v2\/posts\/4194\/revisions\/17994"}],"wp:featuredmedia":[{"embeddable":true,"href":"https:\/\/news.save.ch\/it\/wp-json\/wp\/v2\/media\/4195"}],"wp:attachment":[{"href":"https:\/\/news.save.ch\/it\/wp-json\/wp\/v2\/media?parent=4194"}],"wp:term":[{"taxonomy":"category","embeddable":true,"href":"https:\/\/news.save.ch\/it\/wp-json\/wp\/v2\/categories?post=4194"},{"taxonomy":"post_tag","embeddable":true,"href":"https:\/\/news.save.ch\/it\/wp-json\/wp\/v2\/tags?post=4194"}],"curies":[{"name":"wp","href":"https:\/\/api.w.org\/{rel}","templated":true}]}}