{"id":4424,"date":"2017-03-03T16:55:30","date_gmt":"2017-03-03T15:55:30","guid":{"rendered":"https:\/\/news.save.ch\/?p=4424"},"modified":"2023-03-14T08:57:06","modified_gmt":"2023-03-14T07:57:06","slug":"cyber-risiken-wachsende-bedrohung-fuer-unternehmen","status":null,"type":"post","link":"https:\/\/news.save.ch\/it\/cyber-risiken-wachsende-bedrohung-fuer-unternehmen\/","title":{"rendered":"Rischi informatici: Una minaccia crescente per le aziende"},"content":{"rendered":"<figure id=\"attachment_4425\" aria-describedby=\"caption-attachment-4425\" style=\"width: 680px\" class=\"wp-caption alignnone\"><img loading=\"lazy\" decoding=\"async\" class=\"size-medium wp-image-4425\" src=\"https:\/\/news.save.ch\/wp-content\/uploads\/2017\/03\/Depositphotos_136866610_l-2015.jpg\" alt=\"\" width=\"680\" height=\"453\" \/><figcaption id=\"caption-attachment-4425\" class=\"wp-caption-text\">Il rischio per le soluzioni assicurative cyber \u00e8 difficile da calcolare.<\/figcaption><\/figure>\n<p>I costi potenziali degli attacchi informatici stanno aumentando rapidamente, soprattutto in relazione alla perdita o al danneggiamento dei dati. Pertanto, i temi della sicurezza informatica e della resilienza informatica stanno diventando sempre pi\u00f9 importanti per le aziende. Questa \u00e8 la conclusione del primo studio sigma <a href=\"https:\/\/institute.swissre.com\/research\/overview\/sigma\/\">\"Cyber: la gestione di un rischio complesso\".<\/a>\u00a0del nuovo Istituto Swiss Re.<\/p>\n<p>Secondo lo studio, in futuro le aziende dovranno fare molto di pi\u00f9 per integrare la sicurezza informatica nella loro strategia di gestione del rischio: se da un lato le aziende hanno spesso una maggiore consapevolezza delle minacce informatiche, dall'altro non sono preparate a gestire effettivamente i rischi. Esistono gi\u00e0 iniziative per rafforzare la resilienza informatica.<\/p>\n<p><strong>Assicurazione: I rischi sono difficili da calcolare<\/strong><\/p>\n<p>Il mercato specifico delle assicurazioni cyber si sta sviluppando rapidamente, ma la portata della copertura in relazione alla potenziale esposizione \u00e8 ancora relativamente limitata. Un problema \u00e8 che i rischi informatici sono complessi e molto difficili da quantificare: L'ambiente tecnologico \u00e8 in continua e rapida evoluzione e, allo stesso tempo, i dati storici sulle perdite da cui \u00e8 possibile ricavare le stime delle perdite future sono scarsi.<\/p>\n<p>Le innovazioni di prodotto e di processo e le moderne tecnologie analitiche dovrebbero sostenere lo sviluppo di soluzioni assicurative cibernetiche migliori in futuro e ampliare i limiti di assicurabilit\u00e0 e l'ambito di copertura. In definitiva, tuttavia, alcuni rischi informatici, soprattutto quelli legati a eventi estremi e catastrofici, potrebbero rimanere non assicurabili. Per tali rischi, una rete di sicurezza statale potrebbe essere necessaria come ultima risorsa - paragonabile al sostegno statale nel contesto del terrorismo catastrofico.<\/p>\n<p><strong>Nuove legislazioni<\/strong><\/p>\n<p>In molti Paesi \u00e8 imminente una nuova legislazione che potrebbe costringere le aziende a implementare misure di protezione dei dati pi\u00f9 elevate. Secondo lo studio, questo potrebbe essere un catalizzatore per il cambiamento: Di conseguenza, \"le aziende - grandi e piccole - devono investire maggiormente nella loro architettura di sicurezza informatica per sviluppare una solida gestione del rischio prima e dopo un sinistro\", spiega Kurt Karl, capo economista di Swiss Re.<\/p>\n<p>Lo studio vede un compito importante per lo Stato nelle misure volte a migliorare la raccolta e la diffusione di informazioni informatiche, nonch\u00e9 l'adozione di leggi e regolamenti sull'uso e la protezione del cyberspazio.<\/p>","protected":false},"excerpt":{"rendered":"<p>Die m\u00f6glichen Kosten von Cyber-Angriffen steigen rasant &#8211; vor allem im Zusammenhang mit verlorenen oder besch\u00e4digten Daten. Daher werden die Themen Cyber-Sicherheit und Cyber-Widerstandsf\u00e4higkeit f\u00fcr Unternehmen immer wichtiger. Dies ist das Fazit der ersten sigma-Studie \u00abCyber: Bew\u00e4ltigung eines komplexen Risikos\u00bb\u00a0des neu er\u00f6ffneten Swiss Re Institutes. Unternehmen m\u00fcssen k\u00fcnftig noch viel mehr tun, um die Cyber-Sicherheit [&hellip;]<\/p>\n","protected":false},"author":9,"featured_media":4425,"comment_status":"open","ping_status":"open","sticky":false,"template":"","format":"standard","meta":{"_acf_changed":false,"pgc_sgb_lightbox_settings":"","footnotes":""},"categories":[3313],"tags":[345,63,64,346],"class_list":["post-4424","post","type-post","status-publish","format-standard","has-post-thumbnail","hentry","category-digitalisierung","tag-cyber-sicherheit","tag-it-security","tag-studie","tag-swiss-re-institute"],"acf":[],"hkrextid":null,"publication":null,"issue":null,"workflow":null,"startPage":null,"spitzmarke":null,"_posts_by_tag_page_fields":{"widget_title":"","widget_tags":""},"_at_widget":"1","_yoast_wpseo_primary_category":"2","_yoast_wpseo_focuskw_text_input":"Cyber-Risiken","_yoast_wpseo_opengraph-image":null,"_yoast_wpseo_opengraph-description":null,"_yoast_wpseo_opengraph-title":null,"enclosure":null,"_yoast_wpseo_twitter-title":null,"_yoast_wpseo_twitter-description":null,"_yoast_wpseo_twitter-image":null,"_wp_old_slug":null,"_yoast_wpseo_title":null,"_yoast_wpseo_canonical":null,"yoast_head":"<!-- This site is optimized with the Yoast SEO plugin v27.5 - https:\/\/yoast.com\/product\/yoast-seo-wordpress\/ -->\n<title>Cyber-Risiken: Wachsende Bedrohung f\u00fcr Unternehmen - Save<\/title>\n<meta name=\"robots\" content=\"index, follow, max-snippet:-1, max-image-preview:large, max-video-preview:-1\" \/>\n<link rel=\"canonical\" href=\"https:\/\/news.save.ch\/it\/cyber-risiken-wachsende-bedrohung-fuer-unternehmen\/\" \/>\n<meta property=\"og:locale\" content=\"it_IT\" \/>\n<meta property=\"og:type\" content=\"article\" \/>\n<meta property=\"og:title\" content=\"Cyber-Risiken: Wachsende Bedrohung f\u00fcr Unternehmen - Save\" \/>\n<meta property=\"og:description\" content=\"Die m\u00f6glichen Kosten von Cyber-Angriffen steigen rasant &#8211; vor allem im Zusammenhang mit verlorenen oder besch\u00e4digten Daten. Daher werden die Themen Cyber-Sicherheit und Cyber-Widerstandsf\u00e4higkeit f\u00fcr Unternehmen immer wichtiger. Dies ist das Fazit der ersten sigma-Studie \u00abCyber: Bew\u00e4ltigung eines komplexen Risikos\u00bb\u00a0des neu er\u00f6ffneten Swiss Re Institutes. Unternehmen m\u00fcssen k\u00fcnftig noch viel mehr tun, um die Cyber-Sicherheit [&hellip;]\" \/>\n<meta property=\"og:url\" content=\"https:\/\/news.save.ch\/it\/cyber-risiken-wachsende-bedrohung-fuer-unternehmen\/\" \/>\n<meta property=\"og:site_name\" content=\"Save\" \/>\n<meta property=\"article:published_time\" content=\"2017-03-03T15:55:30+00:00\" \/>\n<meta property=\"article:modified_time\" content=\"2023-03-14T07:57:06+00:00\" \/>\n<meta property=\"og:image\" content=\"https:\/\/news.save.ch\/wp-content\/uploads\/2017\/03\/Depositphotos_136866610_l-2015-scaled.jpg\" \/>\n\t<meta property=\"og:image:width\" content=\"1400\" \/>\n\t<meta property=\"og:image:height\" content=\"934\" \/>\n\t<meta property=\"og:image:type\" content=\"image\/jpeg\" \/>\n<meta name=\"author\" content=\"Simon Gr\u00f6flin\" \/>\n<meta name=\"twitter:card\" content=\"summary_large_image\" \/>\n<meta name=\"twitter:label1\" content=\"Scritto da\" \/>\n\t<meta name=\"twitter:data1\" content=\"Simon Gr\u00f6flin\" \/>\n\t<meta name=\"twitter:label2\" content=\"Tempo di lettura stimato\" \/>\n\t<meta name=\"twitter:data2\" content=\"2 minuti\" \/>\n<script type=\"application\/ld+json\" class=\"yoast-schema-graph\">{\"@context\":\"https:\\\/\\\/schema.org\",\"@graph\":[{\"@type\":\"Article\",\"@id\":\"https:\\\/\\\/news.save.ch\\\/cyber-risiken-wachsende-bedrohung-fuer-unternehmen\\\/#article\",\"isPartOf\":{\"@id\":\"https:\\\/\\\/news.save.ch\\\/cyber-risiken-wachsende-bedrohung-fuer-unternehmen\\\/\"},\"author\":{\"name\":\"Simon Gr\u00f6flin\",\"@id\":\"https:\\\/\\\/news.save.ch\\\/de\\\/#\\\/schema\\\/person\\\/ad4ef21102fd6125312409ac57d5296d\"},\"headline\":\"Cyber-Risiken: Wachsende Bedrohung f\u00fcr Unternehmen\",\"datePublished\":\"2017-03-03T15:55:30+00:00\",\"dateModified\":\"2023-03-14T07:57:06+00:00\",\"mainEntityOfPage\":{\"@id\":\"https:\\\/\\\/news.save.ch\\\/cyber-risiken-wachsende-bedrohung-fuer-unternehmen\\\/\"},\"wordCount\":383,\"commentCount\":0,\"publisher\":{\"@id\":\"https:\\\/\\\/news.save.ch\\\/de\\\/#organization\"},\"image\":{\"@id\":\"https:\\\/\\\/news.save.ch\\\/cyber-risiken-wachsende-bedrohung-fuer-unternehmen\\\/#primaryimage\"},\"thumbnailUrl\":\"https:\\\/\\\/news.save.ch\\\/wp-content\\\/uploads\\\/2017\\\/03\\\/Depositphotos_136866610_l-2015-scaled.jpg\",\"keywords\":[\"Cyber-Sicherheit\",\"IT-SECURITY\",\"Studie\",\"Swiss Re Institute\"],\"articleSection\":[\"DIGITALISIERUNG\"],\"inLanguage\":\"it-IT\"},{\"@type\":\"WebPage\",\"@id\":\"https:\\\/\\\/news.save.ch\\\/cyber-risiken-wachsende-bedrohung-fuer-unternehmen\\\/\",\"url\":\"https:\\\/\\\/news.save.ch\\\/cyber-risiken-wachsende-bedrohung-fuer-unternehmen\\\/\",\"name\":\"Cyber-Risiken: Wachsende Bedrohung f\u00fcr Unternehmen - Save\",\"isPartOf\":{\"@id\":\"https:\\\/\\\/news.save.ch\\\/de\\\/#website\"},\"primaryImageOfPage\":{\"@id\":\"https:\\\/\\\/news.save.ch\\\/cyber-risiken-wachsende-bedrohung-fuer-unternehmen\\\/#primaryimage\"},\"image\":{\"@id\":\"https:\\\/\\\/news.save.ch\\\/cyber-risiken-wachsende-bedrohung-fuer-unternehmen\\\/#primaryimage\"},\"thumbnailUrl\":\"https:\\\/\\\/news.save.ch\\\/wp-content\\\/uploads\\\/2017\\\/03\\\/Depositphotos_136866610_l-2015-scaled.jpg\",\"datePublished\":\"2017-03-03T15:55:30+00:00\",\"dateModified\":\"2023-03-14T07:57:06+00:00\",\"breadcrumb\":{\"@id\":\"https:\\\/\\\/news.save.ch\\\/cyber-risiken-wachsende-bedrohung-fuer-unternehmen\\\/#breadcrumb\"},\"inLanguage\":\"it-IT\",\"potentialAction\":[{\"@type\":\"ReadAction\",\"target\":[\"https:\\\/\\\/news.save.ch\\\/cyber-risiken-wachsende-bedrohung-fuer-unternehmen\\\/\"]}]},{\"@type\":\"ImageObject\",\"inLanguage\":\"it-IT\",\"@id\":\"https:\\\/\\\/news.save.ch\\\/cyber-risiken-wachsende-bedrohung-fuer-unternehmen\\\/#primaryimage\",\"url\":\"https:\\\/\\\/news.save.ch\\\/wp-content\\\/uploads\\\/2017\\\/03\\\/Depositphotos_136866610_l-2015-scaled.jpg\",\"contentUrl\":\"https:\\\/\\\/news.save.ch\\\/wp-content\\\/uploads\\\/2017\\\/03\\\/Depositphotos_136866610_l-2015-scaled.jpg\",\"width\":1400,\"height\":934,\"caption\":\"Das Risiko f\u00fcr Cyber-Versicherungsl\u00f6sungen ist nur schwer kalkulierbar.\"},{\"@type\":\"BreadcrumbList\",\"@id\":\"https:\\\/\\\/news.save.ch\\\/cyber-risiken-wachsende-bedrohung-fuer-unternehmen\\\/#breadcrumb\",\"itemListElement\":[{\"@type\":\"ListItem\",\"position\":1,\"name\":\"Home\",\"item\":\"https:\\\/\\\/news.save.ch\\\/de\\\/\"},{\"@type\":\"ListItem\",\"position\":2,\"name\":\"Cyber-Risiken: Wachsende Bedrohung f\u00fcr Unternehmen\"}]},{\"@type\":\"WebSite\",\"@id\":\"https:\\\/\\\/news.save.ch\\\/de\\\/#website\",\"url\":\"https:\\\/\\\/news.save.ch\\\/de\\\/\",\"name\":\"Save\",\"description\":\"Schweizer Fachzeitschrift f\u00fcr Sicherheit\",\"publisher\":{\"@id\":\"https:\\\/\\\/news.save.ch\\\/de\\\/#organization\"},\"potentialAction\":[{\"@type\":\"SearchAction\",\"target\":{\"@type\":\"EntryPoint\",\"urlTemplate\":\"https:\\\/\\\/news.save.ch\\\/de\\\/?s={search_term_string}\"},\"query-input\":{\"@type\":\"PropertyValueSpecification\",\"valueRequired\":true,\"valueName\":\"search_term_string\"}}],\"inLanguage\":\"it-IT\"},{\"@type\":\"Organization\",\"@id\":\"https:\\\/\\\/news.save.ch\\\/de\\\/#organization\",\"name\":\"Sicherheitsforum\",\"url\":\"https:\\\/\\\/news.save.ch\\\/de\\\/\",\"logo\":{\"@type\":\"ImageObject\",\"inLanguage\":\"it-IT\",\"@id\":\"https:\\\/\\\/news.save.ch\\\/de\\\/#\\\/schema\\\/logo\\\/image\\\/\",\"url\":\"https:\\\/\\\/news.save.ch\\\/wp-content\\\/uploads\\\/2022\\\/06\\\/Logo_SF_2012.png\",\"contentUrl\":\"https:\\\/\\\/news.save.ch\\\/wp-content\\\/uploads\\\/2022\\\/06\\\/Logo_SF_2012.png\",\"width\":1100,\"height\":91,\"caption\":\"Sicherheitsforum\"},\"image\":{\"@id\":\"https:\\\/\\\/news.save.ch\\\/de\\\/#\\\/schema\\\/logo\\\/image\\\/\"}},{\"@type\":\"Person\",\"@id\":\"https:\\\/\\\/news.save.ch\\\/de\\\/#\\\/schema\\\/person\\\/ad4ef21102fd6125312409ac57d5296d\",\"name\":\"Simon Gr\u00f6flin\",\"image\":{\"@type\":\"ImageObject\",\"inLanguage\":\"it-IT\",\"@id\":\"https:\\\/\\\/secure.gravatar.com\\\/avatar\\\/6ddceb80eb734354635539e0ea5140bb7c41e42de7c45c9a2ab9921b5d5c9a83?s=96&d=mm&r=g\",\"url\":\"https:\\\/\\\/secure.gravatar.com\\\/avatar\\\/6ddceb80eb734354635539e0ea5140bb7c41e42de7c45c9a2ab9921b5d5c9a83?s=96&d=mm&r=g\",\"contentUrl\":\"https:\\\/\\\/secure.gravatar.com\\\/avatar\\\/6ddceb80eb734354635539e0ea5140bb7c41e42de7c45c9a2ab9921b5d5c9a83?s=96&d=mm&r=g\",\"caption\":\"Simon Gr\u00f6flin\"},\"url\":\"https:\\\/\\\/news.save.ch\\\/it\\\/author\\\/simon-groeflin\\\/\"}]}<\/script>\n<!-- \/ Yoast SEO plugin. -->","yoast_head_json":{"title":"Rischi informatici: Una minaccia crescente per le imprese - Save","robots":{"index":"index","follow":"follow","max-snippet":"max-snippet:-1","max-image-preview":"max-image-preview:large","max-video-preview":"max-video-preview:-1"},"canonical":"https:\/\/news.save.ch\/it\/cyber-risiken-wachsende-bedrohung-fuer-unternehmen\/","og_locale":"it_IT","og_type":"article","og_title":"Cyber-Risiken: Wachsende Bedrohung f\u00fcr Unternehmen - Save","og_description":"Die m\u00f6glichen Kosten von Cyber-Angriffen steigen rasant &#8211; vor allem im Zusammenhang mit verlorenen oder besch\u00e4digten Daten. Daher werden die Themen Cyber-Sicherheit und Cyber-Widerstandsf\u00e4higkeit f\u00fcr Unternehmen immer wichtiger. Dies ist das Fazit der ersten sigma-Studie \u00abCyber: Bew\u00e4ltigung eines komplexen Risikos\u00bb\u00a0des neu er\u00f6ffneten Swiss Re Institutes. Unternehmen m\u00fcssen k\u00fcnftig noch viel mehr tun, um die Cyber-Sicherheit [&hellip;]","og_url":"https:\/\/news.save.ch\/it\/cyber-risiken-wachsende-bedrohung-fuer-unternehmen\/","og_site_name":"Save","article_published_time":"2017-03-03T15:55:30+00:00","article_modified_time":"2023-03-14T07:57:06+00:00","og_image":[{"width":1400,"height":934,"url":"https:\/\/news.save.ch\/wp-content\/uploads\/2017\/03\/Depositphotos_136866610_l-2015-scaled.jpg","type":"image\/jpeg"}],"author":"Simon Gr\u00f6flin","twitter_card":"summary_large_image","twitter_misc":{"Scritto da":"Simon Gr\u00f6flin","Tempo di lettura stimato":"2 minuti"},"schema":{"@context":"https:\/\/schema.org","@graph":[{"@type":"Article","@id":"https:\/\/news.save.ch\/cyber-risiken-wachsende-bedrohung-fuer-unternehmen\/#article","isPartOf":{"@id":"https:\/\/news.save.ch\/cyber-risiken-wachsende-bedrohung-fuer-unternehmen\/"},"author":{"name":"Simon Gr\u00f6flin","@id":"https:\/\/news.save.ch\/de\/#\/schema\/person\/ad4ef21102fd6125312409ac57d5296d"},"headline":"Cyber-Risiken: Wachsende Bedrohung f\u00fcr Unternehmen","datePublished":"2017-03-03T15:55:30+00:00","dateModified":"2023-03-14T07:57:06+00:00","mainEntityOfPage":{"@id":"https:\/\/news.save.ch\/cyber-risiken-wachsende-bedrohung-fuer-unternehmen\/"},"wordCount":383,"commentCount":0,"publisher":{"@id":"https:\/\/news.save.ch\/de\/#organization"},"image":{"@id":"https:\/\/news.save.ch\/cyber-risiken-wachsende-bedrohung-fuer-unternehmen\/#primaryimage"},"thumbnailUrl":"https:\/\/news.save.ch\/wp-content\/uploads\/2017\/03\/Depositphotos_136866610_l-2015-scaled.jpg","keywords":["Cyber-Sicherheit","IT-SECURITY","Studie","Swiss Re Institute"],"articleSection":["DIGITALISIERUNG"],"inLanguage":"it-IT"},{"@type":"WebPage","@id":"https:\/\/news.save.ch\/cyber-risiken-wachsende-bedrohung-fuer-unternehmen\/","url":"https:\/\/news.save.ch\/cyber-risiken-wachsende-bedrohung-fuer-unternehmen\/","name":"Rischi informatici: Una minaccia crescente per le imprese - Save","isPartOf":{"@id":"https:\/\/news.save.ch\/de\/#website"},"primaryImageOfPage":{"@id":"https:\/\/news.save.ch\/cyber-risiken-wachsende-bedrohung-fuer-unternehmen\/#primaryimage"},"image":{"@id":"https:\/\/news.save.ch\/cyber-risiken-wachsende-bedrohung-fuer-unternehmen\/#primaryimage"},"thumbnailUrl":"https:\/\/news.save.ch\/wp-content\/uploads\/2017\/03\/Depositphotos_136866610_l-2015-scaled.jpg","datePublished":"2017-03-03T15:55:30+00:00","dateModified":"2023-03-14T07:57:06+00:00","breadcrumb":{"@id":"https:\/\/news.save.ch\/cyber-risiken-wachsende-bedrohung-fuer-unternehmen\/#breadcrumb"},"inLanguage":"it-IT","potentialAction":[{"@type":"ReadAction","target":["https:\/\/news.save.ch\/cyber-risiken-wachsende-bedrohung-fuer-unternehmen\/"]}]},{"@type":"ImageObject","inLanguage":"it-IT","@id":"https:\/\/news.save.ch\/cyber-risiken-wachsende-bedrohung-fuer-unternehmen\/#primaryimage","url":"https:\/\/news.save.ch\/wp-content\/uploads\/2017\/03\/Depositphotos_136866610_l-2015-scaled.jpg","contentUrl":"https:\/\/news.save.ch\/wp-content\/uploads\/2017\/03\/Depositphotos_136866610_l-2015-scaled.jpg","width":1400,"height":934,"caption":"Das Risiko f\u00fcr Cyber-Versicherungsl\u00f6sungen ist nur schwer kalkulierbar."},{"@type":"BreadcrumbList","@id":"https:\/\/news.save.ch\/cyber-risiken-wachsende-bedrohung-fuer-unternehmen\/#breadcrumb","itemListElement":[{"@type":"ListItem","position":1,"name":"Home","item":"https:\/\/news.save.ch\/de\/"},{"@type":"ListItem","position":2,"name":"Cyber-Risiken: Wachsende Bedrohung f\u00fcr Unternehmen"}]},{"@type":"WebSite","@id":"https:\/\/news.save.ch\/de\/#website","url":"https:\/\/news.save.ch\/de\/","name":"Risparmiare","description":"Rivista svizzera specializzata in sicurezza","publisher":{"@id":"https:\/\/news.save.ch\/de\/#organization"},"potentialAction":[{"@type":"SearchAction","target":{"@type":"EntryPoint","urlTemplate":"https:\/\/news.save.ch\/de\/?s={search_term_string}"},"query-input":{"@type":"PropertyValueSpecification","valueRequired":true,"valueName":"search_term_string"}}],"inLanguage":"it-IT"},{"@type":"Organization","@id":"https:\/\/news.save.ch\/de\/#organization","name":"Forum sulla sicurezza","url":"https:\/\/news.save.ch\/de\/","logo":{"@type":"ImageObject","inLanguage":"it-IT","@id":"https:\/\/news.save.ch\/de\/#\/schema\/logo\/image\/","url":"https:\/\/news.save.ch\/wp-content\/uploads\/2022\/06\/Logo_SF_2012.png","contentUrl":"https:\/\/news.save.ch\/wp-content\/uploads\/2022\/06\/Logo_SF_2012.png","width":1100,"height":91,"caption":"Sicherheitsforum"},"image":{"@id":"https:\/\/news.save.ch\/de\/#\/schema\/logo\/image\/"}},{"@type":"Person","@id":"https:\/\/news.save.ch\/de\/#\/schema\/person\/ad4ef21102fd6125312409ac57d5296d","name":"Simon Gr\u00f6flin","image":{"@type":"ImageObject","inLanguage":"it-IT","@id":"https:\/\/secure.gravatar.com\/avatar\/6ddceb80eb734354635539e0ea5140bb7c41e42de7c45c9a2ab9921b5d5c9a83?s=96&d=mm&r=g","url":"https:\/\/secure.gravatar.com\/avatar\/6ddceb80eb734354635539e0ea5140bb7c41e42de7c45c9a2ab9921b5d5c9a83?s=96&d=mm&r=g","contentUrl":"https:\/\/secure.gravatar.com\/avatar\/6ddceb80eb734354635539e0ea5140bb7c41e42de7c45c9a2ab9921b5d5c9a83?s=96&d=mm&r=g","caption":"Simon Gr\u00f6flin"},"url":"https:\/\/news.save.ch\/it\/author\/simon-groeflin\/"}]}},"_links":{"self":[{"href":"https:\/\/news.save.ch\/it\/wp-json\/wp\/v2\/posts\/4424","targetHints":{"allow":["GET"]}}],"collection":[{"href":"https:\/\/news.save.ch\/it\/wp-json\/wp\/v2\/posts"}],"about":[{"href":"https:\/\/news.save.ch\/it\/wp-json\/wp\/v2\/types\/post"}],"author":[{"embeddable":true,"href":"https:\/\/news.save.ch\/it\/wp-json\/wp\/v2\/users\/9"}],"replies":[{"embeddable":true,"href":"https:\/\/news.save.ch\/it\/wp-json\/wp\/v2\/comments?post=4424"}],"version-history":[{"count":1,"href":"https:\/\/news.save.ch\/it\/wp-json\/wp\/v2\/posts\/4424\/revisions"}],"predecessor-version":[{"id":17528,"href":"https:\/\/news.save.ch\/it\/wp-json\/wp\/v2\/posts\/4424\/revisions\/17528"}],"wp:featuredmedia":[{"embeddable":true,"href":"https:\/\/news.save.ch\/it\/wp-json\/wp\/v2\/media\/4425"}],"wp:attachment":[{"href":"https:\/\/news.save.ch\/it\/wp-json\/wp\/v2\/media?parent=4424"}],"wp:term":[{"taxonomy":"category","embeddable":true,"href":"https:\/\/news.save.ch\/it\/wp-json\/wp\/v2\/categories?post=4424"},{"taxonomy":"post_tag","embeddable":true,"href":"https:\/\/news.save.ch\/it\/wp-json\/wp\/v2\/tags?post=4424"}],"curies":[{"name":"wp","href":"https:\/\/api.w.org\/{rel}","templated":true}]}}