{"id":4469,"date":"2017-03-10T15:28:55","date_gmt":"2017-03-10T14:28:55","guid":{"rendered":"https:\/\/news.save.ch\/?p=4469"},"modified":"2023-03-14T08:57:06","modified_gmt":"2023-03-14T07:57:06","slug":"infoguard-baut-ein-neues-cyber-defence-center","status":null,"type":"post","link":"https:\/\/news.save.ch\/it\/infoguard-baut-ein-neues-cyber-defence-center\/","title":{"rendered":"InfoGuard costruisce un nuovo Centro di Difesa Informatica"},"content":{"rendered":"<figure id=\"attachment_4470\" aria-describedby=\"caption-attachment-4470\" style=\"width: 680px\" class=\"wp-caption aligncenter\"><img loading=\"lazy\" decoding=\"async\" class=\"size-medium wp-image-4470\" src=\"https:\/\/news.save.ch\/wp-content\/uploads\/2017\/03\/Depositphotos_79027836_l-2015.jpg\" alt=\"\" width=\"680\" height=\"476\" \/><figcaption id=\"caption-attachment-4470\" class=\"wp-caption-text\">\u00a9 depositphotos<\/figcaption><\/figure>\n<p>\"<a href=\"https:\/\/www.infoguard.ch\">InfoGuard<\/a> ha registrato un notevole aumento dei clienti negli ultimi tre anni e, di conseguenza, una marcata crescita del fatturato. Siamo lieti di annunciare che l'anno scorso siamo riusciti a crescere in tutti i settori, dalla consulenza sulla sicurezza, agli audit di sicurezza e ai test di penetrazione, fino all'implementazione di soluzioni complete di sicurezza informatica e di rete. Tuttavia, la crescita maggiore l'abbiamo registrata nell'area dei servizi operativi di sicurezza dal nostro Security Operation Centre (SOC) di Baar, certificato ISO\/IEC 27001\", spiega Thomas Meier, CEO di InfoGuard. Questo ha un effetto positivo anche sul numero di dipendenti: L'anno scorso sono stati creati 20 nuovi posti di lavoro. InfoGuard impiega 80 esperti di sicurezza nelle sue sedi di Baar e Berna. Il fatturato \u00e8 aumentato nuovamente rispetto all'anno precedente, raggiungendo circa 25 milioni di franchi svizzeri.<\/p>\n<p><strong>SOC Nuovo edificio su 250 m<sup>2 <\/sup><\/strong><\/p>\n<p>\"La sicurezza informatica sta cambiando. Oggi \u00e8 fondamentale riconoscere le infiltrazioni, reagire rapidamente e ottimizzare il sistema di sicurezza di conseguenza. Ci\u00f2 richiede un SOC con esperti di sicurezza specializzati. Per diversi anni abbiamo gestito con successo il nostro centro di difesa informatica a Baar. I servizi SOC sono di importanza strategica per InfoGuard. Per questo motivo costruiremo un nuovo SOC nella sede di Baar e rafforzeremo ulteriormente il nostro personale\", afferma Ernesto Hartmann, Chief Security Operations Officer di InfoGuard.<\/p>\n<p>Il nuovo edificio rappresenta un'altra pietra miliare. Su una superficie di 250 m<sup>2 <\/sup>uno dei SOC pi\u00f9 moderni della Svizzera, dove esperti di sicurezza e analisti lavoreranno da met\u00e0 maggio 2017. Il SOC si concentrer\u00e0 esclusivamente sulla difesa informatica e offrir\u00e0 ai clienti servizi completi come la gestione delle informazioni e degli eventi di sicurezza (SIEM), la gestione delle vulnerabilit\u00e0, il rilevamento delle violazioni, ma anche la cyber threat intelligence, la risposta agli incidenti e la forensics. I servizi si basano su tecnologie di rilevamento all'avanguardia, anche nel campo dell'intelligenza artificiale e del machine learning. Inoltre, l'architettura SOC offre un quadro di automazione sofisticato per fornire i servizi in modo efficiente e automatizzare i processi in larga misura.<\/p>\n<p>Il nuovo Centro di difesa cibernetica \u00e8 dotato di un concetto di sicurezza fisica a pi\u00f9 livelli e i sistemi di sicurezza sono monitorati 24 ore su 24. Inoltre, soddisfa i severi requisiti della protezione dei dati in Svizzera e le linee guida per il settore finanziario svizzero.<\/p>\n<p>&nbsp;<\/p>\n<p>&nbsp;<\/p>","protected":false},"excerpt":{"rendered":"<p>\u00abInfoGuard verzeichnete in den letzten drei Jahren einen betr\u00e4chtlichen Kundenzuwachs und damit verbunden auch ein markantes Umsatzwachstum. Erfreulicherweise konnten wir auch im letzten Jahr in allen Bereichen wachsen von der Sicherheitsberatung \u00fcber Security Audits und Penetration Testing, bis hin zur Implementierung umfassender Cyber Security und Netzwerkl\u00f6sungen. Das gr\u00f6sste Wachstum verzeichneten wir aber im Bereich der [&hellip;]<\/p>\n","protected":false},"author":8,"featured_media":4470,"comment_status":"open","ping_status":"open","sticky":false,"template":"","format":"standard","meta":{"_acf_changed":false,"pgc_sgb_lightbox_settings":"","footnotes":""},"categories":[3313],"tags":[96,62],"class_list":["post-4469","post","type-post","status-publish","format-standard","has-post-thumbnail","hentry","category-digitalisierung","tag-cyber-crime","tag-ict-sicherheit"],"acf":[],"hkrextid":null,"publication":null,"issue":null,"workflow":null,"startPage":null,"spitzmarke":null,"_posts_by_tag_page_fields":{"widget_title":"","widget_tags":""},"_at_widget":"1","_yoast_wpseo_primary_category":"2","_yoast_wpseo_focuskw_text_input":"InfoGuard","_yoast_wpseo_opengraph-image":null,"_yoast_wpseo_opengraph-description":null,"_yoast_wpseo_opengraph-title":null,"enclosure":null,"_yoast_wpseo_twitter-title":null,"_yoast_wpseo_twitter-description":null,"_yoast_wpseo_twitter-image":null,"_wp_old_slug":null,"_yoast_wpseo_title":null,"_yoast_wpseo_canonical":null,"yoast_head":"<!-- This site is optimized with the Yoast SEO plugin v27.5 - https:\/\/yoast.com\/product\/yoast-seo-wordpress\/ -->\n<title>InfoGuard baut ein neues Cyber Defence Center - Save<\/title>\n<meta name=\"description\" content=\"InfoGuard hat ein Rekordjahr hinter sich und baut ein neues Cyber Defence Center.\" \/>\n<meta name=\"robots\" content=\"index, follow, max-snippet:-1, max-image-preview:large, max-video-preview:-1\" \/>\n<link rel=\"canonical\" href=\"https:\/\/news.save.ch\/it\/infoguard-baut-ein-neues-cyber-defence-center\/\" \/>\n<meta property=\"og:locale\" content=\"it_IT\" \/>\n<meta property=\"og:type\" content=\"article\" \/>\n<meta property=\"og:title\" content=\"InfoGuard baut ein neues Cyber Defence Center - Save\" \/>\n<meta property=\"og:description\" content=\"InfoGuard hat ein Rekordjahr hinter sich und baut ein neues Cyber Defence Center.\" \/>\n<meta property=\"og:url\" content=\"https:\/\/news.save.ch\/it\/infoguard-baut-ein-neues-cyber-defence-center\/\" \/>\n<meta property=\"og:site_name\" content=\"Save\" \/>\n<meta property=\"article:published_time\" content=\"2017-03-10T14:28:55+00:00\" \/>\n<meta property=\"article:modified_time\" content=\"2023-03-14T07:57:06+00:00\" \/>\n<meta property=\"og:image\" content=\"https:\/\/news.save.ch\/wp-content\/uploads\/2017\/03\/Depositphotos_79027836_l-2015-scaled.jpg\" \/>\n\t<meta property=\"og:image:width\" content=\"1400\" \/>\n\t<meta property=\"og:image:height\" content=\"980\" \/>\n\t<meta property=\"og:image:type\" content=\"image\/jpeg\" \/>\n<meta name=\"author\" content=\"Roger Str\u00e4ssle\" \/>\n<meta name=\"twitter:card\" content=\"summary_large_image\" \/>\n<meta name=\"twitter:label1\" content=\"Scritto da\" \/>\n\t<meta name=\"twitter:data1\" content=\"Roger Str\u00e4ssle\" \/>\n\t<meta name=\"twitter:label2\" content=\"Tempo di lettura stimato\" \/>\n\t<meta name=\"twitter:data2\" content=\"2 minuti\" \/>\n<script type=\"application\/ld+json\" class=\"yoast-schema-graph\">{\"@context\":\"https:\\\/\\\/schema.org\",\"@graph\":[{\"@type\":\"Article\",\"@id\":\"https:\\\/\\\/news.save.ch\\\/infoguard-baut-ein-neues-cyber-defence-center\\\/#article\",\"isPartOf\":{\"@id\":\"https:\\\/\\\/news.save.ch\\\/infoguard-baut-ein-neues-cyber-defence-center\\\/\"},\"author\":{\"name\":\"Roger Str\u00e4ssle\",\"@id\":\"https:\\\/\\\/news.save.ch\\\/de\\\/#\\\/schema\\\/person\\\/d5022db048e0e2b9785c50e5b24da5aa\"},\"headline\":\"InfoGuard baut ein neues Cyber Defence Center\",\"datePublished\":\"2017-03-10T14:28:55+00:00\",\"dateModified\":\"2023-03-14T07:57:06+00:00\",\"mainEntityOfPage\":{\"@id\":\"https:\\\/\\\/news.save.ch\\\/infoguard-baut-ein-neues-cyber-defence-center\\\/\"},\"wordCount\":375,\"commentCount\":0,\"publisher\":{\"@id\":\"https:\\\/\\\/news.save.ch\\\/de\\\/#organization\"},\"image\":{\"@id\":\"https:\\\/\\\/news.save.ch\\\/infoguard-baut-ein-neues-cyber-defence-center\\\/#primaryimage\"},\"thumbnailUrl\":\"https:\\\/\\\/news.save.ch\\\/wp-content\\\/uploads\\\/2017\\\/03\\\/Depositphotos_79027836_l-2015-scaled.jpg\",\"keywords\":[\"Cyber-Crime\",\"ICT-Sicherheit\"],\"articleSection\":[\"DIGITALISIERUNG\"],\"inLanguage\":\"it-IT\"},{\"@type\":\"WebPage\",\"@id\":\"https:\\\/\\\/news.save.ch\\\/infoguard-baut-ein-neues-cyber-defence-center\\\/\",\"url\":\"https:\\\/\\\/news.save.ch\\\/infoguard-baut-ein-neues-cyber-defence-center\\\/\",\"name\":\"InfoGuard baut ein neues Cyber Defence Center - Save\",\"isPartOf\":{\"@id\":\"https:\\\/\\\/news.save.ch\\\/de\\\/#website\"},\"primaryImageOfPage\":{\"@id\":\"https:\\\/\\\/news.save.ch\\\/infoguard-baut-ein-neues-cyber-defence-center\\\/#primaryimage\"},\"image\":{\"@id\":\"https:\\\/\\\/news.save.ch\\\/infoguard-baut-ein-neues-cyber-defence-center\\\/#primaryimage\"},\"thumbnailUrl\":\"https:\\\/\\\/news.save.ch\\\/wp-content\\\/uploads\\\/2017\\\/03\\\/Depositphotos_79027836_l-2015-scaled.jpg\",\"datePublished\":\"2017-03-10T14:28:55+00:00\",\"dateModified\":\"2023-03-14T07:57:06+00:00\",\"description\":\"InfoGuard hat ein Rekordjahr hinter sich und baut ein neues Cyber Defence Center.\",\"breadcrumb\":{\"@id\":\"https:\\\/\\\/news.save.ch\\\/infoguard-baut-ein-neues-cyber-defence-center\\\/#breadcrumb\"},\"inLanguage\":\"it-IT\",\"potentialAction\":[{\"@type\":\"ReadAction\",\"target\":[\"https:\\\/\\\/news.save.ch\\\/infoguard-baut-ein-neues-cyber-defence-center\\\/\"]}]},{\"@type\":\"ImageObject\",\"inLanguage\":\"it-IT\",\"@id\":\"https:\\\/\\\/news.save.ch\\\/infoguard-baut-ein-neues-cyber-defence-center\\\/#primaryimage\",\"url\":\"https:\\\/\\\/news.save.ch\\\/wp-content\\\/uploads\\\/2017\\\/03\\\/Depositphotos_79027836_l-2015-scaled.jpg\",\"contentUrl\":\"https:\\\/\\\/news.save.ch\\\/wp-content\\\/uploads\\\/2017\\\/03\\\/Depositphotos_79027836_l-2015-scaled.jpg\",\"width\":1400,\"height\":980,\"caption\":\"\u00a9 depositphotos\"},{\"@type\":\"BreadcrumbList\",\"@id\":\"https:\\\/\\\/news.save.ch\\\/infoguard-baut-ein-neues-cyber-defence-center\\\/#breadcrumb\",\"itemListElement\":[{\"@type\":\"ListItem\",\"position\":1,\"name\":\"Home\",\"item\":\"https:\\\/\\\/news.save.ch\\\/de\\\/\"},{\"@type\":\"ListItem\",\"position\":2,\"name\":\"InfoGuard baut ein neues Cyber Defence Center\"}]},{\"@type\":\"WebSite\",\"@id\":\"https:\\\/\\\/news.save.ch\\\/de\\\/#website\",\"url\":\"https:\\\/\\\/news.save.ch\\\/de\\\/\",\"name\":\"Save\",\"description\":\"Schweizer Fachzeitschrift f\u00fcr Sicherheit\",\"publisher\":{\"@id\":\"https:\\\/\\\/news.save.ch\\\/de\\\/#organization\"},\"potentialAction\":[{\"@type\":\"SearchAction\",\"target\":{\"@type\":\"EntryPoint\",\"urlTemplate\":\"https:\\\/\\\/news.save.ch\\\/de\\\/?s={search_term_string}\"},\"query-input\":{\"@type\":\"PropertyValueSpecification\",\"valueRequired\":true,\"valueName\":\"search_term_string\"}}],\"inLanguage\":\"it-IT\"},{\"@type\":\"Organization\",\"@id\":\"https:\\\/\\\/news.save.ch\\\/de\\\/#organization\",\"name\":\"Sicherheitsforum\",\"url\":\"https:\\\/\\\/news.save.ch\\\/de\\\/\",\"logo\":{\"@type\":\"ImageObject\",\"inLanguage\":\"it-IT\",\"@id\":\"https:\\\/\\\/news.save.ch\\\/de\\\/#\\\/schema\\\/logo\\\/image\\\/\",\"url\":\"https:\\\/\\\/news.save.ch\\\/wp-content\\\/uploads\\\/2022\\\/06\\\/Logo_SF_2012.png\",\"contentUrl\":\"https:\\\/\\\/news.save.ch\\\/wp-content\\\/uploads\\\/2022\\\/06\\\/Logo_SF_2012.png\",\"width\":1100,\"height\":91,\"caption\":\"Sicherheitsforum\"},\"image\":{\"@id\":\"https:\\\/\\\/news.save.ch\\\/de\\\/#\\\/schema\\\/logo\\\/image\\\/\"}},{\"@type\":\"Person\",\"@id\":\"https:\\\/\\\/news.save.ch\\\/de\\\/#\\\/schema\\\/person\\\/d5022db048e0e2b9785c50e5b24da5aa\",\"name\":\"Roger Str\u00e4ssle\",\"image\":{\"@type\":\"ImageObject\",\"inLanguage\":\"it-IT\",\"@id\":\"https:\\\/\\\/secure.gravatar.com\\\/avatar\\\/862a5569d087de48e5856e32f45d719a03804c891d6deb8d4f71a660e79e4a47?s=96&d=mm&r=g\",\"url\":\"https:\\\/\\\/secure.gravatar.com\\\/avatar\\\/862a5569d087de48e5856e32f45d719a03804c891d6deb8d4f71a660e79e4a47?s=96&d=mm&r=g\",\"contentUrl\":\"https:\\\/\\\/secure.gravatar.com\\\/avatar\\\/862a5569d087de48e5856e32f45d719a03804c891d6deb8d4f71a660e79e4a47?s=96&d=mm&r=g\",\"caption\":\"Roger Str\u00e4ssle\"},\"url\":\"https:\\\/\\\/news.save.ch\\\/it\\\/author\\\/roger-straessle\\\/\"}]}<\/script>\n<!-- \/ Yoast SEO plugin. -->","yoast_head_json":{"title":"InfoGuard costruisce un nuovo centro di difesa informatica - Save","description":"InfoGuard ha registrato un anno record e sta costruendo un nuovo centro di difesa informatica.","robots":{"index":"index","follow":"follow","max-snippet":"max-snippet:-1","max-image-preview":"max-image-preview:large","max-video-preview":"max-video-preview:-1"},"canonical":"https:\/\/news.save.ch\/it\/infoguard-baut-ein-neues-cyber-defence-center\/","og_locale":"it_IT","og_type":"article","og_title":"InfoGuard baut ein neues Cyber Defence Center - Save","og_description":"InfoGuard hat ein Rekordjahr hinter sich und baut ein neues Cyber Defence Center.","og_url":"https:\/\/news.save.ch\/it\/infoguard-baut-ein-neues-cyber-defence-center\/","og_site_name":"Save","article_published_time":"2017-03-10T14:28:55+00:00","article_modified_time":"2023-03-14T07:57:06+00:00","og_image":[{"width":1400,"height":980,"url":"https:\/\/news.save.ch\/wp-content\/uploads\/2017\/03\/Depositphotos_79027836_l-2015-scaled.jpg","type":"image\/jpeg"}],"author":"Roger Str\u00e4ssle","twitter_card":"summary_large_image","twitter_misc":{"Scritto da":"Roger Str\u00e4ssle","Tempo di lettura stimato":"2 minuti"},"schema":{"@context":"https:\/\/schema.org","@graph":[{"@type":"Article","@id":"https:\/\/news.save.ch\/infoguard-baut-ein-neues-cyber-defence-center\/#article","isPartOf":{"@id":"https:\/\/news.save.ch\/infoguard-baut-ein-neues-cyber-defence-center\/"},"author":{"name":"Roger Str\u00e4ssle","@id":"https:\/\/news.save.ch\/de\/#\/schema\/person\/d5022db048e0e2b9785c50e5b24da5aa"},"headline":"InfoGuard baut ein neues Cyber Defence Center","datePublished":"2017-03-10T14:28:55+00:00","dateModified":"2023-03-14T07:57:06+00:00","mainEntityOfPage":{"@id":"https:\/\/news.save.ch\/infoguard-baut-ein-neues-cyber-defence-center\/"},"wordCount":375,"commentCount":0,"publisher":{"@id":"https:\/\/news.save.ch\/de\/#organization"},"image":{"@id":"https:\/\/news.save.ch\/infoguard-baut-ein-neues-cyber-defence-center\/#primaryimage"},"thumbnailUrl":"https:\/\/news.save.ch\/wp-content\/uploads\/2017\/03\/Depositphotos_79027836_l-2015-scaled.jpg","keywords":["Cyber-Crime","ICT-Sicherheit"],"articleSection":["DIGITALISIERUNG"],"inLanguage":"it-IT"},{"@type":"WebPage","@id":"https:\/\/news.save.ch\/infoguard-baut-ein-neues-cyber-defence-center\/","url":"https:\/\/news.save.ch\/infoguard-baut-ein-neues-cyber-defence-center\/","name":"InfoGuard costruisce un nuovo centro di difesa informatica - Save","isPartOf":{"@id":"https:\/\/news.save.ch\/de\/#website"},"primaryImageOfPage":{"@id":"https:\/\/news.save.ch\/infoguard-baut-ein-neues-cyber-defence-center\/#primaryimage"},"image":{"@id":"https:\/\/news.save.ch\/infoguard-baut-ein-neues-cyber-defence-center\/#primaryimage"},"thumbnailUrl":"https:\/\/news.save.ch\/wp-content\/uploads\/2017\/03\/Depositphotos_79027836_l-2015-scaled.jpg","datePublished":"2017-03-10T14:28:55+00:00","dateModified":"2023-03-14T07:57:06+00:00","description":"InfoGuard ha registrato un anno record e sta costruendo un nuovo centro di difesa informatica.","breadcrumb":{"@id":"https:\/\/news.save.ch\/infoguard-baut-ein-neues-cyber-defence-center\/#breadcrumb"},"inLanguage":"it-IT","potentialAction":[{"@type":"ReadAction","target":["https:\/\/news.save.ch\/infoguard-baut-ein-neues-cyber-defence-center\/"]}]},{"@type":"ImageObject","inLanguage":"it-IT","@id":"https:\/\/news.save.ch\/infoguard-baut-ein-neues-cyber-defence-center\/#primaryimage","url":"https:\/\/news.save.ch\/wp-content\/uploads\/2017\/03\/Depositphotos_79027836_l-2015-scaled.jpg","contentUrl":"https:\/\/news.save.ch\/wp-content\/uploads\/2017\/03\/Depositphotos_79027836_l-2015-scaled.jpg","width":1400,"height":980,"caption":"\u00a9 depositphotos"},{"@type":"BreadcrumbList","@id":"https:\/\/news.save.ch\/infoguard-baut-ein-neues-cyber-defence-center\/#breadcrumb","itemListElement":[{"@type":"ListItem","position":1,"name":"Home","item":"https:\/\/news.save.ch\/de\/"},{"@type":"ListItem","position":2,"name":"InfoGuard baut ein neues Cyber Defence Center"}]},{"@type":"WebSite","@id":"https:\/\/news.save.ch\/de\/#website","url":"https:\/\/news.save.ch\/de\/","name":"Risparmiare","description":"Rivista svizzera specializzata in sicurezza","publisher":{"@id":"https:\/\/news.save.ch\/de\/#organization"},"potentialAction":[{"@type":"SearchAction","target":{"@type":"EntryPoint","urlTemplate":"https:\/\/news.save.ch\/de\/?s={search_term_string}"},"query-input":{"@type":"PropertyValueSpecification","valueRequired":true,"valueName":"search_term_string"}}],"inLanguage":"it-IT"},{"@type":"Organization","@id":"https:\/\/news.save.ch\/de\/#organization","name":"Forum sulla sicurezza","url":"https:\/\/news.save.ch\/de\/","logo":{"@type":"ImageObject","inLanguage":"it-IT","@id":"https:\/\/news.save.ch\/de\/#\/schema\/logo\/image\/","url":"https:\/\/news.save.ch\/wp-content\/uploads\/2022\/06\/Logo_SF_2012.png","contentUrl":"https:\/\/news.save.ch\/wp-content\/uploads\/2022\/06\/Logo_SF_2012.png","width":1100,"height":91,"caption":"Sicherheitsforum"},"image":{"@id":"https:\/\/news.save.ch\/de\/#\/schema\/logo\/image\/"}},{"@type":"Person","@id":"https:\/\/news.save.ch\/de\/#\/schema\/person\/d5022db048e0e2b9785c50e5b24da5aa","name":"Roger Str\u00e4ssle","image":{"@type":"ImageObject","inLanguage":"it-IT","@id":"https:\/\/secure.gravatar.com\/avatar\/862a5569d087de48e5856e32f45d719a03804c891d6deb8d4f71a660e79e4a47?s=96&d=mm&r=g","url":"https:\/\/secure.gravatar.com\/avatar\/862a5569d087de48e5856e32f45d719a03804c891d6deb8d4f71a660e79e4a47?s=96&d=mm&r=g","contentUrl":"https:\/\/secure.gravatar.com\/avatar\/862a5569d087de48e5856e32f45d719a03804c891d6deb8d4f71a660e79e4a47?s=96&d=mm&r=g","caption":"Roger Str\u00e4ssle"},"url":"https:\/\/news.save.ch\/it\/author\/roger-straessle\/"}]}},"_links":{"self":[{"href":"https:\/\/news.save.ch\/it\/wp-json\/wp\/v2\/posts\/4469","targetHints":{"allow":["GET"]}}],"collection":[{"href":"https:\/\/news.save.ch\/it\/wp-json\/wp\/v2\/posts"}],"about":[{"href":"https:\/\/news.save.ch\/it\/wp-json\/wp\/v2\/types\/post"}],"author":[{"embeddable":true,"href":"https:\/\/news.save.ch\/it\/wp-json\/wp\/v2\/users\/8"}],"replies":[{"embeddable":true,"href":"https:\/\/news.save.ch\/it\/wp-json\/wp\/v2\/comments?post=4469"}],"version-history":[{"count":1,"href":"https:\/\/news.save.ch\/it\/wp-json\/wp\/v2\/posts\/4469\/revisions"}],"predecessor-version":[{"id":17525,"href":"https:\/\/news.save.ch\/it\/wp-json\/wp\/v2\/posts\/4469\/revisions\/17525"}],"wp:featuredmedia":[{"embeddable":true,"href":"https:\/\/news.save.ch\/it\/wp-json\/wp\/v2\/media\/4470"}],"wp:attachment":[{"href":"https:\/\/news.save.ch\/it\/wp-json\/wp\/v2\/media?parent=4469"}],"wp:term":[{"taxonomy":"category","embeddable":true,"href":"https:\/\/news.save.ch\/it\/wp-json\/wp\/v2\/categories?post=4469"},{"taxonomy":"post_tag","embeddable":true,"href":"https:\/\/news.save.ch\/it\/wp-json\/wp\/v2\/tags?post=4469"}],"curies":[{"name":"wp","href":"https:\/\/api.w.org\/{rel}","templated":true}]}}