{"id":4643,"date":"2017-04-06T12:05:41","date_gmt":"2017-04-06T10:05:41","guid":{"rendered":"https:\/\/news.save.ch\/?p=4643"},"modified":"2017-04-06T12:05:41","modified_gmt":"2017-04-06T10:05:41","slug":"rega-testet-hinderniswarnsystem","status":null,"type":"post","link":"https:\/\/news.save.ch\/it\/rega-testet-hinderniswarnsystem\/","title":{"rendered":"La Rega testa il sistema di segnalazione degli ostacoli"},"content":{"rendered":"<figure id=\"attachment_4644\" aria-describedby=\"caption-attachment-4644\" style=\"width: 589px\" class=\"wp-caption aligncenter\"><img loading=\"lazy\" decoding=\"async\" class=\"size-full wp-image-4644\" src=\"https:\/\/news.save.ch\/wp-content\/uploads\/2017\/04\/rega.jpg\" alt=\"\" width=\"589\" height=\"374\" srcset=\"https:\/\/news.save.ch\/wp-content\/uploads\/2017\/04\/rega.jpg 589w, https:\/\/news.save.ch\/wp-content\/uploads\/2017\/04\/rega-375x238.jpg 375w\" sizes=\"auto, (max-width: 589px) 100vw, 589px\" \/><figcaption id=\"caption-attachment-4644\" class=\"wp-caption-text\">Foto stampa Rega<\/figcaption><\/figure>\n<p>Per aumentare ulteriormente la sicurezza dei pazienti e degli equipaggi in missione, la Rega sta testando, insieme al produttore di elicotteri Leonardo, un sistema basato sul laser per il rilevamento automatico degli ostacoli aeronautici. L'unit\u00e0 sensore del sistema scansiona in modo permanente l'ambiente circostante l'elicottero con un laser e rileva anche cavi sottili e tralicci fino a due chilometri di distanza. Un segnale acustico avverte i piloti della presenza di ostacoli, che vengono visualizzati anche su uno schermo nella cabina di pilotaggio e su un cosiddetto head-up display nel campo visivo del pilota. Il grande vantaggio rispetto ai sistemi di segnalazione passiva che si basano su un database di ostacoli di volo: Il sistema segnala anche gli ostacoli non segnalati su alcuna mappa.<\/p>\n<p><strong>Voli di prova in montagna nella primavera del 2017<\/strong><\/p>\n<p>L'area operativa della Rega \u00e8 caratterizzata da una topografia impegnativa e da numerosi ostacoli all'aviazione. Ora, i voli di prova congiunti con il produttore devono dimostrare la precisione e l'affidabilit\u00e0 del sistema, gi\u00e0 utilizzato con successo in alcuni elicotteri militari, nelle valli di montagna con molti ostacoli aeronautici, come i cavi delle funivie e le corde di fieno dell'agricoltura di montagna. I voli di prova si svolgeranno questa primavera insieme al costruttore Leonardo nel nord Italia. Il sistema sar\u00e0 utilizzato nei tre nuovi elicotteri di soccorso ognitempo AW169-FIPS a partire dal 2021. Il direttore generale della Rega Ernst Kohler afferma: \"La sicurezza dei nostri pazienti e degli equipaggi \u00e8 la priorit\u00e0 assoluta della Rega. Siamo costantemente alla ricerca di miglioramenti e di un ulteriore aumento della sicurezza e stiamo compiendo enormi sforzi in questo senso, sia per quanto riguarda la formazione e l'aggiornamento del nostro personale, sia per quanto riguarda l'organizzazione o l'utilizzo delle tecnologie pi\u00f9 recenti.<\/p>\n<p><strong>Video laringoscopio: una telecamera per una visione migliore<\/strong><\/p>\n<p>Anche nel campo della medicina, la Rega utilizza tecnologie all'avanguardia per migliorare l'assistenza medica dei suoi pazienti. Per esempio, ora fornisce ai suoi equipaggi un video laringoscopio per assicurare le vie aeree dei pazienti. Oltre alla fonte di luce, la punta della lama \u00e8 dotata di una minuscola telecamera che trasmette i segnali a un piccolo schermo. Il video laringoscopio viene utilizzato da tempo negli ospedali per l'intubazione assistita da immagini. Ora la Rega dispone di un video laringoscopio tecnicamente avanzato, mobile e robusto, che pu\u00f2 essere utilizzato anche fuori dall'ospedale, in qualsiasi condizione atmosferica. Attraverso lo schermo, non solo il medico d'urgenza che intuba ha una visione chiara, ma anche il paramedico o l'infermiere che assiste. L'equipaggio della base Rega di Berna ha testato con successo il video laringoscopio durante le missioni di salvataggio per un anno. Lo hanno utilizzato anche in piena luce solare e sulla neve per verificare se l'immagine sul display fosse ancora chiaramente visibile. Il nuovo video laringoscopio far\u00e0 presto parte dell'equipaggiamento standard della flotta della Rega.<\/p>\n<p><strong>Ancora oltre 15.000 missioni <\/strong><\/p>\n<p>La Centrale operativa della Rega ha organizzato un totale di 15.093 missioni nel 2016, in leggero aumento rispetto all'anno precedente (+0,3%). Il numero di missioni di elicotteri \u00e8 leggermente diminuito rispetto all'anno precedente (11.055, -1,2%). In generale, le cifre relative all'impiego degli elicotteri riflettono le condizioni meteorologiche e le abitudini di svago delle persone in Svizzera. A causa dell'inverno caldo e conseguentemente poco nevoso del 2016, gli elicotteri hanno effettuato un numero significativamente inferiore di missioni rispetto al 2015, ad esempio nei mesi di gennaio (- 4,7 %) e febbraio (- 17,6 %). Al contrario, il settembre soleggiato e superiore alla media (+ 18,2 %) ha garantito giorni di missione intensi.<\/p>\n<p>Nel frattempo, il numero di missioni dei tre jet ambulanza della Rega \u00e8 aumentato: in 858 missioni (+4,6%), hanno riportato in Svizzera un totale di 869 pazienti (+5,3%) da tutto il mondo. Si \u00e8 registrato anche un aumento significativo del numero di pazienti rimpatriati a bordo di aerei di linea (354, +12%). Questa alternativa al jet ambulanza viene sempre utilizzata quando le condizioni del paziente sono sufficientemente stabili e il trasporto \u00e8 ragionevole per i pazienti e i passeggeri.<\/p>\n<p><em>Fonte: Conferenza annuale della Rega sui media<\/em><\/p>\n<p>&nbsp;<\/p>\n<p>&nbsp;<\/p>","protected":false},"excerpt":{"rendered":"<p>Um die Sicherheit f\u00fcr Patienten und Crews im Einsatz weiter zu erh\u00f6hen, testet die Rega gemeinsam mit dem Helikopterhersteller Leonardo ein lasergest\u00fctztes System zur automatischen Erkennung von Luftfahrthindernissen. Die Sensor-Einheit des Systems scannt mit einem Laser permanent die Umgebung vor dem Helikopter und erkennt auch d\u00fcnne Kabel und Masten in bis zu zwei Kilometern Entfernung. [&hellip;]<\/p>\n","protected":false},"author":8,"featured_media":4644,"comment_status":"open","ping_status":"open","sticky":false,"template":"","format":"standard","meta":{"_acf_changed":false,"pgc_sgb_lightbox_settings":"","footnotes":""},"categories":[1],"tags":[],"class_list":["post-4643","post","type-post","status-publish","format-standard","has-post-thumbnail","hentry","category-allgemein"],"acf":[],"hkrextid":null,"publication":null,"issue":null,"workflow":null,"startPage":null,"spitzmarke":null,"_posts_by_tag_page_fields":{"widget_title":"","widget_tags":""},"_at_widget":"1","_yoast_wpseo_primary_category":"1","_yoast_wpseo_focuskw_text_input":"Rega","_yoast_wpseo_opengraph-image":null,"_yoast_wpseo_opengraph-description":null,"_yoast_wpseo_opengraph-title":null,"enclosure":null,"_yoast_wpseo_twitter-title":null,"_yoast_wpseo_twitter-description":null,"_yoast_wpseo_twitter-image":null,"_wp_old_slug":null,"_yoast_wpseo_title":null,"_yoast_wpseo_canonical":null,"yoast_head":"<!-- This site is optimized with the Yoast SEO plugin v27.5 - https:\/\/yoast.com\/product\/yoast-seo-wordpress\/ -->\n<title>Rega testet Hinderniswarnsystem - Save<\/title>\n<meta name=\"description\" content=\"Die Rega setzt als erste zivile Luftrettungsorganisation der Welt auf ein lasergest\u00fctztes Hinderniswarnsystem. Die Testfl\u00fcge beginnen demn\u00e4chst.\" \/>\n<meta name=\"robots\" content=\"index, follow, max-snippet:-1, max-image-preview:large, max-video-preview:-1\" \/>\n<link rel=\"canonical\" href=\"https:\/\/news.save.ch\/it\/rega-testet-hinderniswarnsystem\/\" \/>\n<meta property=\"og:locale\" content=\"it_IT\" \/>\n<meta property=\"og:type\" content=\"article\" \/>\n<meta property=\"og:title\" content=\"Rega testet Hinderniswarnsystem - Save\" \/>\n<meta property=\"og:description\" content=\"Die Rega setzt als erste zivile Luftrettungsorganisation der Welt auf ein lasergest\u00fctztes Hinderniswarnsystem. Die Testfl\u00fcge beginnen demn\u00e4chst.\" \/>\n<meta property=\"og:url\" content=\"https:\/\/news.save.ch\/it\/rega-testet-hinderniswarnsystem\/\" \/>\n<meta property=\"og:site_name\" content=\"Save\" \/>\n<meta property=\"article:published_time\" content=\"2017-04-06T10:05:41+00:00\" \/>\n<meta property=\"og:image\" content=\"https:\/\/news.save.ch\/wp-content\/uploads\/2017\/04\/rega.jpg\" \/>\n\t<meta property=\"og:image:width\" content=\"589\" \/>\n\t<meta property=\"og:image:height\" content=\"374\" \/>\n\t<meta property=\"og:image:type\" content=\"image\/jpeg\" \/>\n<meta name=\"author\" content=\"Roger Str\u00e4ssle\" \/>\n<meta name=\"twitter:card\" content=\"summary_large_image\" \/>\n<meta name=\"twitter:label1\" content=\"Scritto da\" \/>\n\t<meta name=\"twitter:data1\" content=\"Roger Str\u00e4ssle\" \/>\n\t<meta name=\"twitter:label2\" content=\"Tempo di lettura stimato\" \/>\n\t<meta name=\"twitter:data2\" content=\"3 minuti\" \/>\n<script type=\"application\/ld+json\" class=\"yoast-schema-graph\">{\"@context\":\"https:\\\/\\\/schema.org\",\"@graph\":[{\"@type\":\"Article\",\"@id\":\"https:\\\/\\\/news.save.ch\\\/rega-testet-hinderniswarnsystem\\\/#article\",\"isPartOf\":{\"@id\":\"https:\\\/\\\/news.save.ch\\\/rega-testet-hinderniswarnsystem\\\/\"},\"author\":{\"name\":\"Roger Str\u00e4ssle\",\"@id\":\"https:\\\/\\\/news.save.ch\\\/de\\\/#\\\/schema\\\/person\\\/d5022db048e0e2b9785c50e5b24da5aa\"},\"headline\":\"Rega testet Hinderniswarnsystem\",\"datePublished\":\"2017-04-06T10:05:41+00:00\",\"mainEntityOfPage\":{\"@id\":\"https:\\\/\\\/news.save.ch\\\/rega-testet-hinderniswarnsystem\\\/\"},\"wordCount\":613,\"commentCount\":0,\"publisher\":{\"@id\":\"https:\\\/\\\/news.save.ch\\\/de\\\/#organization\"},\"image\":{\"@id\":\"https:\\\/\\\/news.save.ch\\\/rega-testet-hinderniswarnsystem\\\/#primaryimage\"},\"thumbnailUrl\":\"https:\\\/\\\/news.save.ch\\\/wp-content\\\/uploads\\\/2017\\\/04\\\/rega.jpg\",\"articleSection\":[\"ALLGEMEIN\"],\"inLanguage\":\"it-IT\"},{\"@type\":\"WebPage\",\"@id\":\"https:\\\/\\\/news.save.ch\\\/rega-testet-hinderniswarnsystem\\\/\",\"url\":\"https:\\\/\\\/news.save.ch\\\/rega-testet-hinderniswarnsystem\\\/\",\"name\":\"Rega testet Hinderniswarnsystem - Save\",\"isPartOf\":{\"@id\":\"https:\\\/\\\/news.save.ch\\\/de\\\/#website\"},\"primaryImageOfPage\":{\"@id\":\"https:\\\/\\\/news.save.ch\\\/rega-testet-hinderniswarnsystem\\\/#primaryimage\"},\"image\":{\"@id\":\"https:\\\/\\\/news.save.ch\\\/rega-testet-hinderniswarnsystem\\\/#primaryimage\"},\"thumbnailUrl\":\"https:\\\/\\\/news.save.ch\\\/wp-content\\\/uploads\\\/2017\\\/04\\\/rega.jpg\",\"datePublished\":\"2017-04-06T10:05:41+00:00\",\"description\":\"Die Rega setzt als erste zivile Luftrettungsorganisation der Welt auf ein lasergest\u00fctztes Hinderniswarnsystem. Die Testfl\u00fcge beginnen demn\u00e4chst.\",\"breadcrumb\":{\"@id\":\"https:\\\/\\\/news.save.ch\\\/rega-testet-hinderniswarnsystem\\\/#breadcrumb\"},\"inLanguage\":\"it-IT\",\"potentialAction\":[{\"@type\":\"ReadAction\",\"target\":[\"https:\\\/\\\/news.save.ch\\\/rega-testet-hinderniswarnsystem\\\/\"]}]},{\"@type\":\"ImageObject\",\"inLanguage\":\"it-IT\",\"@id\":\"https:\\\/\\\/news.save.ch\\\/rega-testet-hinderniswarnsystem\\\/#primaryimage\",\"url\":\"https:\\\/\\\/news.save.ch\\\/wp-content\\\/uploads\\\/2017\\\/04\\\/rega.jpg\",\"contentUrl\":\"https:\\\/\\\/news.save.ch\\\/wp-content\\\/uploads\\\/2017\\\/04\\\/rega.jpg\",\"width\":589,\"height\":374,\"caption\":\"Pressebild Rega\"},{\"@type\":\"BreadcrumbList\",\"@id\":\"https:\\\/\\\/news.save.ch\\\/rega-testet-hinderniswarnsystem\\\/#breadcrumb\",\"itemListElement\":[{\"@type\":\"ListItem\",\"position\":1,\"name\":\"Home\",\"item\":\"https:\\\/\\\/news.save.ch\\\/de\\\/\"},{\"@type\":\"ListItem\",\"position\":2,\"name\":\"Rega testet Hinderniswarnsystem\"}]},{\"@type\":\"WebSite\",\"@id\":\"https:\\\/\\\/news.save.ch\\\/de\\\/#website\",\"url\":\"https:\\\/\\\/news.save.ch\\\/de\\\/\",\"name\":\"Save\",\"description\":\"Schweizer Fachzeitschrift f\u00fcr Sicherheit\",\"publisher\":{\"@id\":\"https:\\\/\\\/news.save.ch\\\/de\\\/#organization\"},\"potentialAction\":[{\"@type\":\"SearchAction\",\"target\":{\"@type\":\"EntryPoint\",\"urlTemplate\":\"https:\\\/\\\/news.save.ch\\\/de\\\/?s={search_term_string}\"},\"query-input\":{\"@type\":\"PropertyValueSpecification\",\"valueRequired\":true,\"valueName\":\"search_term_string\"}}],\"inLanguage\":\"it-IT\"},{\"@type\":\"Organization\",\"@id\":\"https:\\\/\\\/news.save.ch\\\/de\\\/#organization\",\"name\":\"Sicherheitsforum\",\"url\":\"https:\\\/\\\/news.save.ch\\\/de\\\/\",\"logo\":{\"@type\":\"ImageObject\",\"inLanguage\":\"it-IT\",\"@id\":\"https:\\\/\\\/news.save.ch\\\/de\\\/#\\\/schema\\\/logo\\\/image\\\/\",\"url\":\"https:\\\/\\\/news.save.ch\\\/wp-content\\\/uploads\\\/2022\\\/06\\\/Logo_SF_2012.png\",\"contentUrl\":\"https:\\\/\\\/news.save.ch\\\/wp-content\\\/uploads\\\/2022\\\/06\\\/Logo_SF_2012.png\",\"width\":1100,\"height\":91,\"caption\":\"Sicherheitsforum\"},\"image\":{\"@id\":\"https:\\\/\\\/news.save.ch\\\/de\\\/#\\\/schema\\\/logo\\\/image\\\/\"}},{\"@type\":\"Person\",\"@id\":\"https:\\\/\\\/news.save.ch\\\/de\\\/#\\\/schema\\\/person\\\/d5022db048e0e2b9785c50e5b24da5aa\",\"name\":\"Roger Str\u00e4ssle\",\"image\":{\"@type\":\"ImageObject\",\"inLanguage\":\"it-IT\",\"@id\":\"https:\\\/\\\/secure.gravatar.com\\\/avatar\\\/862a5569d087de48e5856e32f45d719a03804c891d6deb8d4f71a660e79e4a47?s=96&d=mm&r=g\",\"url\":\"https:\\\/\\\/secure.gravatar.com\\\/avatar\\\/862a5569d087de48e5856e32f45d719a03804c891d6deb8d4f71a660e79e4a47?s=96&d=mm&r=g\",\"contentUrl\":\"https:\\\/\\\/secure.gravatar.com\\\/avatar\\\/862a5569d087de48e5856e32f45d719a03804c891d6deb8d4f71a660e79e4a47?s=96&d=mm&r=g\",\"caption\":\"Roger Str\u00e4ssle\"},\"url\":\"https:\\\/\\\/news.save.ch\\\/it\\\/author\\\/roger-straessle\\\/\"}]}<\/script>\n<!-- \/ Yoast SEO plugin. -->","yoast_head_json":{"title":"La Rega testa il sistema di segnalazione degli ostacoli - Save","description":"La Rega \u00e8 la prima organizzazione di soccorso aereo civile al mondo a utilizzare un sistema di segnalazione degli ostacoli basato sul laser. I voli di prova inizieranno presto.","robots":{"index":"index","follow":"follow","max-snippet":"max-snippet:-1","max-image-preview":"max-image-preview:large","max-video-preview":"max-video-preview:-1"},"canonical":"https:\/\/news.save.ch\/it\/rega-testet-hinderniswarnsystem\/","og_locale":"it_IT","og_type":"article","og_title":"Rega testet Hinderniswarnsystem - Save","og_description":"Die Rega setzt als erste zivile Luftrettungsorganisation der Welt auf ein lasergest\u00fctztes Hinderniswarnsystem. Die Testfl\u00fcge beginnen demn\u00e4chst.","og_url":"https:\/\/news.save.ch\/it\/rega-testet-hinderniswarnsystem\/","og_site_name":"Save","article_published_time":"2017-04-06T10:05:41+00:00","og_image":[{"width":589,"height":374,"url":"https:\/\/news.save.ch\/wp-content\/uploads\/2017\/04\/rega.jpg","type":"image\/jpeg"}],"author":"Roger Str\u00e4ssle","twitter_card":"summary_large_image","twitter_misc":{"Scritto da":"Roger Str\u00e4ssle","Tempo di lettura stimato":"3 minuti"},"schema":{"@context":"https:\/\/schema.org","@graph":[{"@type":"Article","@id":"https:\/\/news.save.ch\/rega-testet-hinderniswarnsystem\/#article","isPartOf":{"@id":"https:\/\/news.save.ch\/rega-testet-hinderniswarnsystem\/"},"author":{"name":"Roger Str\u00e4ssle","@id":"https:\/\/news.save.ch\/de\/#\/schema\/person\/d5022db048e0e2b9785c50e5b24da5aa"},"headline":"Rega testet Hinderniswarnsystem","datePublished":"2017-04-06T10:05:41+00:00","mainEntityOfPage":{"@id":"https:\/\/news.save.ch\/rega-testet-hinderniswarnsystem\/"},"wordCount":613,"commentCount":0,"publisher":{"@id":"https:\/\/news.save.ch\/de\/#organization"},"image":{"@id":"https:\/\/news.save.ch\/rega-testet-hinderniswarnsystem\/#primaryimage"},"thumbnailUrl":"https:\/\/news.save.ch\/wp-content\/uploads\/2017\/04\/rega.jpg","articleSection":["ALLGEMEIN"],"inLanguage":"it-IT"},{"@type":"WebPage","@id":"https:\/\/news.save.ch\/rega-testet-hinderniswarnsystem\/","url":"https:\/\/news.save.ch\/rega-testet-hinderniswarnsystem\/","name":"La Rega testa il sistema di segnalazione degli ostacoli - Save","isPartOf":{"@id":"https:\/\/news.save.ch\/de\/#website"},"primaryImageOfPage":{"@id":"https:\/\/news.save.ch\/rega-testet-hinderniswarnsystem\/#primaryimage"},"image":{"@id":"https:\/\/news.save.ch\/rega-testet-hinderniswarnsystem\/#primaryimage"},"thumbnailUrl":"https:\/\/news.save.ch\/wp-content\/uploads\/2017\/04\/rega.jpg","datePublished":"2017-04-06T10:05:41+00:00","description":"La Rega \u00e8 la prima organizzazione di soccorso aereo civile al mondo a utilizzare un sistema di segnalazione degli ostacoli basato sul laser. I voli di prova inizieranno presto.","breadcrumb":{"@id":"https:\/\/news.save.ch\/rega-testet-hinderniswarnsystem\/#breadcrumb"},"inLanguage":"it-IT","potentialAction":[{"@type":"ReadAction","target":["https:\/\/news.save.ch\/rega-testet-hinderniswarnsystem\/"]}]},{"@type":"ImageObject","inLanguage":"it-IT","@id":"https:\/\/news.save.ch\/rega-testet-hinderniswarnsystem\/#primaryimage","url":"https:\/\/news.save.ch\/wp-content\/uploads\/2017\/04\/rega.jpg","contentUrl":"https:\/\/news.save.ch\/wp-content\/uploads\/2017\/04\/rega.jpg","width":589,"height":374,"caption":"Pressebild Rega"},{"@type":"BreadcrumbList","@id":"https:\/\/news.save.ch\/rega-testet-hinderniswarnsystem\/#breadcrumb","itemListElement":[{"@type":"ListItem","position":1,"name":"Home","item":"https:\/\/news.save.ch\/de\/"},{"@type":"ListItem","position":2,"name":"Rega testet Hinderniswarnsystem"}]},{"@type":"WebSite","@id":"https:\/\/news.save.ch\/de\/#website","url":"https:\/\/news.save.ch\/de\/","name":"Risparmiare","description":"Rivista svizzera specializzata in sicurezza","publisher":{"@id":"https:\/\/news.save.ch\/de\/#organization"},"potentialAction":[{"@type":"SearchAction","target":{"@type":"EntryPoint","urlTemplate":"https:\/\/news.save.ch\/de\/?s={search_term_string}"},"query-input":{"@type":"PropertyValueSpecification","valueRequired":true,"valueName":"search_term_string"}}],"inLanguage":"it-IT"},{"@type":"Organization","@id":"https:\/\/news.save.ch\/de\/#organization","name":"Forum sulla sicurezza","url":"https:\/\/news.save.ch\/de\/","logo":{"@type":"ImageObject","inLanguage":"it-IT","@id":"https:\/\/news.save.ch\/de\/#\/schema\/logo\/image\/","url":"https:\/\/news.save.ch\/wp-content\/uploads\/2022\/06\/Logo_SF_2012.png","contentUrl":"https:\/\/news.save.ch\/wp-content\/uploads\/2022\/06\/Logo_SF_2012.png","width":1100,"height":91,"caption":"Sicherheitsforum"},"image":{"@id":"https:\/\/news.save.ch\/de\/#\/schema\/logo\/image\/"}},{"@type":"Person","@id":"https:\/\/news.save.ch\/de\/#\/schema\/person\/d5022db048e0e2b9785c50e5b24da5aa","name":"Roger Str\u00e4ssle","image":{"@type":"ImageObject","inLanguage":"it-IT","@id":"https:\/\/secure.gravatar.com\/avatar\/862a5569d087de48e5856e32f45d719a03804c891d6deb8d4f71a660e79e4a47?s=96&d=mm&r=g","url":"https:\/\/secure.gravatar.com\/avatar\/862a5569d087de48e5856e32f45d719a03804c891d6deb8d4f71a660e79e4a47?s=96&d=mm&r=g","contentUrl":"https:\/\/secure.gravatar.com\/avatar\/862a5569d087de48e5856e32f45d719a03804c891d6deb8d4f71a660e79e4a47?s=96&d=mm&r=g","caption":"Roger Str\u00e4ssle"},"url":"https:\/\/news.save.ch\/it\/author\/roger-straessle\/"}]}},"_links":{"self":[{"href":"https:\/\/news.save.ch\/it\/wp-json\/wp\/v2\/posts\/4643","targetHints":{"allow":["GET"]}}],"collection":[{"href":"https:\/\/news.save.ch\/it\/wp-json\/wp\/v2\/posts"}],"about":[{"href":"https:\/\/news.save.ch\/it\/wp-json\/wp\/v2\/types\/post"}],"author":[{"embeddable":true,"href":"https:\/\/news.save.ch\/it\/wp-json\/wp\/v2\/users\/8"}],"replies":[{"embeddable":true,"href":"https:\/\/news.save.ch\/it\/wp-json\/wp\/v2\/comments?post=4643"}],"version-history":[{"count":0,"href":"https:\/\/news.save.ch\/it\/wp-json\/wp\/v2\/posts\/4643\/revisions"}],"wp:featuredmedia":[{"embeddable":true,"href":"https:\/\/news.save.ch\/it\/wp-json\/wp\/v2\/media\/4644"}],"wp:attachment":[{"href":"https:\/\/news.save.ch\/it\/wp-json\/wp\/v2\/media?parent=4643"}],"wp:term":[{"taxonomy":"category","embeddable":true,"href":"https:\/\/news.save.ch\/it\/wp-json\/wp\/v2\/categories?post=4643"},{"taxonomy":"post_tag","embeddable":true,"href":"https:\/\/news.save.ch\/it\/wp-json\/wp\/v2\/tags?post=4643"}],"curies":[{"name":"wp","href":"https:\/\/api.w.org\/{rel}","templated":true}]}}