{"id":465,"date":"2015-06-18T11:30:41","date_gmt":"2015-06-18T09:30:41","guid":{"rendered":"https:\/\/dev.sicherheitsforum.ch\/?p=465"},"modified":"2023-03-14T08:57:38","modified_gmt":"2023-03-14T07:57:38","slug":"es-begann-in-einer-garage","status":null,"type":"post","link":"https:\/\/news.save.ch\/it\/es-begann-in-einer-garage\/","title":{"rendered":"Tutto \u00e8 iniziato in un garage"},"content":{"rendered":"<figure id=\"attachment_466\" aria-describedby=\"caption-attachment-466\" style=\"width: 480px\" class=\"wp-caption alignnone\"><img loading=\"lazy\" decoding=\"async\" class=\"size-full wp-image-466\" src=\"https:\/\/sicherheitsforum.ch\/wp-content\/uploads\/2016\/12\/Es-begann-in-einer-Garage_Frank_Studerus-it-security.jpg\" alt=\"Frank Studerus\" width=\"480\" height=\"377\" srcset=\"https:\/\/news.save.ch\/wp-content\/uploads\/2016\/12\/Es-begann-in-einer-Garage_Frank_Studerus-it-security.jpg 480w, https:\/\/news.save.ch\/wp-content\/uploads\/2016\/12\/Es-begann-in-einer-Garage_Frank_Studerus-it-security-375x295.jpg 375w\" sizes=\"auto, (max-width: 480px) 100vw, 480px\" \/><figcaption id=\"caption-attachment-466\" class=\"wp-caption-text\">Frank Studerus<\/figcaption><\/figure>\n<p>Con ZyXEL e altri marchi internazionali, la <a title=\"Collegamento a Studerus\" href=\"https:\/\/www.studerus.ch\" target=\"_blank\" data-cke-saved-href=\"https:\/\/www.studerus.ch\" rel=\"noopener\">Impresa<\/a> a Schwerzenbach ZH rapidamente. Frank Studerus non avrebbe mai sognato di avere successo cos\u00ec rapidamente alla giovane et\u00e0 di 18 anni, ma ora sa che tutto \u00e8 possibile nel settore IT e che ci si pu\u00f2 posizionare bene indipendentemente dall'et\u00e0 e dall'esperienza. \"Il bello del settore IT \u00e8 che non si viene giudicati in base ai pregiudizi, ma in base alle prestazioni\", spiega Studerus.<\/p>\n<p>Un'importante pietra miliare per il successo dell'azienda \u00e8 l'investimento in un'assistenza locale di alta qualit\u00e0 e in vari servizi per supportare i rivenditori specializzati e i clienti finali anche dopo l'acquisto, afferma l'azienda informatica. Il Technology Forum, lanciato da Studerus AG nel 2010, \u00e8 oggi uno dei pi\u00f9 importanti eventi ICT annuali svizzeri (prossima data: 19 novembre 2015).<\/p>\n<p>Studerus vede i prossimi anni come una grande sfida, poich\u00e9 il mercato IT sta diventando sempre pi\u00f9 competitivo ed \u00e8 necessario essere agili ed efficienti come azienda. Tuttavia, la crescente necessit\u00e0 di servizi tecnici mostra un nuovo potenziale di mercato. \"Molti dei nostri partner non hanno il tempo e il know-how per configurare e mantenere le loro apparecchiature. In futuro vorremmo quindi agire sempre pi\u00f9 come ingegneri di sistema per i nostri partner\", aggiunge Studerus.<\/p>\n<blockquote>\n<p>\"In futuro vorremmo lavorare di pi\u00f9 come ingegneri di sistema\".<\/p>\n<\/blockquote>","protected":false},"excerpt":{"rendered":"<p>Mit ZyXEL und weiteren internationalen Brands entwickelte sich die Unternehmung in Schwerzenbach ZH rasch. Frank Studerus h\u00e4tte sich selbst nie ertr\u00e4umen lassen, mit seinen jugendlichen 18 Jahren bereits so schnell erfolgreich zu sein, doch nun weiss er, dass in der IT-Branche alles m\u00f6glich ist und man sich unabh\u00e4ngig von Alter und Erfahrung gut positionieren kann. [&hellip;]<\/p>\n","protected":false},"author":1,"featured_media":466,"comment_status":"open","ping_status":"open","sticky":false,"template":"","format":"standard","meta":{"_acf_changed":false,"pgc_sgb_lightbox_settings":"","footnotes":""},"categories":[3313],"tags":[62,63],"class_list":["post-465","post","type-post","status-publish","format-standard","has-post-thumbnail","hentry","category-digitalisierung","tag-ict-sicherheit","tag-it-security"],"acf":[],"hkrextid":null,"publication":null,"issue":null,"workflow":null,"startPage":null,"spitzmarke":null,"_posts_by_tag_page_fields":{"widget_title":"","widget_tags":""},"_at_widget":"1","_yoast_wpseo_primary_category":"2","_yoast_wpseo_focuskw_text_input":"Studerus","_yoast_wpseo_opengraph-image":"https:\/\/sicherheitsforum.ch\/wp-content\/uploads\/2016\/12\/Es-begann-in-einer-Garage_Frank_Studerus-it-security.jpg","_yoast_wpseo_opengraph-description":"Vor 25 Jahren legte Frank Studerus, der Managing Director der Studerus AG, in einer Garage in Meilen ZH den Grundstein f\u00fcr das IT-Unternehmen.","_yoast_wpseo_opengraph-title":"Es begann in einer Garage","enclosure":null,"_yoast_wpseo_twitter-title":null,"_yoast_wpseo_twitter-description":null,"_yoast_wpseo_twitter-image":null,"_wp_old_slug":null,"_yoast_wpseo_title":null,"_yoast_wpseo_canonical":null,"yoast_head":"<!-- This site is optimized with the Yoast SEO plugin v27.4 - https:\/\/yoast.com\/product\/yoast-seo-wordpress\/ -->\n<title>Es begann in einer Garage - Save<\/title>\n<meta name=\"description\" content=\"Vor 25 Jahren legte Frank Studerus, der Managing Director der Studerus AG, in einer Garage in Meilen ZH den Grundstein f\u00fcr das IT-Unternehmen.\" \/>\n<meta name=\"robots\" content=\"index, follow, max-snippet:-1, max-image-preview:large, max-video-preview:-1\" \/>\n<link rel=\"canonical\" href=\"https:\/\/news.save.ch\/it\/es-begann-in-einer-garage\/\" \/>\n<meta property=\"og:locale\" content=\"it_IT\" \/>\n<meta property=\"og:type\" content=\"article\" \/>\n<meta property=\"og:title\" content=\"Es begann in einer Garage\" \/>\n<meta property=\"og:description\" content=\"Vor 25 Jahren legte Frank Studerus, der Managing Director der Studerus AG, in einer Garage in Meilen ZH den Grundstein f\u00fcr das IT-Unternehmen.\" \/>\n<meta property=\"og:url\" content=\"https:\/\/news.save.ch\/it\/es-begann-in-einer-garage\/\" \/>\n<meta property=\"og:site_name\" content=\"Save\" \/>\n<meta property=\"article:published_time\" content=\"2015-06-18T09:30:41+00:00\" \/>\n<meta property=\"article:modified_time\" content=\"2023-03-14T07:57:38+00:00\" \/>\n<meta property=\"og:image\" content=\"https:\/\/sicherheitsforum.ch\/wp-content\/uploads\/2016\/12\/Es-begann-in-einer-Garage_Frank_Studerus-it-security.jpg\" \/>\n<meta name=\"author\" content=\"admin\" \/>\n<meta name=\"twitter:card\" content=\"summary_large_image\" \/>\n<meta name=\"twitter:label1\" content=\"Scritto da\" \/>\n\t<meta name=\"twitter:data1\" content=\"admin\" \/>\n\t<meta name=\"twitter:label2\" content=\"Tempo di lettura stimato\" \/>\n\t<meta name=\"twitter:data2\" content=\"1 minuto\" \/>\n<script type=\"application\/ld+json\" class=\"yoast-schema-graph\">{\"@context\":\"https:\\\/\\\/schema.org\",\"@graph\":[{\"@type\":\"Article\",\"@id\":\"https:\\\/\\\/news.save.ch\\\/es-begann-in-einer-garage\\\/#article\",\"isPartOf\":{\"@id\":\"https:\\\/\\\/news.save.ch\\\/es-begann-in-einer-garage\\\/\"},\"author\":{\"name\":\"admin\",\"@id\":\"https:\\\/\\\/news.save.ch\\\/de\\\/#\\\/schema\\\/person\\\/d49e199490bad7c70d64b9ab51142f2b\"},\"headline\":\"Es begann in einer Garage\",\"datePublished\":\"2015-06-18T09:30:41+00:00\",\"dateModified\":\"2023-03-14T07:57:38+00:00\",\"mainEntityOfPage\":{\"@id\":\"https:\\\/\\\/news.save.ch\\\/es-begann-in-einer-garage\\\/\"},\"wordCount\":244,\"commentCount\":0,\"publisher\":{\"@id\":\"https:\\\/\\\/news.save.ch\\\/de\\\/#organization\"},\"image\":{\"@id\":\"https:\\\/\\\/news.save.ch\\\/es-begann-in-einer-garage\\\/#primaryimage\"},\"thumbnailUrl\":\"https:\\\/\\\/news.save.ch\\\/wp-content\\\/uploads\\\/2016\\\/12\\\/Es-begann-in-einer-Garage_Frank_Studerus-it-security.jpg\",\"keywords\":[\"ICT-Sicherheit\",\"IT-SECURITY\"],\"articleSection\":[\"DIGITALISIERUNG\"],\"inLanguage\":\"it-IT\"},{\"@type\":\"WebPage\",\"@id\":\"https:\\\/\\\/news.save.ch\\\/es-begann-in-einer-garage\\\/\",\"url\":\"https:\\\/\\\/news.save.ch\\\/es-begann-in-einer-garage\\\/\",\"name\":\"Es begann in einer Garage - Save\",\"isPartOf\":{\"@id\":\"https:\\\/\\\/news.save.ch\\\/de\\\/#website\"},\"primaryImageOfPage\":{\"@id\":\"https:\\\/\\\/news.save.ch\\\/es-begann-in-einer-garage\\\/#primaryimage\"},\"image\":{\"@id\":\"https:\\\/\\\/news.save.ch\\\/es-begann-in-einer-garage\\\/#primaryimage\"},\"thumbnailUrl\":\"https:\\\/\\\/news.save.ch\\\/wp-content\\\/uploads\\\/2016\\\/12\\\/Es-begann-in-einer-Garage_Frank_Studerus-it-security.jpg\",\"datePublished\":\"2015-06-18T09:30:41+00:00\",\"dateModified\":\"2023-03-14T07:57:38+00:00\",\"description\":\"Vor 25 Jahren legte Frank Studerus, der Managing Director der Studerus AG, in einer Garage in Meilen ZH den Grundstein f\u00fcr das IT-Unternehmen.\",\"breadcrumb\":{\"@id\":\"https:\\\/\\\/news.save.ch\\\/es-begann-in-einer-garage\\\/#breadcrumb\"},\"inLanguage\":\"it-IT\",\"potentialAction\":[{\"@type\":\"ReadAction\",\"target\":[\"https:\\\/\\\/news.save.ch\\\/es-begann-in-einer-garage\\\/\"]}]},{\"@type\":\"ImageObject\",\"inLanguage\":\"it-IT\",\"@id\":\"https:\\\/\\\/news.save.ch\\\/es-begann-in-einer-garage\\\/#primaryimage\",\"url\":\"https:\\\/\\\/news.save.ch\\\/wp-content\\\/uploads\\\/2016\\\/12\\\/Es-begann-in-einer-Garage_Frank_Studerus-it-security.jpg\",\"contentUrl\":\"https:\\\/\\\/news.save.ch\\\/wp-content\\\/uploads\\\/2016\\\/12\\\/Es-begann-in-einer-Garage_Frank_Studerus-it-security.jpg\",\"width\":480,\"height\":377,\"caption\":\"Frank Studerus\"},{\"@type\":\"BreadcrumbList\",\"@id\":\"https:\\\/\\\/news.save.ch\\\/es-begann-in-einer-garage\\\/#breadcrumb\",\"itemListElement\":[{\"@type\":\"ListItem\",\"position\":1,\"name\":\"Home\",\"item\":\"https:\\\/\\\/news.save.ch\\\/de\\\/\"},{\"@type\":\"ListItem\",\"position\":2,\"name\":\"Es begann in einer Garage\"}]},{\"@type\":\"WebSite\",\"@id\":\"https:\\\/\\\/news.save.ch\\\/de\\\/#website\",\"url\":\"https:\\\/\\\/news.save.ch\\\/de\\\/\",\"name\":\"Save\",\"description\":\"Schweizer Fachzeitschrift f\u00fcr Sicherheit\",\"publisher\":{\"@id\":\"https:\\\/\\\/news.save.ch\\\/de\\\/#organization\"},\"potentialAction\":[{\"@type\":\"SearchAction\",\"target\":{\"@type\":\"EntryPoint\",\"urlTemplate\":\"https:\\\/\\\/news.save.ch\\\/de\\\/?s={search_term_string}\"},\"query-input\":{\"@type\":\"PropertyValueSpecification\",\"valueRequired\":true,\"valueName\":\"search_term_string\"}}],\"inLanguage\":\"it-IT\"},{\"@type\":\"Organization\",\"@id\":\"https:\\\/\\\/news.save.ch\\\/de\\\/#organization\",\"name\":\"Sicherheitsforum\",\"url\":\"https:\\\/\\\/news.save.ch\\\/de\\\/\",\"logo\":{\"@type\":\"ImageObject\",\"inLanguage\":\"it-IT\",\"@id\":\"https:\\\/\\\/news.save.ch\\\/de\\\/#\\\/schema\\\/logo\\\/image\\\/\",\"url\":\"https:\\\/\\\/news.save.ch\\\/wp-content\\\/uploads\\\/2022\\\/06\\\/Logo_SF_2012.png\",\"contentUrl\":\"https:\\\/\\\/news.save.ch\\\/wp-content\\\/uploads\\\/2022\\\/06\\\/Logo_SF_2012.png\",\"width\":1100,\"height\":91,\"caption\":\"Sicherheitsforum\"},\"image\":{\"@id\":\"https:\\\/\\\/news.save.ch\\\/de\\\/#\\\/schema\\\/logo\\\/image\\\/\"}},{\"@type\":\"Person\",\"@id\":\"https:\\\/\\\/news.save.ch\\\/de\\\/#\\\/schema\\\/person\\\/d49e199490bad7c70d64b9ab51142f2b\",\"name\":\"admin\",\"image\":{\"@type\":\"ImageObject\",\"inLanguage\":\"it-IT\",\"@id\":\"https:\\\/\\\/secure.gravatar.com\\\/avatar\\\/ae2f4d718e6c49043e314ce431e7e645d646302a24a5ef5a8bc8e3f5a032e319?s=96&d=mm&r=g\",\"url\":\"https:\\\/\\\/secure.gravatar.com\\\/avatar\\\/ae2f4d718e6c49043e314ce431e7e645d646302a24a5ef5a8bc8e3f5a032e319?s=96&d=mm&r=g\",\"contentUrl\":\"https:\\\/\\\/secure.gravatar.com\\\/avatar\\\/ae2f4d718e6c49043e314ce431e7e645d646302a24a5ef5a8bc8e3f5a032e319?s=96&d=mm&r=g\",\"caption\":\"admin\"},\"sameAs\":[\"https:\\\/\\\/develop.organisator.galledia.ch\"],\"url\":\"https:\\\/\\\/news.save.ch\\\/it\\\/author\\\/admin\\\/\"}]}<\/script>\n<!-- \/ Yoast SEO plugin. -->","yoast_head_json":{"title":"Tutto \u00e8 iniziato in un garage - Save","description":"25 anni fa, Frank Studerus, amministratore delegato di Studerus AG, pose la prima pietra dell'azienda informatica in un garage di Meilen ZH.","robots":{"index":"index","follow":"follow","max-snippet":"max-snippet:-1","max-image-preview":"max-image-preview:large","max-video-preview":"max-video-preview:-1"},"canonical":"https:\/\/news.save.ch\/it\/es-begann-in-einer-garage\/","og_locale":"it_IT","og_type":"article","og_title":"Es begann in einer Garage","og_description":"Vor 25 Jahren legte Frank Studerus, der Managing Director der Studerus AG, in einer Garage in Meilen ZH den Grundstein f\u00fcr das IT-Unternehmen.","og_url":"https:\/\/news.save.ch\/it\/es-begann-in-einer-garage\/","og_site_name":"Save","article_published_time":"2015-06-18T09:30:41+00:00","article_modified_time":"2023-03-14T07:57:38+00:00","og_image":[{"url":"https:\/\/sicherheitsforum.ch\/wp-content\/uploads\/2016\/12\/Es-begann-in-einer-Garage_Frank_Studerus-it-security.jpg","type":"","width":"","height":""}],"author":"admin","twitter_card":"summary_large_image","twitter_misc":{"Scritto da":"admin","Tempo di lettura stimato":"1 minuto"},"schema":{"@context":"https:\/\/schema.org","@graph":[{"@type":"Article","@id":"https:\/\/news.save.ch\/es-begann-in-einer-garage\/#article","isPartOf":{"@id":"https:\/\/news.save.ch\/es-begann-in-einer-garage\/"},"author":{"name":"admin","@id":"https:\/\/news.save.ch\/de\/#\/schema\/person\/d49e199490bad7c70d64b9ab51142f2b"},"headline":"Es begann in einer Garage","datePublished":"2015-06-18T09:30:41+00:00","dateModified":"2023-03-14T07:57:38+00:00","mainEntityOfPage":{"@id":"https:\/\/news.save.ch\/es-begann-in-einer-garage\/"},"wordCount":244,"commentCount":0,"publisher":{"@id":"https:\/\/news.save.ch\/de\/#organization"},"image":{"@id":"https:\/\/news.save.ch\/es-begann-in-einer-garage\/#primaryimage"},"thumbnailUrl":"https:\/\/news.save.ch\/wp-content\/uploads\/2016\/12\/Es-begann-in-einer-Garage_Frank_Studerus-it-security.jpg","keywords":["ICT-Sicherheit","IT-SECURITY"],"articleSection":["DIGITALISIERUNG"],"inLanguage":"it-IT"},{"@type":"WebPage","@id":"https:\/\/news.save.ch\/es-begann-in-einer-garage\/","url":"https:\/\/news.save.ch\/es-begann-in-einer-garage\/","name":"Tutto \u00e8 iniziato in un garage - Save","isPartOf":{"@id":"https:\/\/news.save.ch\/de\/#website"},"primaryImageOfPage":{"@id":"https:\/\/news.save.ch\/es-begann-in-einer-garage\/#primaryimage"},"image":{"@id":"https:\/\/news.save.ch\/es-begann-in-einer-garage\/#primaryimage"},"thumbnailUrl":"https:\/\/news.save.ch\/wp-content\/uploads\/2016\/12\/Es-begann-in-einer-Garage_Frank_Studerus-it-security.jpg","datePublished":"2015-06-18T09:30:41+00:00","dateModified":"2023-03-14T07:57:38+00:00","description":"25 anni fa, Frank Studerus, amministratore delegato di Studerus AG, pose la prima pietra dell'azienda informatica in un garage di Meilen ZH.","breadcrumb":{"@id":"https:\/\/news.save.ch\/es-begann-in-einer-garage\/#breadcrumb"},"inLanguage":"it-IT","potentialAction":[{"@type":"ReadAction","target":["https:\/\/news.save.ch\/es-begann-in-einer-garage\/"]}]},{"@type":"ImageObject","inLanguage":"it-IT","@id":"https:\/\/news.save.ch\/es-begann-in-einer-garage\/#primaryimage","url":"https:\/\/news.save.ch\/wp-content\/uploads\/2016\/12\/Es-begann-in-einer-Garage_Frank_Studerus-it-security.jpg","contentUrl":"https:\/\/news.save.ch\/wp-content\/uploads\/2016\/12\/Es-begann-in-einer-Garage_Frank_Studerus-it-security.jpg","width":480,"height":377,"caption":"Frank Studerus"},{"@type":"BreadcrumbList","@id":"https:\/\/news.save.ch\/es-begann-in-einer-garage\/#breadcrumb","itemListElement":[{"@type":"ListItem","position":1,"name":"Home","item":"https:\/\/news.save.ch\/de\/"},{"@type":"ListItem","position":2,"name":"Es begann in einer Garage"}]},{"@type":"WebSite","@id":"https:\/\/news.save.ch\/de\/#website","url":"https:\/\/news.save.ch\/de\/","name":"Risparmiare","description":"Rivista svizzera specializzata in sicurezza","publisher":{"@id":"https:\/\/news.save.ch\/de\/#organization"},"potentialAction":[{"@type":"SearchAction","target":{"@type":"EntryPoint","urlTemplate":"https:\/\/news.save.ch\/de\/?s={search_term_string}"},"query-input":{"@type":"PropertyValueSpecification","valueRequired":true,"valueName":"search_term_string"}}],"inLanguage":"it-IT"},{"@type":"Organization","@id":"https:\/\/news.save.ch\/de\/#organization","name":"Forum sulla sicurezza","url":"https:\/\/news.save.ch\/de\/","logo":{"@type":"ImageObject","inLanguage":"it-IT","@id":"https:\/\/news.save.ch\/de\/#\/schema\/logo\/image\/","url":"https:\/\/news.save.ch\/wp-content\/uploads\/2022\/06\/Logo_SF_2012.png","contentUrl":"https:\/\/news.save.ch\/wp-content\/uploads\/2022\/06\/Logo_SF_2012.png","width":1100,"height":91,"caption":"Sicherheitsforum"},"image":{"@id":"https:\/\/news.save.ch\/de\/#\/schema\/logo\/image\/"}},{"@type":"Person","@id":"https:\/\/news.save.ch\/de\/#\/schema\/person\/d49e199490bad7c70d64b9ab51142f2b","name":"amministratore","image":{"@type":"ImageObject","inLanguage":"it-IT","@id":"https:\/\/secure.gravatar.com\/avatar\/ae2f4d718e6c49043e314ce431e7e645d646302a24a5ef5a8bc8e3f5a032e319?s=96&d=mm&r=g","url":"https:\/\/secure.gravatar.com\/avatar\/ae2f4d718e6c49043e314ce431e7e645d646302a24a5ef5a8bc8e3f5a032e319?s=96&d=mm&r=g","contentUrl":"https:\/\/secure.gravatar.com\/avatar\/ae2f4d718e6c49043e314ce431e7e645d646302a24a5ef5a8bc8e3f5a032e319?s=96&d=mm&r=g","caption":"admin"},"sameAs":["https:\/\/develop.organisator.galledia.ch"],"url":"https:\/\/news.save.ch\/it\/author\/admin\/"}]}},"_links":{"self":[{"href":"https:\/\/news.save.ch\/it\/wp-json\/wp\/v2\/posts\/465","targetHints":{"allow":["GET"]}}],"collection":[{"href":"https:\/\/news.save.ch\/it\/wp-json\/wp\/v2\/posts"}],"about":[{"href":"https:\/\/news.save.ch\/it\/wp-json\/wp\/v2\/types\/post"}],"author":[{"embeddable":true,"href":"https:\/\/news.save.ch\/it\/wp-json\/wp\/v2\/users\/1"}],"replies":[{"embeddable":true,"href":"https:\/\/news.save.ch\/it\/wp-json\/wp\/v2\/comments?post=465"}],"version-history":[{"count":1,"href":"https:\/\/news.save.ch\/it\/wp-json\/wp\/v2\/posts\/465\/revisions"}],"predecessor-version":[{"id":17774,"href":"https:\/\/news.save.ch\/it\/wp-json\/wp\/v2\/posts\/465\/revisions\/17774"}],"wp:featuredmedia":[{"embeddable":true,"href":"https:\/\/news.save.ch\/it\/wp-json\/wp\/v2\/media\/466"}],"wp:attachment":[{"href":"https:\/\/news.save.ch\/it\/wp-json\/wp\/v2\/media?parent=465"}],"wp:term":[{"taxonomy":"category","embeddable":true,"href":"https:\/\/news.save.ch\/it\/wp-json\/wp\/v2\/categories?post=465"},{"taxonomy":"post_tag","embeddable":true,"href":"https:\/\/news.save.ch\/it\/wp-json\/wp\/v2\/tags?post=465"}],"curies":[{"name":"wp","href":"https:\/\/api.w.org\/{rel}","templated":true}]}}