{"id":4700,"date":"2017-04-21T09:31:11","date_gmt":"2017-04-21T07:31:11","guid":{"rendered":"https:\/\/news.save.ch\/?p=4700"},"modified":"2023-03-14T08:57:05","modified_gmt":"2023-03-14T07:57:05","slug":"internet-der-dinge-sicherheitsaspekte-werden-ignoriert","status":null,"type":"post","link":"https:\/\/news.save.ch\/it\/internet-der-dinge-sicherheitsaspekte-werden-ignoriert\/","title":{"rendered":"Internet delle cose: gli aspetti di sicurezza sono ignorati"},"content":{"rendered":"<figure id=\"attachment_4702\" aria-describedby=\"caption-attachment-4702\" style=\"width: 680px\" class=\"wp-caption aligncenter\"><img loading=\"lazy\" decoding=\"async\" class=\"size-medium wp-image-4702\" src=\"https:\/\/news.save.ch\/wp-content\/uploads\/2017\/04\/Depositphotos_IoT.jpg\" alt=\"\" width=\"680\" height=\"437\" \/><figcaption id=\"caption-attachment-4702\" class=\"wp-caption-text\">\u00a9 depositphotos<\/figcaption><\/figure>\n<p>Secondo le stime, nel 2016 c'erano gi\u00e0 pi\u00f9 di 6 miliardi di dispositivi Internet of Things connessi a Internet. Entro il 2020, questa cifra dovrebbe salire a circa 20 miliardi. Dai cosiddetti \"wearables\", applicazioni indossate sul corpo o cucite nei vestiti, come gli smartwatch o i fitness tracker, alle auto a guida autonoma e ai sistemi di controllo per grandi complessi edilizi, tutto \u00e8 connesso a Internet. Tuttavia, i produttori e gli utenti spesso prestano troppa poca attenzione agli aspetti della sicurezza. La recente pubblicazione <a href=\"https:\/\/www.melani.admin.ch\/melani\/de\/home\/dokumentation\/berichte\/lageberichte\/halbjahresbericht-2016-2.html\">24. relazione semestrale<\/a> del Centro di analisi e reporting per la sicurezza dell'informazione (Melani) evidenzia i problemi e formula raccomandazioni per l'uso sicuro dell'Internet degli oggetti.<\/p>\n<p><strong>La Svizzera come bersaglio indiretto del cyberspionaggio<\/strong><\/p>\n<p>Nella seconda met\u00e0 del 2016 sono state rese pubbliche campagne di cyberspionaggio che hanno un collegamento con la Svizzera, ma in cui il nostro Paese non era l'obiettivo effettivo di queste operazioni. Tra gli altri, l'Agenzia mondiale antidoping e la Corte internazionale di giustizia per lo sport sono stati al centro dell'attenzione, e quindi indirettamente anche la Svizzera, dato che quest'ultima ha sede a Losanna. Nel caso dell'Agenzia mondiale antidoping, l'obiettivo ovvio erano i dati antidoping di alcuni atleti di tutto il mondo. In un altro attacco, che risale a qualche tempo fa ma che \u00e8 stato reso noto solo ora grazie alla pubblicazione del gruppo \"Shadow Brokers\", sono stati colpiti tre server dell'Universit\u00e0 di Ginevra. Il rapporto semestrale fa luce su questi attacchi e indica i motivi per cui anche la Svizzera pu\u00f2 diventare un obiettivo indiretto dello spionaggio informatico.<\/p>\n<p><strong>Continui tentativi di frode e attacchi estorsivi\u00a0<\/strong><\/p>\n<p>Nella seconda met\u00e0 del 2016, Melani ha osservato anche numerosi casi di tentativi di frode informatica, in cui soprattutto le aziende possono perdere molto denaro. Anche gli attacchi DDoS e i trojan di crittografia sono ancora molto popolari tra gli aggressori per estorcere denaro alle vittime. Il presente rapporto affronta questo argomento, descrive alcuni incidenti e contiene raccomandazioni per la protezione contro tali attacchi.<\/p>\n<p><em>Comunicato stampa Centro di analisi e reporting per la sicurezza dell'informazione<\/em><\/p>","protected":false},"excerpt":{"rendered":"<p>Sch\u00e4tzungen zufolge waren 2016 bereits \u00fcber 6 Milliarden Ger\u00e4te ans Internet angeschlossen, die dem Internet der Dinge zuzuordnen sind. Bis ins Jahr 2020 sollen es rund 20 Milliarden sein. Von sogenannten \u00abWearables\u00bb, am K\u00f6rper getragene oder in Kleider eingen\u00e4hte Anwendungen wie beispielsweise Smartwatches oder Fitnesstracker, \u00fcber selbstfahrende Autos bis hin zu Steuerungsanlagen grosser Geb\u00e4udekomplexe wird [&hellip;]<\/p>\n","protected":false},"author":8,"featured_media":4702,"comment_status":"open","ping_status":"open","sticky":false,"template":"","format":"standard","meta":{"_acf_changed":false,"pgc_sgb_lightbox_settings":"","footnotes":""},"categories":[3313],"tags":[96,62],"class_list":["post-4700","post","type-post","status-publish","format-standard","has-post-thumbnail","hentry","category-digitalisierung","tag-cyber-crime","tag-ict-sicherheit"],"acf":[],"hkrextid":null,"publication":null,"issue":null,"workflow":null,"startPage":null,"spitzmarke":null,"_posts_by_tag_page_fields":{"widget_title":"","widget_tags":""},"_at_widget":"1","_yoast_wpseo_primary_category":"2","_yoast_wpseo_focuskw_text_input":"Halbjahresbericht","_yoast_wpseo_opengraph-image":null,"_yoast_wpseo_opengraph-description":null,"_yoast_wpseo_opengraph-title":null,"enclosure":null,"_yoast_wpseo_twitter-title":null,"_yoast_wpseo_twitter-description":null,"_yoast_wpseo_twitter-image":null,"_wp_old_slug":null,"_yoast_wpseo_title":null,"_yoast_wpseo_canonical":null,"yoast_head":"<!-- This site is optimized with the Yoast SEO plugin v27.5 - https:\/\/yoast.com\/product\/yoast-seo-wordpress\/ -->\n<title>Internet der Dinge: Sicherheitsaspekte werden ignoriert - Save<\/title>\n<meta name=\"description\" content=\"Die Melde- und Analysestelle Informationssicherung hat soeben dern 24. Halbjahresbericht ver\u00f6ffentlicht und greift darin das Thema Internet der Dinge auf.\" \/>\n<meta name=\"robots\" content=\"index, follow, max-snippet:-1, max-image-preview:large, max-video-preview:-1\" \/>\n<link rel=\"canonical\" href=\"https:\/\/news.save.ch\/it\/internet-der-dinge-sicherheitsaspekte-werden-ignoriert\/\" \/>\n<meta property=\"og:locale\" content=\"it_IT\" \/>\n<meta property=\"og:type\" content=\"article\" \/>\n<meta property=\"og:title\" content=\"Internet der Dinge: Sicherheitsaspekte werden ignoriert - Save\" \/>\n<meta property=\"og:description\" content=\"Die Melde- und Analysestelle Informationssicherung hat soeben dern 24. Halbjahresbericht ver\u00f6ffentlicht und greift darin das Thema Internet der Dinge auf.\" \/>\n<meta property=\"og:url\" content=\"https:\/\/news.save.ch\/it\/internet-der-dinge-sicherheitsaspekte-werden-ignoriert\/\" \/>\n<meta property=\"og:site_name\" content=\"Save\" \/>\n<meta property=\"article:published_time\" content=\"2017-04-21T07:31:11+00:00\" \/>\n<meta property=\"article:modified_time\" content=\"2023-03-14T07:57:05+00:00\" \/>\n<meta property=\"og:image\" content=\"https:\/\/news.save.ch\/wp-content\/uploads\/2017\/04\/Depositphotos_IoT-scaled.jpg\" \/>\n\t<meta property=\"og:image:width\" content=\"1400\" \/>\n\t<meta property=\"og:image:height\" content=\"899\" \/>\n\t<meta property=\"og:image:type\" content=\"image\/jpeg\" \/>\n<meta name=\"author\" content=\"Roger Str\u00e4ssle\" \/>\n<meta name=\"twitter:card\" content=\"summary_large_image\" \/>\n<meta name=\"twitter:label1\" content=\"Scritto da\" \/>\n\t<meta name=\"twitter:data1\" content=\"Roger Str\u00e4ssle\" \/>\n\t<meta name=\"twitter:label2\" content=\"Tempo di lettura stimato\" \/>\n\t<meta name=\"twitter:data2\" content=\"2 minuti\" \/>\n<script type=\"application\/ld+json\" class=\"yoast-schema-graph\">{\"@context\":\"https:\\\/\\\/schema.org\",\"@graph\":[{\"@type\":\"Article\",\"@id\":\"https:\\\/\\\/news.save.ch\\\/internet-der-dinge-sicherheitsaspekte-werden-ignoriert\\\/#article\",\"isPartOf\":{\"@id\":\"https:\\\/\\\/news.save.ch\\\/internet-der-dinge-sicherheitsaspekte-werden-ignoriert\\\/\"},\"author\":{\"name\":\"Roger Str\u00e4ssle\",\"@id\":\"https:\\\/\\\/news.save.ch\\\/de\\\/#\\\/schema\\\/person\\\/d5022db048e0e2b9785c50e5b24da5aa\"},\"headline\":\"Internet der Dinge: Sicherheitsaspekte werden ignoriert\",\"datePublished\":\"2017-04-21T07:31:11+00:00\",\"dateModified\":\"2023-03-14T07:57:05+00:00\",\"mainEntityOfPage\":{\"@id\":\"https:\\\/\\\/news.save.ch\\\/internet-der-dinge-sicherheitsaspekte-werden-ignoriert\\\/\"},\"wordCount\":316,\"commentCount\":0,\"publisher\":{\"@id\":\"https:\\\/\\\/news.save.ch\\\/de\\\/#organization\"},\"image\":{\"@id\":\"https:\\\/\\\/news.save.ch\\\/internet-der-dinge-sicherheitsaspekte-werden-ignoriert\\\/#primaryimage\"},\"thumbnailUrl\":\"https:\\\/\\\/news.save.ch\\\/wp-content\\\/uploads\\\/2017\\\/04\\\/Depositphotos_IoT-scaled.jpg\",\"keywords\":[\"Cyber-Crime\",\"ICT-Sicherheit\"],\"articleSection\":[\"DIGITALISIERUNG\"],\"inLanguage\":\"it-IT\"},{\"@type\":\"WebPage\",\"@id\":\"https:\\\/\\\/news.save.ch\\\/internet-der-dinge-sicherheitsaspekte-werden-ignoriert\\\/\",\"url\":\"https:\\\/\\\/news.save.ch\\\/internet-der-dinge-sicherheitsaspekte-werden-ignoriert\\\/\",\"name\":\"Internet der Dinge: Sicherheitsaspekte werden ignoriert - Save\",\"isPartOf\":{\"@id\":\"https:\\\/\\\/news.save.ch\\\/de\\\/#website\"},\"primaryImageOfPage\":{\"@id\":\"https:\\\/\\\/news.save.ch\\\/internet-der-dinge-sicherheitsaspekte-werden-ignoriert\\\/#primaryimage\"},\"image\":{\"@id\":\"https:\\\/\\\/news.save.ch\\\/internet-der-dinge-sicherheitsaspekte-werden-ignoriert\\\/#primaryimage\"},\"thumbnailUrl\":\"https:\\\/\\\/news.save.ch\\\/wp-content\\\/uploads\\\/2017\\\/04\\\/Depositphotos_IoT-scaled.jpg\",\"datePublished\":\"2017-04-21T07:31:11+00:00\",\"dateModified\":\"2023-03-14T07:57:05+00:00\",\"description\":\"Die Melde- und Analysestelle Informationssicherung hat soeben dern 24. Halbjahresbericht ver\u00f6ffentlicht und greift darin das Thema Internet der Dinge auf.\",\"breadcrumb\":{\"@id\":\"https:\\\/\\\/news.save.ch\\\/internet-der-dinge-sicherheitsaspekte-werden-ignoriert\\\/#breadcrumb\"},\"inLanguage\":\"it-IT\",\"potentialAction\":[{\"@type\":\"ReadAction\",\"target\":[\"https:\\\/\\\/news.save.ch\\\/internet-der-dinge-sicherheitsaspekte-werden-ignoriert\\\/\"]}]},{\"@type\":\"ImageObject\",\"inLanguage\":\"it-IT\",\"@id\":\"https:\\\/\\\/news.save.ch\\\/internet-der-dinge-sicherheitsaspekte-werden-ignoriert\\\/#primaryimage\",\"url\":\"https:\\\/\\\/news.save.ch\\\/wp-content\\\/uploads\\\/2017\\\/04\\\/Depositphotos_IoT-scaled.jpg\",\"contentUrl\":\"https:\\\/\\\/news.save.ch\\\/wp-content\\\/uploads\\\/2017\\\/04\\\/Depositphotos_IoT-scaled.jpg\",\"width\":1400,\"height\":899,\"caption\":\"\u00a9 depositphotos\"},{\"@type\":\"BreadcrumbList\",\"@id\":\"https:\\\/\\\/news.save.ch\\\/internet-der-dinge-sicherheitsaspekte-werden-ignoriert\\\/#breadcrumb\",\"itemListElement\":[{\"@type\":\"ListItem\",\"position\":1,\"name\":\"Home\",\"item\":\"https:\\\/\\\/news.save.ch\\\/de\\\/\"},{\"@type\":\"ListItem\",\"position\":2,\"name\":\"Internet der Dinge: Sicherheitsaspekte werden ignoriert\"}]},{\"@type\":\"WebSite\",\"@id\":\"https:\\\/\\\/news.save.ch\\\/de\\\/#website\",\"url\":\"https:\\\/\\\/news.save.ch\\\/de\\\/\",\"name\":\"Save\",\"description\":\"Schweizer Fachzeitschrift f\u00fcr Sicherheit\",\"publisher\":{\"@id\":\"https:\\\/\\\/news.save.ch\\\/de\\\/#organization\"},\"potentialAction\":[{\"@type\":\"SearchAction\",\"target\":{\"@type\":\"EntryPoint\",\"urlTemplate\":\"https:\\\/\\\/news.save.ch\\\/de\\\/?s={search_term_string}\"},\"query-input\":{\"@type\":\"PropertyValueSpecification\",\"valueRequired\":true,\"valueName\":\"search_term_string\"}}],\"inLanguage\":\"it-IT\"},{\"@type\":\"Organization\",\"@id\":\"https:\\\/\\\/news.save.ch\\\/de\\\/#organization\",\"name\":\"Sicherheitsforum\",\"url\":\"https:\\\/\\\/news.save.ch\\\/de\\\/\",\"logo\":{\"@type\":\"ImageObject\",\"inLanguage\":\"it-IT\",\"@id\":\"https:\\\/\\\/news.save.ch\\\/de\\\/#\\\/schema\\\/logo\\\/image\\\/\",\"url\":\"https:\\\/\\\/news.save.ch\\\/wp-content\\\/uploads\\\/2022\\\/06\\\/Logo_SF_2012.png\",\"contentUrl\":\"https:\\\/\\\/news.save.ch\\\/wp-content\\\/uploads\\\/2022\\\/06\\\/Logo_SF_2012.png\",\"width\":1100,\"height\":91,\"caption\":\"Sicherheitsforum\"},\"image\":{\"@id\":\"https:\\\/\\\/news.save.ch\\\/de\\\/#\\\/schema\\\/logo\\\/image\\\/\"}},{\"@type\":\"Person\",\"@id\":\"https:\\\/\\\/news.save.ch\\\/de\\\/#\\\/schema\\\/person\\\/d5022db048e0e2b9785c50e5b24da5aa\",\"name\":\"Roger Str\u00e4ssle\",\"image\":{\"@type\":\"ImageObject\",\"inLanguage\":\"it-IT\",\"@id\":\"https:\\\/\\\/secure.gravatar.com\\\/avatar\\\/862a5569d087de48e5856e32f45d719a03804c891d6deb8d4f71a660e79e4a47?s=96&d=mm&r=g\",\"url\":\"https:\\\/\\\/secure.gravatar.com\\\/avatar\\\/862a5569d087de48e5856e32f45d719a03804c891d6deb8d4f71a660e79e4a47?s=96&d=mm&r=g\",\"contentUrl\":\"https:\\\/\\\/secure.gravatar.com\\\/avatar\\\/862a5569d087de48e5856e32f45d719a03804c891d6deb8d4f71a660e79e4a47?s=96&d=mm&r=g\",\"caption\":\"Roger Str\u00e4ssle\"},\"url\":\"https:\\\/\\\/news.save.ch\\\/it\\\/author\\\/roger-straessle\\\/\"}]}<\/script>\n<!-- \/ Yoast SEO plugin. -->","yoast_head_json":{"title":"Internet delle cose: gli aspetti di sicurezza sono ignorati - Save","description":"Il Reporting and Analysis Centre for Information Assurance ha appena pubblicato il suo 24\u00b0 rapporto semestrale, in cui affronta il tema dell'Internet of Things.","robots":{"index":"index","follow":"follow","max-snippet":"max-snippet:-1","max-image-preview":"max-image-preview:large","max-video-preview":"max-video-preview:-1"},"canonical":"https:\/\/news.save.ch\/it\/internet-der-dinge-sicherheitsaspekte-werden-ignoriert\/","og_locale":"it_IT","og_type":"article","og_title":"Internet der Dinge: Sicherheitsaspekte werden ignoriert - Save","og_description":"Die Melde- und Analysestelle Informationssicherung hat soeben dern 24. Halbjahresbericht ver\u00f6ffentlicht und greift darin das Thema Internet der Dinge auf.","og_url":"https:\/\/news.save.ch\/it\/internet-der-dinge-sicherheitsaspekte-werden-ignoriert\/","og_site_name":"Save","article_published_time":"2017-04-21T07:31:11+00:00","article_modified_time":"2023-03-14T07:57:05+00:00","og_image":[{"width":1400,"height":899,"url":"https:\/\/news.save.ch\/wp-content\/uploads\/2017\/04\/Depositphotos_IoT-scaled.jpg","type":"image\/jpeg"}],"author":"Roger Str\u00e4ssle","twitter_card":"summary_large_image","twitter_misc":{"Scritto da":"Roger Str\u00e4ssle","Tempo di lettura stimato":"2 minuti"},"schema":{"@context":"https:\/\/schema.org","@graph":[{"@type":"Article","@id":"https:\/\/news.save.ch\/internet-der-dinge-sicherheitsaspekte-werden-ignoriert\/#article","isPartOf":{"@id":"https:\/\/news.save.ch\/internet-der-dinge-sicherheitsaspekte-werden-ignoriert\/"},"author":{"name":"Roger Str\u00e4ssle","@id":"https:\/\/news.save.ch\/de\/#\/schema\/person\/d5022db048e0e2b9785c50e5b24da5aa"},"headline":"Internet der Dinge: Sicherheitsaspekte werden ignoriert","datePublished":"2017-04-21T07:31:11+00:00","dateModified":"2023-03-14T07:57:05+00:00","mainEntityOfPage":{"@id":"https:\/\/news.save.ch\/internet-der-dinge-sicherheitsaspekte-werden-ignoriert\/"},"wordCount":316,"commentCount":0,"publisher":{"@id":"https:\/\/news.save.ch\/de\/#organization"},"image":{"@id":"https:\/\/news.save.ch\/internet-der-dinge-sicherheitsaspekte-werden-ignoriert\/#primaryimage"},"thumbnailUrl":"https:\/\/news.save.ch\/wp-content\/uploads\/2017\/04\/Depositphotos_IoT-scaled.jpg","keywords":["Cyber-Crime","ICT-Sicherheit"],"articleSection":["DIGITALISIERUNG"],"inLanguage":"it-IT"},{"@type":"WebPage","@id":"https:\/\/news.save.ch\/internet-der-dinge-sicherheitsaspekte-werden-ignoriert\/","url":"https:\/\/news.save.ch\/internet-der-dinge-sicherheitsaspekte-werden-ignoriert\/","name":"Internet delle cose: gli aspetti di sicurezza sono ignorati - Save","isPartOf":{"@id":"https:\/\/news.save.ch\/de\/#website"},"primaryImageOfPage":{"@id":"https:\/\/news.save.ch\/internet-der-dinge-sicherheitsaspekte-werden-ignoriert\/#primaryimage"},"image":{"@id":"https:\/\/news.save.ch\/internet-der-dinge-sicherheitsaspekte-werden-ignoriert\/#primaryimage"},"thumbnailUrl":"https:\/\/news.save.ch\/wp-content\/uploads\/2017\/04\/Depositphotos_IoT-scaled.jpg","datePublished":"2017-04-21T07:31:11+00:00","dateModified":"2023-03-14T07:57:05+00:00","description":"Il Reporting and Analysis Centre for Information Assurance ha appena pubblicato il suo 24\u00b0 rapporto semestrale, in cui affronta il tema dell'Internet of Things.","breadcrumb":{"@id":"https:\/\/news.save.ch\/internet-der-dinge-sicherheitsaspekte-werden-ignoriert\/#breadcrumb"},"inLanguage":"it-IT","potentialAction":[{"@type":"ReadAction","target":["https:\/\/news.save.ch\/internet-der-dinge-sicherheitsaspekte-werden-ignoriert\/"]}]},{"@type":"ImageObject","inLanguage":"it-IT","@id":"https:\/\/news.save.ch\/internet-der-dinge-sicherheitsaspekte-werden-ignoriert\/#primaryimage","url":"https:\/\/news.save.ch\/wp-content\/uploads\/2017\/04\/Depositphotos_IoT-scaled.jpg","contentUrl":"https:\/\/news.save.ch\/wp-content\/uploads\/2017\/04\/Depositphotos_IoT-scaled.jpg","width":1400,"height":899,"caption":"\u00a9 depositphotos"},{"@type":"BreadcrumbList","@id":"https:\/\/news.save.ch\/internet-der-dinge-sicherheitsaspekte-werden-ignoriert\/#breadcrumb","itemListElement":[{"@type":"ListItem","position":1,"name":"Home","item":"https:\/\/news.save.ch\/de\/"},{"@type":"ListItem","position":2,"name":"Internet der Dinge: Sicherheitsaspekte werden ignoriert"}]},{"@type":"WebSite","@id":"https:\/\/news.save.ch\/de\/#website","url":"https:\/\/news.save.ch\/de\/","name":"Risparmiare","description":"Rivista svizzera specializzata in sicurezza","publisher":{"@id":"https:\/\/news.save.ch\/de\/#organization"},"potentialAction":[{"@type":"SearchAction","target":{"@type":"EntryPoint","urlTemplate":"https:\/\/news.save.ch\/de\/?s={search_term_string}"},"query-input":{"@type":"PropertyValueSpecification","valueRequired":true,"valueName":"search_term_string"}}],"inLanguage":"it-IT"},{"@type":"Organization","@id":"https:\/\/news.save.ch\/de\/#organization","name":"Forum sulla sicurezza","url":"https:\/\/news.save.ch\/de\/","logo":{"@type":"ImageObject","inLanguage":"it-IT","@id":"https:\/\/news.save.ch\/de\/#\/schema\/logo\/image\/","url":"https:\/\/news.save.ch\/wp-content\/uploads\/2022\/06\/Logo_SF_2012.png","contentUrl":"https:\/\/news.save.ch\/wp-content\/uploads\/2022\/06\/Logo_SF_2012.png","width":1100,"height":91,"caption":"Sicherheitsforum"},"image":{"@id":"https:\/\/news.save.ch\/de\/#\/schema\/logo\/image\/"}},{"@type":"Person","@id":"https:\/\/news.save.ch\/de\/#\/schema\/person\/d5022db048e0e2b9785c50e5b24da5aa","name":"Roger Str\u00e4ssle","image":{"@type":"ImageObject","inLanguage":"it-IT","@id":"https:\/\/secure.gravatar.com\/avatar\/862a5569d087de48e5856e32f45d719a03804c891d6deb8d4f71a660e79e4a47?s=96&d=mm&r=g","url":"https:\/\/secure.gravatar.com\/avatar\/862a5569d087de48e5856e32f45d719a03804c891d6deb8d4f71a660e79e4a47?s=96&d=mm&r=g","contentUrl":"https:\/\/secure.gravatar.com\/avatar\/862a5569d087de48e5856e32f45d719a03804c891d6deb8d4f71a660e79e4a47?s=96&d=mm&r=g","caption":"Roger Str\u00e4ssle"},"url":"https:\/\/news.save.ch\/it\/author\/roger-straessle\/"}]}},"_links":{"self":[{"href":"https:\/\/news.save.ch\/it\/wp-json\/wp\/v2\/posts\/4700","targetHints":{"allow":["GET"]}}],"collection":[{"href":"https:\/\/news.save.ch\/it\/wp-json\/wp\/v2\/posts"}],"about":[{"href":"https:\/\/news.save.ch\/it\/wp-json\/wp\/v2\/types\/post"}],"author":[{"embeddable":true,"href":"https:\/\/news.save.ch\/it\/wp-json\/wp\/v2\/users\/8"}],"replies":[{"embeddable":true,"href":"https:\/\/news.save.ch\/it\/wp-json\/wp\/v2\/comments?post=4700"}],"version-history":[{"count":1,"href":"https:\/\/news.save.ch\/it\/wp-json\/wp\/v2\/posts\/4700\/revisions"}],"predecessor-version":[{"id":17514,"href":"https:\/\/news.save.ch\/it\/wp-json\/wp\/v2\/posts\/4700\/revisions\/17514"}],"wp:featuredmedia":[{"embeddable":true,"href":"https:\/\/news.save.ch\/it\/wp-json\/wp\/v2\/media\/4702"}],"wp:attachment":[{"href":"https:\/\/news.save.ch\/it\/wp-json\/wp\/v2\/media?parent=4700"}],"wp:term":[{"taxonomy":"category","embeddable":true,"href":"https:\/\/news.save.ch\/it\/wp-json\/wp\/v2\/categories?post=4700"},{"taxonomy":"post_tag","embeddable":true,"href":"https:\/\/news.save.ch\/it\/wp-json\/wp\/v2\/tags?post=4700"}],"curies":[{"name":"wp","href":"https:\/\/api.w.org\/{rel}","templated":true}]}}