{"id":4705,"date":"2017-04-24T10:03:16","date_gmt":"2017-04-24T08:03:16","guid":{"rendered":"https:\/\/news.save.ch\/?p=4705"},"modified":"2017-04-24T10:03:16","modified_gmt":"2017-04-24T08:03:16","slug":"tcs-reisebarometer-terrorangst-beeinflusst-reiseverhalten","status":null,"type":"post","link":"https:\/\/news.save.ch\/it\/tcs-reisebarometer-terrorangst-beeinflusst-reiseverhalten\/","title":{"rendered":"Barometro dei viaggi TCS: La paura del terrorismo influenza i comportamenti di viaggio"},"content":{"rendered":"<figure id=\"attachment_4706\" aria-describedby=\"caption-attachment-4706\" style=\"width: 680px\" class=\"wp-caption aligncenter\"><img loading=\"lazy\" decoding=\"async\" class=\"size-medium wp-image-4706\" src=\"https:\/\/news.save.ch\/wp-content\/uploads\/2017\/04\/TCS-Grafik.jpg\" alt=\"\" width=\"680\" height=\"411\" srcset=\"https:\/\/news.save.ch\/wp-content\/uploads\/2017\/04\/TCS-Grafik.jpg 947w, https:\/\/news.save.ch\/wp-content\/uploads\/2017\/04\/TCS-Grafik-375x227.jpg 375w\" sizes=\"auto, (max-width: 680px) 100vw, 680px\" \/><figcaption id=\"caption-attachment-4706\" class=\"wp-caption-text\"><em>La paura del terrore determina la destinazione del viaggio. Grafica TCS<\/em><\/figcaption><\/figure>\n<p>&nbsp;<\/p>\n<p>I principali risultati dello studio condotto da gfs.berna possono essere riassunti come segue <a href=\"https:\/\/www.tcs.ch\">TCS<\/a>-I dati possono essere riassunti come segue:<\/p>\n<p>1. la paura del terrore determina la destinazione<br \/>\n2 La Svizzera come destinazione turistica torna ad essere pi\u00f9 attraente<br \/>\n3. L'Europa \u00e8 vicina alla Svizzera<br \/>\n4. il divario tra i r\u00f6sti anche nel comportamento di viaggio<br \/>\n5 I tre tipi di viaggiatori svizzeri: Esploratori, preservatori e non viaggiatori<\/p>\n<p>&nbsp;<\/p>\n<p><strong>La paura del terrore determina la destinazione<\/strong><\/p>\n<p>Secondo lo studio, la paura del terrorismo e la mancanza di sicurezza influenzano maggiormente il comportamento di viaggio degli svizzeri. 60% degli intervistati affermano che la minaccia del terrorismo \u00e8 un criterio molto importante per valutare il viaggio, seguito da considerazioni sull'ospitalit\u00e0 degli abitanti (46%).<\/p>\n<p>Anche la situazione della sicurezza e dell'approvvigionamento in loco \u00e8 stata molto importante (45%) o piuttosto importante (45%) per la maggior parte degli intervistati. Altri fattori di rischio, come i problemi legati a malattie e agenti patogeni (42%) o la paura di disastri naturali (27%), sono importanti per la maggioranza, ma sono meno importanti di fattori positivi come il carattere e l'ospitalit\u00e0 della popolazione locale (46%).<\/p>\n<p>Alla domanda \"Negli ultimi dodici mesi, viaggiare all'estero \u00e8 diventato molto pi\u00f9 sicuro, piuttosto sicuro, piuttosto meno sicuro o molto meno sicuro?\" 12% hanno risposto \"molto meno sicuro\" e 47% \"piuttosto meno sicuro\". D'altra parte, il 5% ha dichiarato che viaggiare all'estero \u00e8 diventato \"molto pi\u00f9 sicuro\" e il 30% \"piuttosto sicuro\".<\/p>\n<p><strong>Svizzera attraente, cactus per la Turchia<\/strong><\/p>\n<p>Valutando l'attrattiva di 14 destinazioni turistiche tipiche su una scala da 0 (molto scarso) a 10 (il massimo), \u00e8 emerso che il Ticino (7,2), i Grigioni (6,9) e il Vallese (6,7) sono tra le quattro destinazioni svizzere meglio valutate. Solo l'Italia (7,0) ha ottenuto una valutazione altrettanto buona. Le destinazioni peggio valutate sono state la Turchia (3,1), gli Emirati Arabi (3,4) e l'Egitto (3,6).<\/p>\n<p><strong>Paesi vicini ambiti<\/strong><\/p>\n<p>La valutazione dello studio conclude che la vicinanza culturale \u00e8 importante per gli svizzeri. Per questo motivo i Paesi limitrofi, Germania, Austria e Francia, nonch\u00e9 Spagna e Portogallo, sono le seconde destinazioni di viaggio pi\u00f9 attraenti. Nessun Paese al di fuori dell'Europa raggiunge questo status. \u00c8 interessante notare che le destinazioni vicine e conosciute in Svizzera e nei dintorni non sono affatto meno attraenti per i pi\u00f9 giovani che per gli over 66. Inoltre, Egitto, Emirati Arabi e Turchia sono stati giudicati visibilmente meno attraenti dai giovani pi\u00f9 \"avventurosi\" rispetto a tutte le altre destinazioni.<\/p>\n<p><strong>Il R\u00f6stigraben anche nel comportamento di viaggio<\/strong><\/p>\n<p>Gli svizzeri di lingua tedesca viaggiano in modo diverso dagli svizzeri di lingua francese e ticinese. Le vacanze all'estero e al mare sono considerate pi\u00f9 attraenti nella Svizzera latina che nella Svizzera tedesca, secondo il TCS. Inoltre, i ticinesi amano viaggiare in paesi esotici pi\u00f9 della media, mentre gli svizzeri di lingua tedesca preferiscono viaggiare in Svizzera e in Europa. Lo studio mostra anche che gli svizzeri di lingua francese sono generalmente pi\u00f9 propensi a viaggiare ed esplorare rispetto agli svizzeri di lingua tedesca.<\/p>\n<h3>I tre tipi di viaggio della Svizzera<\/h3>\n<p>Secondo il TCS, gli svizzeri possono essere suddivisi in tre tipologie per quanto riguarda il comportamento di viaggio:<\/p>\n<ul>\n<li>Il gruppo pi\u00f9 numeroso \u00e8 costituito dai conservatori (42%). A loro piace andare in vacanza in Svizzera o tornare pi\u00f9 volte in destinazioni di vacanza a loro familiari.<\/li>\n<li>Il gruppo intermedio \u00e8 costituito dagli esploratori (36%). Amano tutto ci\u00f2 che \u00e8 avventuroso e non trovano nulla di cos\u00ec attraente come un viaggio in Australia o in Nuova Zelanda.<\/li>\n<li>Il gruppo pi\u00f9 piccolo \u00e8 costituito dai non viaggiatori (22%). Il loro motto \u00e8: pi\u00f9 vicini sono, meglio \u00e8.<\/li>\n<\/ul>\n<p><em>Lo studio \u00e8 stato condotto dall'istituto di ricerca gfs.bern per conto del TCS. Il riepilogo \u00e8 disponibile all'indirizzo\u00a0<a href=\"https:\/\/www.tcs.ch\/de\/camping-reisen\/reisebarometer\/index.php\">www.tcs.ch\/reisebarometer<\/a>\u00a0pu\u00f2 essere scaricato.<\/em><\/p>\n<p>&nbsp;<\/p>","protected":false},"excerpt":{"rendered":"<p>&nbsp; Die wesentlichen Resultate der von gfs.bern durchgef\u00fchrte Studie lassen sich gem\u00e4ss TCS-Angaben wie folgt zusammenfassen: 1. Terrorangst bestimmt das Reiseziel 2. Die Schweiz als Reiseland ist wieder attraktiver 3. Europa liegt den Schweizern nahe 4. R\u00f6stigraben auch beim Reiseverhalten 5. Die drei Schweizer Reisetypen: Entdecker, Bewahrer und Nichtreisende &nbsp; Terrorangst bestimmt das Reiseziel Gem\u00e4ss [&hellip;]<\/p>\n","protected":false},"author":8,"featured_media":4706,"comment_status":"open","ping_status":"open","sticky":false,"template":"","format":"standard","meta":{"_acf_changed":false,"pgc_sgb_lightbox_settings":"","footnotes":""},"categories":[1],"tags":[64],"class_list":["post-4705","post","type-post","status-publish","format-standard","has-post-thumbnail","hentry","category-allgemein","tag-studie"],"acf":[],"hkrextid":null,"publication":null,"issue":null,"workflow":null,"startPage":null,"spitzmarke":null,"_posts_by_tag_page_fields":{"widget_title":"","widget_tags":""},"_at_widget":"1","_yoast_wpseo_primary_category":"1","_yoast_wpseo_focuskw_text_input":"TCS","_yoast_wpseo_opengraph-image":null,"_yoast_wpseo_opengraph-description":null,"_yoast_wpseo_opengraph-title":null,"enclosure":null,"_yoast_wpseo_twitter-title":null,"_yoast_wpseo_twitter-description":null,"_yoast_wpseo_twitter-image":null,"_wp_old_slug":null,"_yoast_wpseo_title":null,"_yoast_wpseo_canonical":null,"yoast_head":"<!-- This site is optimized with the Yoast SEO plugin v27.5 - https:\/\/yoast.com\/product\/yoast-seo-wordpress\/ -->\n<title>TCS-Reisebarometer: Terrorangst beeinflusst Reiseverhalten - Save<\/title>\n<meta name=\"description\" content=\"Der TCS hat erstmals einen Reisebarometer realisiert. Die Studie zeigt auf, dass die Angst vor Terror das Reiseverhalten beeinflusst.\" \/>\n<meta name=\"robots\" content=\"index, follow, max-snippet:-1, max-image-preview:large, max-video-preview:-1\" \/>\n<link rel=\"canonical\" href=\"https:\/\/news.save.ch\/it\/tcs-reisebarometer-terrorangst-beeinflusst-reiseverhalten\/\" \/>\n<meta property=\"og:locale\" content=\"it_IT\" \/>\n<meta property=\"og:type\" content=\"article\" \/>\n<meta property=\"og:title\" content=\"TCS-Reisebarometer: Terrorangst beeinflusst Reiseverhalten - Save\" \/>\n<meta property=\"og:description\" content=\"Der TCS hat erstmals einen Reisebarometer realisiert. Die Studie zeigt auf, dass die Angst vor Terror das Reiseverhalten beeinflusst.\" \/>\n<meta property=\"og:url\" content=\"https:\/\/news.save.ch\/it\/tcs-reisebarometer-terrorangst-beeinflusst-reiseverhalten\/\" \/>\n<meta property=\"og:site_name\" content=\"Save\" \/>\n<meta property=\"article:published_time\" content=\"2017-04-24T08:03:16+00:00\" \/>\n<meta property=\"og:image\" content=\"https:\/\/news.save.ch\/wp-content\/uploads\/2017\/04\/TCS-Grafik.jpg\" \/>\n\t<meta property=\"og:image:width\" content=\"947\" \/>\n\t<meta property=\"og:image:height\" content=\"572\" \/>\n\t<meta property=\"og:image:type\" content=\"image\/jpeg\" \/>\n<meta name=\"author\" content=\"Roger Str\u00e4ssle\" \/>\n<meta name=\"twitter:card\" content=\"summary_large_image\" \/>\n<meta name=\"twitter:label1\" content=\"Scritto da\" \/>\n\t<meta name=\"twitter:data1\" content=\"Roger Str\u00e4ssle\" \/>\n\t<meta name=\"twitter:label2\" content=\"Tempo di lettura stimato\" \/>\n\t<meta name=\"twitter:data2\" content=\"3 minuti\" \/>\n<script type=\"application\/ld+json\" class=\"yoast-schema-graph\">{\"@context\":\"https:\\\/\\\/schema.org\",\"@graph\":[{\"@type\":\"Article\",\"@id\":\"https:\\\/\\\/news.save.ch\\\/tcs-reisebarometer-terrorangst-beeinflusst-reiseverhalten\\\/#article\",\"isPartOf\":{\"@id\":\"https:\\\/\\\/news.save.ch\\\/tcs-reisebarometer-terrorangst-beeinflusst-reiseverhalten\\\/\"},\"author\":{\"name\":\"Roger Str\u00e4ssle\",\"@id\":\"https:\\\/\\\/news.save.ch\\\/de\\\/#\\\/schema\\\/person\\\/d5022db048e0e2b9785c50e5b24da5aa\"},\"headline\":\"TCS-Reisebarometer: Terrorangst beeinflusst Reiseverhalten\",\"datePublished\":\"2017-04-24T08:03:16+00:00\",\"mainEntityOfPage\":{\"@id\":\"https:\\\/\\\/news.save.ch\\\/tcs-reisebarometer-terrorangst-beeinflusst-reiseverhalten\\\/\"},\"wordCount\":553,\"commentCount\":0,\"publisher\":{\"@id\":\"https:\\\/\\\/news.save.ch\\\/de\\\/#organization\"},\"image\":{\"@id\":\"https:\\\/\\\/news.save.ch\\\/tcs-reisebarometer-terrorangst-beeinflusst-reiseverhalten\\\/#primaryimage\"},\"thumbnailUrl\":\"https:\\\/\\\/news.save.ch\\\/wp-content\\\/uploads\\\/2017\\\/04\\\/TCS-Grafik.jpg\",\"keywords\":[\"Studie\"],\"articleSection\":[\"ALLGEMEIN\"],\"inLanguage\":\"it-IT\"},{\"@type\":\"WebPage\",\"@id\":\"https:\\\/\\\/news.save.ch\\\/tcs-reisebarometer-terrorangst-beeinflusst-reiseverhalten\\\/\",\"url\":\"https:\\\/\\\/news.save.ch\\\/tcs-reisebarometer-terrorangst-beeinflusst-reiseverhalten\\\/\",\"name\":\"TCS-Reisebarometer: Terrorangst beeinflusst Reiseverhalten - Save\",\"isPartOf\":{\"@id\":\"https:\\\/\\\/news.save.ch\\\/de\\\/#website\"},\"primaryImageOfPage\":{\"@id\":\"https:\\\/\\\/news.save.ch\\\/tcs-reisebarometer-terrorangst-beeinflusst-reiseverhalten\\\/#primaryimage\"},\"image\":{\"@id\":\"https:\\\/\\\/news.save.ch\\\/tcs-reisebarometer-terrorangst-beeinflusst-reiseverhalten\\\/#primaryimage\"},\"thumbnailUrl\":\"https:\\\/\\\/news.save.ch\\\/wp-content\\\/uploads\\\/2017\\\/04\\\/TCS-Grafik.jpg\",\"datePublished\":\"2017-04-24T08:03:16+00:00\",\"description\":\"Der TCS hat erstmals einen Reisebarometer realisiert. Die Studie zeigt auf, dass die Angst vor Terror das Reiseverhalten beeinflusst.\",\"breadcrumb\":{\"@id\":\"https:\\\/\\\/news.save.ch\\\/tcs-reisebarometer-terrorangst-beeinflusst-reiseverhalten\\\/#breadcrumb\"},\"inLanguage\":\"it-IT\",\"potentialAction\":[{\"@type\":\"ReadAction\",\"target\":[\"https:\\\/\\\/news.save.ch\\\/tcs-reisebarometer-terrorangst-beeinflusst-reiseverhalten\\\/\"]}]},{\"@type\":\"ImageObject\",\"inLanguage\":\"it-IT\",\"@id\":\"https:\\\/\\\/news.save.ch\\\/tcs-reisebarometer-terrorangst-beeinflusst-reiseverhalten\\\/#primaryimage\",\"url\":\"https:\\\/\\\/news.save.ch\\\/wp-content\\\/uploads\\\/2017\\\/04\\\/TCS-Grafik.jpg\",\"contentUrl\":\"https:\\\/\\\/news.save.ch\\\/wp-content\\\/uploads\\\/2017\\\/04\\\/TCS-Grafik.jpg\",\"width\":947,\"height\":572,\"caption\":\"Terrorangst bestimmt das Reiseziel. TCS-Grafik\"},{\"@type\":\"BreadcrumbList\",\"@id\":\"https:\\\/\\\/news.save.ch\\\/tcs-reisebarometer-terrorangst-beeinflusst-reiseverhalten\\\/#breadcrumb\",\"itemListElement\":[{\"@type\":\"ListItem\",\"position\":1,\"name\":\"Home\",\"item\":\"https:\\\/\\\/news.save.ch\\\/de\\\/\"},{\"@type\":\"ListItem\",\"position\":2,\"name\":\"TCS-Reisebarometer: Terrorangst beeinflusst Reiseverhalten\"}]},{\"@type\":\"WebSite\",\"@id\":\"https:\\\/\\\/news.save.ch\\\/de\\\/#website\",\"url\":\"https:\\\/\\\/news.save.ch\\\/de\\\/\",\"name\":\"Save\",\"description\":\"Schweizer Fachzeitschrift f\u00fcr Sicherheit\",\"publisher\":{\"@id\":\"https:\\\/\\\/news.save.ch\\\/de\\\/#organization\"},\"potentialAction\":[{\"@type\":\"SearchAction\",\"target\":{\"@type\":\"EntryPoint\",\"urlTemplate\":\"https:\\\/\\\/news.save.ch\\\/de\\\/?s={search_term_string}\"},\"query-input\":{\"@type\":\"PropertyValueSpecification\",\"valueRequired\":true,\"valueName\":\"search_term_string\"}}],\"inLanguage\":\"it-IT\"},{\"@type\":\"Organization\",\"@id\":\"https:\\\/\\\/news.save.ch\\\/de\\\/#organization\",\"name\":\"Sicherheitsforum\",\"url\":\"https:\\\/\\\/news.save.ch\\\/de\\\/\",\"logo\":{\"@type\":\"ImageObject\",\"inLanguage\":\"it-IT\",\"@id\":\"https:\\\/\\\/news.save.ch\\\/de\\\/#\\\/schema\\\/logo\\\/image\\\/\",\"url\":\"https:\\\/\\\/news.save.ch\\\/wp-content\\\/uploads\\\/2022\\\/06\\\/Logo_SF_2012.png\",\"contentUrl\":\"https:\\\/\\\/news.save.ch\\\/wp-content\\\/uploads\\\/2022\\\/06\\\/Logo_SF_2012.png\",\"width\":1100,\"height\":91,\"caption\":\"Sicherheitsforum\"},\"image\":{\"@id\":\"https:\\\/\\\/news.save.ch\\\/de\\\/#\\\/schema\\\/logo\\\/image\\\/\"}},{\"@type\":\"Person\",\"@id\":\"https:\\\/\\\/news.save.ch\\\/de\\\/#\\\/schema\\\/person\\\/d5022db048e0e2b9785c50e5b24da5aa\",\"name\":\"Roger Str\u00e4ssle\",\"image\":{\"@type\":\"ImageObject\",\"inLanguage\":\"it-IT\",\"@id\":\"https:\\\/\\\/secure.gravatar.com\\\/avatar\\\/862a5569d087de48e5856e32f45d719a03804c891d6deb8d4f71a660e79e4a47?s=96&d=mm&r=g\",\"url\":\"https:\\\/\\\/secure.gravatar.com\\\/avatar\\\/862a5569d087de48e5856e32f45d719a03804c891d6deb8d4f71a660e79e4a47?s=96&d=mm&r=g\",\"contentUrl\":\"https:\\\/\\\/secure.gravatar.com\\\/avatar\\\/862a5569d087de48e5856e32f45d719a03804c891d6deb8d4f71a660e79e4a47?s=96&d=mm&r=g\",\"caption\":\"Roger Str\u00e4ssle\"},\"url\":\"https:\\\/\\\/news.save.ch\\\/it\\\/author\\\/roger-straessle\\\/\"}]}<\/script>\n<!-- \/ Yoast SEO plugin. -->","yoast_head_json":{"title":"Barometro dei viaggi TCS: La paura del terrorismo influenza i comportamenti di viaggio - Save","description":"Il TCS ha realizzato per la prima volta un barometro dei viaggi. Lo studio dimostra che la paura del terrore influenza il comportamento di viaggio.","robots":{"index":"index","follow":"follow","max-snippet":"max-snippet:-1","max-image-preview":"max-image-preview:large","max-video-preview":"max-video-preview:-1"},"canonical":"https:\/\/news.save.ch\/it\/tcs-reisebarometer-terrorangst-beeinflusst-reiseverhalten\/","og_locale":"it_IT","og_type":"article","og_title":"TCS-Reisebarometer: Terrorangst beeinflusst Reiseverhalten - Save","og_description":"Der TCS hat erstmals einen Reisebarometer realisiert. Die Studie zeigt auf, dass die Angst vor Terror das Reiseverhalten beeinflusst.","og_url":"https:\/\/news.save.ch\/it\/tcs-reisebarometer-terrorangst-beeinflusst-reiseverhalten\/","og_site_name":"Save","article_published_time":"2017-04-24T08:03:16+00:00","og_image":[{"width":947,"height":572,"url":"https:\/\/news.save.ch\/wp-content\/uploads\/2017\/04\/TCS-Grafik.jpg","type":"image\/jpeg"}],"author":"Roger Str\u00e4ssle","twitter_card":"summary_large_image","twitter_misc":{"Scritto da":"Roger Str\u00e4ssle","Tempo di lettura stimato":"3 minuti"},"schema":{"@context":"https:\/\/schema.org","@graph":[{"@type":"Article","@id":"https:\/\/news.save.ch\/tcs-reisebarometer-terrorangst-beeinflusst-reiseverhalten\/#article","isPartOf":{"@id":"https:\/\/news.save.ch\/tcs-reisebarometer-terrorangst-beeinflusst-reiseverhalten\/"},"author":{"name":"Roger Str\u00e4ssle","@id":"https:\/\/news.save.ch\/de\/#\/schema\/person\/d5022db048e0e2b9785c50e5b24da5aa"},"headline":"TCS-Reisebarometer: Terrorangst beeinflusst Reiseverhalten","datePublished":"2017-04-24T08:03:16+00:00","mainEntityOfPage":{"@id":"https:\/\/news.save.ch\/tcs-reisebarometer-terrorangst-beeinflusst-reiseverhalten\/"},"wordCount":553,"commentCount":0,"publisher":{"@id":"https:\/\/news.save.ch\/de\/#organization"},"image":{"@id":"https:\/\/news.save.ch\/tcs-reisebarometer-terrorangst-beeinflusst-reiseverhalten\/#primaryimage"},"thumbnailUrl":"https:\/\/news.save.ch\/wp-content\/uploads\/2017\/04\/TCS-Grafik.jpg","keywords":["Studie"],"articleSection":["ALLGEMEIN"],"inLanguage":"it-IT"},{"@type":"WebPage","@id":"https:\/\/news.save.ch\/tcs-reisebarometer-terrorangst-beeinflusst-reiseverhalten\/","url":"https:\/\/news.save.ch\/tcs-reisebarometer-terrorangst-beeinflusst-reiseverhalten\/","name":"Barometro dei viaggi TCS: La paura del terrorismo influenza i comportamenti di viaggio - Save","isPartOf":{"@id":"https:\/\/news.save.ch\/de\/#website"},"primaryImageOfPage":{"@id":"https:\/\/news.save.ch\/tcs-reisebarometer-terrorangst-beeinflusst-reiseverhalten\/#primaryimage"},"image":{"@id":"https:\/\/news.save.ch\/tcs-reisebarometer-terrorangst-beeinflusst-reiseverhalten\/#primaryimage"},"thumbnailUrl":"https:\/\/news.save.ch\/wp-content\/uploads\/2017\/04\/TCS-Grafik.jpg","datePublished":"2017-04-24T08:03:16+00:00","description":"Il TCS ha realizzato per la prima volta un barometro dei viaggi. Lo studio dimostra che la paura del terrore influenza il comportamento di viaggio.","breadcrumb":{"@id":"https:\/\/news.save.ch\/tcs-reisebarometer-terrorangst-beeinflusst-reiseverhalten\/#breadcrumb"},"inLanguage":"it-IT","potentialAction":[{"@type":"ReadAction","target":["https:\/\/news.save.ch\/tcs-reisebarometer-terrorangst-beeinflusst-reiseverhalten\/"]}]},{"@type":"ImageObject","inLanguage":"it-IT","@id":"https:\/\/news.save.ch\/tcs-reisebarometer-terrorangst-beeinflusst-reiseverhalten\/#primaryimage","url":"https:\/\/news.save.ch\/wp-content\/uploads\/2017\/04\/TCS-Grafik.jpg","contentUrl":"https:\/\/news.save.ch\/wp-content\/uploads\/2017\/04\/TCS-Grafik.jpg","width":947,"height":572,"caption":"Terrorangst bestimmt das Reiseziel. TCS-Grafik"},{"@type":"BreadcrumbList","@id":"https:\/\/news.save.ch\/tcs-reisebarometer-terrorangst-beeinflusst-reiseverhalten\/#breadcrumb","itemListElement":[{"@type":"ListItem","position":1,"name":"Home","item":"https:\/\/news.save.ch\/de\/"},{"@type":"ListItem","position":2,"name":"TCS-Reisebarometer: Terrorangst beeinflusst Reiseverhalten"}]},{"@type":"WebSite","@id":"https:\/\/news.save.ch\/de\/#website","url":"https:\/\/news.save.ch\/de\/","name":"Risparmiare","description":"Rivista svizzera specializzata in sicurezza","publisher":{"@id":"https:\/\/news.save.ch\/de\/#organization"},"potentialAction":[{"@type":"SearchAction","target":{"@type":"EntryPoint","urlTemplate":"https:\/\/news.save.ch\/de\/?s={search_term_string}"},"query-input":{"@type":"PropertyValueSpecification","valueRequired":true,"valueName":"search_term_string"}}],"inLanguage":"it-IT"},{"@type":"Organization","@id":"https:\/\/news.save.ch\/de\/#organization","name":"Forum sulla sicurezza","url":"https:\/\/news.save.ch\/de\/","logo":{"@type":"ImageObject","inLanguage":"it-IT","@id":"https:\/\/news.save.ch\/de\/#\/schema\/logo\/image\/","url":"https:\/\/news.save.ch\/wp-content\/uploads\/2022\/06\/Logo_SF_2012.png","contentUrl":"https:\/\/news.save.ch\/wp-content\/uploads\/2022\/06\/Logo_SF_2012.png","width":1100,"height":91,"caption":"Sicherheitsforum"},"image":{"@id":"https:\/\/news.save.ch\/de\/#\/schema\/logo\/image\/"}},{"@type":"Person","@id":"https:\/\/news.save.ch\/de\/#\/schema\/person\/d5022db048e0e2b9785c50e5b24da5aa","name":"Roger Str\u00e4ssle","image":{"@type":"ImageObject","inLanguage":"it-IT","@id":"https:\/\/secure.gravatar.com\/avatar\/862a5569d087de48e5856e32f45d719a03804c891d6deb8d4f71a660e79e4a47?s=96&d=mm&r=g","url":"https:\/\/secure.gravatar.com\/avatar\/862a5569d087de48e5856e32f45d719a03804c891d6deb8d4f71a660e79e4a47?s=96&d=mm&r=g","contentUrl":"https:\/\/secure.gravatar.com\/avatar\/862a5569d087de48e5856e32f45d719a03804c891d6deb8d4f71a660e79e4a47?s=96&d=mm&r=g","caption":"Roger Str\u00e4ssle"},"url":"https:\/\/news.save.ch\/it\/author\/roger-straessle\/"}]}},"_links":{"self":[{"href":"https:\/\/news.save.ch\/it\/wp-json\/wp\/v2\/posts\/4705","targetHints":{"allow":["GET"]}}],"collection":[{"href":"https:\/\/news.save.ch\/it\/wp-json\/wp\/v2\/posts"}],"about":[{"href":"https:\/\/news.save.ch\/it\/wp-json\/wp\/v2\/types\/post"}],"author":[{"embeddable":true,"href":"https:\/\/news.save.ch\/it\/wp-json\/wp\/v2\/users\/8"}],"replies":[{"embeddable":true,"href":"https:\/\/news.save.ch\/it\/wp-json\/wp\/v2\/comments?post=4705"}],"version-history":[{"count":0,"href":"https:\/\/news.save.ch\/it\/wp-json\/wp\/v2\/posts\/4705\/revisions"}],"wp:featuredmedia":[{"embeddable":true,"href":"https:\/\/news.save.ch\/it\/wp-json\/wp\/v2\/media\/4706"}],"wp:attachment":[{"href":"https:\/\/news.save.ch\/it\/wp-json\/wp\/v2\/media?parent=4705"}],"wp:term":[{"taxonomy":"category","embeddable":true,"href":"https:\/\/news.save.ch\/it\/wp-json\/wp\/v2\/categories?post=4705"},{"taxonomy":"post_tag","embeddable":true,"href":"https:\/\/news.save.ch\/it\/wp-json\/wp\/v2\/tags?post=4705"}],"curies":[{"name":"wp","href":"https:\/\/api.w.org\/{rel}","templated":true}]}}