{"id":4719,"date":"2017-04-25T15:49:49","date_gmt":"2017-04-25T13:49:49","guid":{"rendered":"https:\/\/news.save.ch\/?p=4719"},"modified":"2023-03-14T08:58:59","modified_gmt":"2023-03-14T07:58:59","slug":"neuer-naturgefahren-check-fuer-baufachleute","status":null,"type":"post","link":"https:\/\/news.save.ch\/it\/neuer-naturgefahren-check-fuer-baufachleute\/","title":{"rendered":"Nuovo controllo dei rischi naturali per i professionisti dell'edilizia"},"content":{"rendered":"<figure id=\"attachment_4720\" aria-describedby=\"caption-attachment-4720\" style=\"width: 680px\" class=\"wp-caption aligncenter\"><img loading=\"lazy\" decoding=\"async\" class=\"size-medium wp-image-4720\" src=\"https:\/\/news.save.ch\/wp-content\/uploads\/2017\/04\/naturgefahr.jpg\" alt=\"\" width=\"680\" height=\"427\" srcset=\"https:\/\/news.save.ch\/wp-content\/uploads\/2017\/04\/naturgefahr.jpg 741w, https:\/\/news.save.ch\/wp-content\/uploads\/2017\/04\/naturgefahr-375x235.jpg 375w\" sizes=\"auto, (max-width: 680px) 100vw, 680px\" \/><figcaption id=\"caption-attachment-4720\" class=\"wp-caption-text\">Grafica: Assicuratori edili cantonali<\/figcaption><\/figure>\n<p>&nbsp;<\/p>\n<p>Pericoli naturali come grandine, tempeste e forti piogge causano regolarmente danni per milioni di dollari in Svizzera. Da un lato, si tratta di danni diretti agli edifici. Tuttavia, i danni indiretti, ad esempio dovuti a un'interruzione dell'attivit\u00e0 o a lavori di risanamento, hanno spesso conseguenze drastiche per le persone colpite, come spiega l'Associazione cantonale degli assicuratori antincendio (<a href=\"https:\/\/www.vkf.ch\/VKF\/Services\/Naturgefahrenberatung.aspx\">VKF<\/a>) scrive nella sua comunicazione.<\/p>\n<p>I danni causati dai rischi naturali sono destinati ad aumentare: Da un lato, gli edifici vengono costruiti pi\u00f9 densamente e in luoghi vulnerabili; dall'altro, gli edifici vengono utilizzati in modo pi\u00f9 intensivo - apparecchiature costose come i sistemi di riscaldamento o i server sono collocati nel seminterrato. D'altra parte, \u00e8 probabile che la frequenza e la gravit\u00e0 degli eventi naturali aumentino a causa del riscaldamento globale.<\/p>\n<p><strong>Le citt\u00e0 sono esposte quanto le aree rurali<\/strong><\/p>\n<p>Secondo la VKF, non sono solo le aree rurali come l'Altopiano Centrale a essere esposte alle inondazioni, ma anche le citt\u00e0. Nella citt\u00e0 di Zurigo, ad esempio, ci sono quasi 4.000 edifici in aree a rischio, in cui vivono quasi 80.000 persone.<\/p>\n<p>E poich\u00e9 i valori elevati si concentrano nelle citt\u00e0, \u00e8 anche qui che si verificano i danni maggiori. Chi pianifica la protezione dell'edificio in una fase iniziale della nuova costruzione o della ristrutturazione pu\u00f2 di solito realizzarla in modo semplice ed economico, o addirittura senza costi aggiuntivi.<\/p>\n<p><strong>Si raccomandano misure e obiettivi di protezione<\/strong><\/p>\n<p>Secondo VKF, la piattaforma offre <a href=\"https:\/\/www.schutz-vor-naturgefahren.ch\">www.schutz-vor-naturgefahren.ch<\/a> ingegneri e specialisti, architetti e pianificatori specializzati, nonch\u00e9 costruttori e proprietari di immobili, ognuno con il proprio controllo dei rischi naturali, che viene adattato alle loro esigenze specifiche. Da un lato, si differenzia in base al tipo di edificio, al rischio naturale (pioggia, grandine, alluvione, ecc.) e alla situazione (controllo, nuova costruzione, ristrutturazione, ecc.). D'altra parte, \u00e8 possibile inserire online nel nuovo strumento se \u00e8 richiesta la protezione dell'intero edificio o di singole parti. Inoltre, la piattaforma raccomanda misure concrete e obiettivi di protezione.<\/p>\n<p>Inoltre, un <a href=\"https:\/\/www.youtube.com\/watch?v=oX3tA2Cw0Dk\">Video clip<\/a> L'opuscolo mostra, in particolare, ai proprietari di case interessati come proteggere i propri edifici, e quindi se stessi, dai danni con pochi accorgimenti concreti quando si ristruttura o si costruisce un nuovo edificio. Ulteriori informazioni sul tema dei pericoli naturali sono disponibili nel documento <a href=\"https:\/\/www.schutz-vor-naturgefahren.ch\/bauherr\/promotion.html\">Scheda informativa<\/a> \"Rischi naturali e protezione degli edifici\", maggiori informazioni sul progetto \"Protezione dai rischi naturali\" nella descrizione del progetto.<\/p>\n<p><strong>Importanti attori coinvolti<\/strong><\/p>\n<p>La piattaforma \u00e8 stata lanciata dagli assicuratori edili cantonali ed \u00e8 ora sostenuta da un'alleanza di importanti attori nel campo della protezione degli edifici: gli assicuratori edili cantonali (KGV), l'Associazione Svizzera di Assicurazione (SVV), l'Associazione Svizzera dei Proprietari di Case (HEV), la Societ\u00e0 Svizzera degli Ingegneri e degli Architetti (SIA) e l'Associazione delle Banche Cantonali Svizzere (VSKB).<\/p>\n<p>&nbsp;<\/p>\n<p>&nbsp;<\/p>\n<p>&nbsp;<\/p>","protected":false},"excerpt":{"rendered":"<p>&nbsp; Naturgefahren wie Hagel, Sturm und starker Regen verursachen in der Schweiz regelm\u00e4ssig Sch\u00e4den in Millionenh\u00f6he. Dabei geht es einerseits um direkte Sch\u00e4den an Geb\u00e4uden. Oft haben aber auch indirekten Sch\u00e4den, die sich zum Beispiel durch einen Betriebsunterbruch oder Aufr\u00e4umarbeiten ergeben, f\u00fcr die Betroffenen einschneidende Konsequenzen, wie die Vereinigung Kantonaler Feuerversicherungen (VKF) in ihrer Mitteilung [&hellip;]<\/p>\n","protected":false},"author":8,"featured_media":4720,"comment_status":"open","ping_status":"open","sticky":false,"template":"","format":"standard","meta":{"_acf_changed":false,"pgc_sgb_lightbox_settings":"","footnotes":""},"categories":[3312],"tags":[107,170,68],"class_list":["post-4719","post","type-post","status-publish","format-standard","has-post-thumbnail","hentry","category-sicherheit","tag-gebaeudeschutz","tag-naturgefahren","tag-tipps-und-tricks"],"acf":[],"hkrextid":null,"publication":null,"issue":null,"workflow":null,"startPage":null,"spitzmarke":null,"_posts_by_tag_page_fields":{"widget_title":"","widget_tags":""},"_at_widget":"1","_yoast_wpseo_primary_category":"5","_yoast_wpseo_focuskw_text_input":"Naturgefahren-Check","_yoast_wpseo_opengraph-image":null,"_yoast_wpseo_opengraph-description":null,"_yoast_wpseo_opengraph-title":null,"enclosure":null,"_yoast_wpseo_twitter-title":null,"_yoast_wpseo_twitter-description":null,"_yoast_wpseo_twitter-image":null,"_wp_old_slug":null,"_yoast_wpseo_title":null,"_yoast_wpseo_canonical":null,"yoast_head":"<!-- This site is optimized with the Yoast SEO plugin v27.5 - https:\/\/yoast.com\/product\/yoast-seo-wordpress\/ -->\n<title>Neuer Naturgefahren-Check f\u00fcr Baufachleute - Save<\/title>\n<meta name=\"description\" content=\"Eine neue Online-Plattform der Kantonalen Geb\u00e4udeversicherungen zeigt auf, wie Geb\u00e4ude gegen Sch\u00e4den durch Naturgefahren gesch\u00fctzt werden k\u00f6nnen.\" \/>\n<meta name=\"robots\" content=\"index, follow, max-snippet:-1, max-image-preview:large, max-video-preview:-1\" \/>\n<link rel=\"canonical\" href=\"https:\/\/news.save.ch\/it\/neuer-naturgefahren-check-fuer-baufachleute\/\" \/>\n<meta property=\"og:locale\" content=\"it_IT\" \/>\n<meta property=\"og:type\" content=\"article\" \/>\n<meta property=\"og:title\" content=\"Neuer Naturgefahren-Check f\u00fcr Baufachleute - Save\" \/>\n<meta property=\"og:description\" content=\"Eine neue Online-Plattform der Kantonalen Geb\u00e4udeversicherungen zeigt auf, wie Geb\u00e4ude gegen Sch\u00e4den durch Naturgefahren gesch\u00fctzt werden k\u00f6nnen.\" \/>\n<meta property=\"og:url\" content=\"https:\/\/news.save.ch\/it\/neuer-naturgefahren-check-fuer-baufachleute\/\" \/>\n<meta property=\"og:site_name\" content=\"Save\" \/>\n<meta property=\"article:published_time\" content=\"2017-04-25T13:49:49+00:00\" \/>\n<meta property=\"article:modified_time\" content=\"2023-03-14T07:58:59+00:00\" \/>\n<meta property=\"og:image\" content=\"https:\/\/news.save.ch\/wp-content\/uploads\/2017\/04\/naturgefahr.jpg\" \/>\n\t<meta property=\"og:image:width\" content=\"741\" \/>\n\t<meta property=\"og:image:height\" content=\"465\" \/>\n\t<meta property=\"og:image:type\" content=\"image\/jpeg\" \/>\n<meta name=\"author\" content=\"Roger Str\u00e4ssle\" \/>\n<meta name=\"twitter:card\" content=\"summary_large_image\" \/>\n<meta name=\"twitter:label1\" content=\"Scritto da\" \/>\n\t<meta name=\"twitter:data1\" content=\"Roger Str\u00e4ssle\" \/>\n\t<meta name=\"twitter:label2\" content=\"Tempo di lettura stimato\" \/>\n\t<meta name=\"twitter:data2\" content=\"2 minuti\" \/>\n<script type=\"application\/ld+json\" class=\"yoast-schema-graph\">{\"@context\":\"https:\\\/\\\/schema.org\",\"@graph\":[{\"@type\":\"Article\",\"@id\":\"https:\\\/\\\/news.save.ch\\\/neuer-naturgefahren-check-fuer-baufachleute\\\/#article\",\"isPartOf\":{\"@id\":\"https:\\\/\\\/news.save.ch\\\/neuer-naturgefahren-check-fuer-baufachleute\\\/\"},\"author\":{\"name\":\"Roger Str\u00e4ssle\",\"@id\":\"https:\\\/\\\/news.save.ch\\\/de\\\/#\\\/schema\\\/person\\\/d5022db048e0e2b9785c50e5b24da5aa\"},\"headline\":\"Neuer Naturgefahren-Check f\u00fcr Baufachleute\",\"datePublished\":\"2017-04-25T13:49:49+00:00\",\"dateModified\":\"2023-03-14T07:58:59+00:00\",\"mainEntityOfPage\":{\"@id\":\"https:\\\/\\\/news.save.ch\\\/neuer-naturgefahren-check-fuer-baufachleute\\\/\"},\"wordCount\":439,\"commentCount\":0,\"publisher\":{\"@id\":\"https:\\\/\\\/news.save.ch\\\/de\\\/#organization\"},\"image\":{\"@id\":\"https:\\\/\\\/news.save.ch\\\/neuer-naturgefahren-check-fuer-baufachleute\\\/#primaryimage\"},\"thumbnailUrl\":\"https:\\\/\\\/news.save.ch\\\/wp-content\\\/uploads\\\/2017\\\/04\\\/naturgefahr.jpg\",\"keywords\":[\"Geb\u00e4udeschutz\",\"Naturgefahren\",\"Tipps und Tricks\"],\"articleSection\":[\"SICHERHEIT\"],\"inLanguage\":\"it-IT\"},{\"@type\":\"WebPage\",\"@id\":\"https:\\\/\\\/news.save.ch\\\/neuer-naturgefahren-check-fuer-baufachleute\\\/\",\"url\":\"https:\\\/\\\/news.save.ch\\\/neuer-naturgefahren-check-fuer-baufachleute\\\/\",\"name\":\"Neuer Naturgefahren-Check f\u00fcr Baufachleute - Save\",\"isPartOf\":{\"@id\":\"https:\\\/\\\/news.save.ch\\\/de\\\/#website\"},\"primaryImageOfPage\":{\"@id\":\"https:\\\/\\\/news.save.ch\\\/neuer-naturgefahren-check-fuer-baufachleute\\\/#primaryimage\"},\"image\":{\"@id\":\"https:\\\/\\\/news.save.ch\\\/neuer-naturgefahren-check-fuer-baufachleute\\\/#primaryimage\"},\"thumbnailUrl\":\"https:\\\/\\\/news.save.ch\\\/wp-content\\\/uploads\\\/2017\\\/04\\\/naturgefahr.jpg\",\"datePublished\":\"2017-04-25T13:49:49+00:00\",\"dateModified\":\"2023-03-14T07:58:59+00:00\",\"description\":\"Eine neue Online-Plattform der Kantonalen Geb\u00e4udeversicherungen zeigt auf, wie Geb\u00e4ude gegen Sch\u00e4den durch Naturgefahren gesch\u00fctzt werden k\u00f6nnen.\",\"breadcrumb\":{\"@id\":\"https:\\\/\\\/news.save.ch\\\/neuer-naturgefahren-check-fuer-baufachleute\\\/#breadcrumb\"},\"inLanguage\":\"it-IT\",\"potentialAction\":[{\"@type\":\"ReadAction\",\"target\":[\"https:\\\/\\\/news.save.ch\\\/neuer-naturgefahren-check-fuer-baufachleute\\\/\"]}]},{\"@type\":\"ImageObject\",\"inLanguage\":\"it-IT\",\"@id\":\"https:\\\/\\\/news.save.ch\\\/neuer-naturgefahren-check-fuer-baufachleute\\\/#primaryimage\",\"url\":\"https:\\\/\\\/news.save.ch\\\/wp-content\\\/uploads\\\/2017\\\/04\\\/naturgefahr.jpg\",\"contentUrl\":\"https:\\\/\\\/news.save.ch\\\/wp-content\\\/uploads\\\/2017\\\/04\\\/naturgefahr.jpg\",\"width\":741,\"height\":465,\"caption\":\"Grafik: Kantonale Geb\u00e4udeversicherungen\"},{\"@type\":\"BreadcrumbList\",\"@id\":\"https:\\\/\\\/news.save.ch\\\/neuer-naturgefahren-check-fuer-baufachleute\\\/#breadcrumb\",\"itemListElement\":[{\"@type\":\"ListItem\",\"position\":1,\"name\":\"Home\",\"item\":\"https:\\\/\\\/news.save.ch\\\/de\\\/\"},{\"@type\":\"ListItem\",\"position\":2,\"name\":\"Neuer Naturgefahren-Check f\u00fcr Baufachleute\"}]},{\"@type\":\"WebSite\",\"@id\":\"https:\\\/\\\/news.save.ch\\\/de\\\/#website\",\"url\":\"https:\\\/\\\/news.save.ch\\\/de\\\/\",\"name\":\"Save\",\"description\":\"Schweizer Fachzeitschrift f\u00fcr Sicherheit\",\"publisher\":{\"@id\":\"https:\\\/\\\/news.save.ch\\\/de\\\/#organization\"},\"potentialAction\":[{\"@type\":\"SearchAction\",\"target\":{\"@type\":\"EntryPoint\",\"urlTemplate\":\"https:\\\/\\\/news.save.ch\\\/de\\\/?s={search_term_string}\"},\"query-input\":{\"@type\":\"PropertyValueSpecification\",\"valueRequired\":true,\"valueName\":\"search_term_string\"}}],\"inLanguage\":\"it-IT\"},{\"@type\":\"Organization\",\"@id\":\"https:\\\/\\\/news.save.ch\\\/de\\\/#organization\",\"name\":\"Sicherheitsforum\",\"url\":\"https:\\\/\\\/news.save.ch\\\/de\\\/\",\"logo\":{\"@type\":\"ImageObject\",\"inLanguage\":\"it-IT\",\"@id\":\"https:\\\/\\\/news.save.ch\\\/de\\\/#\\\/schema\\\/logo\\\/image\\\/\",\"url\":\"https:\\\/\\\/news.save.ch\\\/wp-content\\\/uploads\\\/2022\\\/06\\\/Logo_SF_2012.png\",\"contentUrl\":\"https:\\\/\\\/news.save.ch\\\/wp-content\\\/uploads\\\/2022\\\/06\\\/Logo_SF_2012.png\",\"width\":1100,\"height\":91,\"caption\":\"Sicherheitsforum\"},\"image\":{\"@id\":\"https:\\\/\\\/news.save.ch\\\/de\\\/#\\\/schema\\\/logo\\\/image\\\/\"}},{\"@type\":\"Person\",\"@id\":\"https:\\\/\\\/news.save.ch\\\/de\\\/#\\\/schema\\\/person\\\/d5022db048e0e2b9785c50e5b24da5aa\",\"name\":\"Roger Str\u00e4ssle\",\"image\":{\"@type\":\"ImageObject\",\"inLanguage\":\"it-IT\",\"@id\":\"https:\\\/\\\/secure.gravatar.com\\\/avatar\\\/862a5569d087de48e5856e32f45d719a03804c891d6deb8d4f71a660e79e4a47?s=96&d=mm&r=g\",\"url\":\"https:\\\/\\\/secure.gravatar.com\\\/avatar\\\/862a5569d087de48e5856e32f45d719a03804c891d6deb8d4f71a660e79e4a47?s=96&d=mm&r=g\",\"contentUrl\":\"https:\\\/\\\/secure.gravatar.com\\\/avatar\\\/862a5569d087de48e5856e32f45d719a03804c891d6deb8d4f71a660e79e4a47?s=96&d=mm&r=g\",\"caption\":\"Roger Str\u00e4ssle\"},\"url\":\"https:\\\/\\\/news.save.ch\\\/it\\\/author\\\/roger-straessle\\\/\"}]}<\/script>\n<!-- \/ Yoast SEO plugin. -->","yoast_head_json":{"title":"Nuovo controllo dei rischi naturali per i professionisti dell'edilizia - Save","description":"Una nuova piattaforma online degli assicuratori edili cantonali mostra come proteggere gli edifici dai danni causati dai pericoli naturali.","robots":{"index":"index","follow":"follow","max-snippet":"max-snippet:-1","max-image-preview":"max-image-preview:large","max-video-preview":"max-video-preview:-1"},"canonical":"https:\/\/news.save.ch\/it\/neuer-naturgefahren-check-fuer-baufachleute\/","og_locale":"it_IT","og_type":"article","og_title":"Neuer Naturgefahren-Check f\u00fcr Baufachleute - Save","og_description":"Eine neue Online-Plattform der Kantonalen Geb\u00e4udeversicherungen zeigt auf, wie Geb\u00e4ude gegen Sch\u00e4den durch Naturgefahren gesch\u00fctzt werden k\u00f6nnen.","og_url":"https:\/\/news.save.ch\/it\/neuer-naturgefahren-check-fuer-baufachleute\/","og_site_name":"Save","article_published_time":"2017-04-25T13:49:49+00:00","article_modified_time":"2023-03-14T07:58:59+00:00","og_image":[{"width":741,"height":465,"url":"https:\/\/news.save.ch\/wp-content\/uploads\/2017\/04\/naturgefahr.jpg","type":"image\/jpeg"}],"author":"Roger Str\u00e4ssle","twitter_card":"summary_large_image","twitter_misc":{"Scritto da":"Roger Str\u00e4ssle","Tempo di lettura stimato":"2 minuti"},"schema":{"@context":"https:\/\/schema.org","@graph":[{"@type":"Article","@id":"https:\/\/news.save.ch\/neuer-naturgefahren-check-fuer-baufachleute\/#article","isPartOf":{"@id":"https:\/\/news.save.ch\/neuer-naturgefahren-check-fuer-baufachleute\/"},"author":{"name":"Roger Str\u00e4ssle","@id":"https:\/\/news.save.ch\/de\/#\/schema\/person\/d5022db048e0e2b9785c50e5b24da5aa"},"headline":"Neuer Naturgefahren-Check f\u00fcr Baufachleute","datePublished":"2017-04-25T13:49:49+00:00","dateModified":"2023-03-14T07:58:59+00:00","mainEntityOfPage":{"@id":"https:\/\/news.save.ch\/neuer-naturgefahren-check-fuer-baufachleute\/"},"wordCount":439,"commentCount":0,"publisher":{"@id":"https:\/\/news.save.ch\/de\/#organization"},"image":{"@id":"https:\/\/news.save.ch\/neuer-naturgefahren-check-fuer-baufachleute\/#primaryimage"},"thumbnailUrl":"https:\/\/news.save.ch\/wp-content\/uploads\/2017\/04\/naturgefahr.jpg","keywords":["Geb\u00e4udeschutz","Naturgefahren","Tipps und Tricks"],"articleSection":["SICHERHEIT"],"inLanguage":"it-IT"},{"@type":"WebPage","@id":"https:\/\/news.save.ch\/neuer-naturgefahren-check-fuer-baufachleute\/","url":"https:\/\/news.save.ch\/neuer-naturgefahren-check-fuer-baufachleute\/","name":"Nuovo controllo dei rischi naturali per i professionisti dell'edilizia - Save","isPartOf":{"@id":"https:\/\/news.save.ch\/de\/#website"},"primaryImageOfPage":{"@id":"https:\/\/news.save.ch\/neuer-naturgefahren-check-fuer-baufachleute\/#primaryimage"},"image":{"@id":"https:\/\/news.save.ch\/neuer-naturgefahren-check-fuer-baufachleute\/#primaryimage"},"thumbnailUrl":"https:\/\/news.save.ch\/wp-content\/uploads\/2017\/04\/naturgefahr.jpg","datePublished":"2017-04-25T13:49:49+00:00","dateModified":"2023-03-14T07:58:59+00:00","description":"Una nuova piattaforma online degli assicuratori edili cantonali mostra come proteggere gli edifici dai danni causati dai pericoli naturali.","breadcrumb":{"@id":"https:\/\/news.save.ch\/neuer-naturgefahren-check-fuer-baufachleute\/#breadcrumb"},"inLanguage":"it-IT","potentialAction":[{"@type":"ReadAction","target":["https:\/\/news.save.ch\/neuer-naturgefahren-check-fuer-baufachleute\/"]}]},{"@type":"ImageObject","inLanguage":"it-IT","@id":"https:\/\/news.save.ch\/neuer-naturgefahren-check-fuer-baufachleute\/#primaryimage","url":"https:\/\/news.save.ch\/wp-content\/uploads\/2017\/04\/naturgefahr.jpg","contentUrl":"https:\/\/news.save.ch\/wp-content\/uploads\/2017\/04\/naturgefahr.jpg","width":741,"height":465,"caption":"Grafik: Kantonale Geb\u00e4udeversicherungen"},{"@type":"BreadcrumbList","@id":"https:\/\/news.save.ch\/neuer-naturgefahren-check-fuer-baufachleute\/#breadcrumb","itemListElement":[{"@type":"ListItem","position":1,"name":"Home","item":"https:\/\/news.save.ch\/de\/"},{"@type":"ListItem","position":2,"name":"Neuer Naturgefahren-Check f\u00fcr Baufachleute"}]},{"@type":"WebSite","@id":"https:\/\/news.save.ch\/de\/#website","url":"https:\/\/news.save.ch\/de\/","name":"Risparmiare","description":"Rivista svizzera specializzata in sicurezza","publisher":{"@id":"https:\/\/news.save.ch\/de\/#organization"},"potentialAction":[{"@type":"SearchAction","target":{"@type":"EntryPoint","urlTemplate":"https:\/\/news.save.ch\/de\/?s={search_term_string}"},"query-input":{"@type":"PropertyValueSpecification","valueRequired":true,"valueName":"search_term_string"}}],"inLanguage":"it-IT"},{"@type":"Organization","@id":"https:\/\/news.save.ch\/de\/#organization","name":"Forum sulla sicurezza","url":"https:\/\/news.save.ch\/de\/","logo":{"@type":"ImageObject","inLanguage":"it-IT","@id":"https:\/\/news.save.ch\/de\/#\/schema\/logo\/image\/","url":"https:\/\/news.save.ch\/wp-content\/uploads\/2022\/06\/Logo_SF_2012.png","contentUrl":"https:\/\/news.save.ch\/wp-content\/uploads\/2022\/06\/Logo_SF_2012.png","width":1100,"height":91,"caption":"Sicherheitsforum"},"image":{"@id":"https:\/\/news.save.ch\/de\/#\/schema\/logo\/image\/"}},{"@type":"Person","@id":"https:\/\/news.save.ch\/de\/#\/schema\/person\/d5022db048e0e2b9785c50e5b24da5aa","name":"Roger Str\u00e4ssle","image":{"@type":"ImageObject","inLanguage":"it-IT","@id":"https:\/\/secure.gravatar.com\/avatar\/862a5569d087de48e5856e32f45d719a03804c891d6deb8d4f71a660e79e4a47?s=96&d=mm&r=g","url":"https:\/\/secure.gravatar.com\/avatar\/862a5569d087de48e5856e32f45d719a03804c891d6deb8d4f71a660e79e4a47?s=96&d=mm&r=g","contentUrl":"https:\/\/secure.gravatar.com\/avatar\/862a5569d087de48e5856e32f45d719a03804c891d6deb8d4f71a660e79e4a47?s=96&d=mm&r=g","caption":"Roger Str\u00e4ssle"},"url":"https:\/\/news.save.ch\/it\/author\/roger-straessle\/"}]}},"_links":{"self":[{"href":"https:\/\/news.save.ch\/it\/wp-json\/wp\/v2\/posts\/4719","targetHints":{"allow":["GET"]}}],"collection":[{"href":"https:\/\/news.save.ch\/it\/wp-json\/wp\/v2\/posts"}],"about":[{"href":"https:\/\/news.save.ch\/it\/wp-json\/wp\/v2\/types\/post"}],"author":[{"embeddable":true,"href":"https:\/\/news.save.ch\/it\/wp-json\/wp\/v2\/users\/8"}],"replies":[{"embeddable":true,"href":"https:\/\/news.save.ch\/it\/wp-json\/wp\/v2\/comments?post=4719"}],"version-history":[{"count":1,"href":"https:\/\/news.save.ch\/it\/wp-json\/wp\/v2\/posts\/4719\/revisions"}],"predecessor-version":[{"id":17875,"href":"https:\/\/news.save.ch\/it\/wp-json\/wp\/v2\/posts\/4719\/revisions\/17875"}],"wp:featuredmedia":[{"embeddable":true,"href":"https:\/\/news.save.ch\/it\/wp-json\/wp\/v2\/media\/4720"}],"wp:attachment":[{"href":"https:\/\/news.save.ch\/it\/wp-json\/wp\/v2\/media?parent=4719"}],"wp:term":[{"taxonomy":"category","embeddable":true,"href":"https:\/\/news.save.ch\/it\/wp-json\/wp\/v2\/categories?post=4719"},{"taxonomy":"post_tag","embeddable":true,"href":"https:\/\/news.save.ch\/it\/wp-json\/wp\/v2\/tags?post=4719"}],"curies":[{"name":"wp","href":"https:\/\/api.w.org\/{rel}","templated":true}]}}