{"id":4726,"date":"2017-04-26T12:58:13","date_gmt":"2017-04-26T10:58:13","guid":{"rendered":"https:\/\/news.save.ch\/?p=4726"},"modified":"2023-03-14T08:57:04","modified_gmt":"2023-03-14T07:57:04","slug":"cyber-risiken-bundesrat-gleist-nachfolgestrategie-auf","status":null,"type":"post","link":"https:\/\/news.save.ch\/it\/cyber-risiken-bundesrat-gleist-nachfolgestrategie-auf\/","title":{"rendered":"Rischi informatici: Il Consiglio federale lancia una strategia di follow-up"},"content":{"rendered":"<figure id=\"attachment_4727\" aria-describedby=\"caption-attachment-4727\" style=\"width: 680px\" class=\"wp-caption aligncenter\"><img loading=\"lazy\" decoding=\"async\" class=\"size-medium wp-image-4727\" src=\"https:\/\/news.save.ch\/wp-content\/uploads\/2017\/04\/Depositphotos-1.jpg\" alt=\"\" width=\"680\" height=\"454\" srcset=\"https:\/\/news.save.ch\/wp-content\/uploads\/2017\/04\/Depositphotos-1.jpg 1000w, https:\/\/news.save.ch\/wp-content\/uploads\/2017\/04\/Depositphotos-1-375x250.jpg 375w\" sizes=\"auto, (max-width: 680px) 100vw, 680px\" \/><figcaption id=\"caption-attachment-4727\" class=\"wp-caption-text\">\u00a9 depositphotos<\/figcaption><\/figure>\n<p>La protezione contro i rischi informatici \u00e8 molto importante, come dimostra chiaramente il crescente numero di incidenti in patria e all'estero. Oltre alla criminalit\u00e0 informatica tradizionale, gli attacchi sono sempre pi\u00f9 diretti contro gli Stati e le infrastrutture critiche. Questo fatto e il fatto che gli attacchi informatici vengono utilizzati anche per scopi politici significa che la minaccia per la Svizzera derivante dai rischi informatici continuer\u00e0 ad aumentare anche in futuro.<\/p>\n<h2>La minaccia rimane<\/h2>\n<p>Per contrastare la minaccia, nel 2012 il Consiglio federale ha adottato la prima Strategia nazionale per la protezione della Svizzera dai rischi informatici (NCS) per gli anni 2012-2017. L'attuazione di questa strategia si conclude quest'anno come previsto. La strategia adottata oggi dal Consiglio federale <a href=\"https:\/\/www.newsd.admin.ch\/newsd\/message\/attachments\/48041.pdf\">Relazione annuale 2016<\/a> sullo stato di attuazione dell'NCS mostra che 15 delle 16 misure sono gi\u00e0 state completate con successo oggi.<\/p>\n<p>Per decidere se e come portare avanti l'NCS in futuro, il Consiglio Federale ha condotto una <a href=\"https:\/\/www.newsd.admin.ch\/newsd\/message\/attachments\/48045.pdf\">Valutazione dell'efficacia<\/a> dell'attuazione fino ad oggi e ne ha preso atto oggi. I risultati dimostrano che l'orientamento strategico dell'NCS \u00e8 stato scelto correttamente e che l'attuazione decentrata ma strettamente coordinata dell'NCS sta funzionando complessivamente bene. In tutti i settori \u00e8 stato possibile istituire processi e strutture funzionanti e costruire le necessarie conoscenze specialistiche, cosicch\u00e9 la Svizzera \u00e8 meglio preparata ad affrontare i rischi informatici oggi rispetto al 2012. Allo stesso tempo, \u00e8 chiaro che l'NCS ha gettato solo le basi e che la protezione contro i rischi informatici deve essere ulteriormente ampliata. L'aumento della difesa attraverso le misure NCS contrasta con l'intensificarsi della situazione di minaccia e l'aumento del networking.<\/p>\n<h2>Strategia di successione 2018-2023<\/h2>\n<p>Sulla base di questa valutazione del lavoro svolto finora e dell'analisi dell'attuale situazione di minaccia, il Consiglio federale ha incaricato il Federal IT Steering Unit (FSUIT) di elaborare una strategia di successione per gli anni 2018-2023 in collaborazione con le agenzie interessate e di presentarla al Consiglio federale entro la fine dell'anno. Si tratta di utilizzare le strutture e i processi creati per rafforzare in modo duraturo la protezione contro i rischi informatici. Il Consiglio federale ha deciso di prorogare a tempo indeterminato il finanziamento dei precedenti 30 posti NCS per il proseguimento e l'ampliamento della protezione contro i rischi informatici nei vari dipartimenti.<\/p>\n<p><em>Comunicato stampa del Consiglio federale<\/em><\/p>\n<p>&nbsp;<\/p>","protected":false},"excerpt":{"rendered":"<p>Der Schutz vor Cyber-Risiken ist sehr wichtig, wie die steigende Zahl an Vorf\u00e4llen im In- und Ausland deutlich aufzeigt. Neben der herk\u00f6mmlichen Cyber-Kriminalit\u00e4t richten sich die Angriffe vermehrt gegen Staaten und kritische Infrastrukturen. Dieser Umstand und die Tatsache, dass Cyber-Angriffe zudem auch zu politischen Zwecken eingesetzt werden, bedeuten, dass auch die Bedrohung der Schweiz durch [&hellip;]<\/p>\n","protected":false},"author":8,"featured_media":4727,"comment_status":"open","ping_status":"open","sticky":false,"template":"","format":"standard","meta":{"_acf_changed":false,"pgc_sgb_lightbox_settings":"","footnotes":""},"categories":[3313],"tags":[96,62],"class_list":["post-4726","post","type-post","status-publish","format-standard","has-post-thumbnail","hentry","category-digitalisierung","tag-cyber-crime","tag-ict-sicherheit"],"acf":[],"hkrextid":null,"publication":null,"issue":null,"workflow":null,"startPage":null,"spitzmarke":null,"_posts_by_tag_page_fields":{"widget_title":"","widget_tags":""},"_at_widget":"1","_yoast_wpseo_primary_category":"2","_yoast_wpseo_focuskw_text_input":"Cyber-Risiken","_yoast_wpseo_opengraph-image":null,"_yoast_wpseo_opengraph-description":null,"_yoast_wpseo_opengraph-title":null,"enclosure":null,"_yoast_wpseo_twitter-title":null,"_yoast_wpseo_twitter-description":null,"_yoast_wpseo_twitter-image":null,"_wp_old_slug":null,"_yoast_wpseo_title":null,"_yoast_wpseo_canonical":null,"yoast_head":"<!-- This site is optimized with the Yoast SEO plugin v27.5 - https:\/\/yoast.com\/product\/yoast-seo-wordpress\/ -->\n<title>Cyber-Risiken: Bundesrat gleist Nachfolgestrategie auf - Save<\/title>\n<meta name=\"description\" content=\"Der Bundesrat hat angesichts der weiterhin zunehmenden Cyber-Bedrohung entschieden, die Ausarbeitung einer Nachfolgestrategie in Auftrag zu geben.\" \/>\n<meta name=\"robots\" content=\"index, follow, max-snippet:-1, max-image-preview:large, max-video-preview:-1\" \/>\n<link rel=\"canonical\" href=\"https:\/\/news.save.ch\/it\/cyber-risiken-bundesrat-gleist-nachfolgestrategie-auf\/\" \/>\n<meta property=\"og:locale\" content=\"it_IT\" \/>\n<meta property=\"og:type\" content=\"article\" \/>\n<meta property=\"og:title\" content=\"Cyber-Risiken: Bundesrat gleist Nachfolgestrategie auf - Save\" \/>\n<meta property=\"og:description\" content=\"Der Bundesrat hat angesichts der weiterhin zunehmenden Cyber-Bedrohung entschieden, die Ausarbeitung einer Nachfolgestrategie in Auftrag zu geben.\" \/>\n<meta property=\"og:url\" content=\"https:\/\/news.save.ch\/it\/cyber-risiken-bundesrat-gleist-nachfolgestrategie-auf\/\" \/>\n<meta property=\"og:site_name\" content=\"Save\" \/>\n<meta property=\"article:published_time\" content=\"2017-04-26T10:58:13+00:00\" \/>\n<meta property=\"article:modified_time\" content=\"2023-03-14T07:57:04+00:00\" \/>\n<meta property=\"og:image\" content=\"https:\/\/news.save.ch\/wp-content\/uploads\/2017\/04\/Depositphotos-1.jpg\" \/>\n\t<meta property=\"og:image:width\" content=\"1000\" \/>\n\t<meta property=\"og:image:height\" content=\"667\" \/>\n\t<meta property=\"og:image:type\" content=\"image\/jpeg\" \/>\n<meta name=\"author\" content=\"Roger Str\u00e4ssle\" \/>\n<meta name=\"twitter:card\" content=\"summary_large_image\" \/>\n<meta name=\"twitter:label1\" content=\"Scritto da\" \/>\n\t<meta name=\"twitter:data1\" content=\"Roger Str\u00e4ssle\" \/>\n\t<meta name=\"twitter:label2\" content=\"Tempo di lettura stimato\" \/>\n\t<meta name=\"twitter:data2\" content=\"2 minuti\" \/>\n<script type=\"application\/ld+json\" class=\"yoast-schema-graph\">{\"@context\":\"https:\\\/\\\/schema.org\",\"@graph\":[{\"@type\":\"Article\",\"@id\":\"https:\\\/\\\/news.save.ch\\\/cyber-risiken-bundesrat-gleist-nachfolgestrategie-auf\\\/#article\",\"isPartOf\":{\"@id\":\"https:\\\/\\\/news.save.ch\\\/cyber-risiken-bundesrat-gleist-nachfolgestrategie-auf\\\/\"},\"author\":{\"name\":\"Roger Str\u00e4ssle\",\"@id\":\"https:\\\/\\\/news.save.ch\\\/de\\\/#\\\/schema\\\/person\\\/d5022db048e0e2b9785c50e5b24da5aa\"},\"headline\":\"Cyber-Risiken: Bundesrat gleist Nachfolgestrategie auf\",\"datePublished\":\"2017-04-26T10:58:13+00:00\",\"dateModified\":\"2023-03-14T07:57:04+00:00\",\"mainEntityOfPage\":{\"@id\":\"https:\\\/\\\/news.save.ch\\\/cyber-risiken-bundesrat-gleist-nachfolgestrategie-auf\\\/\"},\"wordCount\":357,\"commentCount\":0,\"publisher\":{\"@id\":\"https:\\\/\\\/news.save.ch\\\/de\\\/#organization\"},\"image\":{\"@id\":\"https:\\\/\\\/news.save.ch\\\/cyber-risiken-bundesrat-gleist-nachfolgestrategie-auf\\\/#primaryimage\"},\"thumbnailUrl\":\"https:\\\/\\\/news.save.ch\\\/wp-content\\\/uploads\\\/2017\\\/04\\\/Depositphotos-1.jpg\",\"keywords\":[\"Cyber-Crime\",\"ICT-Sicherheit\"],\"articleSection\":[\"DIGITALISIERUNG\"],\"inLanguage\":\"it-IT\"},{\"@type\":\"WebPage\",\"@id\":\"https:\\\/\\\/news.save.ch\\\/cyber-risiken-bundesrat-gleist-nachfolgestrategie-auf\\\/\",\"url\":\"https:\\\/\\\/news.save.ch\\\/cyber-risiken-bundesrat-gleist-nachfolgestrategie-auf\\\/\",\"name\":\"Cyber-Risiken: Bundesrat gleist Nachfolgestrategie auf - Save\",\"isPartOf\":{\"@id\":\"https:\\\/\\\/news.save.ch\\\/de\\\/#website\"},\"primaryImageOfPage\":{\"@id\":\"https:\\\/\\\/news.save.ch\\\/cyber-risiken-bundesrat-gleist-nachfolgestrategie-auf\\\/#primaryimage\"},\"image\":{\"@id\":\"https:\\\/\\\/news.save.ch\\\/cyber-risiken-bundesrat-gleist-nachfolgestrategie-auf\\\/#primaryimage\"},\"thumbnailUrl\":\"https:\\\/\\\/news.save.ch\\\/wp-content\\\/uploads\\\/2017\\\/04\\\/Depositphotos-1.jpg\",\"datePublished\":\"2017-04-26T10:58:13+00:00\",\"dateModified\":\"2023-03-14T07:57:04+00:00\",\"description\":\"Der Bundesrat hat angesichts der weiterhin zunehmenden Cyber-Bedrohung entschieden, die Ausarbeitung einer Nachfolgestrategie in Auftrag zu geben.\",\"breadcrumb\":{\"@id\":\"https:\\\/\\\/news.save.ch\\\/cyber-risiken-bundesrat-gleist-nachfolgestrategie-auf\\\/#breadcrumb\"},\"inLanguage\":\"it-IT\",\"potentialAction\":[{\"@type\":\"ReadAction\",\"target\":[\"https:\\\/\\\/news.save.ch\\\/cyber-risiken-bundesrat-gleist-nachfolgestrategie-auf\\\/\"]}]},{\"@type\":\"ImageObject\",\"inLanguage\":\"it-IT\",\"@id\":\"https:\\\/\\\/news.save.ch\\\/cyber-risiken-bundesrat-gleist-nachfolgestrategie-auf\\\/#primaryimage\",\"url\":\"https:\\\/\\\/news.save.ch\\\/wp-content\\\/uploads\\\/2017\\\/04\\\/Depositphotos-1.jpg\",\"contentUrl\":\"https:\\\/\\\/news.save.ch\\\/wp-content\\\/uploads\\\/2017\\\/04\\\/Depositphotos-1.jpg\",\"width\":1000,\"height\":667,\"caption\":\"\u00a9 depositphotos\"},{\"@type\":\"BreadcrumbList\",\"@id\":\"https:\\\/\\\/news.save.ch\\\/cyber-risiken-bundesrat-gleist-nachfolgestrategie-auf\\\/#breadcrumb\",\"itemListElement\":[{\"@type\":\"ListItem\",\"position\":1,\"name\":\"Home\",\"item\":\"https:\\\/\\\/news.save.ch\\\/de\\\/\"},{\"@type\":\"ListItem\",\"position\":2,\"name\":\"Cyber-Risiken: Bundesrat gleist Nachfolgestrategie auf\"}]},{\"@type\":\"WebSite\",\"@id\":\"https:\\\/\\\/news.save.ch\\\/de\\\/#website\",\"url\":\"https:\\\/\\\/news.save.ch\\\/de\\\/\",\"name\":\"Save\",\"description\":\"Schweizer Fachzeitschrift f\u00fcr Sicherheit\",\"publisher\":{\"@id\":\"https:\\\/\\\/news.save.ch\\\/de\\\/#organization\"},\"potentialAction\":[{\"@type\":\"SearchAction\",\"target\":{\"@type\":\"EntryPoint\",\"urlTemplate\":\"https:\\\/\\\/news.save.ch\\\/de\\\/?s={search_term_string}\"},\"query-input\":{\"@type\":\"PropertyValueSpecification\",\"valueRequired\":true,\"valueName\":\"search_term_string\"}}],\"inLanguage\":\"it-IT\"},{\"@type\":\"Organization\",\"@id\":\"https:\\\/\\\/news.save.ch\\\/de\\\/#organization\",\"name\":\"Sicherheitsforum\",\"url\":\"https:\\\/\\\/news.save.ch\\\/de\\\/\",\"logo\":{\"@type\":\"ImageObject\",\"inLanguage\":\"it-IT\",\"@id\":\"https:\\\/\\\/news.save.ch\\\/de\\\/#\\\/schema\\\/logo\\\/image\\\/\",\"url\":\"https:\\\/\\\/news.save.ch\\\/wp-content\\\/uploads\\\/2022\\\/06\\\/Logo_SF_2012.png\",\"contentUrl\":\"https:\\\/\\\/news.save.ch\\\/wp-content\\\/uploads\\\/2022\\\/06\\\/Logo_SF_2012.png\",\"width\":1100,\"height\":91,\"caption\":\"Sicherheitsforum\"},\"image\":{\"@id\":\"https:\\\/\\\/news.save.ch\\\/de\\\/#\\\/schema\\\/logo\\\/image\\\/\"}},{\"@type\":\"Person\",\"@id\":\"https:\\\/\\\/news.save.ch\\\/de\\\/#\\\/schema\\\/person\\\/d5022db048e0e2b9785c50e5b24da5aa\",\"name\":\"Roger Str\u00e4ssle\",\"image\":{\"@type\":\"ImageObject\",\"inLanguage\":\"it-IT\",\"@id\":\"https:\\\/\\\/secure.gravatar.com\\\/avatar\\\/862a5569d087de48e5856e32f45d719a03804c891d6deb8d4f71a660e79e4a47?s=96&d=mm&r=g\",\"url\":\"https:\\\/\\\/secure.gravatar.com\\\/avatar\\\/862a5569d087de48e5856e32f45d719a03804c891d6deb8d4f71a660e79e4a47?s=96&d=mm&r=g\",\"contentUrl\":\"https:\\\/\\\/secure.gravatar.com\\\/avatar\\\/862a5569d087de48e5856e32f45d719a03804c891d6deb8d4f71a660e79e4a47?s=96&d=mm&r=g\",\"caption\":\"Roger Str\u00e4ssle\"},\"url\":\"https:\\\/\\\/news.save.ch\\\/it\\\/author\\\/roger-straessle\\\/\"}]}<\/script>\n<!-- \/ Yoast SEO plugin. -->","yoast_head_json":{"title":"Rischi informatici: Il Consiglio federale lancia una strategia di follow-up - Save","description":"Alla luce del continuo aumento delle minacce informatiche, il Consiglio federale ha deciso di commissionare lo sviluppo di una strategia di follow-up.","robots":{"index":"index","follow":"follow","max-snippet":"max-snippet:-1","max-image-preview":"max-image-preview:large","max-video-preview":"max-video-preview:-1"},"canonical":"https:\/\/news.save.ch\/it\/cyber-risiken-bundesrat-gleist-nachfolgestrategie-auf\/","og_locale":"it_IT","og_type":"article","og_title":"Cyber-Risiken: Bundesrat gleist Nachfolgestrategie auf - Save","og_description":"Der Bundesrat hat angesichts der weiterhin zunehmenden Cyber-Bedrohung entschieden, die Ausarbeitung einer Nachfolgestrategie in Auftrag zu geben.","og_url":"https:\/\/news.save.ch\/it\/cyber-risiken-bundesrat-gleist-nachfolgestrategie-auf\/","og_site_name":"Save","article_published_time":"2017-04-26T10:58:13+00:00","article_modified_time":"2023-03-14T07:57:04+00:00","og_image":[{"width":1000,"height":667,"url":"https:\/\/news.save.ch\/wp-content\/uploads\/2017\/04\/Depositphotos-1.jpg","type":"image\/jpeg"}],"author":"Roger Str\u00e4ssle","twitter_card":"summary_large_image","twitter_misc":{"Scritto da":"Roger Str\u00e4ssle","Tempo di lettura stimato":"2 minuti"},"schema":{"@context":"https:\/\/schema.org","@graph":[{"@type":"Article","@id":"https:\/\/news.save.ch\/cyber-risiken-bundesrat-gleist-nachfolgestrategie-auf\/#article","isPartOf":{"@id":"https:\/\/news.save.ch\/cyber-risiken-bundesrat-gleist-nachfolgestrategie-auf\/"},"author":{"name":"Roger Str\u00e4ssle","@id":"https:\/\/news.save.ch\/de\/#\/schema\/person\/d5022db048e0e2b9785c50e5b24da5aa"},"headline":"Cyber-Risiken: Bundesrat gleist Nachfolgestrategie auf","datePublished":"2017-04-26T10:58:13+00:00","dateModified":"2023-03-14T07:57:04+00:00","mainEntityOfPage":{"@id":"https:\/\/news.save.ch\/cyber-risiken-bundesrat-gleist-nachfolgestrategie-auf\/"},"wordCount":357,"commentCount":0,"publisher":{"@id":"https:\/\/news.save.ch\/de\/#organization"},"image":{"@id":"https:\/\/news.save.ch\/cyber-risiken-bundesrat-gleist-nachfolgestrategie-auf\/#primaryimage"},"thumbnailUrl":"https:\/\/news.save.ch\/wp-content\/uploads\/2017\/04\/Depositphotos-1.jpg","keywords":["Cyber-Crime","ICT-Sicherheit"],"articleSection":["DIGITALISIERUNG"],"inLanguage":"it-IT"},{"@type":"WebPage","@id":"https:\/\/news.save.ch\/cyber-risiken-bundesrat-gleist-nachfolgestrategie-auf\/","url":"https:\/\/news.save.ch\/cyber-risiken-bundesrat-gleist-nachfolgestrategie-auf\/","name":"Rischi informatici: Il Consiglio federale lancia una strategia di follow-up - Save","isPartOf":{"@id":"https:\/\/news.save.ch\/de\/#website"},"primaryImageOfPage":{"@id":"https:\/\/news.save.ch\/cyber-risiken-bundesrat-gleist-nachfolgestrategie-auf\/#primaryimage"},"image":{"@id":"https:\/\/news.save.ch\/cyber-risiken-bundesrat-gleist-nachfolgestrategie-auf\/#primaryimage"},"thumbnailUrl":"https:\/\/news.save.ch\/wp-content\/uploads\/2017\/04\/Depositphotos-1.jpg","datePublished":"2017-04-26T10:58:13+00:00","dateModified":"2023-03-14T07:57:04+00:00","description":"Alla luce del continuo aumento delle minacce informatiche, il Consiglio federale ha deciso di commissionare lo sviluppo di una strategia di follow-up.","breadcrumb":{"@id":"https:\/\/news.save.ch\/cyber-risiken-bundesrat-gleist-nachfolgestrategie-auf\/#breadcrumb"},"inLanguage":"it-IT","potentialAction":[{"@type":"ReadAction","target":["https:\/\/news.save.ch\/cyber-risiken-bundesrat-gleist-nachfolgestrategie-auf\/"]}]},{"@type":"ImageObject","inLanguage":"it-IT","@id":"https:\/\/news.save.ch\/cyber-risiken-bundesrat-gleist-nachfolgestrategie-auf\/#primaryimage","url":"https:\/\/news.save.ch\/wp-content\/uploads\/2017\/04\/Depositphotos-1.jpg","contentUrl":"https:\/\/news.save.ch\/wp-content\/uploads\/2017\/04\/Depositphotos-1.jpg","width":1000,"height":667,"caption":"\u00a9 depositphotos"},{"@type":"BreadcrumbList","@id":"https:\/\/news.save.ch\/cyber-risiken-bundesrat-gleist-nachfolgestrategie-auf\/#breadcrumb","itemListElement":[{"@type":"ListItem","position":1,"name":"Home","item":"https:\/\/news.save.ch\/de\/"},{"@type":"ListItem","position":2,"name":"Cyber-Risiken: Bundesrat gleist Nachfolgestrategie auf"}]},{"@type":"WebSite","@id":"https:\/\/news.save.ch\/de\/#website","url":"https:\/\/news.save.ch\/de\/","name":"Risparmiare","description":"Rivista svizzera specializzata in sicurezza","publisher":{"@id":"https:\/\/news.save.ch\/de\/#organization"},"potentialAction":[{"@type":"SearchAction","target":{"@type":"EntryPoint","urlTemplate":"https:\/\/news.save.ch\/de\/?s={search_term_string}"},"query-input":{"@type":"PropertyValueSpecification","valueRequired":true,"valueName":"search_term_string"}}],"inLanguage":"it-IT"},{"@type":"Organization","@id":"https:\/\/news.save.ch\/de\/#organization","name":"Forum sulla sicurezza","url":"https:\/\/news.save.ch\/de\/","logo":{"@type":"ImageObject","inLanguage":"it-IT","@id":"https:\/\/news.save.ch\/de\/#\/schema\/logo\/image\/","url":"https:\/\/news.save.ch\/wp-content\/uploads\/2022\/06\/Logo_SF_2012.png","contentUrl":"https:\/\/news.save.ch\/wp-content\/uploads\/2022\/06\/Logo_SF_2012.png","width":1100,"height":91,"caption":"Sicherheitsforum"},"image":{"@id":"https:\/\/news.save.ch\/de\/#\/schema\/logo\/image\/"}},{"@type":"Person","@id":"https:\/\/news.save.ch\/de\/#\/schema\/person\/d5022db048e0e2b9785c50e5b24da5aa","name":"Roger Str\u00e4ssle","image":{"@type":"ImageObject","inLanguage":"it-IT","@id":"https:\/\/secure.gravatar.com\/avatar\/862a5569d087de48e5856e32f45d719a03804c891d6deb8d4f71a660e79e4a47?s=96&d=mm&r=g","url":"https:\/\/secure.gravatar.com\/avatar\/862a5569d087de48e5856e32f45d719a03804c891d6deb8d4f71a660e79e4a47?s=96&d=mm&r=g","contentUrl":"https:\/\/secure.gravatar.com\/avatar\/862a5569d087de48e5856e32f45d719a03804c891d6deb8d4f71a660e79e4a47?s=96&d=mm&r=g","caption":"Roger Str\u00e4ssle"},"url":"https:\/\/news.save.ch\/it\/author\/roger-straessle\/"}]}},"_links":{"self":[{"href":"https:\/\/news.save.ch\/it\/wp-json\/wp\/v2\/posts\/4726","targetHints":{"allow":["GET"]}}],"collection":[{"href":"https:\/\/news.save.ch\/it\/wp-json\/wp\/v2\/posts"}],"about":[{"href":"https:\/\/news.save.ch\/it\/wp-json\/wp\/v2\/types\/post"}],"author":[{"embeddable":true,"href":"https:\/\/news.save.ch\/it\/wp-json\/wp\/v2\/users\/8"}],"replies":[{"embeddable":true,"href":"https:\/\/news.save.ch\/it\/wp-json\/wp\/v2\/comments?post=4726"}],"version-history":[{"count":1,"href":"https:\/\/news.save.ch\/it\/wp-json\/wp\/v2\/posts\/4726\/revisions"}],"predecessor-version":[{"id":17513,"href":"https:\/\/news.save.ch\/it\/wp-json\/wp\/v2\/posts\/4726\/revisions\/17513"}],"wp:featuredmedia":[{"embeddable":true,"href":"https:\/\/news.save.ch\/it\/wp-json\/wp\/v2\/media\/4727"}],"wp:attachment":[{"href":"https:\/\/news.save.ch\/it\/wp-json\/wp\/v2\/media?parent=4726"}],"wp:term":[{"taxonomy":"category","embeddable":true,"href":"https:\/\/news.save.ch\/it\/wp-json\/wp\/v2\/categories?post=4726"},{"taxonomy":"post_tag","embeddable":true,"href":"https:\/\/news.save.ch\/it\/wp-json\/wp\/v2\/tags?post=4726"}],"curies":[{"name":"wp","href":"https:\/\/api.w.org\/{rel}","templated":true}]}}