{"id":4759,"date":"2017-05-04T13:57:00","date_gmt":"2017-05-04T11:57:00","guid":{"rendered":"https:\/\/news.save.ch\/?p=4759"},"modified":"2023-03-14T08:57:04","modified_gmt":"2023-03-14T07:57:04","slug":"digitalisierung-veraendert-die-rahmenbedingungen","status":null,"type":"post","link":"https:\/\/news.save.ch\/it\/digitalisierung-veraendert-die-rahmenbedingungen\/","title":{"rendered":"Amministrazione: la protezione dei dati personali ha la massima priorit\u00e0"},"content":{"rendered":"<figure id=\"attachment_4760\" aria-describedby=\"caption-attachment-4760\" style=\"width: 680px\" class=\"wp-caption aligncenter\"><img loading=\"lazy\" decoding=\"async\" class=\"size-medium wp-image-4760\" src=\"https:\/\/news.save.ch\/wp-content\/uploads\/2017\/05\/Depositphotos_oeffent-Verwaltung.jpg\" alt=\"\" width=\"680\" height=\"421\" \/><figcaption id=\"caption-attachment-4760\" class=\"wp-caption-text\">Nell'era della digitalizzazione, \u00e8 importante che i cittadini non perdano la fiducia nell'amministrazione. Foto: depositphotos<\/figcaption><\/figure>\n<p>&nbsp;<\/p>\n<p>Il corretto trattamento delle informazioni nella pubblica amministrazione, ad esempio nei dati di open government o nella protezione e sicurezza dei dati, deve essere garantito in ogni caso. Occorre fare il possibile per mantenere la fiducia dei cittadini nel trattamento dei dati da parte dell'amministrazione, ha dichiarato Rolf Steiner, Presidente del Consiglio cantonale di Zurigo, in occasione dell'evento \"Sfide della digitalizzazione e sviluppi legislativi\", organizzato dall'Associazione per la tutela dei dati personali. <a href=\"https:\/\/www.datenschutz.ch\">Responsabile della protezione dei dati<\/a> del Cantone di Zurigo il 3 maggio 2017. L'occasione \u00e8 stata la legge sull'informazione e la protezione dei dati (<a href=\"https:\/\/www2.zhlex.zh.ch\/appl\/zhlex_r.nsf\/0\/F835D453C58B0263C12574B90025F03C\/$file\/170.4_12.2.07_62.pdf\">IDG<\/a>).<\/p>\n<p><strong>Esperienze positive <\/strong><\/p>\n<p>Secondo Bruno Baeriswyl, commissario per la protezione dei dati del Cantone di Zurigo, l'IDG ha portato a un cambiamento di paradigma dieci anni fa, combinando per la prima volta le due facce della medaglia, ovvero l'accesso e la protezione delle informazioni. Nel frattempo, per\u00f2, la digitalizzazione ha preso piede. I muri degli edifici amministrativi sono stati abbattuti e i dati sono diventati mobili. Pertanto, \u00e8 necessario aumentare gli sforzi per la sicurezza e la protezione dei dati. Lo scambio digitale richiede regole nuove e adeguate.<\/p>\n<p>Il principio della pubblicit\u00e0 ha avuto un effetto positivo sulla qualit\u00e0 della comunicazione esterna, ha dichiarato Ingrid Hieronymi, segretario comunale della citt\u00e0 di Schlieren, nel suo bilancio dell'esperienza con l'IDG. L'impegno richiesto per l'elaborazione delle domande rimane gestibile.<\/p>\n<p><strong>Sviluppi giuridici europei e eGovernment <\/strong><\/p>\n<p>Robert Weniger, delegato alla protezione dei dati dell'Universit\u00e0 di Zurigo, ha illustrato nella sua presentazione la necessit\u00e0 di intervenire nella legislazione cantonale a causa degli sviluppi giuridici europei. Il rinnovo della Convenzione 108 del Consiglio d'Europa e le parti rilevanti per Schengen della nuova direttiva UE hanno richiesto un adeguamento dell'IDG. Inoltre, lo scambio di dati con l'UE \u00e8 possibile solo se la Svizzera garantisce un livello adeguato di protezione dei dati sia a livello federale che cantonale.<\/p>\n<p>A nome dell'Amministrazione cantonale, Peppino Giarritta, responsabile dell'Unit\u00e0 di Governo elettronico, ha illustrato lo stato e le prospettive future della digitalizzazione sulla base dei progetti in corso come Open Government Data, eVoting, ma anche della Strategia per l'amministrazione digitale del Consiglio di Stato. Il rafforzamento dell'autodeterminazione informativa dei cittadini e l'ulteriore sviluppo del principio dell'accesso pubblico sono decisivi per il successo di questi sviluppi.<\/p>\n<p><strong>Rafforzare i diritti civili <\/strong><\/p>\n<p>Il Consigliere di Stato Fehr ha sottolineato che il Cantone di Zurigo ha una lunga tradizione di pioniere. \"Questo mi d\u00e0 fiducia sul fatto che riusciremo ad affrontare le sfide della digitalizzazione anche nel settore dell'eGovernment. Nella piena consapevolezza che le aberrazioni sono parte integrante di ogni progresso\".<\/p>\n<p>\"Viviamo in tempi entusiasmanti. Ma il ritmo che stiamo tenendo in Svizzera \u00e8 troppo lento\", ha continuato Fehr. La popolazione ha diritto alla piena trasparenza sul trattamento dei propri dati. \"Con le prossime revisioni a livello europeo, federale e cantonale, abbiamo la possibilit\u00e0 di fare un passo significativo verso l'aumento dei diritti civili\". Il Cantone sta attualmente istituendo un gruppo di lavoro che preparer\u00e0 la necessaria revisione della legge sulla protezione dei dati e delle informazioni.<\/p>\n<p>Fonte: Cancelleria di Stato del Cantone. Zurigo<\/p>\n<p>&nbsp;<\/p>","protected":false},"excerpt":{"rendered":"<p>&nbsp; Der korrekte Umgang mit Informationen in der \u00f6ffentlichen Verwaltung, beispielsweise bei Open Government Data oder der Schutz und die Sicherheit der Daten, seien auf jeden Fall zu gew\u00e4hrleisten. Es m\u00fcsse alles daran gesetzt werden, dass das Vertrauen der B\u00fcrger in die Datenbearbeitungen der Verwaltung erhalten bleibe, sagte Rolf Steiner, Pr\u00e4sident des Z\u00fcrcher Kantonsrates, an [&hellip;]<\/p>\n","protected":false},"author":8,"featured_media":4760,"comment_status":"open","ping_status":"open","sticky":false,"template":"","format":"standard","meta":{"_acf_changed":false,"pgc_sgb_lightbox_settings":"","footnotes":""},"categories":[3313],"tags":[118,350,62],"class_list":["post-4759","post","type-post","status-publish","format-standard","has-post-thumbnail","hentry","category-digitalisierung","tag-datenschutz","tag-datenschutzgesetz","tag-ict-sicherheit"],"acf":[],"hkrextid":null,"publication":null,"issue":null,"workflow":null,"startPage":null,"spitzmarke":null,"_posts_by_tag_page_fields":{"widget_title":"","widget_tags":""},"_at_widget":"1","_yoast_wpseo_primary_category":"2","_yoast_wpseo_focuskw_text_input":"Datenschutz","_yoast_wpseo_opengraph-image":null,"_yoast_wpseo_opengraph-description":null,"_yoast_wpseo_opengraph-title":null,"enclosure":null,"_yoast_wpseo_twitter-title":null,"_yoast_wpseo_twitter-description":null,"_yoast_wpseo_twitter-image":null,"_wp_old_slug":null,"_yoast_wpseo_title":null,"_yoast_wpseo_canonical":null,"yoast_head":"<!-- This site is optimized with the Yoast SEO plugin v27.5 - https:\/\/yoast.com\/product\/yoast-seo-wordpress\/ -->\n<title>Verwaltung: Schutz der Personendaten hat hohe Priorit\u00e4t - Save<\/title>\n<meta name=\"description\" content=\"Aus Anlass des seit 10 Jahren bestehenden Informations- und Datenschutzgesetzes (IDG) f\u00fchrte der Z\u00fcrcher Datenschutzbeauftrage eine Veranstaltung durch.\" \/>\n<meta name=\"robots\" content=\"index, follow, max-snippet:-1, max-image-preview:large, max-video-preview:-1\" \/>\n<link rel=\"canonical\" href=\"https:\/\/news.save.ch\/it\/digitalisierung-veraendert-die-rahmenbedingungen\/\" \/>\n<meta property=\"og:locale\" content=\"it_IT\" \/>\n<meta property=\"og:type\" content=\"article\" \/>\n<meta property=\"og:title\" content=\"Verwaltung: Schutz der Personendaten hat hohe Priorit\u00e4t - Save\" \/>\n<meta property=\"og:description\" content=\"Aus Anlass des seit 10 Jahren bestehenden Informations- und Datenschutzgesetzes (IDG) f\u00fchrte der Z\u00fcrcher Datenschutzbeauftrage eine Veranstaltung durch.\" \/>\n<meta property=\"og:url\" content=\"https:\/\/news.save.ch\/it\/digitalisierung-veraendert-die-rahmenbedingungen\/\" \/>\n<meta property=\"og:site_name\" content=\"Save\" \/>\n<meta property=\"article:published_time\" content=\"2017-05-04T11:57:00+00:00\" \/>\n<meta property=\"article:modified_time\" content=\"2023-03-14T07:57:04+00:00\" \/>\n<meta property=\"og:image\" content=\"https:\/\/news.save.ch\/wp-content\/uploads\/2017\/05\/Depositphotos_oeffent-Verwaltung-scaled.jpg\" \/>\n\t<meta property=\"og:image:width\" content=\"1400\" \/>\n\t<meta property=\"og:image:height\" content=\"867\" \/>\n\t<meta property=\"og:image:type\" content=\"image\/jpeg\" \/>\n<meta name=\"author\" content=\"Roger Str\u00e4ssle\" \/>\n<meta name=\"twitter:card\" content=\"summary_large_image\" \/>\n<meta name=\"twitter:label1\" content=\"Scritto da\" \/>\n\t<meta name=\"twitter:data1\" content=\"Roger Str\u00e4ssle\" \/>\n\t<meta name=\"twitter:label2\" content=\"Tempo di lettura stimato\" \/>\n\t<meta name=\"twitter:data2\" content=\"3 minuti\" \/>\n<script type=\"application\/ld+json\" class=\"yoast-schema-graph\">{\"@context\":\"https:\\\/\\\/schema.org\",\"@graph\":[{\"@type\":\"Article\",\"@id\":\"https:\\\/\\\/news.save.ch\\\/digitalisierung-veraendert-die-rahmenbedingungen\\\/#article\",\"isPartOf\":{\"@id\":\"https:\\\/\\\/news.save.ch\\\/digitalisierung-veraendert-die-rahmenbedingungen\\\/\"},\"author\":{\"name\":\"Roger Str\u00e4ssle\",\"@id\":\"https:\\\/\\\/news.save.ch\\\/de\\\/#\\\/schema\\\/person\\\/d5022db048e0e2b9785c50e5b24da5aa\"},\"headline\":\"Verwaltung: Schutz der Personendaten hat hohe Priorit\u00e4t\",\"datePublished\":\"2017-05-04T11:57:00+00:00\",\"dateModified\":\"2023-03-14T07:57:04+00:00\",\"mainEntityOfPage\":{\"@id\":\"https:\\\/\\\/news.save.ch\\\/digitalisierung-veraendert-die-rahmenbedingungen\\\/\"},\"wordCount\":519,\"commentCount\":0,\"publisher\":{\"@id\":\"https:\\\/\\\/news.save.ch\\\/de\\\/#organization\"},\"image\":{\"@id\":\"https:\\\/\\\/news.save.ch\\\/digitalisierung-veraendert-die-rahmenbedingungen\\\/#primaryimage\"},\"thumbnailUrl\":\"https:\\\/\\\/news.save.ch\\\/wp-content\\\/uploads\\\/2017\\\/05\\\/Depositphotos_oeffent-Verwaltung-scaled.jpg\",\"keywords\":[\"Datenschutz\",\"Datenschutzgesetz\",\"ICT-Sicherheit\"],\"articleSection\":[\"DIGITALISIERUNG\"],\"inLanguage\":\"it-IT\"},{\"@type\":\"WebPage\",\"@id\":\"https:\\\/\\\/news.save.ch\\\/digitalisierung-veraendert-die-rahmenbedingungen\\\/\",\"url\":\"https:\\\/\\\/news.save.ch\\\/digitalisierung-veraendert-die-rahmenbedingungen\\\/\",\"name\":\"Verwaltung: Schutz der Personendaten hat hohe Priorit\u00e4t - Save\",\"isPartOf\":{\"@id\":\"https:\\\/\\\/news.save.ch\\\/de\\\/#website\"},\"primaryImageOfPage\":{\"@id\":\"https:\\\/\\\/news.save.ch\\\/digitalisierung-veraendert-die-rahmenbedingungen\\\/#primaryimage\"},\"image\":{\"@id\":\"https:\\\/\\\/news.save.ch\\\/digitalisierung-veraendert-die-rahmenbedingungen\\\/#primaryimage\"},\"thumbnailUrl\":\"https:\\\/\\\/news.save.ch\\\/wp-content\\\/uploads\\\/2017\\\/05\\\/Depositphotos_oeffent-Verwaltung-scaled.jpg\",\"datePublished\":\"2017-05-04T11:57:00+00:00\",\"dateModified\":\"2023-03-14T07:57:04+00:00\",\"description\":\"Aus Anlass des seit 10 Jahren bestehenden Informations- und Datenschutzgesetzes (IDG) f\u00fchrte der Z\u00fcrcher Datenschutzbeauftrage eine Veranstaltung durch.\",\"breadcrumb\":{\"@id\":\"https:\\\/\\\/news.save.ch\\\/digitalisierung-veraendert-die-rahmenbedingungen\\\/#breadcrumb\"},\"inLanguage\":\"it-IT\",\"potentialAction\":[{\"@type\":\"ReadAction\",\"target\":[\"https:\\\/\\\/news.save.ch\\\/digitalisierung-veraendert-die-rahmenbedingungen\\\/\"]}]},{\"@type\":\"ImageObject\",\"inLanguage\":\"it-IT\",\"@id\":\"https:\\\/\\\/news.save.ch\\\/digitalisierung-veraendert-die-rahmenbedingungen\\\/#primaryimage\",\"url\":\"https:\\\/\\\/news.save.ch\\\/wp-content\\\/uploads\\\/2017\\\/05\\\/Depositphotos_oeffent-Verwaltung-scaled.jpg\",\"contentUrl\":\"https:\\\/\\\/news.save.ch\\\/wp-content\\\/uploads\\\/2017\\\/05\\\/Depositphotos_oeffent-Verwaltung-scaled.jpg\",\"width\":1400,\"height\":867,\"caption\":\"\u00a9 depositphotos\"},{\"@type\":\"BreadcrumbList\",\"@id\":\"https:\\\/\\\/news.save.ch\\\/digitalisierung-veraendert-die-rahmenbedingungen\\\/#breadcrumb\",\"itemListElement\":[{\"@type\":\"ListItem\",\"position\":1,\"name\":\"Home\",\"item\":\"https:\\\/\\\/news.save.ch\\\/de\\\/\"},{\"@type\":\"ListItem\",\"position\":2,\"name\":\"Verwaltung: Schutz der Personendaten hat hohe Priorit\u00e4t\"}]},{\"@type\":\"WebSite\",\"@id\":\"https:\\\/\\\/news.save.ch\\\/de\\\/#website\",\"url\":\"https:\\\/\\\/news.save.ch\\\/de\\\/\",\"name\":\"Save\",\"description\":\"Schweizer Fachzeitschrift f\u00fcr Sicherheit\",\"publisher\":{\"@id\":\"https:\\\/\\\/news.save.ch\\\/de\\\/#organization\"},\"potentialAction\":[{\"@type\":\"SearchAction\",\"target\":{\"@type\":\"EntryPoint\",\"urlTemplate\":\"https:\\\/\\\/news.save.ch\\\/de\\\/?s={search_term_string}\"},\"query-input\":{\"@type\":\"PropertyValueSpecification\",\"valueRequired\":true,\"valueName\":\"search_term_string\"}}],\"inLanguage\":\"it-IT\"},{\"@type\":\"Organization\",\"@id\":\"https:\\\/\\\/news.save.ch\\\/de\\\/#organization\",\"name\":\"Sicherheitsforum\",\"url\":\"https:\\\/\\\/news.save.ch\\\/de\\\/\",\"logo\":{\"@type\":\"ImageObject\",\"inLanguage\":\"it-IT\",\"@id\":\"https:\\\/\\\/news.save.ch\\\/de\\\/#\\\/schema\\\/logo\\\/image\\\/\",\"url\":\"https:\\\/\\\/news.save.ch\\\/wp-content\\\/uploads\\\/2022\\\/06\\\/Logo_SF_2012.png\",\"contentUrl\":\"https:\\\/\\\/news.save.ch\\\/wp-content\\\/uploads\\\/2022\\\/06\\\/Logo_SF_2012.png\",\"width\":1100,\"height\":91,\"caption\":\"Sicherheitsforum\"},\"image\":{\"@id\":\"https:\\\/\\\/news.save.ch\\\/de\\\/#\\\/schema\\\/logo\\\/image\\\/\"}},{\"@type\":\"Person\",\"@id\":\"https:\\\/\\\/news.save.ch\\\/de\\\/#\\\/schema\\\/person\\\/d5022db048e0e2b9785c50e5b24da5aa\",\"name\":\"Roger Str\u00e4ssle\",\"image\":{\"@type\":\"ImageObject\",\"inLanguage\":\"it-IT\",\"@id\":\"https:\\\/\\\/secure.gravatar.com\\\/avatar\\\/862a5569d087de48e5856e32f45d719a03804c891d6deb8d4f71a660e79e4a47?s=96&d=mm&r=g\",\"url\":\"https:\\\/\\\/secure.gravatar.com\\\/avatar\\\/862a5569d087de48e5856e32f45d719a03804c891d6deb8d4f71a660e79e4a47?s=96&d=mm&r=g\",\"contentUrl\":\"https:\\\/\\\/secure.gravatar.com\\\/avatar\\\/862a5569d087de48e5856e32f45d719a03804c891d6deb8d4f71a660e79e4a47?s=96&d=mm&r=g\",\"caption\":\"Roger Str\u00e4ssle\"},\"url\":\"https:\\\/\\\/news.save.ch\\\/it\\\/author\\\/roger-straessle\\\/\"}]}<\/script>\n<!-- \/ Yoast SEO plugin. -->","yoast_head_json":{"title":"Amministrazione: la protezione dei dati personali ha la massima priorit\u00e0 - Save","description":"In occasione dei 10 anni della legge sulla protezione dei dati e delle informazioni (IDG), il commissario per la protezione dei dati di Zurigo ha organizzato un evento.","robots":{"index":"index","follow":"follow","max-snippet":"max-snippet:-1","max-image-preview":"max-image-preview:large","max-video-preview":"max-video-preview:-1"},"canonical":"https:\/\/news.save.ch\/it\/digitalisierung-veraendert-die-rahmenbedingungen\/","og_locale":"it_IT","og_type":"article","og_title":"Verwaltung: Schutz der Personendaten hat hohe Priorit\u00e4t - Save","og_description":"Aus Anlass des seit 10 Jahren bestehenden Informations- und Datenschutzgesetzes (IDG) f\u00fchrte der Z\u00fcrcher Datenschutzbeauftrage eine Veranstaltung durch.","og_url":"https:\/\/news.save.ch\/it\/digitalisierung-veraendert-die-rahmenbedingungen\/","og_site_name":"Save","article_published_time":"2017-05-04T11:57:00+00:00","article_modified_time":"2023-03-14T07:57:04+00:00","og_image":[{"width":1400,"height":867,"url":"https:\/\/news.save.ch\/wp-content\/uploads\/2017\/05\/Depositphotos_oeffent-Verwaltung-scaled.jpg","type":"image\/jpeg"}],"author":"Roger Str\u00e4ssle","twitter_card":"summary_large_image","twitter_misc":{"Scritto da":"Roger Str\u00e4ssle","Tempo di lettura stimato":"3 minuti"},"schema":{"@context":"https:\/\/schema.org","@graph":[{"@type":"Article","@id":"https:\/\/news.save.ch\/digitalisierung-veraendert-die-rahmenbedingungen\/#article","isPartOf":{"@id":"https:\/\/news.save.ch\/digitalisierung-veraendert-die-rahmenbedingungen\/"},"author":{"name":"Roger Str\u00e4ssle","@id":"https:\/\/news.save.ch\/de\/#\/schema\/person\/d5022db048e0e2b9785c50e5b24da5aa"},"headline":"Verwaltung: Schutz der Personendaten hat hohe Priorit\u00e4t","datePublished":"2017-05-04T11:57:00+00:00","dateModified":"2023-03-14T07:57:04+00:00","mainEntityOfPage":{"@id":"https:\/\/news.save.ch\/digitalisierung-veraendert-die-rahmenbedingungen\/"},"wordCount":519,"commentCount":0,"publisher":{"@id":"https:\/\/news.save.ch\/de\/#organization"},"image":{"@id":"https:\/\/news.save.ch\/digitalisierung-veraendert-die-rahmenbedingungen\/#primaryimage"},"thumbnailUrl":"https:\/\/news.save.ch\/wp-content\/uploads\/2017\/05\/Depositphotos_oeffent-Verwaltung-scaled.jpg","keywords":["Datenschutz","Datenschutzgesetz","ICT-Sicherheit"],"articleSection":["DIGITALISIERUNG"],"inLanguage":"it-IT"},{"@type":"WebPage","@id":"https:\/\/news.save.ch\/digitalisierung-veraendert-die-rahmenbedingungen\/","url":"https:\/\/news.save.ch\/digitalisierung-veraendert-die-rahmenbedingungen\/","name":"Amministrazione: la protezione dei dati personali ha la massima priorit\u00e0 - Save","isPartOf":{"@id":"https:\/\/news.save.ch\/de\/#website"},"primaryImageOfPage":{"@id":"https:\/\/news.save.ch\/digitalisierung-veraendert-die-rahmenbedingungen\/#primaryimage"},"image":{"@id":"https:\/\/news.save.ch\/digitalisierung-veraendert-die-rahmenbedingungen\/#primaryimage"},"thumbnailUrl":"https:\/\/news.save.ch\/wp-content\/uploads\/2017\/05\/Depositphotos_oeffent-Verwaltung-scaled.jpg","datePublished":"2017-05-04T11:57:00+00:00","dateModified":"2023-03-14T07:57:04+00:00","description":"In occasione dei 10 anni della legge sulla protezione dei dati e delle informazioni (IDG), il commissario per la protezione dei dati di Zurigo ha organizzato un evento.","breadcrumb":{"@id":"https:\/\/news.save.ch\/digitalisierung-veraendert-die-rahmenbedingungen\/#breadcrumb"},"inLanguage":"it-IT","potentialAction":[{"@type":"ReadAction","target":["https:\/\/news.save.ch\/digitalisierung-veraendert-die-rahmenbedingungen\/"]}]},{"@type":"ImageObject","inLanguage":"it-IT","@id":"https:\/\/news.save.ch\/digitalisierung-veraendert-die-rahmenbedingungen\/#primaryimage","url":"https:\/\/news.save.ch\/wp-content\/uploads\/2017\/05\/Depositphotos_oeffent-Verwaltung-scaled.jpg","contentUrl":"https:\/\/news.save.ch\/wp-content\/uploads\/2017\/05\/Depositphotos_oeffent-Verwaltung-scaled.jpg","width":1400,"height":867,"caption":"\u00a9 depositphotos"},{"@type":"BreadcrumbList","@id":"https:\/\/news.save.ch\/digitalisierung-veraendert-die-rahmenbedingungen\/#breadcrumb","itemListElement":[{"@type":"ListItem","position":1,"name":"Home","item":"https:\/\/news.save.ch\/de\/"},{"@type":"ListItem","position":2,"name":"Verwaltung: Schutz der Personendaten hat hohe Priorit\u00e4t"}]},{"@type":"WebSite","@id":"https:\/\/news.save.ch\/de\/#website","url":"https:\/\/news.save.ch\/de\/","name":"Risparmiare","description":"Rivista svizzera specializzata in sicurezza","publisher":{"@id":"https:\/\/news.save.ch\/de\/#organization"},"potentialAction":[{"@type":"SearchAction","target":{"@type":"EntryPoint","urlTemplate":"https:\/\/news.save.ch\/de\/?s={search_term_string}"},"query-input":{"@type":"PropertyValueSpecification","valueRequired":true,"valueName":"search_term_string"}}],"inLanguage":"it-IT"},{"@type":"Organization","@id":"https:\/\/news.save.ch\/de\/#organization","name":"Forum sulla sicurezza","url":"https:\/\/news.save.ch\/de\/","logo":{"@type":"ImageObject","inLanguage":"it-IT","@id":"https:\/\/news.save.ch\/de\/#\/schema\/logo\/image\/","url":"https:\/\/news.save.ch\/wp-content\/uploads\/2022\/06\/Logo_SF_2012.png","contentUrl":"https:\/\/news.save.ch\/wp-content\/uploads\/2022\/06\/Logo_SF_2012.png","width":1100,"height":91,"caption":"Sicherheitsforum"},"image":{"@id":"https:\/\/news.save.ch\/de\/#\/schema\/logo\/image\/"}},{"@type":"Person","@id":"https:\/\/news.save.ch\/de\/#\/schema\/person\/d5022db048e0e2b9785c50e5b24da5aa","name":"Roger Str\u00e4ssle","image":{"@type":"ImageObject","inLanguage":"it-IT","@id":"https:\/\/secure.gravatar.com\/avatar\/862a5569d087de48e5856e32f45d719a03804c891d6deb8d4f71a660e79e4a47?s=96&d=mm&r=g","url":"https:\/\/secure.gravatar.com\/avatar\/862a5569d087de48e5856e32f45d719a03804c891d6deb8d4f71a660e79e4a47?s=96&d=mm&r=g","contentUrl":"https:\/\/secure.gravatar.com\/avatar\/862a5569d087de48e5856e32f45d719a03804c891d6deb8d4f71a660e79e4a47?s=96&d=mm&r=g","caption":"Roger Str\u00e4ssle"},"url":"https:\/\/news.save.ch\/it\/author\/roger-straessle\/"}]}},"_links":{"self":[{"href":"https:\/\/news.save.ch\/it\/wp-json\/wp\/v2\/posts\/4759","targetHints":{"allow":["GET"]}}],"collection":[{"href":"https:\/\/news.save.ch\/it\/wp-json\/wp\/v2\/posts"}],"about":[{"href":"https:\/\/news.save.ch\/it\/wp-json\/wp\/v2\/types\/post"}],"author":[{"embeddable":true,"href":"https:\/\/news.save.ch\/it\/wp-json\/wp\/v2\/users\/8"}],"replies":[{"embeddable":true,"href":"https:\/\/news.save.ch\/it\/wp-json\/wp\/v2\/comments?post=4759"}],"version-history":[{"count":1,"href":"https:\/\/news.save.ch\/it\/wp-json\/wp\/v2\/posts\/4759\/revisions"}],"predecessor-version":[{"id":17511,"href":"https:\/\/news.save.ch\/it\/wp-json\/wp\/v2\/posts\/4759\/revisions\/17511"}],"wp:featuredmedia":[{"embeddable":true,"href":"https:\/\/news.save.ch\/it\/wp-json\/wp\/v2\/media\/4760"}],"wp:attachment":[{"href":"https:\/\/news.save.ch\/it\/wp-json\/wp\/v2\/media?parent=4759"}],"wp:term":[{"taxonomy":"category","embeddable":true,"href":"https:\/\/news.save.ch\/it\/wp-json\/wp\/v2\/categories?post=4759"},{"taxonomy":"post_tag","embeddable":true,"href":"https:\/\/news.save.ch\/it\/wp-json\/wp\/v2\/tags?post=4759"}],"curies":[{"name":"wp","href":"https:\/\/api.w.org\/{rel}","templated":true}]}}