{"id":4876,"date":"2017-05-27T06:13:05","date_gmt":"2017-05-27T04:13:05","guid":{"rendered":"https:\/\/news.save.ch\/?p=4876"},"modified":"2017-05-27T06:13:05","modified_gmt":"2017-05-27T04:13:05","slug":"sicherheit-2017-schweizer-sehen-die-ch-optimistisch","status":null,"type":"post","link":"https:\/\/news.save.ch\/it\/sicherheit-2017-schweizer-sehen-die-ch-optimistisch\/","title":{"rendered":"\"Sicurezza 2017\" - Gli svizzeri guardano con ottimismo alla CH"},"content":{"rendered":"<figure id=\"attachment_4879\" aria-describedby=\"caption-attachment-4879\" style=\"width: 680px\" class=\"wp-caption aligncenter\"><img loading=\"lazy\" decoding=\"async\" class=\"size-medium wp-image-4879\" src=\"https:\/\/news.save.ch\/wp-content\/uploads\/2017\/05\/Depositphotos_1173832_m-2015.jpg\" alt=\"\" width=\"680\" height=\"446\" srcset=\"https:\/\/news.save.ch\/wp-content\/uploads\/2017\/05\/Depositphotos_1173832_m-2015.jpg 1000w, https:\/\/news.save.ch\/wp-content\/uploads\/2017\/05\/Depositphotos_1173832_m-2015-375x246.jpg 375w\" sizes=\"auto, (max-width: 680px) 100vw, 680px\" \/><figcaption id=\"caption-attachment-4879\" class=\"wp-caption-text\">Depositphotos<\/figcaption><\/figure>\n<p>&nbsp;<\/p>\n<p>Gli svizzeri si sentono molto sicuri. Ci\u00f2 \u00e8 stato confermato dal <a href=\"https:\/\/www.vbs.admin.ch\">VBS<\/a> ha rivelato l'indagine commissionata \"Safety 2017\".  Con 93% (+7%), la percezione generale della sicurezza \u00e8 pi\u00f9 alta che mai. 79% (-2%) si sentono sicuri anche negli spazi pubblici. Rispetto al 2016, un numero significativamente maggiore di persone \u00e8 ottimista sul futuro della Svizzera (82%, +7%).<\/p>\n<p><strong>Degno di fiducia<\/strong><\/p>\n<p>Nel 2017, la fiducia nelle istituzioni e nelle autorit\u00e0 \u00e8 superiore alla media di lungo periodo (2017: 6,7 su una scala di 10 punti, media di lungo periodo 6,3). La fiducia nella polizia (7,9, \u00b10,0) continua ad avere il valore pi\u00f9 alto, seguita dalla fiducia nei tribunali (7,4, +0,1). Al terzo posto c'\u00e8 il Consiglio federale con 7,1 (+0,1). L'economia svizzera (6,8, \u00b10,0), l'esercito (6,8, +0,1) e il Parlamento federale (6,6, +0,1) occupano le posizioni intermedie. Il livello pi\u00f9 basso di fiducia continua a essere riposto nei partiti politici (5,5, +0,2) e nei media (5,5, +0,4). Tuttavia, rispetto all'anno precedente, la fiducia nei partiti politici e nei media \u00e8 aumentata in modo significativo.<\/p>\n<p><strong>Soddisfatto dell'Esercito svizzero<\/strong><\/p>\n<p>Nel complesso, l'elettorato \u00e8 soddisfatto delle forze armate. Con 82% (-2%), il sostegno alla necessit\u00e0 dell'esercito svizzero \u00e8 superiore alla media. Per 46% (\u00b10%) degli intervistati, l'esercito svolge un ruolo centrale nella vita della Svizzera. La maggioranza di 59% (+2%) sostiene l'esercito di milizia rispetto all'esercito professionale. Nel confronto a lungo termine (6,3), gli intervistati sono pi\u00f9 soddisfatti della media delle prestazioni dell'esercito svizzero (6,5, +0,2 su una scala da 1 a 10). La maggioranza della popolazione ritiene che il livello di spesa attuale per la difesa sia giusto (49%, +1%) o addirittura troppo basso (12%, -2%).<\/p>\n<p><strong>Comportamento informativo su questioni di politica di sicurezza<\/strong><\/p>\n<p>Gli intervistati utilizzano principalmente i media tradizionali come giornali, televisione e radio come fonti di informazione sui temi della sicurezza. Due terzi utilizzano un mix di canali informativi analogici e digitali. Un terzo (32%) degli intervistati considera i social media come canali adatti a diffondere informazioni sulla sicurezza o sull'Esercito svizzero.<\/p>\n<p><strong>Valutazione pessimistica della situazione politica globale<\/strong><\/p>\n<p>L'elettorato svizzero \u00e8 molto pessimista sull'evoluzione della futura situazione politica globale (73%, -1%). Questa visione pessimistica del mondo \u00e8 - come nel 2016 - ai massimi storici.<\/p>\n<p><strong>Adattamento del comportamento di viaggio a causa del terrorismo<\/strong><\/p>\n<p>89% (+2%) degli intervistati sono a favore di una maggiore lotta al terrorismo. A causa degli attacchi terroristici all'estero, 29% degli svizzeri dichiarano di aver modificato le loro abitudini di viaggio. Di questi, 84% consultano i consigli di viaggio del governo svizzero e 75% evitano i Paesi in cui sono stati recentemente compiuti attacchi terroristici. A causa del terrorismo globale, 40% degli intervistati trascorrono le vacanze solo in Europa e 35% hanno paura di viaggiare nelle grandi citt\u00e0.<\/p>\n<p><strong>Neutro e bassa disponibilit\u00e0 all'apertura<\/strong><\/p>\n<p>La neutralit\u00e0 gode di un forte sostegno da parte dell'elettorato. 95% (\u00b10%) degli intervistati sono favorevoli al mantenimento della neutralit\u00e0, che per 84% (-1%) \u00e8 indissolubilmente legata all'idea dello Stato svizzero. Tuttavia, l'attuazione pratica della neutralit\u00e0 \u00e8 sempre pi\u00f9 considerata in modo critico. Un numero significativamente maggiore di intervistati ritiene che gli stretti legami politici ed economici con altri Stati rendano impossibile la neutralit\u00e0 della Svizzera (37%, +9%) e che la neutralit\u00e0 non possa pi\u00f9 essere protetta in modo credibile dal punto di vista militare (51%, +6%). La scarsa propensione all'apertura si riflette nel fatto che l'adesione alla NATO (19%, \u00b10%) o all'UE (15%, -1%) non sono opzioni per gli svizzeri. Il sostegno alla cooperazione economica con l'UE rimane invece molto alto (81%, \u00b10%).<\/p>\n<p><strong><em>Studio: <\/em><\/strong><em>La raccolta dei dati rappresentativi dello studio \"Sicurezza 2017\" si \u00e8 svolta tra il 4 e il 23 gennaio per telefono tra 1209 elettori della Svizzera tedesca, francese e italiana. L'indagine \u00e8 stata condotta dall'istituto di ricerca LINK. L'errore di campionamento \u00e8 di \u00b12,8%. <\/em><\/p>\n<p><em>Fonte: Comunicato stampa VBS<\/em><\/p>","protected":false},"excerpt":{"rendered":"<p>&nbsp; Schweizerinnen und Schweizer f\u00fchlen sich sehr sicher. Dies hat die vom VBS in Auftrag gegebene Umfrage &#8222;Sicherheit 2017&#8220; ergeben. \u00a0Das allgemeine Sicherheitsempfinden ist mit 93% (+7%) so hoch wie noch nie zuvor. Auch im \u00f6ffentlichen Raum f\u00fchlen sich 79% (-2%) sicher. Gegen\u00fcber 2016 beurteilen signifikant mehr Personen die Zukunft der Schweiz optimistisch (82%, +7%). [&hellip;]<\/p>\n","protected":false},"author":8,"featured_media":4879,"comment_status":"open","ping_status":"open","sticky":false,"template":"","format":"standard","meta":{"_acf_changed":false,"pgc_sgb_lightbox_settings":"","footnotes":""},"categories":[1],"tags":[120,64],"class_list":["post-4876","post","type-post","status-publish","format-standard","has-post-thumbnail","hentry","category-allgemein","tag-bundesamt","tag-studie"],"acf":[],"hkrextid":null,"publication":null,"issue":null,"workflow":null,"startPage":null,"spitzmarke":null,"_posts_by_tag_page_fields":{"widget_title":"","widget_tags":""},"_at_widget":"1","_yoast_wpseo_primary_category":"1","_yoast_wpseo_focuskw_text_input":"Sicherheit 2017","_yoast_wpseo_opengraph-image":null,"_yoast_wpseo_opengraph-description":null,"_yoast_wpseo_opengraph-title":null,"enclosure":null,"_yoast_wpseo_twitter-title":null,"_yoast_wpseo_twitter-description":null,"_yoast_wpseo_twitter-image":null,"_wp_old_slug":null,"_yoast_wpseo_title":null,"_yoast_wpseo_canonical":null,"yoast_head":"<!-- This site is optimized with the Yoast SEO plugin v27.5 - https:\/\/yoast.com\/product\/yoast-seo-wordpress\/ -->\n<title>\u00abSicherheit 2017\u00bb \u2013 Schweizer sehen die CH optimistisch - Save<\/title>\n<meta name=\"description\" content=\"Schweizerinnen und Schweizer f\u00fchlen sich sehr sicher. Dies hat die vom VBS in Auftrag gegebene Umfrage &quot;Sicherheit 2017&quot; ergeben.\" \/>\n<meta name=\"robots\" content=\"index, follow, max-snippet:-1, max-image-preview:large, max-video-preview:-1\" \/>\n<link rel=\"canonical\" href=\"https:\/\/news.save.ch\/it\/sicherheit-2017-schweizer-sehen-die-ch-optimistisch\/\" \/>\n<meta property=\"og:locale\" content=\"it_IT\" \/>\n<meta property=\"og:type\" content=\"article\" \/>\n<meta property=\"og:title\" content=\"\u00abSicherheit 2017\u00bb \u2013 Schweizer sehen die CH optimistisch - Save\" \/>\n<meta property=\"og:description\" content=\"Schweizerinnen und Schweizer f\u00fchlen sich sehr sicher. Dies hat die vom VBS in Auftrag gegebene Umfrage &quot;Sicherheit 2017&quot; ergeben.\" \/>\n<meta property=\"og:url\" content=\"https:\/\/news.save.ch\/it\/sicherheit-2017-schweizer-sehen-die-ch-optimistisch\/\" \/>\n<meta property=\"og:site_name\" content=\"Save\" \/>\n<meta property=\"article:published_time\" content=\"2017-05-27T04:13:05+00:00\" \/>\n<meta property=\"og:image\" content=\"https:\/\/news.save.ch\/wp-content\/uploads\/2017\/05\/Depositphotos_1173832_m-2015.jpg\" \/>\n\t<meta property=\"og:image:width\" content=\"1000\" \/>\n\t<meta property=\"og:image:height\" content=\"656\" \/>\n\t<meta property=\"og:image:type\" content=\"image\/jpeg\" \/>\n<meta name=\"author\" content=\"Roger Str\u00e4ssle\" \/>\n<meta name=\"twitter:card\" content=\"summary_large_image\" \/>\n<meta name=\"twitter:label1\" content=\"Scritto da\" \/>\n\t<meta name=\"twitter:data1\" content=\"Roger Str\u00e4ssle\" \/>\n\t<meta name=\"twitter:label2\" content=\"Tempo di lettura stimato\" \/>\n\t<meta name=\"twitter:data2\" content=\"3 minuti\" \/>\n<script type=\"application\/ld+json\" class=\"yoast-schema-graph\">{\"@context\":\"https:\\\/\\\/schema.org\",\"@graph\":[{\"@type\":\"Article\",\"@id\":\"https:\\\/\\\/news.save.ch\\\/sicherheit-2017-schweizer-sehen-die-ch-optimistisch\\\/#article\",\"isPartOf\":{\"@id\":\"https:\\\/\\\/news.save.ch\\\/sicherheit-2017-schweizer-sehen-die-ch-optimistisch\\\/\"},\"author\":{\"name\":\"Roger Str\u00e4ssle\",\"@id\":\"https:\\\/\\\/news.save.ch\\\/de\\\/#\\\/schema\\\/person\\\/d5022db048e0e2b9785c50e5b24da5aa\"},\"headline\":\"\u00abSicherheit 2017\u00bb \u2013 Schweizer sehen die CH optimistisch\",\"datePublished\":\"2017-05-27T04:13:05+00:00\",\"mainEntityOfPage\":{\"@id\":\"https:\\\/\\\/news.save.ch\\\/sicherheit-2017-schweizer-sehen-die-ch-optimistisch\\\/\"},\"wordCount\":590,\"commentCount\":0,\"publisher\":{\"@id\":\"https:\\\/\\\/news.save.ch\\\/de\\\/#organization\"},\"image\":{\"@id\":\"https:\\\/\\\/news.save.ch\\\/sicherheit-2017-schweizer-sehen-die-ch-optimistisch\\\/#primaryimage\"},\"thumbnailUrl\":\"https:\\\/\\\/news.save.ch\\\/wp-content\\\/uploads\\\/2017\\\/05\\\/Depositphotos_1173832_m-2015.jpg\",\"keywords\":[\"Bundesamt\",\"Studie\"],\"articleSection\":[\"ALLGEMEIN\"],\"inLanguage\":\"it-IT\"},{\"@type\":\"WebPage\",\"@id\":\"https:\\\/\\\/news.save.ch\\\/sicherheit-2017-schweizer-sehen-die-ch-optimistisch\\\/\",\"url\":\"https:\\\/\\\/news.save.ch\\\/sicherheit-2017-schweizer-sehen-die-ch-optimistisch\\\/\",\"name\":\"\u00abSicherheit 2017\u00bb \u2013 Schweizer sehen die CH optimistisch - Save\",\"isPartOf\":{\"@id\":\"https:\\\/\\\/news.save.ch\\\/de\\\/#website\"},\"primaryImageOfPage\":{\"@id\":\"https:\\\/\\\/news.save.ch\\\/sicherheit-2017-schweizer-sehen-die-ch-optimistisch\\\/#primaryimage\"},\"image\":{\"@id\":\"https:\\\/\\\/news.save.ch\\\/sicherheit-2017-schweizer-sehen-die-ch-optimistisch\\\/#primaryimage\"},\"thumbnailUrl\":\"https:\\\/\\\/news.save.ch\\\/wp-content\\\/uploads\\\/2017\\\/05\\\/Depositphotos_1173832_m-2015.jpg\",\"datePublished\":\"2017-05-27T04:13:05+00:00\",\"description\":\"Schweizerinnen und Schweizer f\u00fchlen sich sehr sicher. Dies hat die vom VBS in Auftrag gegebene Umfrage \\\"Sicherheit 2017\\\" ergeben.\",\"breadcrumb\":{\"@id\":\"https:\\\/\\\/news.save.ch\\\/sicherheit-2017-schweizer-sehen-die-ch-optimistisch\\\/#breadcrumb\"},\"inLanguage\":\"it-IT\",\"potentialAction\":[{\"@type\":\"ReadAction\",\"target\":[\"https:\\\/\\\/news.save.ch\\\/sicherheit-2017-schweizer-sehen-die-ch-optimistisch\\\/\"]}]},{\"@type\":\"ImageObject\",\"inLanguage\":\"it-IT\",\"@id\":\"https:\\\/\\\/news.save.ch\\\/sicherheit-2017-schweizer-sehen-die-ch-optimistisch\\\/#primaryimage\",\"url\":\"https:\\\/\\\/news.save.ch\\\/wp-content\\\/uploads\\\/2017\\\/05\\\/Depositphotos_1173832_m-2015.jpg\",\"contentUrl\":\"https:\\\/\\\/news.save.ch\\\/wp-content\\\/uploads\\\/2017\\\/05\\\/Depositphotos_1173832_m-2015.jpg\",\"width\":1000,\"height\":656,\"caption\":\"Depositphotos\"},{\"@type\":\"BreadcrumbList\",\"@id\":\"https:\\\/\\\/news.save.ch\\\/sicherheit-2017-schweizer-sehen-die-ch-optimistisch\\\/#breadcrumb\",\"itemListElement\":[{\"@type\":\"ListItem\",\"position\":1,\"name\":\"Home\",\"item\":\"https:\\\/\\\/news.save.ch\\\/de\\\/\"},{\"@type\":\"ListItem\",\"position\":2,\"name\":\"\u00abSicherheit 2017\u00bb \u2013 Schweizer sehen die CH optimistisch\"}]},{\"@type\":\"WebSite\",\"@id\":\"https:\\\/\\\/news.save.ch\\\/de\\\/#website\",\"url\":\"https:\\\/\\\/news.save.ch\\\/de\\\/\",\"name\":\"Save\",\"description\":\"Schweizer Fachzeitschrift f\u00fcr Sicherheit\",\"publisher\":{\"@id\":\"https:\\\/\\\/news.save.ch\\\/de\\\/#organization\"},\"potentialAction\":[{\"@type\":\"SearchAction\",\"target\":{\"@type\":\"EntryPoint\",\"urlTemplate\":\"https:\\\/\\\/news.save.ch\\\/de\\\/?s={search_term_string}\"},\"query-input\":{\"@type\":\"PropertyValueSpecification\",\"valueRequired\":true,\"valueName\":\"search_term_string\"}}],\"inLanguage\":\"it-IT\"},{\"@type\":\"Organization\",\"@id\":\"https:\\\/\\\/news.save.ch\\\/de\\\/#organization\",\"name\":\"Sicherheitsforum\",\"url\":\"https:\\\/\\\/news.save.ch\\\/de\\\/\",\"logo\":{\"@type\":\"ImageObject\",\"inLanguage\":\"it-IT\",\"@id\":\"https:\\\/\\\/news.save.ch\\\/de\\\/#\\\/schema\\\/logo\\\/image\\\/\",\"url\":\"https:\\\/\\\/news.save.ch\\\/wp-content\\\/uploads\\\/2022\\\/06\\\/Logo_SF_2012.png\",\"contentUrl\":\"https:\\\/\\\/news.save.ch\\\/wp-content\\\/uploads\\\/2022\\\/06\\\/Logo_SF_2012.png\",\"width\":1100,\"height\":91,\"caption\":\"Sicherheitsforum\"},\"image\":{\"@id\":\"https:\\\/\\\/news.save.ch\\\/de\\\/#\\\/schema\\\/logo\\\/image\\\/\"}},{\"@type\":\"Person\",\"@id\":\"https:\\\/\\\/news.save.ch\\\/de\\\/#\\\/schema\\\/person\\\/d5022db048e0e2b9785c50e5b24da5aa\",\"name\":\"Roger Str\u00e4ssle\",\"image\":{\"@type\":\"ImageObject\",\"inLanguage\":\"it-IT\",\"@id\":\"https:\\\/\\\/secure.gravatar.com\\\/avatar\\\/862a5569d087de48e5856e32f45d719a03804c891d6deb8d4f71a660e79e4a47?s=96&d=mm&r=g\",\"url\":\"https:\\\/\\\/secure.gravatar.com\\\/avatar\\\/862a5569d087de48e5856e32f45d719a03804c891d6deb8d4f71a660e79e4a47?s=96&d=mm&r=g\",\"contentUrl\":\"https:\\\/\\\/secure.gravatar.com\\\/avatar\\\/862a5569d087de48e5856e32f45d719a03804c891d6deb8d4f71a660e79e4a47?s=96&d=mm&r=g\",\"caption\":\"Roger Str\u00e4ssle\"},\"url\":\"https:\\\/\\\/news.save.ch\\\/it\\\/author\\\/roger-straessle\\\/\"}]}<\/script>\n<!-- \/ Yoast SEO plugin. -->","yoast_head_json":{"title":"\"Sicurezza 2017\": gli svizzeri guardano con ottimismo alla CH - Save","description":"Gli svizzeri si sentono molto sicuri. Questo \u00e8 il risultato dell'indagine \"Sicurezza 2017\" commissionata dal DDPS.","robots":{"index":"index","follow":"follow","max-snippet":"max-snippet:-1","max-image-preview":"max-image-preview:large","max-video-preview":"max-video-preview:-1"},"canonical":"https:\/\/news.save.ch\/it\/sicherheit-2017-schweizer-sehen-die-ch-optimistisch\/","og_locale":"it_IT","og_type":"article","og_title":"\u00abSicherheit 2017\u00bb \u2013 Schweizer sehen die CH optimistisch - Save","og_description":"Schweizerinnen und Schweizer f\u00fchlen sich sehr sicher. Dies hat die vom VBS in Auftrag gegebene Umfrage \"Sicherheit 2017\" ergeben.","og_url":"https:\/\/news.save.ch\/it\/sicherheit-2017-schweizer-sehen-die-ch-optimistisch\/","og_site_name":"Save","article_published_time":"2017-05-27T04:13:05+00:00","og_image":[{"width":1000,"height":656,"url":"https:\/\/news.save.ch\/wp-content\/uploads\/2017\/05\/Depositphotos_1173832_m-2015.jpg","type":"image\/jpeg"}],"author":"Roger Str\u00e4ssle","twitter_card":"summary_large_image","twitter_misc":{"Scritto da":"Roger Str\u00e4ssle","Tempo di lettura stimato":"3 minuti"},"schema":{"@context":"https:\/\/schema.org","@graph":[{"@type":"Article","@id":"https:\/\/news.save.ch\/sicherheit-2017-schweizer-sehen-die-ch-optimistisch\/#article","isPartOf":{"@id":"https:\/\/news.save.ch\/sicherheit-2017-schweizer-sehen-die-ch-optimistisch\/"},"author":{"name":"Roger Str\u00e4ssle","@id":"https:\/\/news.save.ch\/de\/#\/schema\/person\/d5022db048e0e2b9785c50e5b24da5aa"},"headline":"\u00abSicherheit 2017\u00bb \u2013 Schweizer sehen die CH optimistisch","datePublished":"2017-05-27T04:13:05+00:00","mainEntityOfPage":{"@id":"https:\/\/news.save.ch\/sicherheit-2017-schweizer-sehen-die-ch-optimistisch\/"},"wordCount":590,"commentCount":0,"publisher":{"@id":"https:\/\/news.save.ch\/de\/#organization"},"image":{"@id":"https:\/\/news.save.ch\/sicherheit-2017-schweizer-sehen-die-ch-optimistisch\/#primaryimage"},"thumbnailUrl":"https:\/\/news.save.ch\/wp-content\/uploads\/2017\/05\/Depositphotos_1173832_m-2015.jpg","keywords":["Bundesamt","Studie"],"articleSection":["ALLGEMEIN"],"inLanguage":"it-IT"},{"@type":"WebPage","@id":"https:\/\/news.save.ch\/sicherheit-2017-schweizer-sehen-die-ch-optimistisch\/","url":"https:\/\/news.save.ch\/sicherheit-2017-schweizer-sehen-die-ch-optimistisch\/","name":"\"Sicurezza 2017\": gli svizzeri guardano con ottimismo alla CH - Save","isPartOf":{"@id":"https:\/\/news.save.ch\/de\/#website"},"primaryImageOfPage":{"@id":"https:\/\/news.save.ch\/sicherheit-2017-schweizer-sehen-die-ch-optimistisch\/#primaryimage"},"image":{"@id":"https:\/\/news.save.ch\/sicherheit-2017-schweizer-sehen-die-ch-optimistisch\/#primaryimage"},"thumbnailUrl":"https:\/\/news.save.ch\/wp-content\/uploads\/2017\/05\/Depositphotos_1173832_m-2015.jpg","datePublished":"2017-05-27T04:13:05+00:00","description":"Gli svizzeri si sentono molto sicuri. Questo \u00e8 il risultato dell'indagine \"Sicurezza 2017\" commissionata dal DDPS.","breadcrumb":{"@id":"https:\/\/news.save.ch\/sicherheit-2017-schweizer-sehen-die-ch-optimistisch\/#breadcrumb"},"inLanguage":"it-IT","potentialAction":[{"@type":"ReadAction","target":["https:\/\/news.save.ch\/sicherheit-2017-schweizer-sehen-die-ch-optimistisch\/"]}]},{"@type":"ImageObject","inLanguage":"it-IT","@id":"https:\/\/news.save.ch\/sicherheit-2017-schweizer-sehen-die-ch-optimistisch\/#primaryimage","url":"https:\/\/news.save.ch\/wp-content\/uploads\/2017\/05\/Depositphotos_1173832_m-2015.jpg","contentUrl":"https:\/\/news.save.ch\/wp-content\/uploads\/2017\/05\/Depositphotos_1173832_m-2015.jpg","width":1000,"height":656,"caption":"Depositphotos"},{"@type":"BreadcrumbList","@id":"https:\/\/news.save.ch\/sicherheit-2017-schweizer-sehen-die-ch-optimistisch\/#breadcrumb","itemListElement":[{"@type":"ListItem","position":1,"name":"Home","item":"https:\/\/news.save.ch\/de\/"},{"@type":"ListItem","position":2,"name":"\u00abSicherheit 2017\u00bb \u2013 Schweizer sehen die CH optimistisch"}]},{"@type":"WebSite","@id":"https:\/\/news.save.ch\/de\/#website","url":"https:\/\/news.save.ch\/de\/","name":"Risparmiare","description":"Rivista svizzera specializzata in sicurezza","publisher":{"@id":"https:\/\/news.save.ch\/de\/#organization"},"potentialAction":[{"@type":"SearchAction","target":{"@type":"EntryPoint","urlTemplate":"https:\/\/news.save.ch\/de\/?s={search_term_string}"},"query-input":{"@type":"PropertyValueSpecification","valueRequired":true,"valueName":"search_term_string"}}],"inLanguage":"it-IT"},{"@type":"Organization","@id":"https:\/\/news.save.ch\/de\/#organization","name":"Forum sulla sicurezza","url":"https:\/\/news.save.ch\/de\/","logo":{"@type":"ImageObject","inLanguage":"it-IT","@id":"https:\/\/news.save.ch\/de\/#\/schema\/logo\/image\/","url":"https:\/\/news.save.ch\/wp-content\/uploads\/2022\/06\/Logo_SF_2012.png","contentUrl":"https:\/\/news.save.ch\/wp-content\/uploads\/2022\/06\/Logo_SF_2012.png","width":1100,"height":91,"caption":"Sicherheitsforum"},"image":{"@id":"https:\/\/news.save.ch\/de\/#\/schema\/logo\/image\/"}},{"@type":"Person","@id":"https:\/\/news.save.ch\/de\/#\/schema\/person\/d5022db048e0e2b9785c50e5b24da5aa","name":"Roger Str\u00e4ssle","image":{"@type":"ImageObject","inLanguage":"it-IT","@id":"https:\/\/secure.gravatar.com\/avatar\/862a5569d087de48e5856e32f45d719a03804c891d6deb8d4f71a660e79e4a47?s=96&d=mm&r=g","url":"https:\/\/secure.gravatar.com\/avatar\/862a5569d087de48e5856e32f45d719a03804c891d6deb8d4f71a660e79e4a47?s=96&d=mm&r=g","contentUrl":"https:\/\/secure.gravatar.com\/avatar\/862a5569d087de48e5856e32f45d719a03804c891d6deb8d4f71a660e79e4a47?s=96&d=mm&r=g","caption":"Roger Str\u00e4ssle"},"url":"https:\/\/news.save.ch\/it\/author\/roger-straessle\/"}]}},"_links":{"self":[{"href":"https:\/\/news.save.ch\/it\/wp-json\/wp\/v2\/posts\/4876","targetHints":{"allow":["GET"]}}],"collection":[{"href":"https:\/\/news.save.ch\/it\/wp-json\/wp\/v2\/posts"}],"about":[{"href":"https:\/\/news.save.ch\/it\/wp-json\/wp\/v2\/types\/post"}],"author":[{"embeddable":true,"href":"https:\/\/news.save.ch\/it\/wp-json\/wp\/v2\/users\/8"}],"replies":[{"embeddable":true,"href":"https:\/\/news.save.ch\/it\/wp-json\/wp\/v2\/comments?post=4876"}],"version-history":[{"count":0,"href":"https:\/\/news.save.ch\/it\/wp-json\/wp\/v2\/posts\/4876\/revisions"}],"wp:featuredmedia":[{"embeddable":true,"href":"https:\/\/news.save.ch\/it\/wp-json\/wp\/v2\/media\/4879"}],"wp:attachment":[{"href":"https:\/\/news.save.ch\/it\/wp-json\/wp\/v2\/media?parent=4876"}],"wp:term":[{"taxonomy":"category","embeddable":true,"href":"https:\/\/news.save.ch\/it\/wp-json\/wp\/v2\/categories?post=4876"},{"taxonomy":"post_tag","embeddable":true,"href":"https:\/\/news.save.ch\/it\/wp-json\/wp\/v2\/tags?post=4876"}],"curies":[{"name":"wp","href":"https:\/\/api.w.org\/{rel}","templated":true}]}}