{"id":488,"date":"2015-06-25T11:49:49","date_gmt":"2015-06-25T09:49:49","guid":{"rendered":"https:\/\/dev.sicherheitsforum.ch\/?p=488"},"modified":"2023-03-14T08:57:38","modified_gmt":"2023-03-14T07:57:38","slug":"kampagne-bunte-schweiz-gegen-hasstirade-im-internet","status":null,"type":"post","link":"https:\/\/news.save.ch\/it\/kampagne-bunte-schweiz-gegen-hasstirade-im-internet\/","title":{"rendered":"Campagna \"Svizzera colorata\" - contro i discorsi d'odio su Internet"},"content":{"rendered":"<p><img loading=\"lazy\" decoding=\"async\" class=\"alignnone size-medium wp-image-489\" src=\"https:\/\/sicherheitsforum.ch\/wp-content\/uploads\/2016\/12\/Kampagne-&quot;Bunte-Schweiz&quot;- contro l&#039;odio-tirade-su-internet-per-la-sicurezza.jpg\" alt=\"campagna-colorosa-svizzera-contro-l&#039;odio-internet-per-la-sicurezza\" width=\"680\" height=\"680\" \/><\/p>\n<p>&nbsp;<\/p>\n<p>\"\u00c8 anche grazie a questa commissione che il razzismo \u00e8 ora percepito come un problema sociale\", ha dichiarato il Consigliere federale Alain Berset, capo del Dipartimento federale dell'interno (DFI), in occasione del 20\u00b0 anniversario della legge penale sul razzismo. L'impegno contro la discriminazione razzista \u00e8 un compito permanente per tutti.<\/p>\n<p>Martine Brunschwig Graf, presidente della Commissione federale contro il razzismo (FCR), ha dichiarato: \"Il razzismo non \u00e8 necessariamente aumentato. Tuttavia, ha trovato una nuova piattaforma attraverso i social media. L'anonimato in rete \u00e8 uno dei criteri pi\u00f9 importanti per la diffusione di dichiarazioni razziste\".<\/p>\n<p>La disposizione penale sul razzismo \u00e8 diretta contro gli atti e le dichiarazioni denigratorie e discriminatorie nella sfera pubblica. Tuttavia, protegge anche la dignit\u00e0 umana in rete, che non pu\u00f2 essere violata con il pretesto della libert\u00e0 di espressione; l'incitamento all'odio razziale e alla discriminazione razziale \u00e8 vietato anche su Facebook, Twitter, blog e altre piattaforme.<\/p>\n<p>La campagna \"Svizzera a colori\" si rivolge principalmente ai giovani, ma anche a tutti gli utenti delle nuove tecnologie che contribuiscono a un discorso e a costumi che non vogliono dare spazio alla discriminazione razziale su internet e sui social media, come scrive il DFI. La campagna \u00e8 condotta in collaborazione con partner del settore pubblico e privato, in particolare dell'istruzione, dell'imprenditoria, della cultura e delle organizzazioni no-profit.<\/p>\n<p>In occasione della campagna semestrale, anche una <a href=\"https:\/\/bunte-schweiz.ch\" target=\"_blank\" data-cke-saved-href=\"https:\/\/bunte-schweiz.ch\" rel=\"noopener\">piattaforma virtuale<\/a> lanciato.<\/p>","protected":false},"excerpt":{"rendered":"<p>&nbsp; \u00abEs ist auch das Verdienst dieser Kommission, dass heute Rassismus als soziales Problem wahrgenommen wird\u00bb, sagte Bundesrat Alain Berset, Vorsteher des Eidgen\u00f6ssischen Departements des Innern (EDI), anl\u00e4sslich des 20-j\u00e4hrigen Bestehens der Rassismusstrafnorm. Das Engagement gegen rassistische Diskriminierung sei eine permanente Aufgabe von allen. Martine Brunschwig Graf, die Pr\u00e4sidentin der Eidgen\u00f6ssischen Kommission gegen Rassismus (EKR), [&hellip;]<\/p>\n","protected":false},"author":1,"featured_media":489,"comment_status":"open","ping_status":"open","sticky":false,"template":"","format":"standard","meta":{"_acf_changed":false,"pgc_sgb_lightbox_settings":"","footnotes":""},"categories":[3313],"tags":[120,63],"class_list":["post-488","post","type-post","status-publish","format-standard","has-post-thumbnail","hentry","category-digitalisierung","tag-bundesamt","tag-it-security"],"acf":[],"hkrextid":null,"publication":null,"issue":null,"workflow":null,"startPage":null,"spitzmarke":null,"_posts_by_tag_page_fields":{"widget_title":"","widget_tags":""},"_at_widget":"1","_yoast_wpseo_primary_category":"2","_yoast_wpseo_focuskw_text_input":"Bunte Schweiz","_yoast_wpseo_opengraph-image":"https:\/\/sicherheitsforum.ch\/wp-content\/uploads\/2016\/12\/Kampagne-\u00abBunte-Schweiz\u00bb-gegen-Hasstirade-im-Internet-it-security.jpg","_yoast_wpseo_opengraph-description":"Vor 20 Jahren wurde in der Schweiz die Rassismusstrafnorm vom Stimmvolk angenommen. Deshalb lanciert die Eidgen\u00f6ssische Kommission gegen Rassismus die Kampagne \u00abBunte Schweiz\u00bb. Ziel der Kampagne ist die Sensibilisierung der \u00d6ffentlichkeit f\u00fcr das Thema der Rassendiskriminierung und der Hassreden im Internet.","_yoast_wpseo_opengraph-title":"Kampagne \u00abBunte Schweiz\u00bb - gegen Hasstirade im Internet","enclosure":null,"_yoast_wpseo_twitter-title":null,"_yoast_wpseo_twitter-description":null,"_yoast_wpseo_twitter-image":null,"_wp_old_slug":null,"_yoast_wpseo_title":null,"_yoast_wpseo_canonical":null,"yoast_head":"<!-- This site is optimized with the Yoast SEO plugin v27.5 - https:\/\/yoast.com\/product\/yoast-seo-wordpress\/ -->\n<title>Kampagne \u00abBunte Schweiz\u00bb - gegen Hasstirade im Internet - Save<\/title>\n<meta name=\"description\" content=\"Vor 20 Jahren wurde die Rassismusstrafnorm angenommen. Deshalb lanciert die Eidgen\u00f6ssische Kommission gegen Rassismus die Kampagne \u00abBunte Schweiz\u00bb.\" \/>\n<meta name=\"robots\" content=\"index, follow, max-snippet:-1, max-image-preview:large, max-video-preview:-1\" \/>\n<link rel=\"canonical\" href=\"https:\/\/news.save.ch\/it\/kampagne-bunte-schweiz-gegen-hasstirade-im-internet\/\" \/>\n<meta property=\"og:locale\" content=\"it_IT\" \/>\n<meta property=\"og:type\" content=\"article\" \/>\n<meta property=\"og:title\" content=\"Kampagne \u00abBunte Schweiz\u00bb - gegen Hasstirade im Internet\" \/>\n<meta property=\"og:description\" content=\"Vor 20 Jahren wurde in der Schweiz die Rassismusstrafnorm vom Stimmvolk angenommen. Deshalb lanciert die Eidgen\u00f6ssische Kommission gegen Rassismus die Kampagne \u00abBunte Schweiz\u00bb. Ziel der Kampagne ist die Sensibilisierung der \u00d6ffentlichkeit f\u00fcr das Thema der Rassendiskriminierung und der Hassreden im Internet.\" \/>\n<meta property=\"og:url\" content=\"https:\/\/news.save.ch\/it\/kampagne-bunte-schweiz-gegen-hasstirade-im-internet\/\" \/>\n<meta property=\"og:site_name\" content=\"Save\" \/>\n<meta property=\"article:published_time\" content=\"2015-06-25T09:49:49+00:00\" \/>\n<meta property=\"article:modified_time\" content=\"2023-03-14T07:57:38+00:00\" \/>\n<meta property=\"og:image\" content=\"https:\/\/sicherheitsforum.ch\/wp-content\/uploads\/2016\/12\/Kampagne-\u00abBunte-Schweiz\u00bb-gegen-Hasstirade-im-Internet-it-security.jpg\" \/>\n<meta name=\"author\" content=\"admin\" \/>\n<meta name=\"twitter:card\" content=\"summary_large_image\" \/>\n<meta name=\"twitter:label1\" content=\"Scritto da\" \/>\n\t<meta name=\"twitter:data1\" content=\"admin\" \/>\n\t<meta name=\"twitter:label2\" content=\"Tempo di lettura stimato\" \/>\n\t<meta name=\"twitter:data2\" content=\"1 minuto\" \/>\n<script type=\"application\/ld+json\" class=\"yoast-schema-graph\">{\"@context\":\"https:\\\/\\\/schema.org\",\"@graph\":[{\"@type\":\"Article\",\"@id\":\"https:\\\/\\\/news.save.ch\\\/kampagne-bunte-schweiz-gegen-hasstirade-im-internet\\\/#article\",\"isPartOf\":{\"@id\":\"https:\\\/\\\/news.save.ch\\\/kampagne-bunte-schweiz-gegen-hasstirade-im-internet\\\/\"},\"author\":{\"name\":\"admin\",\"@id\":\"https:\\\/\\\/news.save.ch\\\/de\\\/#\\\/schema\\\/person\\\/d49e199490bad7c70d64b9ab51142f2b\"},\"headline\":\"Kampagne \u00abBunte Schweiz\u00bb &#8211; gegen Hasstirade im Internet\",\"datePublished\":\"2015-06-25T09:49:49+00:00\",\"dateModified\":\"2023-03-14T07:57:38+00:00\",\"mainEntityOfPage\":{\"@id\":\"https:\\\/\\\/news.save.ch\\\/kampagne-bunte-schweiz-gegen-hasstirade-im-internet\\\/\"},\"wordCount\":237,\"commentCount\":0,\"publisher\":{\"@id\":\"https:\\\/\\\/news.save.ch\\\/de\\\/#organization\"},\"image\":{\"@id\":\"https:\\\/\\\/news.save.ch\\\/kampagne-bunte-schweiz-gegen-hasstirade-im-internet\\\/#primaryimage\"},\"thumbnailUrl\":\"https:\\\/\\\/news.save.ch\\\/wp-content\\\/uploads\\\/2016\\\/12\\\/Kampagne-Bunte-Schweiz-gegen-Hasstirade-im-Internet-it-security-scaled.jpg\",\"keywords\":[\"Bundesamt\",\"IT-SECURITY\"],\"articleSection\":[\"DIGITALISIERUNG\"],\"inLanguage\":\"it-IT\"},{\"@type\":\"WebPage\",\"@id\":\"https:\\\/\\\/news.save.ch\\\/kampagne-bunte-schweiz-gegen-hasstirade-im-internet\\\/\",\"url\":\"https:\\\/\\\/news.save.ch\\\/kampagne-bunte-schweiz-gegen-hasstirade-im-internet\\\/\",\"name\":\"Kampagne \u00abBunte Schweiz\u00bb - gegen Hasstirade im Internet - Save\",\"isPartOf\":{\"@id\":\"https:\\\/\\\/news.save.ch\\\/de\\\/#website\"},\"primaryImageOfPage\":{\"@id\":\"https:\\\/\\\/news.save.ch\\\/kampagne-bunte-schweiz-gegen-hasstirade-im-internet\\\/#primaryimage\"},\"image\":{\"@id\":\"https:\\\/\\\/news.save.ch\\\/kampagne-bunte-schweiz-gegen-hasstirade-im-internet\\\/#primaryimage\"},\"thumbnailUrl\":\"https:\\\/\\\/news.save.ch\\\/wp-content\\\/uploads\\\/2016\\\/12\\\/Kampagne-Bunte-Schweiz-gegen-Hasstirade-im-Internet-it-security-scaled.jpg\",\"datePublished\":\"2015-06-25T09:49:49+00:00\",\"dateModified\":\"2023-03-14T07:57:38+00:00\",\"description\":\"Vor 20 Jahren wurde die Rassismusstrafnorm angenommen. Deshalb lanciert die Eidgen\u00f6ssische Kommission gegen Rassismus die Kampagne \u00abBunte Schweiz\u00bb.\",\"breadcrumb\":{\"@id\":\"https:\\\/\\\/news.save.ch\\\/kampagne-bunte-schweiz-gegen-hasstirade-im-internet\\\/#breadcrumb\"},\"inLanguage\":\"it-IT\",\"potentialAction\":[{\"@type\":\"ReadAction\",\"target\":[\"https:\\\/\\\/news.save.ch\\\/kampagne-bunte-schweiz-gegen-hasstirade-im-internet\\\/\"]}]},{\"@type\":\"ImageObject\",\"inLanguage\":\"it-IT\",\"@id\":\"https:\\\/\\\/news.save.ch\\\/kampagne-bunte-schweiz-gegen-hasstirade-im-internet\\\/#primaryimage\",\"url\":\"https:\\\/\\\/news.save.ch\\\/wp-content\\\/uploads\\\/2016\\\/12\\\/Kampagne-Bunte-Schweiz-gegen-Hasstirade-im-Internet-it-security-scaled.jpg\",\"contentUrl\":\"https:\\\/\\\/news.save.ch\\\/wp-content\\\/uploads\\\/2016\\\/12\\\/Kampagne-Bunte-Schweiz-gegen-Hasstirade-im-Internet-it-security-scaled.jpg\",\"width\":1400,\"height\":1400},{\"@type\":\"BreadcrumbList\",\"@id\":\"https:\\\/\\\/news.save.ch\\\/kampagne-bunte-schweiz-gegen-hasstirade-im-internet\\\/#breadcrumb\",\"itemListElement\":[{\"@type\":\"ListItem\",\"position\":1,\"name\":\"Home\",\"item\":\"https:\\\/\\\/news.save.ch\\\/de\\\/\"},{\"@type\":\"ListItem\",\"position\":2,\"name\":\"Kampagne \u00abBunte Schweiz\u00bb &#8211; gegen Hasstirade im Internet\"}]},{\"@type\":\"WebSite\",\"@id\":\"https:\\\/\\\/news.save.ch\\\/de\\\/#website\",\"url\":\"https:\\\/\\\/news.save.ch\\\/de\\\/\",\"name\":\"Save\",\"description\":\"Schweizer Fachzeitschrift f\u00fcr Sicherheit\",\"publisher\":{\"@id\":\"https:\\\/\\\/news.save.ch\\\/de\\\/#organization\"},\"potentialAction\":[{\"@type\":\"SearchAction\",\"target\":{\"@type\":\"EntryPoint\",\"urlTemplate\":\"https:\\\/\\\/news.save.ch\\\/de\\\/?s={search_term_string}\"},\"query-input\":{\"@type\":\"PropertyValueSpecification\",\"valueRequired\":true,\"valueName\":\"search_term_string\"}}],\"inLanguage\":\"it-IT\"},{\"@type\":\"Organization\",\"@id\":\"https:\\\/\\\/news.save.ch\\\/de\\\/#organization\",\"name\":\"Sicherheitsforum\",\"url\":\"https:\\\/\\\/news.save.ch\\\/de\\\/\",\"logo\":{\"@type\":\"ImageObject\",\"inLanguage\":\"it-IT\",\"@id\":\"https:\\\/\\\/news.save.ch\\\/de\\\/#\\\/schema\\\/logo\\\/image\\\/\",\"url\":\"https:\\\/\\\/news.save.ch\\\/wp-content\\\/uploads\\\/2022\\\/06\\\/Logo_SF_2012.png\",\"contentUrl\":\"https:\\\/\\\/news.save.ch\\\/wp-content\\\/uploads\\\/2022\\\/06\\\/Logo_SF_2012.png\",\"width\":1100,\"height\":91,\"caption\":\"Sicherheitsforum\"},\"image\":{\"@id\":\"https:\\\/\\\/news.save.ch\\\/de\\\/#\\\/schema\\\/logo\\\/image\\\/\"}},{\"@type\":\"Person\",\"@id\":\"https:\\\/\\\/news.save.ch\\\/de\\\/#\\\/schema\\\/person\\\/d49e199490bad7c70d64b9ab51142f2b\",\"name\":\"admin\",\"image\":{\"@type\":\"ImageObject\",\"inLanguage\":\"it-IT\",\"@id\":\"https:\\\/\\\/secure.gravatar.com\\\/avatar\\\/ae2f4d718e6c49043e314ce431e7e645d646302a24a5ef5a8bc8e3f5a032e319?s=96&d=mm&r=g\",\"url\":\"https:\\\/\\\/secure.gravatar.com\\\/avatar\\\/ae2f4d718e6c49043e314ce431e7e645d646302a24a5ef5a8bc8e3f5a032e319?s=96&d=mm&r=g\",\"contentUrl\":\"https:\\\/\\\/secure.gravatar.com\\\/avatar\\\/ae2f4d718e6c49043e314ce431e7e645d646302a24a5ef5a8bc8e3f5a032e319?s=96&d=mm&r=g\",\"caption\":\"admin\"},\"sameAs\":[\"https:\\\/\\\/develop.organisator.galledia.ch\"],\"url\":\"https:\\\/\\\/news.save.ch\\\/it\\\/author\\\/admin\\\/\"}]}<\/script>\n<!-- \/ Yoast SEO plugin. -->","yoast_head_json":{"title":"Campagna \"Svizzera colorata\" - contro i discorsi d'odio su Internet - Save","description":"20 anni fa \u00e8 stata adottata la norma penale sul razzismo. Per questo motivo la Commissione federale contro il razzismo lancia la campagna \"Svizzera a colori\".","robots":{"index":"index","follow":"follow","max-snippet":"max-snippet:-1","max-image-preview":"max-image-preview:large","max-video-preview":"max-video-preview:-1"},"canonical":"https:\/\/news.save.ch\/it\/kampagne-bunte-schweiz-gegen-hasstirade-im-internet\/","og_locale":"it_IT","og_type":"article","og_title":"Kampagne \u00abBunte Schweiz\u00bb - gegen Hasstirade im Internet","og_description":"Vor 20 Jahren wurde in der Schweiz die Rassismusstrafnorm vom Stimmvolk angenommen. Deshalb lanciert die Eidgen\u00f6ssische Kommission gegen Rassismus die Kampagne \u00abBunte Schweiz\u00bb. Ziel der Kampagne ist die Sensibilisierung der \u00d6ffentlichkeit f\u00fcr das Thema der Rassendiskriminierung und der Hassreden im Internet.","og_url":"https:\/\/news.save.ch\/it\/kampagne-bunte-schweiz-gegen-hasstirade-im-internet\/","og_site_name":"Save","article_published_time":"2015-06-25T09:49:49+00:00","article_modified_time":"2023-03-14T07:57:38+00:00","og_image":[{"url":"https:\/\/sicherheitsforum.ch\/wp-content\/uploads\/2016\/12\/Kampagne-\u00abBunte-Schweiz\u00bb-gegen-Hasstirade-im-Internet-it-security.jpg","type":"","width":"","height":""}],"author":"admin","twitter_card":"summary_large_image","twitter_misc":{"Scritto da":"admin","Tempo di lettura stimato":"1 minuto"},"schema":{"@context":"https:\/\/schema.org","@graph":[{"@type":"Article","@id":"https:\/\/news.save.ch\/kampagne-bunte-schweiz-gegen-hasstirade-im-internet\/#article","isPartOf":{"@id":"https:\/\/news.save.ch\/kampagne-bunte-schweiz-gegen-hasstirade-im-internet\/"},"author":{"name":"admin","@id":"https:\/\/news.save.ch\/de\/#\/schema\/person\/d49e199490bad7c70d64b9ab51142f2b"},"headline":"Kampagne \u00abBunte Schweiz\u00bb &#8211; gegen Hasstirade im Internet","datePublished":"2015-06-25T09:49:49+00:00","dateModified":"2023-03-14T07:57:38+00:00","mainEntityOfPage":{"@id":"https:\/\/news.save.ch\/kampagne-bunte-schweiz-gegen-hasstirade-im-internet\/"},"wordCount":237,"commentCount":0,"publisher":{"@id":"https:\/\/news.save.ch\/de\/#organization"},"image":{"@id":"https:\/\/news.save.ch\/kampagne-bunte-schweiz-gegen-hasstirade-im-internet\/#primaryimage"},"thumbnailUrl":"https:\/\/news.save.ch\/wp-content\/uploads\/2016\/12\/Kampagne-Bunte-Schweiz-gegen-Hasstirade-im-Internet-it-security-scaled.jpg","keywords":["Bundesamt","IT-SECURITY"],"articleSection":["DIGITALISIERUNG"],"inLanguage":"it-IT"},{"@type":"WebPage","@id":"https:\/\/news.save.ch\/kampagne-bunte-schweiz-gegen-hasstirade-im-internet\/","url":"https:\/\/news.save.ch\/kampagne-bunte-schweiz-gegen-hasstirade-im-internet\/","name":"Campagna \"Svizzera colorata\" - contro i discorsi d'odio su Internet - Save","isPartOf":{"@id":"https:\/\/news.save.ch\/de\/#website"},"primaryImageOfPage":{"@id":"https:\/\/news.save.ch\/kampagne-bunte-schweiz-gegen-hasstirade-im-internet\/#primaryimage"},"image":{"@id":"https:\/\/news.save.ch\/kampagne-bunte-schweiz-gegen-hasstirade-im-internet\/#primaryimage"},"thumbnailUrl":"https:\/\/news.save.ch\/wp-content\/uploads\/2016\/12\/Kampagne-Bunte-Schweiz-gegen-Hasstirade-im-Internet-it-security-scaled.jpg","datePublished":"2015-06-25T09:49:49+00:00","dateModified":"2023-03-14T07:57:38+00:00","description":"20 anni fa \u00e8 stata adottata la norma penale sul razzismo. Per questo motivo la Commissione federale contro il razzismo lancia la campagna \"Svizzera a colori\".","breadcrumb":{"@id":"https:\/\/news.save.ch\/kampagne-bunte-schweiz-gegen-hasstirade-im-internet\/#breadcrumb"},"inLanguage":"it-IT","potentialAction":[{"@type":"ReadAction","target":["https:\/\/news.save.ch\/kampagne-bunte-schweiz-gegen-hasstirade-im-internet\/"]}]},{"@type":"ImageObject","inLanguage":"it-IT","@id":"https:\/\/news.save.ch\/kampagne-bunte-schweiz-gegen-hasstirade-im-internet\/#primaryimage","url":"https:\/\/news.save.ch\/wp-content\/uploads\/2016\/12\/Kampagne-Bunte-Schweiz-gegen-Hasstirade-im-Internet-it-security-scaled.jpg","contentUrl":"https:\/\/news.save.ch\/wp-content\/uploads\/2016\/12\/Kampagne-Bunte-Schweiz-gegen-Hasstirade-im-Internet-it-security-scaled.jpg","width":1400,"height":1400},{"@type":"BreadcrumbList","@id":"https:\/\/news.save.ch\/kampagne-bunte-schweiz-gegen-hasstirade-im-internet\/#breadcrumb","itemListElement":[{"@type":"ListItem","position":1,"name":"Home","item":"https:\/\/news.save.ch\/de\/"},{"@type":"ListItem","position":2,"name":"Kampagne \u00abBunte Schweiz\u00bb &#8211; gegen Hasstirade im Internet"}]},{"@type":"WebSite","@id":"https:\/\/news.save.ch\/de\/#website","url":"https:\/\/news.save.ch\/de\/","name":"Risparmiare","description":"Rivista svizzera specializzata in sicurezza","publisher":{"@id":"https:\/\/news.save.ch\/de\/#organization"},"potentialAction":[{"@type":"SearchAction","target":{"@type":"EntryPoint","urlTemplate":"https:\/\/news.save.ch\/de\/?s={search_term_string}"},"query-input":{"@type":"PropertyValueSpecification","valueRequired":true,"valueName":"search_term_string"}}],"inLanguage":"it-IT"},{"@type":"Organization","@id":"https:\/\/news.save.ch\/de\/#organization","name":"Forum sulla sicurezza","url":"https:\/\/news.save.ch\/de\/","logo":{"@type":"ImageObject","inLanguage":"it-IT","@id":"https:\/\/news.save.ch\/de\/#\/schema\/logo\/image\/","url":"https:\/\/news.save.ch\/wp-content\/uploads\/2022\/06\/Logo_SF_2012.png","contentUrl":"https:\/\/news.save.ch\/wp-content\/uploads\/2022\/06\/Logo_SF_2012.png","width":1100,"height":91,"caption":"Sicherheitsforum"},"image":{"@id":"https:\/\/news.save.ch\/de\/#\/schema\/logo\/image\/"}},{"@type":"Person","@id":"https:\/\/news.save.ch\/de\/#\/schema\/person\/d49e199490bad7c70d64b9ab51142f2b","name":"amministratore","image":{"@type":"ImageObject","inLanguage":"it-IT","@id":"https:\/\/secure.gravatar.com\/avatar\/ae2f4d718e6c49043e314ce431e7e645d646302a24a5ef5a8bc8e3f5a032e319?s=96&d=mm&r=g","url":"https:\/\/secure.gravatar.com\/avatar\/ae2f4d718e6c49043e314ce431e7e645d646302a24a5ef5a8bc8e3f5a032e319?s=96&d=mm&r=g","contentUrl":"https:\/\/secure.gravatar.com\/avatar\/ae2f4d718e6c49043e314ce431e7e645d646302a24a5ef5a8bc8e3f5a032e319?s=96&d=mm&r=g","caption":"admin"},"sameAs":["https:\/\/develop.organisator.galledia.ch"],"url":"https:\/\/news.save.ch\/it\/author\/admin\/"}]}},"_links":{"self":[{"href":"https:\/\/news.save.ch\/it\/wp-json\/wp\/v2\/posts\/488","targetHints":{"allow":["GET"]}}],"collection":[{"href":"https:\/\/news.save.ch\/it\/wp-json\/wp\/v2\/posts"}],"about":[{"href":"https:\/\/news.save.ch\/it\/wp-json\/wp\/v2\/types\/post"}],"author":[{"embeddable":true,"href":"https:\/\/news.save.ch\/it\/wp-json\/wp\/v2\/users\/1"}],"replies":[{"embeddable":true,"href":"https:\/\/news.save.ch\/it\/wp-json\/wp\/v2\/comments?post=488"}],"version-history":[{"count":1,"href":"https:\/\/news.save.ch\/it\/wp-json\/wp\/v2\/posts\/488\/revisions"}],"predecessor-version":[{"id":17769,"href":"https:\/\/news.save.ch\/it\/wp-json\/wp\/v2\/posts\/488\/revisions\/17769"}],"wp:featuredmedia":[{"embeddable":true,"href":"https:\/\/news.save.ch\/it\/wp-json\/wp\/v2\/media\/489"}],"wp:attachment":[{"href":"https:\/\/news.save.ch\/it\/wp-json\/wp\/v2\/media?parent=488"}],"wp:term":[{"taxonomy":"category","embeddable":true,"href":"https:\/\/news.save.ch\/it\/wp-json\/wp\/v2\/categories?post=488"},{"taxonomy":"post_tag","embeddable":true,"href":"https:\/\/news.save.ch\/it\/wp-json\/wp\/v2\/tags?post=488"}],"curies":[{"name":"wp","href":"https:\/\/api.w.org\/{rel}","templated":true}]}}