{"id":4885,"date":"2017-06-01T13:14:53","date_gmt":"2017-06-01T11:14:53","guid":{"rendered":"https:\/\/news.save.ch\/?p=4885"},"modified":"2017-06-01T13:14:53","modified_gmt":"2017-06-01T11:14:53","slug":"verurteilte-jugendliche-weisen-als-erwachsene-hoeheres-rueckfallrisiko-auf","status":null,"type":"post","link":"https:\/\/news.save.ch\/it\/verurteilte-jugendliche-weisen-als-erwachsene-hoeheres-rueckfallrisiko-auf\/","title":{"rendered":"Minorenni condannati - rischio pi\u00f9 elevato di recidiva in un secondo momento"},"content":{"rendered":"<figure id=\"attachment_4886\" aria-describedby=\"caption-attachment-4886\" style=\"width: 680px\" class=\"wp-caption aligncenter\"><img loading=\"lazy\" decoding=\"async\" class=\"size-medium wp-image-4886\" src=\"https:\/\/news.save.ch\/wp-content\/uploads\/2017\/05\/Depositphotos_9404103_m-2015.jpg\" alt=\"\" width=\"680\" height=\"482\" srcset=\"https:\/\/news.save.ch\/wp-content\/uploads\/2017\/05\/Depositphotos_9404103_m-2015.jpg 1000w, https:\/\/news.save.ch\/wp-content\/uploads\/2017\/05\/Depositphotos_9404103_m-2015-375x266.jpg 375w\" sizes=\"auto, (max-width: 680px) 100vw, 680px\" \/><figcaption id=\"caption-attachment-4886\" class=\"wp-caption-text\">Depositphotos<\/figcaption><\/figure>\n<p>L'Ufficio federale di statistica<strong> (<\/strong>FSO) ha indagato su quanti autori di reato registrati nelle statistiche sulle condanne penali dei minori compaiano poi anche nelle statistiche sulle condanne penali degli adulti. A tal fine, \u00e8 stato selezionato un gruppo di 6649 minorenni nati in Svizzera nel 1992 che avevano commesso un reato contro il Codice penale (SCC), la Legge sulla circolazione stradale (SVG) o la Legge sugli stupefacenti (BetmG). L'analisi \u00e8 giunta alla conclusione che il 25% di queste persone che avevano commesso un reato in giovent\u00f9 (1664 persone) sono state nuovamente condannate da un tribunale per adulti all'et\u00e0 di 18-23 anni.<\/p>\n<h3>Pi\u00f9 ricadute tra gli uomini<\/h3>\n<p>Non solo i maschi sono sovrarappresentati tra i minorenni condannati (73% maschi e 27% femmine), ma hanno anche maggiori probabilit\u00e0 di commettere altri reati dopo aver raggiunto la maggiore et\u00e0. I ragazzi condannati da minorenni hanno quasi quattro volte pi\u00f9 probabilit\u00e0 di essere successivamente condannati dal sistema giudiziario penale adulto rispetto alle ragazze (tasso di recidiva in et\u00e0 adulta: maschi 31%, femmine 8%).<\/p>\n<h3>Maggiore \u00e8 il numero di condanne precedenti, maggiore \u00e8 la recidiva.<\/h3>\n<p>Pi\u00f9 condanne giovanili sono state pronunciate contro una persona, pi\u00f9 spesso si verifica una condanna in et\u00e0 adulta. Per i minori che sono stati condannati una, due, tre o quattro volte e oltre, il tasso di recidiva \u00e8 rispettivamente del 20%, 34%, 49% e 64%.<\/p>\n<h3>Pi\u00f9 il reato \u00e8 grave, pi\u00f9 \u00e8 probabile che si verifichi una recidiva.<\/h3>\n<p>I risultati indicano che la recidiva in et\u00e0 adulta dipende in parte dalla gravit\u00e0 dei reati commessi in adolescenza. Il tasso di recidiva in et\u00e0 adulta \u00e8 del 17% per i minori che hanno commesso solo reati e del 29% per i minori che hanno commesso un reato o un crimine.<\/p>\n<h3>Traffico di droga e delinquenza SVG aumentano la recidiva<\/h3>\n<p>La recidiva in et\u00e0 adulta sembra essere correlata al fatto che le condanne giovanili riguardavano un reato contro la legge sugli stupefacenti o la legge sul traffico stradale. In questo contesto, tuttavia, l'UST ha rilevato che la diversit\u00e0 (cio\u00e8 la menzione di pi\u00f9 reati di natura diversa) aumenta la probabilit\u00e0 di recidiva. La diversit\u00e0 \u00e8 pi\u00f9 frequente nei reati contro la legge sugli stupefacenti o l'SVG che nei reati contro il CP. Questo potrebbe spiegare perch\u00e9 la probabilit\u00e0 di recidiva aumenta nel caso di reati stradali o di traffico di stupefacenti.<\/p>\n<p>I risultati sull'influenza dell'et\u00e0 devono essere considerati con cautela, poich\u00e9 non \u00e8 stato possibile eliminare completamente tutti gli ostacoli metodologici. In generale, dai dati emerge chiaramente che i minori che sono stati condannati negli ultimi due anni prima di raggiungere la maggiore et\u00e0 hanno una particolare probabilit\u00e0 di essere rinviati a giudizio come adulti. Fanno eccezione i risultati relativi all'et\u00e0 della prima condanna. In questo caso, sono coloro che hanno ricevuto una condanna giovanile in et\u00e0 molto giovane ad avere particolari probabilit\u00e0 di essere perseguiti una volta raggiunta l'et\u00e0 adulta.<\/p>\n<p><em>Fonte: Ufficio federale di statistica<\/em><\/p>","protected":false},"excerpt":{"rendered":"<p>Das Bundesamts f\u00fcr Statistik (BFS) hat untersucht, wie viele in der Jugendstrafurteilsstatistik erfasste Straft\u00e4terinnen und Straft\u00e4ter sp\u00e4ter auch in der Strafurteilsstatistik der Erwachsenen auftauchen. Dazu wurde eine Gruppe von 6649 im Jahr 1992 in der Schweiz geborenen minderj\u00e4hrigen Schweizer Staatsangeh\u00f6rigen ausgew\u00e4hlt, die eine Straftat gegen das Strafgesetzbuch (StGB), das Strassenverkehrsgesetz (SVG) oder das Bet\u00e4ubungsmittelgesetz (BetmG) [&hellip;]<\/p>\n","protected":false},"author":8,"featured_media":4886,"comment_status":"open","ping_status":"open","sticky":false,"template":"","format":"standard","meta":{"_acf_changed":false,"pgc_sgb_lightbox_settings":"","footnotes":""},"categories":[1],"tags":[69,113],"class_list":["post-4885","post","type-post","status-publish","format-standard","has-post-thumbnail","hentry","category-allgemein","tag-justiz-polizei","tag-kriminalitaet"],"acf":[],"hkrextid":null,"publication":null,"issue":null,"workflow":null,"startPage":null,"spitzmarke":null,"_posts_by_tag_page_fields":{"widget_title":"","widget_tags":""},"_at_widget":"1","_yoast_wpseo_primary_category":"1","_yoast_wpseo_focuskw_text_input":"Jugendliche","_yoast_wpseo_opengraph-image":null,"_yoast_wpseo_opengraph-description":null,"_yoast_wpseo_opengraph-title":null,"enclosure":null,"_yoast_wpseo_twitter-title":null,"_yoast_wpseo_twitter-description":null,"_yoast_wpseo_twitter-image":null,"_wp_old_slug":null,"_yoast_wpseo_title":null,"_yoast_wpseo_canonical":null,"yoast_head":"<!-- This site is optimized with the Yoast SEO plugin v27.5 - https:\/\/yoast.com\/product\/yoast-seo-wordpress\/ -->\n<title>Verurteilte Jugendliche - sp\u00e4ter h\u00f6heres R\u00fcckfallrisiko - Save<\/title>\n<meta name=\"description\" content=\"Minderj\u00e4hrige Verurteilte weisen im Erwachsenenalter ein h\u00f6heres R\u00fcckfallrisiko auf. Das geht aus einer Studie des Bundesamtes f\u00fcr Statistik hervor.\" \/>\n<meta name=\"robots\" content=\"index, follow, max-snippet:-1, max-image-preview:large, max-video-preview:-1\" \/>\n<link rel=\"canonical\" href=\"https:\/\/news.save.ch\/it\/verurteilte-jugendliche-weisen-als-erwachsene-hoeheres-rueckfallrisiko-auf\/\" \/>\n<meta property=\"og:locale\" content=\"it_IT\" \/>\n<meta property=\"og:type\" content=\"article\" \/>\n<meta property=\"og:title\" content=\"Verurteilte Jugendliche - sp\u00e4ter h\u00f6heres R\u00fcckfallrisiko - Save\" \/>\n<meta property=\"og:description\" content=\"Minderj\u00e4hrige Verurteilte weisen im Erwachsenenalter ein h\u00f6heres R\u00fcckfallrisiko auf. Das geht aus einer Studie des Bundesamtes f\u00fcr Statistik hervor.\" \/>\n<meta property=\"og:url\" content=\"https:\/\/news.save.ch\/it\/verurteilte-jugendliche-weisen-als-erwachsene-hoeheres-rueckfallrisiko-auf\/\" \/>\n<meta property=\"og:site_name\" content=\"Save\" \/>\n<meta property=\"article:published_time\" content=\"2017-06-01T11:14:53+00:00\" \/>\n<meta property=\"og:image\" content=\"https:\/\/news.save.ch\/wp-content\/uploads\/2017\/05\/Depositphotos_9404103_m-2015.jpg\" \/>\n\t<meta property=\"og:image:width\" content=\"1000\" \/>\n\t<meta property=\"og:image:height\" content=\"709\" \/>\n\t<meta property=\"og:image:type\" content=\"image\/jpeg\" \/>\n<meta name=\"author\" content=\"Roger Str\u00e4ssle\" \/>\n<meta name=\"twitter:card\" content=\"summary_large_image\" \/>\n<meta name=\"twitter:label1\" content=\"Scritto da\" \/>\n\t<meta name=\"twitter:data1\" content=\"Roger Str\u00e4ssle\" \/>\n\t<meta name=\"twitter:label2\" content=\"Tempo di lettura stimato\" \/>\n\t<meta name=\"twitter:data2\" content=\"2 minuti\" \/>\n<script type=\"application\/ld+json\" class=\"yoast-schema-graph\">{\"@context\":\"https:\\\/\\\/schema.org\",\"@graph\":[{\"@type\":\"Article\",\"@id\":\"https:\\\/\\\/news.save.ch\\\/verurteilte-jugendliche-weisen-als-erwachsene-hoeheres-rueckfallrisiko-auf\\\/#article\",\"isPartOf\":{\"@id\":\"https:\\\/\\\/news.save.ch\\\/verurteilte-jugendliche-weisen-als-erwachsene-hoeheres-rueckfallrisiko-auf\\\/\"},\"author\":{\"name\":\"Roger Str\u00e4ssle\",\"@id\":\"https:\\\/\\\/news.save.ch\\\/de\\\/#\\\/schema\\\/person\\\/d5022db048e0e2b9785c50e5b24da5aa\"},\"headline\":\"Verurteilte Jugendliche &#8211; sp\u00e4ter h\u00f6heres R\u00fcckfallrisiko\",\"datePublished\":\"2017-06-01T11:14:53+00:00\",\"mainEntityOfPage\":{\"@id\":\"https:\\\/\\\/news.save.ch\\\/verurteilte-jugendliche-weisen-als-erwachsene-hoeheres-rueckfallrisiko-auf\\\/\"},\"wordCount\":472,\"commentCount\":0,\"publisher\":{\"@id\":\"https:\\\/\\\/news.save.ch\\\/de\\\/#organization\"},\"image\":{\"@id\":\"https:\\\/\\\/news.save.ch\\\/verurteilte-jugendliche-weisen-als-erwachsene-hoeheres-rueckfallrisiko-auf\\\/#primaryimage\"},\"thumbnailUrl\":\"https:\\\/\\\/news.save.ch\\\/wp-content\\\/uploads\\\/2017\\\/05\\\/Depositphotos_9404103_m-2015.jpg\",\"keywords\":[\"Justiz &amp; Polizei\",\"Kriminalit\u00e4t\"],\"articleSection\":[\"ALLGEMEIN\"],\"inLanguage\":\"it-IT\"},{\"@type\":\"WebPage\",\"@id\":\"https:\\\/\\\/news.save.ch\\\/verurteilte-jugendliche-weisen-als-erwachsene-hoeheres-rueckfallrisiko-auf\\\/\",\"url\":\"https:\\\/\\\/news.save.ch\\\/verurteilte-jugendliche-weisen-als-erwachsene-hoeheres-rueckfallrisiko-auf\\\/\",\"name\":\"Verurteilte Jugendliche - sp\u00e4ter h\u00f6heres R\u00fcckfallrisiko - Save\",\"isPartOf\":{\"@id\":\"https:\\\/\\\/news.save.ch\\\/de\\\/#website\"},\"primaryImageOfPage\":{\"@id\":\"https:\\\/\\\/news.save.ch\\\/verurteilte-jugendliche-weisen-als-erwachsene-hoeheres-rueckfallrisiko-auf\\\/#primaryimage\"},\"image\":{\"@id\":\"https:\\\/\\\/news.save.ch\\\/verurteilte-jugendliche-weisen-als-erwachsene-hoeheres-rueckfallrisiko-auf\\\/#primaryimage\"},\"thumbnailUrl\":\"https:\\\/\\\/news.save.ch\\\/wp-content\\\/uploads\\\/2017\\\/05\\\/Depositphotos_9404103_m-2015.jpg\",\"datePublished\":\"2017-06-01T11:14:53+00:00\",\"description\":\"Minderj\u00e4hrige Verurteilte weisen im Erwachsenenalter ein h\u00f6heres R\u00fcckfallrisiko auf. Das geht aus einer Studie des Bundesamtes f\u00fcr Statistik hervor.\",\"breadcrumb\":{\"@id\":\"https:\\\/\\\/news.save.ch\\\/verurteilte-jugendliche-weisen-als-erwachsene-hoeheres-rueckfallrisiko-auf\\\/#breadcrumb\"},\"inLanguage\":\"it-IT\",\"potentialAction\":[{\"@type\":\"ReadAction\",\"target\":[\"https:\\\/\\\/news.save.ch\\\/verurteilte-jugendliche-weisen-als-erwachsene-hoeheres-rueckfallrisiko-auf\\\/\"]}]},{\"@type\":\"ImageObject\",\"inLanguage\":\"it-IT\",\"@id\":\"https:\\\/\\\/news.save.ch\\\/verurteilte-jugendliche-weisen-als-erwachsene-hoeheres-rueckfallrisiko-auf\\\/#primaryimage\",\"url\":\"https:\\\/\\\/news.save.ch\\\/wp-content\\\/uploads\\\/2017\\\/05\\\/Depositphotos_9404103_m-2015.jpg\",\"contentUrl\":\"https:\\\/\\\/news.save.ch\\\/wp-content\\\/uploads\\\/2017\\\/05\\\/Depositphotos_9404103_m-2015.jpg\",\"width\":1000,\"height\":709,\"caption\":\"Depositphotos\"},{\"@type\":\"BreadcrumbList\",\"@id\":\"https:\\\/\\\/news.save.ch\\\/verurteilte-jugendliche-weisen-als-erwachsene-hoeheres-rueckfallrisiko-auf\\\/#breadcrumb\",\"itemListElement\":[{\"@type\":\"ListItem\",\"position\":1,\"name\":\"Home\",\"item\":\"https:\\\/\\\/news.save.ch\\\/de\\\/\"},{\"@type\":\"ListItem\",\"position\":2,\"name\":\"Verurteilte Jugendliche &#8211; sp\u00e4ter h\u00f6heres R\u00fcckfallrisiko\"}]},{\"@type\":\"WebSite\",\"@id\":\"https:\\\/\\\/news.save.ch\\\/de\\\/#website\",\"url\":\"https:\\\/\\\/news.save.ch\\\/de\\\/\",\"name\":\"Save\",\"description\":\"Schweizer Fachzeitschrift f\u00fcr Sicherheit\",\"publisher\":{\"@id\":\"https:\\\/\\\/news.save.ch\\\/de\\\/#organization\"},\"potentialAction\":[{\"@type\":\"SearchAction\",\"target\":{\"@type\":\"EntryPoint\",\"urlTemplate\":\"https:\\\/\\\/news.save.ch\\\/de\\\/?s={search_term_string}\"},\"query-input\":{\"@type\":\"PropertyValueSpecification\",\"valueRequired\":true,\"valueName\":\"search_term_string\"}}],\"inLanguage\":\"it-IT\"},{\"@type\":\"Organization\",\"@id\":\"https:\\\/\\\/news.save.ch\\\/de\\\/#organization\",\"name\":\"Sicherheitsforum\",\"url\":\"https:\\\/\\\/news.save.ch\\\/de\\\/\",\"logo\":{\"@type\":\"ImageObject\",\"inLanguage\":\"it-IT\",\"@id\":\"https:\\\/\\\/news.save.ch\\\/de\\\/#\\\/schema\\\/logo\\\/image\\\/\",\"url\":\"https:\\\/\\\/news.save.ch\\\/wp-content\\\/uploads\\\/2022\\\/06\\\/Logo_SF_2012.png\",\"contentUrl\":\"https:\\\/\\\/news.save.ch\\\/wp-content\\\/uploads\\\/2022\\\/06\\\/Logo_SF_2012.png\",\"width\":1100,\"height\":91,\"caption\":\"Sicherheitsforum\"},\"image\":{\"@id\":\"https:\\\/\\\/news.save.ch\\\/de\\\/#\\\/schema\\\/logo\\\/image\\\/\"}},{\"@type\":\"Person\",\"@id\":\"https:\\\/\\\/news.save.ch\\\/de\\\/#\\\/schema\\\/person\\\/d5022db048e0e2b9785c50e5b24da5aa\",\"name\":\"Roger Str\u00e4ssle\",\"image\":{\"@type\":\"ImageObject\",\"inLanguage\":\"it-IT\",\"@id\":\"https:\\\/\\\/secure.gravatar.com\\\/avatar\\\/862a5569d087de48e5856e32f45d719a03804c891d6deb8d4f71a660e79e4a47?s=96&d=mm&r=g\",\"url\":\"https:\\\/\\\/secure.gravatar.com\\\/avatar\\\/862a5569d087de48e5856e32f45d719a03804c891d6deb8d4f71a660e79e4a47?s=96&d=mm&r=g\",\"contentUrl\":\"https:\\\/\\\/secure.gravatar.com\\\/avatar\\\/862a5569d087de48e5856e32f45d719a03804c891d6deb8d4f71a660e79e4a47?s=96&d=mm&r=g\",\"caption\":\"Roger Str\u00e4ssle\"},\"url\":\"https:\\\/\\\/news.save.ch\\\/it\\\/author\\\/roger-straessle\\\/\"}]}<\/script>\n<!-- \/ Yoast SEO plugin. -->","yoast_head_json":{"title":"Minorenni condannati - rischio pi\u00f9 elevato di recidiva in seguito - Salva","description":"I detenuti minorenni hanno un rischio maggiore di recidiva in et\u00e0 adulta. Questo \u00e8 il risultato di uno studio dell'Ufficio federale di statistica.","robots":{"index":"index","follow":"follow","max-snippet":"max-snippet:-1","max-image-preview":"max-image-preview:large","max-video-preview":"max-video-preview:-1"},"canonical":"https:\/\/news.save.ch\/it\/verurteilte-jugendliche-weisen-als-erwachsene-hoeheres-rueckfallrisiko-auf\/","og_locale":"it_IT","og_type":"article","og_title":"Verurteilte Jugendliche - sp\u00e4ter h\u00f6heres R\u00fcckfallrisiko - Save","og_description":"Minderj\u00e4hrige Verurteilte weisen im Erwachsenenalter ein h\u00f6heres R\u00fcckfallrisiko auf. Das geht aus einer Studie des Bundesamtes f\u00fcr Statistik hervor.","og_url":"https:\/\/news.save.ch\/it\/verurteilte-jugendliche-weisen-als-erwachsene-hoeheres-rueckfallrisiko-auf\/","og_site_name":"Save","article_published_time":"2017-06-01T11:14:53+00:00","og_image":[{"width":1000,"height":709,"url":"https:\/\/news.save.ch\/wp-content\/uploads\/2017\/05\/Depositphotos_9404103_m-2015.jpg","type":"image\/jpeg"}],"author":"Roger Str\u00e4ssle","twitter_card":"summary_large_image","twitter_misc":{"Scritto da":"Roger Str\u00e4ssle","Tempo di lettura stimato":"2 minuti"},"schema":{"@context":"https:\/\/schema.org","@graph":[{"@type":"Article","@id":"https:\/\/news.save.ch\/verurteilte-jugendliche-weisen-als-erwachsene-hoeheres-rueckfallrisiko-auf\/#article","isPartOf":{"@id":"https:\/\/news.save.ch\/verurteilte-jugendliche-weisen-als-erwachsene-hoeheres-rueckfallrisiko-auf\/"},"author":{"name":"Roger Str\u00e4ssle","@id":"https:\/\/news.save.ch\/de\/#\/schema\/person\/d5022db048e0e2b9785c50e5b24da5aa"},"headline":"Verurteilte Jugendliche &#8211; sp\u00e4ter h\u00f6heres R\u00fcckfallrisiko","datePublished":"2017-06-01T11:14:53+00:00","mainEntityOfPage":{"@id":"https:\/\/news.save.ch\/verurteilte-jugendliche-weisen-als-erwachsene-hoeheres-rueckfallrisiko-auf\/"},"wordCount":472,"commentCount":0,"publisher":{"@id":"https:\/\/news.save.ch\/de\/#organization"},"image":{"@id":"https:\/\/news.save.ch\/verurteilte-jugendliche-weisen-als-erwachsene-hoeheres-rueckfallrisiko-auf\/#primaryimage"},"thumbnailUrl":"https:\/\/news.save.ch\/wp-content\/uploads\/2017\/05\/Depositphotos_9404103_m-2015.jpg","keywords":["Justiz &amp; Polizei","Kriminalit\u00e4t"],"articleSection":["ALLGEMEIN"],"inLanguage":"it-IT"},{"@type":"WebPage","@id":"https:\/\/news.save.ch\/verurteilte-jugendliche-weisen-als-erwachsene-hoeheres-rueckfallrisiko-auf\/","url":"https:\/\/news.save.ch\/verurteilte-jugendliche-weisen-als-erwachsene-hoeheres-rueckfallrisiko-auf\/","name":"Minorenni condannati - rischio pi\u00f9 elevato di recidiva in seguito - Salva","isPartOf":{"@id":"https:\/\/news.save.ch\/de\/#website"},"primaryImageOfPage":{"@id":"https:\/\/news.save.ch\/verurteilte-jugendliche-weisen-als-erwachsene-hoeheres-rueckfallrisiko-auf\/#primaryimage"},"image":{"@id":"https:\/\/news.save.ch\/verurteilte-jugendliche-weisen-als-erwachsene-hoeheres-rueckfallrisiko-auf\/#primaryimage"},"thumbnailUrl":"https:\/\/news.save.ch\/wp-content\/uploads\/2017\/05\/Depositphotos_9404103_m-2015.jpg","datePublished":"2017-06-01T11:14:53+00:00","description":"I detenuti minorenni hanno un rischio maggiore di recidiva in et\u00e0 adulta. Questo \u00e8 il risultato di uno studio dell'Ufficio federale di statistica.","breadcrumb":{"@id":"https:\/\/news.save.ch\/verurteilte-jugendliche-weisen-als-erwachsene-hoeheres-rueckfallrisiko-auf\/#breadcrumb"},"inLanguage":"it-IT","potentialAction":[{"@type":"ReadAction","target":["https:\/\/news.save.ch\/verurteilte-jugendliche-weisen-als-erwachsene-hoeheres-rueckfallrisiko-auf\/"]}]},{"@type":"ImageObject","inLanguage":"it-IT","@id":"https:\/\/news.save.ch\/verurteilte-jugendliche-weisen-als-erwachsene-hoeheres-rueckfallrisiko-auf\/#primaryimage","url":"https:\/\/news.save.ch\/wp-content\/uploads\/2017\/05\/Depositphotos_9404103_m-2015.jpg","contentUrl":"https:\/\/news.save.ch\/wp-content\/uploads\/2017\/05\/Depositphotos_9404103_m-2015.jpg","width":1000,"height":709,"caption":"Depositphotos"},{"@type":"BreadcrumbList","@id":"https:\/\/news.save.ch\/verurteilte-jugendliche-weisen-als-erwachsene-hoeheres-rueckfallrisiko-auf\/#breadcrumb","itemListElement":[{"@type":"ListItem","position":1,"name":"Home","item":"https:\/\/news.save.ch\/de\/"},{"@type":"ListItem","position":2,"name":"Verurteilte Jugendliche &#8211; sp\u00e4ter h\u00f6heres R\u00fcckfallrisiko"}]},{"@type":"WebSite","@id":"https:\/\/news.save.ch\/de\/#website","url":"https:\/\/news.save.ch\/de\/","name":"Risparmiare","description":"Rivista svizzera specializzata in sicurezza","publisher":{"@id":"https:\/\/news.save.ch\/de\/#organization"},"potentialAction":[{"@type":"SearchAction","target":{"@type":"EntryPoint","urlTemplate":"https:\/\/news.save.ch\/de\/?s={search_term_string}"},"query-input":{"@type":"PropertyValueSpecification","valueRequired":true,"valueName":"search_term_string"}}],"inLanguage":"it-IT"},{"@type":"Organization","@id":"https:\/\/news.save.ch\/de\/#organization","name":"Forum sulla sicurezza","url":"https:\/\/news.save.ch\/de\/","logo":{"@type":"ImageObject","inLanguage":"it-IT","@id":"https:\/\/news.save.ch\/de\/#\/schema\/logo\/image\/","url":"https:\/\/news.save.ch\/wp-content\/uploads\/2022\/06\/Logo_SF_2012.png","contentUrl":"https:\/\/news.save.ch\/wp-content\/uploads\/2022\/06\/Logo_SF_2012.png","width":1100,"height":91,"caption":"Sicherheitsforum"},"image":{"@id":"https:\/\/news.save.ch\/de\/#\/schema\/logo\/image\/"}},{"@type":"Person","@id":"https:\/\/news.save.ch\/de\/#\/schema\/person\/d5022db048e0e2b9785c50e5b24da5aa","name":"Roger Str\u00e4ssle","image":{"@type":"ImageObject","inLanguage":"it-IT","@id":"https:\/\/secure.gravatar.com\/avatar\/862a5569d087de48e5856e32f45d719a03804c891d6deb8d4f71a660e79e4a47?s=96&d=mm&r=g","url":"https:\/\/secure.gravatar.com\/avatar\/862a5569d087de48e5856e32f45d719a03804c891d6deb8d4f71a660e79e4a47?s=96&d=mm&r=g","contentUrl":"https:\/\/secure.gravatar.com\/avatar\/862a5569d087de48e5856e32f45d719a03804c891d6deb8d4f71a660e79e4a47?s=96&d=mm&r=g","caption":"Roger Str\u00e4ssle"},"url":"https:\/\/news.save.ch\/it\/author\/roger-straessle\/"}]}},"_links":{"self":[{"href":"https:\/\/news.save.ch\/it\/wp-json\/wp\/v2\/posts\/4885","targetHints":{"allow":["GET"]}}],"collection":[{"href":"https:\/\/news.save.ch\/it\/wp-json\/wp\/v2\/posts"}],"about":[{"href":"https:\/\/news.save.ch\/it\/wp-json\/wp\/v2\/types\/post"}],"author":[{"embeddable":true,"href":"https:\/\/news.save.ch\/it\/wp-json\/wp\/v2\/users\/8"}],"replies":[{"embeddable":true,"href":"https:\/\/news.save.ch\/it\/wp-json\/wp\/v2\/comments?post=4885"}],"version-history":[{"count":0,"href":"https:\/\/news.save.ch\/it\/wp-json\/wp\/v2\/posts\/4885\/revisions"}],"wp:featuredmedia":[{"embeddable":true,"href":"https:\/\/news.save.ch\/it\/wp-json\/wp\/v2\/media\/4886"}],"wp:attachment":[{"href":"https:\/\/news.save.ch\/it\/wp-json\/wp\/v2\/media?parent=4885"}],"wp:term":[{"taxonomy":"category","embeddable":true,"href":"https:\/\/news.save.ch\/it\/wp-json\/wp\/v2\/categories?post=4885"},{"taxonomy":"post_tag","embeddable":true,"href":"https:\/\/news.save.ch\/it\/wp-json\/wp\/v2\/tags?post=4885"}],"curies":[{"name":"wp","href":"https:\/\/api.w.org\/{rel}","templated":true}]}}