{"id":4905,"date":"2017-06-05T07:04:01","date_gmt":"2017-06-05T05:04:01","guid":{"rendered":"https:\/\/news.save.ch\/?p=4905"},"modified":"2023-03-14T08:57:03","modified_gmt":"2023-03-14T07:57:03","slug":"e-identitaet-vorschlag-aus-zuerich","status":null,"type":"post","link":"https:\/\/news.save.ch\/it\/e-identitaet-vorschlag-aus-zuerich\/","title":{"rendered":"Identit\u00e0 elettronica: una proposta da Zurigo"},"content":{"rendered":"<figure id=\"attachment_4906\" aria-describedby=\"caption-attachment-4906\" style=\"width: 680px\" class=\"wp-caption aligncenter\"><img loading=\"lazy\" decoding=\"async\" class=\"size-medium wp-image-4906\" src=\"https:\/\/news.save.ch\/wp-content\/uploads\/2017\/06\/Depositphotos_2508294_m-2015-1.jpg\" alt=\"\" width=\"680\" height=\"510\" srcset=\"https:\/\/news.save.ch\/wp-content\/uploads\/2017\/06\/Depositphotos_2508294_m-2015-1.jpg 1000w, https:\/\/news.save.ch\/wp-content\/uploads\/2017\/06\/Depositphotos_2508294_m-2015-1-375x281.jpg 375w\" sizes=\"auto, (max-width: 680px) 100vw, 680px\" \/><figcaption id=\"caption-attachment-4906\" class=\"wp-caption-text\">\u00a9 depositphotos<\/figcaption><\/figure>\n<p>La Svizzera non dispone ancora di un sistema di identificazione elettronica ampiamente riconosciuto. Questo si sta rivelando un ostacolo nell'utilizzo di numerosi servizi online e anche nella comunicazione elettronica dei residenti con le autorit\u00e0, come scrive il consiglio governativo del Cantone di Zurigo. Gli esperti ritengono che la Svizzera sia in ritardo nel confronto internazionale per quanto riguarda l'identificazione elettronica. Ma sperano che la creazione di un'e-ID porti a una svolta nell'economia digitale: un'e-ID dovrebbe consentire ai partner commerciali di condurre transazioni sofisticate online e di essere in grado di identificare le loro controparti senza alcun dubbio, secondo il rapporto.<\/p>\n<p>A febbraio, la Confederazione ha sottoposto a consultazione una proposta per la creazione di una E-ID svizzera. Questa proposta prevede che il governo federale nomini fornitori di servizi di identit\u00e0 che emettano E-ID da loro stessi generati. Il Cantone di Zurigo si oppone ora a questo approccio con un'altra proposta: Secondo questa proposta, la Confederazione, i Cantoni e i Comuni dovrebbero stabilire congiuntamente come progettare la futura E-ID svizzera. Tuttavia, non \u00e8 lo Stato a dover sviluppare questi principi. Dovrebbe invece acquistare il software sul mercato attraverso una gara d'appalto.<\/p>\n<p>Questa procedura si basa sulle strutture utilizzate dal Cantone di Zurigo per l'introduzione della cartella clinica elettronica. Secondo il Consiglio di Stato, in questo modo si possono raggiungere diversi obiettivi: Un'architettura di base funzionante, la sicurezza degli investimenti per l'azienda sviluppatrice e campi di innovazione chiaramente definiti.<\/p>\n<p>La corrispondente decisione del Consiglio di Governo di Zurigo (n. 471\/2017) \u00e8 disponibile al seguente indirizzo <a href=\"https:\/\/www.rrb.zh.ch\">www.rrb.zh.ch<\/a> disponibile.<\/p>","protected":false},"excerpt":{"rendered":"<p>Die Schweiz verf\u00fcgt bisher nicht \u00fcber eine breit anerkannte elektronische Identifizierung. Das erweist sich bei der Anwendung von zahlreichen Online-Diensten und auch beim elektronischen Verkehr der Einwohnerinnen und Einwohner mit den Beh\u00f6rden als Hemmschuh, wie der Regierungsrat des Kantons Z\u00fcrich schreibt. Fachleute s\u00e4hen die Schweiz in Sachen E-Identifizierung im internationalen Vergleich im R\u00fcckstand. Doch von [&hellip;]<\/p>\n","protected":false},"author":8,"featured_media":4906,"comment_status":"open","ping_status":"open","sticky":false,"template":"","format":"standard","meta":{"_acf_changed":false,"pgc_sgb_lightbox_settings":"","footnotes":""},"categories":[3313],"tags":[62,69],"class_list":["post-4905","post","type-post","status-publish","format-standard","has-post-thumbnail","hentry","category-digitalisierung","tag-ict-sicherheit","tag-justiz-polizei"],"acf":[],"hkrextid":null,"publication":null,"issue":null,"workflow":null,"startPage":null,"spitzmarke":null,"_posts_by_tag_page_fields":{"widget_title":"","widget_tags":""},"_at_widget":"1","_yoast_wpseo_primary_category":"2","_yoast_wpseo_focuskw_text_input":"Identifizierung","_yoast_wpseo_opengraph-image":null,"_yoast_wpseo_opengraph-description":null,"_yoast_wpseo_opengraph-title":null,"enclosure":null,"_yoast_wpseo_twitter-title":null,"_yoast_wpseo_twitter-description":null,"_yoast_wpseo_twitter-image":null,"_wp_old_slug":null,"_yoast_wpseo_title":null,"_yoast_wpseo_canonical":null,"yoast_head":"<!-- This site is optimized with the Yoast SEO plugin v27.5 - https:\/\/yoast.com\/product\/yoast-seo-wordpress\/ -->\n<title>E-Identit\u00e4t: Vorschlag aus Z\u00fcrich - Save<\/title>\n<meta name=\"description\" content=\"Der Z\u00fcrcher Regierungsrat schickt ein Vorschlag nach Bern, wie die elektronische Identifizierung auszusehen hat.\" \/>\n<meta name=\"robots\" content=\"index, follow, max-snippet:-1, max-image-preview:large, max-video-preview:-1\" \/>\n<link rel=\"canonical\" href=\"https:\/\/news.save.ch\/it\/e-identitaet-vorschlag-aus-zuerich\/\" \/>\n<meta property=\"og:locale\" content=\"it_IT\" \/>\n<meta property=\"og:type\" content=\"article\" \/>\n<meta property=\"og:title\" content=\"E-Identit\u00e4t: Vorschlag aus Z\u00fcrich - Save\" \/>\n<meta property=\"og:description\" content=\"Der Z\u00fcrcher Regierungsrat schickt ein Vorschlag nach Bern, wie die elektronische Identifizierung auszusehen hat.\" \/>\n<meta property=\"og:url\" content=\"https:\/\/news.save.ch\/it\/e-identitaet-vorschlag-aus-zuerich\/\" \/>\n<meta property=\"og:site_name\" content=\"Save\" \/>\n<meta property=\"article:published_time\" content=\"2017-06-05T05:04:01+00:00\" \/>\n<meta property=\"article:modified_time\" content=\"2023-03-14T07:57:03+00:00\" \/>\n<meta property=\"og:image\" content=\"https:\/\/news.save.ch\/wp-content\/uploads\/2017\/06\/Depositphotos_2508294_m-2015-1.jpg\" \/>\n\t<meta property=\"og:image:width\" content=\"1000\" \/>\n\t<meta property=\"og:image:height\" content=\"750\" \/>\n\t<meta property=\"og:image:type\" content=\"image\/jpeg\" \/>\n<meta name=\"author\" content=\"Roger Str\u00e4ssle\" \/>\n<meta name=\"twitter:card\" content=\"summary_large_image\" \/>\n<meta name=\"twitter:label1\" content=\"Scritto da\" \/>\n\t<meta name=\"twitter:data1\" content=\"Roger Str\u00e4ssle\" \/>\n\t<meta name=\"twitter:label2\" content=\"Tempo di lettura stimato\" \/>\n\t<meta name=\"twitter:data2\" content=\"1 minuto\" \/>\n<script type=\"application\/ld+json\" class=\"yoast-schema-graph\">{\"@context\":\"https:\\\/\\\/schema.org\",\"@graph\":[{\"@type\":\"Article\",\"@id\":\"https:\\\/\\\/news.save.ch\\\/e-identitaet-vorschlag-aus-zuerich\\\/#article\",\"isPartOf\":{\"@id\":\"https:\\\/\\\/news.save.ch\\\/e-identitaet-vorschlag-aus-zuerich\\\/\"},\"author\":{\"name\":\"Roger Str\u00e4ssle\",\"@id\":\"https:\\\/\\\/news.save.ch\\\/de\\\/#\\\/schema\\\/person\\\/d5022db048e0e2b9785c50e5b24da5aa\"},\"headline\":\"E-Identit\u00e4t: Vorschlag aus Z\u00fcrich\",\"datePublished\":\"2017-06-05T05:04:01+00:00\",\"dateModified\":\"2023-03-14T07:57:03+00:00\",\"mainEntityOfPage\":{\"@id\":\"https:\\\/\\\/news.save.ch\\\/e-identitaet-vorschlag-aus-zuerich\\\/\"},\"wordCount\":254,\"commentCount\":0,\"publisher\":{\"@id\":\"https:\\\/\\\/news.save.ch\\\/de\\\/#organization\"},\"image\":{\"@id\":\"https:\\\/\\\/news.save.ch\\\/e-identitaet-vorschlag-aus-zuerich\\\/#primaryimage\"},\"thumbnailUrl\":\"https:\\\/\\\/news.save.ch\\\/wp-content\\\/uploads\\\/2017\\\/06\\\/Depositphotos_2508294_m-2015-1.jpg\",\"keywords\":[\"ICT-Sicherheit\",\"Justiz &amp; Polizei\"],\"articleSection\":[\"DIGITALISIERUNG\"],\"inLanguage\":\"it-IT\"},{\"@type\":\"WebPage\",\"@id\":\"https:\\\/\\\/news.save.ch\\\/e-identitaet-vorschlag-aus-zuerich\\\/\",\"url\":\"https:\\\/\\\/news.save.ch\\\/e-identitaet-vorschlag-aus-zuerich\\\/\",\"name\":\"E-Identit\u00e4t: Vorschlag aus Z\u00fcrich - Save\",\"isPartOf\":{\"@id\":\"https:\\\/\\\/news.save.ch\\\/de\\\/#website\"},\"primaryImageOfPage\":{\"@id\":\"https:\\\/\\\/news.save.ch\\\/e-identitaet-vorschlag-aus-zuerich\\\/#primaryimage\"},\"image\":{\"@id\":\"https:\\\/\\\/news.save.ch\\\/e-identitaet-vorschlag-aus-zuerich\\\/#primaryimage\"},\"thumbnailUrl\":\"https:\\\/\\\/news.save.ch\\\/wp-content\\\/uploads\\\/2017\\\/06\\\/Depositphotos_2508294_m-2015-1.jpg\",\"datePublished\":\"2017-06-05T05:04:01+00:00\",\"dateModified\":\"2023-03-14T07:57:03+00:00\",\"description\":\"Der Z\u00fcrcher Regierungsrat schickt ein Vorschlag nach Bern, wie die elektronische Identifizierung auszusehen hat.\",\"breadcrumb\":{\"@id\":\"https:\\\/\\\/news.save.ch\\\/e-identitaet-vorschlag-aus-zuerich\\\/#breadcrumb\"},\"inLanguage\":\"it-IT\",\"potentialAction\":[{\"@type\":\"ReadAction\",\"target\":[\"https:\\\/\\\/news.save.ch\\\/e-identitaet-vorschlag-aus-zuerich\\\/\"]}]},{\"@type\":\"ImageObject\",\"inLanguage\":\"it-IT\",\"@id\":\"https:\\\/\\\/news.save.ch\\\/e-identitaet-vorschlag-aus-zuerich\\\/#primaryimage\",\"url\":\"https:\\\/\\\/news.save.ch\\\/wp-content\\\/uploads\\\/2017\\\/06\\\/Depositphotos_2508294_m-2015-1.jpg\",\"contentUrl\":\"https:\\\/\\\/news.save.ch\\\/wp-content\\\/uploads\\\/2017\\\/06\\\/Depositphotos_2508294_m-2015-1.jpg\",\"width\":1000,\"height\":750,\"caption\":\"\u00a9 depositphotos\"},{\"@type\":\"BreadcrumbList\",\"@id\":\"https:\\\/\\\/news.save.ch\\\/e-identitaet-vorschlag-aus-zuerich\\\/#breadcrumb\",\"itemListElement\":[{\"@type\":\"ListItem\",\"position\":1,\"name\":\"Home\",\"item\":\"https:\\\/\\\/news.save.ch\\\/de\\\/\"},{\"@type\":\"ListItem\",\"position\":2,\"name\":\"E-Identit\u00e4t: Vorschlag aus Z\u00fcrich\"}]},{\"@type\":\"WebSite\",\"@id\":\"https:\\\/\\\/news.save.ch\\\/de\\\/#website\",\"url\":\"https:\\\/\\\/news.save.ch\\\/de\\\/\",\"name\":\"Save\",\"description\":\"Schweizer Fachzeitschrift f\u00fcr Sicherheit\",\"publisher\":{\"@id\":\"https:\\\/\\\/news.save.ch\\\/de\\\/#organization\"},\"potentialAction\":[{\"@type\":\"SearchAction\",\"target\":{\"@type\":\"EntryPoint\",\"urlTemplate\":\"https:\\\/\\\/news.save.ch\\\/de\\\/?s={search_term_string}\"},\"query-input\":{\"@type\":\"PropertyValueSpecification\",\"valueRequired\":true,\"valueName\":\"search_term_string\"}}],\"inLanguage\":\"it-IT\"},{\"@type\":\"Organization\",\"@id\":\"https:\\\/\\\/news.save.ch\\\/de\\\/#organization\",\"name\":\"Sicherheitsforum\",\"url\":\"https:\\\/\\\/news.save.ch\\\/de\\\/\",\"logo\":{\"@type\":\"ImageObject\",\"inLanguage\":\"it-IT\",\"@id\":\"https:\\\/\\\/news.save.ch\\\/de\\\/#\\\/schema\\\/logo\\\/image\\\/\",\"url\":\"https:\\\/\\\/news.save.ch\\\/wp-content\\\/uploads\\\/2022\\\/06\\\/Logo_SF_2012.png\",\"contentUrl\":\"https:\\\/\\\/news.save.ch\\\/wp-content\\\/uploads\\\/2022\\\/06\\\/Logo_SF_2012.png\",\"width\":1100,\"height\":91,\"caption\":\"Sicherheitsforum\"},\"image\":{\"@id\":\"https:\\\/\\\/news.save.ch\\\/de\\\/#\\\/schema\\\/logo\\\/image\\\/\"}},{\"@type\":\"Person\",\"@id\":\"https:\\\/\\\/news.save.ch\\\/de\\\/#\\\/schema\\\/person\\\/d5022db048e0e2b9785c50e5b24da5aa\",\"name\":\"Roger Str\u00e4ssle\",\"image\":{\"@type\":\"ImageObject\",\"inLanguage\":\"it-IT\",\"@id\":\"https:\\\/\\\/secure.gravatar.com\\\/avatar\\\/862a5569d087de48e5856e32f45d719a03804c891d6deb8d4f71a660e79e4a47?s=96&d=mm&r=g\",\"url\":\"https:\\\/\\\/secure.gravatar.com\\\/avatar\\\/862a5569d087de48e5856e32f45d719a03804c891d6deb8d4f71a660e79e4a47?s=96&d=mm&r=g\",\"contentUrl\":\"https:\\\/\\\/secure.gravatar.com\\\/avatar\\\/862a5569d087de48e5856e32f45d719a03804c891d6deb8d4f71a660e79e4a47?s=96&d=mm&r=g\",\"caption\":\"Roger Str\u00e4ssle\"},\"url\":\"https:\\\/\\\/news.save.ch\\\/it\\\/author\\\/roger-straessle\\\/\"}]}<\/script>\n<!-- \/ Yoast SEO plugin. -->","yoast_head_json":{"title":"Identit\u00e0 elettronica: proposta da Zurigo - Save","description":"Il consiglio governativo di Zurigo invia a Berna una proposta su come dovrebbe essere l'identificazione elettronica.","robots":{"index":"index","follow":"follow","max-snippet":"max-snippet:-1","max-image-preview":"max-image-preview:large","max-video-preview":"max-video-preview:-1"},"canonical":"https:\/\/news.save.ch\/it\/e-identitaet-vorschlag-aus-zuerich\/","og_locale":"it_IT","og_type":"article","og_title":"E-Identit\u00e4t: Vorschlag aus Z\u00fcrich - Save","og_description":"Der Z\u00fcrcher Regierungsrat schickt ein Vorschlag nach Bern, wie die elektronische Identifizierung auszusehen hat.","og_url":"https:\/\/news.save.ch\/it\/e-identitaet-vorschlag-aus-zuerich\/","og_site_name":"Save","article_published_time":"2017-06-05T05:04:01+00:00","article_modified_time":"2023-03-14T07:57:03+00:00","og_image":[{"width":1000,"height":750,"url":"https:\/\/news.save.ch\/wp-content\/uploads\/2017\/06\/Depositphotos_2508294_m-2015-1.jpg","type":"image\/jpeg"}],"author":"Roger Str\u00e4ssle","twitter_card":"summary_large_image","twitter_misc":{"Scritto da":"Roger Str\u00e4ssle","Tempo di lettura stimato":"1 minuto"},"schema":{"@context":"https:\/\/schema.org","@graph":[{"@type":"Article","@id":"https:\/\/news.save.ch\/e-identitaet-vorschlag-aus-zuerich\/#article","isPartOf":{"@id":"https:\/\/news.save.ch\/e-identitaet-vorschlag-aus-zuerich\/"},"author":{"name":"Roger Str\u00e4ssle","@id":"https:\/\/news.save.ch\/de\/#\/schema\/person\/d5022db048e0e2b9785c50e5b24da5aa"},"headline":"E-Identit\u00e4t: Vorschlag aus Z\u00fcrich","datePublished":"2017-06-05T05:04:01+00:00","dateModified":"2023-03-14T07:57:03+00:00","mainEntityOfPage":{"@id":"https:\/\/news.save.ch\/e-identitaet-vorschlag-aus-zuerich\/"},"wordCount":254,"commentCount":0,"publisher":{"@id":"https:\/\/news.save.ch\/de\/#organization"},"image":{"@id":"https:\/\/news.save.ch\/e-identitaet-vorschlag-aus-zuerich\/#primaryimage"},"thumbnailUrl":"https:\/\/news.save.ch\/wp-content\/uploads\/2017\/06\/Depositphotos_2508294_m-2015-1.jpg","keywords":["ICT-Sicherheit","Justiz &amp; Polizei"],"articleSection":["DIGITALISIERUNG"],"inLanguage":"it-IT"},{"@type":"WebPage","@id":"https:\/\/news.save.ch\/e-identitaet-vorschlag-aus-zuerich\/","url":"https:\/\/news.save.ch\/e-identitaet-vorschlag-aus-zuerich\/","name":"Identit\u00e0 elettronica: proposta da Zurigo - Save","isPartOf":{"@id":"https:\/\/news.save.ch\/de\/#website"},"primaryImageOfPage":{"@id":"https:\/\/news.save.ch\/e-identitaet-vorschlag-aus-zuerich\/#primaryimage"},"image":{"@id":"https:\/\/news.save.ch\/e-identitaet-vorschlag-aus-zuerich\/#primaryimage"},"thumbnailUrl":"https:\/\/news.save.ch\/wp-content\/uploads\/2017\/06\/Depositphotos_2508294_m-2015-1.jpg","datePublished":"2017-06-05T05:04:01+00:00","dateModified":"2023-03-14T07:57:03+00:00","description":"Il consiglio governativo di Zurigo invia a Berna una proposta su come dovrebbe essere l'identificazione elettronica.","breadcrumb":{"@id":"https:\/\/news.save.ch\/e-identitaet-vorschlag-aus-zuerich\/#breadcrumb"},"inLanguage":"it-IT","potentialAction":[{"@type":"ReadAction","target":["https:\/\/news.save.ch\/e-identitaet-vorschlag-aus-zuerich\/"]}]},{"@type":"ImageObject","inLanguage":"it-IT","@id":"https:\/\/news.save.ch\/e-identitaet-vorschlag-aus-zuerich\/#primaryimage","url":"https:\/\/news.save.ch\/wp-content\/uploads\/2017\/06\/Depositphotos_2508294_m-2015-1.jpg","contentUrl":"https:\/\/news.save.ch\/wp-content\/uploads\/2017\/06\/Depositphotos_2508294_m-2015-1.jpg","width":1000,"height":750,"caption":"\u00a9 depositphotos"},{"@type":"BreadcrumbList","@id":"https:\/\/news.save.ch\/e-identitaet-vorschlag-aus-zuerich\/#breadcrumb","itemListElement":[{"@type":"ListItem","position":1,"name":"Home","item":"https:\/\/news.save.ch\/de\/"},{"@type":"ListItem","position":2,"name":"E-Identit\u00e4t: Vorschlag aus Z\u00fcrich"}]},{"@type":"WebSite","@id":"https:\/\/news.save.ch\/de\/#website","url":"https:\/\/news.save.ch\/de\/","name":"Risparmiare","description":"Rivista svizzera specializzata in sicurezza","publisher":{"@id":"https:\/\/news.save.ch\/de\/#organization"},"potentialAction":[{"@type":"SearchAction","target":{"@type":"EntryPoint","urlTemplate":"https:\/\/news.save.ch\/de\/?s={search_term_string}"},"query-input":{"@type":"PropertyValueSpecification","valueRequired":true,"valueName":"search_term_string"}}],"inLanguage":"it-IT"},{"@type":"Organization","@id":"https:\/\/news.save.ch\/de\/#organization","name":"Forum sulla sicurezza","url":"https:\/\/news.save.ch\/de\/","logo":{"@type":"ImageObject","inLanguage":"it-IT","@id":"https:\/\/news.save.ch\/de\/#\/schema\/logo\/image\/","url":"https:\/\/news.save.ch\/wp-content\/uploads\/2022\/06\/Logo_SF_2012.png","contentUrl":"https:\/\/news.save.ch\/wp-content\/uploads\/2022\/06\/Logo_SF_2012.png","width":1100,"height":91,"caption":"Sicherheitsforum"},"image":{"@id":"https:\/\/news.save.ch\/de\/#\/schema\/logo\/image\/"}},{"@type":"Person","@id":"https:\/\/news.save.ch\/de\/#\/schema\/person\/d5022db048e0e2b9785c50e5b24da5aa","name":"Roger Str\u00e4ssle","image":{"@type":"ImageObject","inLanguage":"it-IT","@id":"https:\/\/secure.gravatar.com\/avatar\/862a5569d087de48e5856e32f45d719a03804c891d6deb8d4f71a660e79e4a47?s=96&d=mm&r=g","url":"https:\/\/secure.gravatar.com\/avatar\/862a5569d087de48e5856e32f45d719a03804c891d6deb8d4f71a660e79e4a47?s=96&d=mm&r=g","contentUrl":"https:\/\/secure.gravatar.com\/avatar\/862a5569d087de48e5856e32f45d719a03804c891d6deb8d4f71a660e79e4a47?s=96&d=mm&r=g","caption":"Roger Str\u00e4ssle"},"url":"https:\/\/news.save.ch\/it\/author\/roger-straessle\/"}]}},"_links":{"self":[{"href":"https:\/\/news.save.ch\/it\/wp-json\/wp\/v2\/posts\/4905","targetHints":{"allow":["GET"]}}],"collection":[{"href":"https:\/\/news.save.ch\/it\/wp-json\/wp\/v2\/posts"}],"about":[{"href":"https:\/\/news.save.ch\/it\/wp-json\/wp\/v2\/types\/post"}],"author":[{"embeddable":true,"href":"https:\/\/news.save.ch\/it\/wp-json\/wp\/v2\/users\/8"}],"replies":[{"embeddable":true,"href":"https:\/\/news.save.ch\/it\/wp-json\/wp\/v2\/comments?post=4905"}],"version-history":[{"count":1,"href":"https:\/\/news.save.ch\/it\/wp-json\/wp\/v2\/posts\/4905\/revisions"}],"predecessor-version":[{"id":17505,"href":"https:\/\/news.save.ch\/it\/wp-json\/wp\/v2\/posts\/4905\/revisions\/17505"}],"wp:featuredmedia":[{"embeddable":true,"href":"https:\/\/news.save.ch\/it\/wp-json\/wp\/v2\/media\/4906"}],"wp:attachment":[{"href":"https:\/\/news.save.ch\/it\/wp-json\/wp\/v2\/media?parent=4905"}],"wp:term":[{"taxonomy":"category","embeddable":true,"href":"https:\/\/news.save.ch\/it\/wp-json\/wp\/v2\/categories?post=4905"},{"taxonomy":"post_tag","embeddable":true,"href":"https:\/\/news.save.ch\/it\/wp-json\/wp\/v2\/tags?post=4905"}],"curies":[{"name":"wp","href":"https:\/\/api.w.org\/{rel}","templated":true}]}}