{"id":4921,"date":"2017-06-12T09:22:26","date_gmt":"2017-06-12T07:22:26","guid":{"rendered":"https:\/\/news.save.ch\/?p=4921"},"modified":"2017-06-12T09:22:26","modified_gmt":"2017-06-12T07:22:26","slug":"verbot-gefaehrlicher-laserpointer","status":null,"type":"post","link":"https:\/\/news.save.ch\/it\/verbot-gefaehrlicher-laserpointer\/","title":{"rendered":"Divieto di puntatori laser pericolosi"},"content":{"rendered":"<figure id=\"attachment_4922\" aria-describedby=\"caption-attachment-4922\" style=\"width: 680px\" class=\"wp-caption aligncenter\"><img loading=\"lazy\" decoding=\"async\" class=\"size-medium wp-image-4922\" src=\"https:\/\/news.save.ch\/wp-content\/uploads\/2017\/06\/LASER.jpg\" alt=\"\" width=\"680\" height=\"510\" srcset=\"https:\/\/news.save.ch\/wp-content\/uploads\/2017\/06\/LASER.jpg 1024w, https:\/\/news.save.ch\/wp-content\/uploads\/2017\/06\/LASER-375x281.jpg 375w\" sizes=\"auto, (max-width: 680px) 100vw, 680px\" \/><figcaption id=\"caption-attachment-4922\" class=\"wp-caption-text\">Foto: Wikipedia.org<\/figcaption><\/figure>\n<p>L'Associazione dei funzionari di polizia svizzeri (<a href=\"https:\/\/www.vspb.org\">VSPB<\/a>) ha sempre chiesto di vietare in Svizzera non solo l'acquisto ma anche il possesso di puntatori laser pericolosi. Dopo che il Consiglio degli Stati ha adottato la Legge federale sulla protezione dai rischi derivanti dalle radiazioni non ionizzanti e dal suono nel marzo 2017, anche il Consiglio nazionale ha appena approvato la legge. \"Siamo molto soddisfatti e sollevati dal fatto che il possesso di queste armi sar\u00e0 finalmente vietato\", afferma la presidente della VSPB Johanna Bundi Ryser.<\/p>\n<p>Per gli occhi delle persone colpite, l'esposizione alle radiazioni pu\u00f2 avere conseguenze devastanti, come scrive la VSPB. La rigenerazione della retina pu\u00f2 richiedere diversi anni. Talvolta i danni sono permanenti, con possibilit\u00e0 di cecit\u00e0. \"Per noi queste sono armi\", afferma Bundi Ryser, che sottolinea anche: \"Gli attacchi laser, come tutta la violenza contro la polizia, sono aumentati in modo massiccio. Questo \u00e8 inaccettabile, perch\u00e9 gli agenti di polizia feriti non possono garantire la sicurezza\".<\/p>\n<p>&nbsp;<\/p>","protected":false},"excerpt":{"rendered":"<p>Der Verband Schweizerischer Polizei-Beamter (VSPB) verlangte stets, dass nicht nur der Erwerb, sondern auch der Besitz von gef\u00e4hrlichen Laserpointern in der Schweiz verboten wird. Nachdem der St\u00e4nderat im M\u00e4rz 2017 das Bundesgesetz \u00fcber den Schutz vor Gef\u00e4hrdungen durch nichtionisierende Strahlung und Schall angenommen hat, hat soeben auch der Nationalrat dem Gesetz zugestimmt. \u201eWir sind sehr [&hellip;]<\/p>\n","protected":false},"author":8,"featured_media":4922,"comment_status":"open","ping_status":"open","sticky":false,"template":"","format":"standard","meta":{"_acf_changed":false,"pgc_sgb_lightbox_settings":"","footnotes":""},"categories":[1],"tags":[69],"class_list":["post-4921","post","type-post","status-publish","format-standard","has-post-thumbnail","hentry","category-allgemein","tag-justiz-polizei"],"acf":[],"hkrextid":null,"publication":null,"issue":null,"workflow":null,"startPage":null,"spitzmarke":null,"_posts_by_tag_page_fields":{"widget_title":"","widget_tags":""},"_at_widget":"1","_yoast_wpseo_primary_category":"1","_yoast_wpseo_focuskw_text_input":"Laserpointer","_yoast_wpseo_opengraph-image":null,"_yoast_wpseo_opengraph-description":null,"_yoast_wpseo_opengraph-title":null,"enclosure":null,"_yoast_wpseo_twitter-title":null,"_yoast_wpseo_twitter-description":null,"_yoast_wpseo_twitter-image":null,"_wp_old_slug":null,"_yoast_wpseo_title":null,"_yoast_wpseo_canonical":null,"yoast_head":"<!-- This site is optimized with the Yoast SEO plugin v27.4 - https:\/\/yoast.com\/product\/yoast-seo-wordpress\/ -->\n<title>Verbot gef\u00e4hrlicher Laserpointer - Save<\/title>\n<meta name=\"description\" content=\"Gef\u00e4hrliche Laserpointer werden in der Schweiz verboten. Das entsprechende Gesetz hat jetzt auch der Nationalrat abgesegnet.\" \/>\n<meta name=\"robots\" content=\"index, follow, max-snippet:-1, max-image-preview:large, max-video-preview:-1\" \/>\n<link rel=\"canonical\" href=\"https:\/\/news.save.ch\/it\/verbot-gefaehrlicher-laserpointer\/\" \/>\n<meta property=\"og:locale\" content=\"it_IT\" \/>\n<meta property=\"og:type\" content=\"article\" \/>\n<meta property=\"og:title\" content=\"Verbot gef\u00e4hrlicher Laserpointer - Save\" \/>\n<meta property=\"og:description\" content=\"Gef\u00e4hrliche Laserpointer werden in der Schweiz verboten. Das entsprechende Gesetz hat jetzt auch der Nationalrat abgesegnet.\" \/>\n<meta property=\"og:url\" content=\"https:\/\/news.save.ch\/it\/verbot-gefaehrlicher-laserpointer\/\" \/>\n<meta property=\"og:site_name\" content=\"Save\" \/>\n<meta property=\"article:published_time\" content=\"2017-06-12T07:22:26+00:00\" \/>\n<meta property=\"og:image\" content=\"https:\/\/news.save.ch\/wp-content\/uploads\/2017\/06\/LASER.jpg\" \/>\n\t<meta property=\"og:image:width\" content=\"1024\" \/>\n\t<meta property=\"og:image:height\" content=\"768\" \/>\n\t<meta property=\"og:image:type\" content=\"image\/jpeg\" \/>\n<meta name=\"author\" content=\"Roger Str\u00e4ssle\" \/>\n<meta name=\"twitter:card\" content=\"summary_large_image\" \/>\n<meta name=\"twitter:label1\" content=\"Scritto da\" \/>\n\t<meta name=\"twitter:data1\" content=\"Roger Str\u00e4ssle\" \/>\n\t<meta name=\"twitter:label2\" content=\"Tempo di lettura stimato\" \/>\n\t<meta name=\"twitter:data2\" content=\"1 minuto\" \/>\n<script type=\"application\/ld+json\" class=\"yoast-schema-graph\">{\"@context\":\"https:\\\/\\\/schema.org\",\"@graph\":[{\"@type\":\"Article\",\"@id\":\"https:\\\/\\\/news.save.ch\\\/verbot-gefaehrlicher-laserpointer\\\/#article\",\"isPartOf\":{\"@id\":\"https:\\\/\\\/news.save.ch\\\/verbot-gefaehrlicher-laserpointer\\\/\"},\"author\":{\"name\":\"Roger Str\u00e4ssle\",\"@id\":\"https:\\\/\\\/news.save.ch\\\/de\\\/#\\\/schema\\\/person\\\/d5022db048e0e2b9785c50e5b24da5aa\"},\"headline\":\"Verbot gef\u00e4hrlicher Laserpointer\",\"datePublished\":\"2017-06-12T07:22:26+00:00\",\"mainEntityOfPage\":{\"@id\":\"https:\\\/\\\/news.save.ch\\\/verbot-gefaehrlicher-laserpointer\\\/\"},\"wordCount\":165,\"commentCount\":0,\"publisher\":{\"@id\":\"https:\\\/\\\/news.save.ch\\\/de\\\/#organization\"},\"image\":{\"@id\":\"https:\\\/\\\/news.save.ch\\\/verbot-gefaehrlicher-laserpointer\\\/#primaryimage\"},\"thumbnailUrl\":\"https:\\\/\\\/news.save.ch\\\/wp-content\\\/uploads\\\/2017\\\/06\\\/LASER.jpg\",\"keywords\":[\"Justiz &amp; Polizei\"],\"articleSection\":[\"ALLGEMEIN\"],\"inLanguage\":\"it-IT\"},{\"@type\":\"WebPage\",\"@id\":\"https:\\\/\\\/news.save.ch\\\/verbot-gefaehrlicher-laserpointer\\\/\",\"url\":\"https:\\\/\\\/news.save.ch\\\/verbot-gefaehrlicher-laserpointer\\\/\",\"name\":\"Verbot gef\u00e4hrlicher Laserpointer - Save\",\"isPartOf\":{\"@id\":\"https:\\\/\\\/news.save.ch\\\/de\\\/#website\"},\"primaryImageOfPage\":{\"@id\":\"https:\\\/\\\/news.save.ch\\\/verbot-gefaehrlicher-laserpointer\\\/#primaryimage\"},\"image\":{\"@id\":\"https:\\\/\\\/news.save.ch\\\/verbot-gefaehrlicher-laserpointer\\\/#primaryimage\"},\"thumbnailUrl\":\"https:\\\/\\\/news.save.ch\\\/wp-content\\\/uploads\\\/2017\\\/06\\\/LASER.jpg\",\"datePublished\":\"2017-06-12T07:22:26+00:00\",\"description\":\"Gef\u00e4hrliche Laserpointer werden in der Schweiz verboten. Das entsprechende Gesetz hat jetzt auch der Nationalrat abgesegnet.\",\"breadcrumb\":{\"@id\":\"https:\\\/\\\/news.save.ch\\\/verbot-gefaehrlicher-laserpointer\\\/#breadcrumb\"},\"inLanguage\":\"it-IT\",\"potentialAction\":[{\"@type\":\"ReadAction\",\"target\":[\"https:\\\/\\\/news.save.ch\\\/verbot-gefaehrlicher-laserpointer\\\/\"]}]},{\"@type\":\"ImageObject\",\"inLanguage\":\"it-IT\",\"@id\":\"https:\\\/\\\/news.save.ch\\\/verbot-gefaehrlicher-laserpointer\\\/#primaryimage\",\"url\":\"https:\\\/\\\/news.save.ch\\\/wp-content\\\/uploads\\\/2017\\\/06\\\/LASER.jpg\",\"contentUrl\":\"https:\\\/\\\/news.save.ch\\\/wp-content\\\/uploads\\\/2017\\\/06\\\/LASER.jpg\",\"width\":1024,\"height\":768,\"caption\":\"Foto: Wikipedia.org\"},{\"@type\":\"BreadcrumbList\",\"@id\":\"https:\\\/\\\/news.save.ch\\\/verbot-gefaehrlicher-laserpointer\\\/#breadcrumb\",\"itemListElement\":[{\"@type\":\"ListItem\",\"position\":1,\"name\":\"Home\",\"item\":\"https:\\\/\\\/news.save.ch\\\/de\\\/\"},{\"@type\":\"ListItem\",\"position\":2,\"name\":\"Verbot gef\u00e4hrlicher Laserpointer\"}]},{\"@type\":\"WebSite\",\"@id\":\"https:\\\/\\\/news.save.ch\\\/de\\\/#website\",\"url\":\"https:\\\/\\\/news.save.ch\\\/de\\\/\",\"name\":\"Save\",\"description\":\"Schweizer Fachzeitschrift f\u00fcr Sicherheit\",\"publisher\":{\"@id\":\"https:\\\/\\\/news.save.ch\\\/de\\\/#organization\"},\"potentialAction\":[{\"@type\":\"SearchAction\",\"target\":{\"@type\":\"EntryPoint\",\"urlTemplate\":\"https:\\\/\\\/news.save.ch\\\/de\\\/?s={search_term_string}\"},\"query-input\":{\"@type\":\"PropertyValueSpecification\",\"valueRequired\":true,\"valueName\":\"search_term_string\"}}],\"inLanguage\":\"it-IT\"},{\"@type\":\"Organization\",\"@id\":\"https:\\\/\\\/news.save.ch\\\/de\\\/#organization\",\"name\":\"Sicherheitsforum\",\"url\":\"https:\\\/\\\/news.save.ch\\\/de\\\/\",\"logo\":{\"@type\":\"ImageObject\",\"inLanguage\":\"it-IT\",\"@id\":\"https:\\\/\\\/news.save.ch\\\/de\\\/#\\\/schema\\\/logo\\\/image\\\/\",\"url\":\"https:\\\/\\\/news.save.ch\\\/wp-content\\\/uploads\\\/2022\\\/06\\\/Logo_SF_2012.png\",\"contentUrl\":\"https:\\\/\\\/news.save.ch\\\/wp-content\\\/uploads\\\/2022\\\/06\\\/Logo_SF_2012.png\",\"width\":1100,\"height\":91,\"caption\":\"Sicherheitsforum\"},\"image\":{\"@id\":\"https:\\\/\\\/news.save.ch\\\/de\\\/#\\\/schema\\\/logo\\\/image\\\/\"}},{\"@type\":\"Person\",\"@id\":\"https:\\\/\\\/news.save.ch\\\/de\\\/#\\\/schema\\\/person\\\/d5022db048e0e2b9785c50e5b24da5aa\",\"name\":\"Roger Str\u00e4ssle\",\"image\":{\"@type\":\"ImageObject\",\"inLanguage\":\"it-IT\",\"@id\":\"https:\\\/\\\/secure.gravatar.com\\\/avatar\\\/862a5569d087de48e5856e32f45d719a03804c891d6deb8d4f71a660e79e4a47?s=96&d=mm&r=g\",\"url\":\"https:\\\/\\\/secure.gravatar.com\\\/avatar\\\/862a5569d087de48e5856e32f45d719a03804c891d6deb8d4f71a660e79e4a47?s=96&d=mm&r=g\",\"contentUrl\":\"https:\\\/\\\/secure.gravatar.com\\\/avatar\\\/862a5569d087de48e5856e32f45d719a03804c891d6deb8d4f71a660e79e4a47?s=96&d=mm&r=g\",\"caption\":\"Roger Str\u00e4ssle\"},\"url\":\"https:\\\/\\\/news.save.ch\\\/it\\\/author\\\/roger-straessle\\\/\"}]}<\/script>\n<!-- \/ Yoast SEO plugin. -->","yoast_head_json":{"title":"Divieto di puntatori laser pericolosi - Save","description":"In Svizzera saranno vietati i puntatori laser pericolosi. La legge corrispondente \u00e8 stata approvata anche dal Consiglio nazionale.","robots":{"index":"index","follow":"follow","max-snippet":"max-snippet:-1","max-image-preview":"max-image-preview:large","max-video-preview":"max-video-preview:-1"},"canonical":"https:\/\/news.save.ch\/it\/verbot-gefaehrlicher-laserpointer\/","og_locale":"it_IT","og_type":"article","og_title":"Verbot gef\u00e4hrlicher Laserpointer - Save","og_description":"Gef\u00e4hrliche Laserpointer werden in der Schweiz verboten. Das entsprechende Gesetz hat jetzt auch der Nationalrat abgesegnet.","og_url":"https:\/\/news.save.ch\/it\/verbot-gefaehrlicher-laserpointer\/","og_site_name":"Save","article_published_time":"2017-06-12T07:22:26+00:00","og_image":[{"width":1024,"height":768,"url":"https:\/\/news.save.ch\/wp-content\/uploads\/2017\/06\/LASER.jpg","type":"image\/jpeg"}],"author":"Roger Str\u00e4ssle","twitter_card":"summary_large_image","twitter_misc":{"Scritto da":"Roger Str\u00e4ssle","Tempo di lettura stimato":"1 minuto"},"schema":{"@context":"https:\/\/schema.org","@graph":[{"@type":"Article","@id":"https:\/\/news.save.ch\/verbot-gefaehrlicher-laserpointer\/#article","isPartOf":{"@id":"https:\/\/news.save.ch\/verbot-gefaehrlicher-laserpointer\/"},"author":{"name":"Roger Str\u00e4ssle","@id":"https:\/\/news.save.ch\/de\/#\/schema\/person\/d5022db048e0e2b9785c50e5b24da5aa"},"headline":"Verbot gef\u00e4hrlicher Laserpointer","datePublished":"2017-06-12T07:22:26+00:00","mainEntityOfPage":{"@id":"https:\/\/news.save.ch\/verbot-gefaehrlicher-laserpointer\/"},"wordCount":165,"commentCount":0,"publisher":{"@id":"https:\/\/news.save.ch\/de\/#organization"},"image":{"@id":"https:\/\/news.save.ch\/verbot-gefaehrlicher-laserpointer\/#primaryimage"},"thumbnailUrl":"https:\/\/news.save.ch\/wp-content\/uploads\/2017\/06\/LASER.jpg","keywords":["Justiz &amp; Polizei"],"articleSection":["ALLGEMEIN"],"inLanguage":"it-IT"},{"@type":"WebPage","@id":"https:\/\/news.save.ch\/verbot-gefaehrlicher-laserpointer\/","url":"https:\/\/news.save.ch\/verbot-gefaehrlicher-laserpointer\/","name":"Divieto di puntatori laser pericolosi - Save","isPartOf":{"@id":"https:\/\/news.save.ch\/de\/#website"},"primaryImageOfPage":{"@id":"https:\/\/news.save.ch\/verbot-gefaehrlicher-laserpointer\/#primaryimage"},"image":{"@id":"https:\/\/news.save.ch\/verbot-gefaehrlicher-laserpointer\/#primaryimage"},"thumbnailUrl":"https:\/\/news.save.ch\/wp-content\/uploads\/2017\/06\/LASER.jpg","datePublished":"2017-06-12T07:22:26+00:00","description":"In Svizzera saranno vietati i puntatori laser pericolosi. La legge corrispondente \u00e8 stata approvata anche dal Consiglio nazionale.","breadcrumb":{"@id":"https:\/\/news.save.ch\/verbot-gefaehrlicher-laserpointer\/#breadcrumb"},"inLanguage":"it-IT","potentialAction":[{"@type":"ReadAction","target":["https:\/\/news.save.ch\/verbot-gefaehrlicher-laserpointer\/"]}]},{"@type":"ImageObject","inLanguage":"it-IT","@id":"https:\/\/news.save.ch\/verbot-gefaehrlicher-laserpointer\/#primaryimage","url":"https:\/\/news.save.ch\/wp-content\/uploads\/2017\/06\/LASER.jpg","contentUrl":"https:\/\/news.save.ch\/wp-content\/uploads\/2017\/06\/LASER.jpg","width":1024,"height":768,"caption":"Foto: Wikipedia.org"},{"@type":"BreadcrumbList","@id":"https:\/\/news.save.ch\/verbot-gefaehrlicher-laserpointer\/#breadcrumb","itemListElement":[{"@type":"ListItem","position":1,"name":"Home","item":"https:\/\/news.save.ch\/de\/"},{"@type":"ListItem","position":2,"name":"Verbot gef\u00e4hrlicher Laserpointer"}]},{"@type":"WebSite","@id":"https:\/\/news.save.ch\/de\/#website","url":"https:\/\/news.save.ch\/de\/","name":"Risparmiare","description":"Rivista svizzera specializzata in sicurezza","publisher":{"@id":"https:\/\/news.save.ch\/de\/#organization"},"potentialAction":[{"@type":"SearchAction","target":{"@type":"EntryPoint","urlTemplate":"https:\/\/news.save.ch\/de\/?s={search_term_string}"},"query-input":{"@type":"PropertyValueSpecification","valueRequired":true,"valueName":"search_term_string"}}],"inLanguage":"it-IT"},{"@type":"Organization","@id":"https:\/\/news.save.ch\/de\/#organization","name":"Forum sulla sicurezza","url":"https:\/\/news.save.ch\/de\/","logo":{"@type":"ImageObject","inLanguage":"it-IT","@id":"https:\/\/news.save.ch\/de\/#\/schema\/logo\/image\/","url":"https:\/\/news.save.ch\/wp-content\/uploads\/2022\/06\/Logo_SF_2012.png","contentUrl":"https:\/\/news.save.ch\/wp-content\/uploads\/2022\/06\/Logo_SF_2012.png","width":1100,"height":91,"caption":"Sicherheitsforum"},"image":{"@id":"https:\/\/news.save.ch\/de\/#\/schema\/logo\/image\/"}},{"@type":"Person","@id":"https:\/\/news.save.ch\/de\/#\/schema\/person\/d5022db048e0e2b9785c50e5b24da5aa","name":"Roger Str\u00e4ssle","image":{"@type":"ImageObject","inLanguage":"it-IT","@id":"https:\/\/secure.gravatar.com\/avatar\/862a5569d087de48e5856e32f45d719a03804c891d6deb8d4f71a660e79e4a47?s=96&d=mm&r=g","url":"https:\/\/secure.gravatar.com\/avatar\/862a5569d087de48e5856e32f45d719a03804c891d6deb8d4f71a660e79e4a47?s=96&d=mm&r=g","contentUrl":"https:\/\/secure.gravatar.com\/avatar\/862a5569d087de48e5856e32f45d719a03804c891d6deb8d4f71a660e79e4a47?s=96&d=mm&r=g","caption":"Roger Str\u00e4ssle"},"url":"https:\/\/news.save.ch\/it\/author\/roger-straessle\/"}]}},"_links":{"self":[{"href":"https:\/\/news.save.ch\/it\/wp-json\/wp\/v2\/posts\/4921","targetHints":{"allow":["GET"]}}],"collection":[{"href":"https:\/\/news.save.ch\/it\/wp-json\/wp\/v2\/posts"}],"about":[{"href":"https:\/\/news.save.ch\/it\/wp-json\/wp\/v2\/types\/post"}],"author":[{"embeddable":true,"href":"https:\/\/news.save.ch\/it\/wp-json\/wp\/v2\/users\/8"}],"replies":[{"embeddable":true,"href":"https:\/\/news.save.ch\/it\/wp-json\/wp\/v2\/comments?post=4921"}],"version-history":[{"count":0,"href":"https:\/\/news.save.ch\/it\/wp-json\/wp\/v2\/posts\/4921\/revisions"}],"wp:featuredmedia":[{"embeddable":true,"href":"https:\/\/news.save.ch\/it\/wp-json\/wp\/v2\/media\/4922"}],"wp:attachment":[{"href":"https:\/\/news.save.ch\/it\/wp-json\/wp\/v2\/media?parent=4921"}],"wp:term":[{"taxonomy":"category","embeddable":true,"href":"https:\/\/news.save.ch\/it\/wp-json\/wp\/v2\/categories?post=4921"},{"taxonomy":"post_tag","embeddable":true,"href":"https:\/\/news.save.ch\/it\/wp-json\/wp\/v2\/tags?post=4921"}],"curies":[{"name":"wp","href":"https:\/\/api.w.org\/{rel}","templated":true}]}}