{"id":5005,"date":"2017-07-05T08:30:06","date_gmt":"2017-07-05T06:30:06","guid":{"rendered":"https:\/\/news.save.ch\/?p=5005"},"modified":"2017-07-05T08:30:06","modified_gmt":"2017-07-05T06:30:06","slug":"hohe-ignoranz-gegenueber-sicherheitsvorgaben-im-buero","status":null,"type":"post","link":"https:\/\/news.save.ch\/it\/hohe-ignoranz-gegenueber-sicherheitsvorgaben-im-buero\/","title":{"rendered":"Alto livello di ignoranza dei requisiti di sicurezza dell'ufficio"},"content":{"rendered":"<p><img loading=\"lazy\" decoding=\"async\" class=\"aligncenter size-medium wp-image-5007\" src=\"https:\/\/news.save.ch\/wp-content\/uploads\/2017\/07\/sharp.jpg\" alt=\"\" width=\"680\" height=\"602\" srcset=\"https:\/\/news.save.ch\/wp-content\/uploads\/2017\/07\/sharp.jpg 811w, https:\/\/news.save.ch\/wp-content\/uploads\/2017\/07\/sharp-339x300.jpg 339w\" sizes=\"auto, (max-width: 680px) 100vw, 680px\" \/><\/p>\n<p>&nbsp;<\/p>\n<p>Un quarto (25%) degli intervistati ha ammesso di aver archiviato informazioni di lavoro nel cloud pubblicamente accessibile, violando cos\u00ec consapevolmente le politiche aziendali. Tra i dipendenti che lo fanno, poco meno di un terzo (29%) appartiene al settore delle risorse umane. Questo \u00e8 particolarmente complicato quando si tratta di dati personali: Utilizzando servizi cloud non protetti, le informazioni personali di dipendenti e candidati sono esposte a un rischio elevato.<\/p>\n<p>27% dei partecipanti allo studio utilizzano anche servizi pubblici di condivisione di file senza il consenso del datore di lavoro. 40% ha persino ammesso di aver deliberatamente ignorato le linee guida aziendali e di aver portato regolarmente a casa documenti di lavoro.<\/p>\n<p><strong>L'hardware come fattore di rischio<\/strong><\/p>\n<p>Un hardware complicato o obsoleto nelle aziende pu\u00f2 favorire ulteriormente i rischi per la sicurezza. Ad esempio, 40% degli intervistati preferisce utilizzare i propri computer portatili o dispositivi mobili per il lavoro perch\u00e9 sono pi\u00f9 nuovi e facili da usare. I partecipanti allo studio, in particolare quelli della generazione dei Millenials, hanno potuto confermarlo di persona: pi\u00f9 della met\u00e0 di loro (51%) preferisce utilizzare dispositivi privati al lavoro, dove non sono garantiti elevati standard di sicurezza.<\/p>\n<p>Il comportamento critico per la sicurezza riguarda sia le informazioni digitali che i documenti cartacei: Pi\u00f9 della met\u00e0 (54%) dei lavoratori d'ufficio ha regolarmente a che fare con colleghi che stampano documenti e poi li dimenticano nel cassetto della stampante. Il rischio che informazioni riservate vengano visualizzate da persone non autorizzate aumenta quindi di molte volte.<\/p>\n<p><strong>I datori di lavoro nella responsabilit\u00e0<\/strong><\/p>\n<p>Per Karen Renaud, esperta di cybersecurity e protezione dei dati presso l'Universit\u00e0 di Glasgow, \u00e8 chiaro che le aziende devono supportare meglio i propri dipendenti: \"Finch\u00e9 le aziende tollerano senza riserve o addirittura incoraggiano inconsapevolmente il comportamento rischioso dei propri dipendenti, ad esempio fornendo alternative scadenti ai servizi di cloud pubblico, la sicurezza completa dei dati non potr\u00e0 mai essere garantita. Se le aziende offrono modelli di lavoro flessibili - come l'home office - devono anche fornire ai dipendenti strumenti adeguati per proteggere le informazioni riservate, come una connessione VPN interna\".<\/p>\n<p>\"I dipendenti che lavorano da qualsiasi luogo e hanno accesso ai documenti aziendali fanno da tempo parte della vita quotidiana\", aggiunge Alexander Hermann, Vice Presidente Information Systems Europe di Sharp. \"Le aziende devono trovare soluzioni in grado di trovare un equilibrio tra le moderne modalit\u00e0 di lavoro e la condivisione sicura dei dati. Allo stesso tempo, devono aumentare la consapevolezza della sicurezza e la conoscenza dei rischi tra i loro dipendenti. Al pi\u00f9 tardi quando il nuovo regolamento UE sulla protezione dei dati entrer\u00e0 in vigore nel maggio 2018, le aziende potranno essere perseguite con pesanti multe per la violazione delle linee guida sulla protezione dei dati. La creazione di linee guida interne vincolanti e l'offerta di soluzioni adeguate per i dipendenti devono quindi essere una priorit\u00e0 assoluta\".<\/p>\n<p><em>I risultati fanno parte dello studio \"IT satisfaction in European companies\": indagine su 6045 impiegati in 9 Paesi: Francia, Germania, Regno Unito, Italia, Svezia, Polonia, Paesi Bassi, Repubblica Ceca, Ungheria; di cui 1015 in Germania. Ulteriori informazioni sullo studio:<a href=\"https:\/\/ch.sharpmarketing.eu\/web\/unlock\"> www.sharp.ch\/Unlock<\/a><\/em><\/p>\n<p><em>\u00a0<\/em><\/p>\n<p>&nbsp;<\/p>","protected":false},"excerpt":{"rendered":"<p>&nbsp; Ein Viertel (25%) der Befragten gab zu, Arbeitsinformationen in der \u00f6ffentlich zug\u00e4nglichen Cloud zu speichern und damit wissentlich gegen die Unternehmensrichtlinien zu verstossen. Von den Mitarbeitern, die nach diesem Prinzip vorgehen, kommt knapp ein Drittel (29%) aus dem HR-Bereich. Besonders im Hinblick auf personenbezogene Daten ist das heikel: Durch die Verwendung ungesicherter Cloud-Dienste werden [&hellip;]<\/p>\n","protected":false},"author":8,"featured_media":5010,"comment_status":"open","ping_status":"open","sticky":false,"template":"","format":"standard","meta":{"_acf_changed":false,"pgc_sgb_lightbox_settings":"","footnotes":""},"categories":[1],"tags":[118],"class_list":["post-5005","post","type-post","status-publish","format-standard","has-post-thumbnail","hentry","category-allgemein","tag-datenschutz"],"acf":[],"hkrextid":null,"publication":null,"issue":null,"workflow":null,"startPage":null,"spitzmarke":null,"_posts_by_tag_page_fields":{"widget_title":"","widget_tags":""},"_at_widget":"1","_yoast_wpseo_primary_category":"1","_yoast_wpseo_focuskw_text_input":"Sicherheitsvorgaben","_yoast_wpseo_opengraph-image":null,"_yoast_wpseo_opengraph-description":null,"_yoast_wpseo_opengraph-title":null,"enclosure":null,"_yoast_wpseo_twitter-title":null,"_yoast_wpseo_twitter-description":null,"_yoast_wpseo_twitter-image":null,"_wp_old_slug":null,"_yoast_wpseo_title":null,"_yoast_wpseo_canonical":null,"yoast_head":"<!-- This site is optimized with the Yoast SEO plugin v27.5 - https:\/\/yoast.com\/product\/yoast-seo-wordpress\/ -->\n<title>Hohe Ignoranz gegen\u00fcber Sicherheitsvorgaben im B\u00fcro - Save<\/title>\n<meta name=\"description\" content=\"Gem\u00e4ss einer Studie von Sharp wird der internen Datensicherheit wenig Beachtung geschenkt. Zuweilen verstossen Mitarbeitende gegen Unternehmensrichtlinien.\" \/>\n<meta name=\"robots\" content=\"index, follow, max-snippet:-1, max-image-preview:large, max-video-preview:-1\" \/>\n<link rel=\"canonical\" href=\"https:\/\/news.save.ch\/it\/hohe-ignoranz-gegenueber-sicherheitsvorgaben-im-buero\/\" \/>\n<meta property=\"og:locale\" content=\"it_IT\" \/>\n<meta property=\"og:type\" content=\"article\" \/>\n<meta property=\"og:title\" content=\"Hohe Ignoranz gegen\u00fcber Sicherheitsvorgaben im B\u00fcro - Save\" \/>\n<meta property=\"og:description\" content=\"Gem\u00e4ss einer Studie von Sharp wird der internen Datensicherheit wenig Beachtung geschenkt. Zuweilen verstossen Mitarbeitende gegen Unternehmensrichtlinien.\" \/>\n<meta property=\"og:url\" content=\"https:\/\/news.save.ch\/it\/hohe-ignoranz-gegenueber-sicherheitsvorgaben-im-buero\/\" \/>\n<meta property=\"og:site_name\" content=\"Save\" \/>\n<meta property=\"article:published_time\" content=\"2017-07-05T06:30:06+00:00\" \/>\n<meta property=\"og:image\" content=\"https:\/\/news.save.ch\/wp-content\/uploads\/2017\/07\/Security1_1_bearbeitet-1-scaled.jpg\" \/>\n\t<meta property=\"og:image:width\" content=\"1400\" \/>\n\t<meta property=\"og:image:height\" content=\"913\" \/>\n\t<meta property=\"og:image:type\" content=\"image\/jpeg\" \/>\n<meta name=\"author\" content=\"Roger Str\u00e4ssle\" \/>\n<meta name=\"twitter:card\" content=\"summary_large_image\" \/>\n<meta name=\"twitter:label1\" content=\"Scritto da\" \/>\n\t<meta name=\"twitter:data1\" content=\"Roger Str\u00e4ssle\" \/>\n\t<meta name=\"twitter:label2\" content=\"Tempo di lettura stimato\" \/>\n\t<meta name=\"twitter:data2\" content=\"2 minuti\" \/>\n<script type=\"application\/ld+json\" class=\"yoast-schema-graph\">{\"@context\":\"https:\\\/\\\/schema.org\",\"@graph\":[{\"@type\":\"Article\",\"@id\":\"https:\\\/\\\/news.save.ch\\\/hohe-ignoranz-gegenueber-sicherheitsvorgaben-im-buero\\\/#article\",\"isPartOf\":{\"@id\":\"https:\\\/\\\/news.save.ch\\\/hohe-ignoranz-gegenueber-sicherheitsvorgaben-im-buero\\\/\"},\"author\":{\"name\":\"Roger Str\u00e4ssle\",\"@id\":\"https:\\\/\\\/news.save.ch\\\/de\\\/#\\\/schema\\\/person\\\/d5022db048e0e2b9785c50e5b24da5aa\"},\"headline\":\"Hohe Ignoranz gegen\u00fcber Sicherheitsvorgaben im B\u00fcro\",\"datePublished\":\"2017-07-05T06:30:06+00:00\",\"mainEntityOfPage\":{\"@id\":\"https:\\\/\\\/news.save.ch\\\/hohe-ignoranz-gegenueber-sicherheitsvorgaben-im-buero\\\/\"},\"wordCount\":463,\"commentCount\":0,\"publisher\":{\"@id\":\"https:\\\/\\\/news.save.ch\\\/de\\\/#organization\"},\"image\":{\"@id\":\"https:\\\/\\\/news.save.ch\\\/hohe-ignoranz-gegenueber-sicherheitsvorgaben-im-buero\\\/#primaryimage\"},\"thumbnailUrl\":\"https:\\\/\\\/news.save.ch\\\/wp-content\\\/uploads\\\/2017\\\/07\\\/Security1_1_bearbeitet-1-scaled.jpg\",\"keywords\":[\"Datenschutz\"],\"articleSection\":[\"ALLGEMEIN\"],\"inLanguage\":\"it-IT\"},{\"@type\":\"WebPage\",\"@id\":\"https:\\\/\\\/news.save.ch\\\/hohe-ignoranz-gegenueber-sicherheitsvorgaben-im-buero\\\/\",\"url\":\"https:\\\/\\\/news.save.ch\\\/hohe-ignoranz-gegenueber-sicherheitsvorgaben-im-buero\\\/\",\"name\":\"Hohe Ignoranz gegen\u00fcber Sicherheitsvorgaben im B\u00fcro - Save\",\"isPartOf\":{\"@id\":\"https:\\\/\\\/news.save.ch\\\/de\\\/#website\"},\"primaryImageOfPage\":{\"@id\":\"https:\\\/\\\/news.save.ch\\\/hohe-ignoranz-gegenueber-sicherheitsvorgaben-im-buero\\\/#primaryimage\"},\"image\":{\"@id\":\"https:\\\/\\\/news.save.ch\\\/hohe-ignoranz-gegenueber-sicherheitsvorgaben-im-buero\\\/#primaryimage\"},\"thumbnailUrl\":\"https:\\\/\\\/news.save.ch\\\/wp-content\\\/uploads\\\/2017\\\/07\\\/Security1_1_bearbeitet-1-scaled.jpg\",\"datePublished\":\"2017-07-05T06:30:06+00:00\",\"description\":\"Gem\u00e4ss einer Studie von Sharp wird der internen Datensicherheit wenig Beachtung geschenkt. Zuweilen verstossen Mitarbeitende gegen Unternehmensrichtlinien.\",\"breadcrumb\":{\"@id\":\"https:\\\/\\\/news.save.ch\\\/hohe-ignoranz-gegenueber-sicherheitsvorgaben-im-buero\\\/#breadcrumb\"},\"inLanguage\":\"it-IT\",\"potentialAction\":[{\"@type\":\"ReadAction\",\"target\":[\"https:\\\/\\\/news.save.ch\\\/hohe-ignoranz-gegenueber-sicherheitsvorgaben-im-buero\\\/\"]}]},{\"@type\":\"ImageObject\",\"inLanguage\":\"it-IT\",\"@id\":\"https:\\\/\\\/news.save.ch\\\/hohe-ignoranz-gegenueber-sicherheitsvorgaben-im-buero\\\/#primaryimage\",\"url\":\"https:\\\/\\\/news.save.ch\\\/wp-content\\\/uploads\\\/2017\\\/07\\\/Security1_1_bearbeitet-1-scaled.jpg\",\"contentUrl\":\"https:\\\/\\\/news.save.ch\\\/wp-content\\\/uploads\\\/2017\\\/07\\\/Security1_1_bearbeitet-1-scaled.jpg\",\"width\":1400,\"height\":913,\"caption\":\"Bild: Sharp Business Systems\"},{\"@type\":\"BreadcrumbList\",\"@id\":\"https:\\\/\\\/news.save.ch\\\/hohe-ignoranz-gegenueber-sicherheitsvorgaben-im-buero\\\/#breadcrumb\",\"itemListElement\":[{\"@type\":\"ListItem\",\"position\":1,\"name\":\"Home\",\"item\":\"https:\\\/\\\/news.save.ch\\\/de\\\/\"},{\"@type\":\"ListItem\",\"position\":2,\"name\":\"Hohe Ignoranz gegen\u00fcber Sicherheitsvorgaben im B\u00fcro\"}]},{\"@type\":\"WebSite\",\"@id\":\"https:\\\/\\\/news.save.ch\\\/de\\\/#website\",\"url\":\"https:\\\/\\\/news.save.ch\\\/de\\\/\",\"name\":\"Save\",\"description\":\"Schweizer Fachzeitschrift f\u00fcr Sicherheit\",\"publisher\":{\"@id\":\"https:\\\/\\\/news.save.ch\\\/de\\\/#organization\"},\"potentialAction\":[{\"@type\":\"SearchAction\",\"target\":{\"@type\":\"EntryPoint\",\"urlTemplate\":\"https:\\\/\\\/news.save.ch\\\/de\\\/?s={search_term_string}\"},\"query-input\":{\"@type\":\"PropertyValueSpecification\",\"valueRequired\":true,\"valueName\":\"search_term_string\"}}],\"inLanguage\":\"it-IT\"},{\"@type\":\"Organization\",\"@id\":\"https:\\\/\\\/news.save.ch\\\/de\\\/#organization\",\"name\":\"Sicherheitsforum\",\"url\":\"https:\\\/\\\/news.save.ch\\\/de\\\/\",\"logo\":{\"@type\":\"ImageObject\",\"inLanguage\":\"it-IT\",\"@id\":\"https:\\\/\\\/news.save.ch\\\/de\\\/#\\\/schema\\\/logo\\\/image\\\/\",\"url\":\"https:\\\/\\\/news.save.ch\\\/wp-content\\\/uploads\\\/2022\\\/06\\\/Logo_SF_2012.png\",\"contentUrl\":\"https:\\\/\\\/news.save.ch\\\/wp-content\\\/uploads\\\/2022\\\/06\\\/Logo_SF_2012.png\",\"width\":1100,\"height\":91,\"caption\":\"Sicherheitsforum\"},\"image\":{\"@id\":\"https:\\\/\\\/news.save.ch\\\/de\\\/#\\\/schema\\\/logo\\\/image\\\/\"}},{\"@type\":\"Person\",\"@id\":\"https:\\\/\\\/news.save.ch\\\/de\\\/#\\\/schema\\\/person\\\/d5022db048e0e2b9785c50e5b24da5aa\",\"name\":\"Roger Str\u00e4ssle\",\"image\":{\"@type\":\"ImageObject\",\"inLanguage\":\"it-IT\",\"@id\":\"https:\\\/\\\/secure.gravatar.com\\\/avatar\\\/862a5569d087de48e5856e32f45d719a03804c891d6deb8d4f71a660e79e4a47?s=96&d=mm&r=g\",\"url\":\"https:\\\/\\\/secure.gravatar.com\\\/avatar\\\/862a5569d087de48e5856e32f45d719a03804c891d6deb8d4f71a660e79e4a47?s=96&d=mm&r=g\",\"contentUrl\":\"https:\\\/\\\/secure.gravatar.com\\\/avatar\\\/862a5569d087de48e5856e32f45d719a03804c891d6deb8d4f71a660e79e4a47?s=96&d=mm&r=g\",\"caption\":\"Roger Str\u00e4ssle\"},\"url\":\"https:\\\/\\\/news.save.ch\\\/it\\\/author\\\/roger-straessle\\\/\"}]}<\/script>\n<!-- \/ Yoast SEO plugin. -->","yoast_head_json":{"title":"Elevata ignoranza dei requisiti di sicurezza per l'ufficio - Risparmio","description":"Secondo uno studio di Sharp, si presta poca attenzione alla sicurezza dei dati interni. A volte i dipendenti violano le linee guida aziendali.","robots":{"index":"index","follow":"follow","max-snippet":"max-snippet:-1","max-image-preview":"max-image-preview:large","max-video-preview":"max-video-preview:-1"},"canonical":"https:\/\/news.save.ch\/it\/hohe-ignoranz-gegenueber-sicherheitsvorgaben-im-buero\/","og_locale":"it_IT","og_type":"article","og_title":"Hohe Ignoranz gegen\u00fcber Sicherheitsvorgaben im B\u00fcro - Save","og_description":"Gem\u00e4ss einer Studie von Sharp wird der internen Datensicherheit wenig Beachtung geschenkt. Zuweilen verstossen Mitarbeitende gegen Unternehmensrichtlinien.","og_url":"https:\/\/news.save.ch\/it\/hohe-ignoranz-gegenueber-sicherheitsvorgaben-im-buero\/","og_site_name":"Save","article_published_time":"2017-07-05T06:30:06+00:00","og_image":[{"width":1400,"height":913,"url":"https:\/\/news.save.ch\/wp-content\/uploads\/2017\/07\/Security1_1_bearbeitet-1-scaled.jpg","type":"image\/jpeg"}],"author":"Roger Str\u00e4ssle","twitter_card":"summary_large_image","twitter_misc":{"Scritto da":"Roger Str\u00e4ssle","Tempo di lettura stimato":"2 minuti"},"schema":{"@context":"https:\/\/schema.org","@graph":[{"@type":"Article","@id":"https:\/\/news.save.ch\/hohe-ignoranz-gegenueber-sicherheitsvorgaben-im-buero\/#article","isPartOf":{"@id":"https:\/\/news.save.ch\/hohe-ignoranz-gegenueber-sicherheitsvorgaben-im-buero\/"},"author":{"name":"Roger Str\u00e4ssle","@id":"https:\/\/news.save.ch\/de\/#\/schema\/person\/d5022db048e0e2b9785c50e5b24da5aa"},"headline":"Hohe Ignoranz gegen\u00fcber Sicherheitsvorgaben im B\u00fcro","datePublished":"2017-07-05T06:30:06+00:00","mainEntityOfPage":{"@id":"https:\/\/news.save.ch\/hohe-ignoranz-gegenueber-sicherheitsvorgaben-im-buero\/"},"wordCount":463,"commentCount":0,"publisher":{"@id":"https:\/\/news.save.ch\/de\/#organization"},"image":{"@id":"https:\/\/news.save.ch\/hohe-ignoranz-gegenueber-sicherheitsvorgaben-im-buero\/#primaryimage"},"thumbnailUrl":"https:\/\/news.save.ch\/wp-content\/uploads\/2017\/07\/Security1_1_bearbeitet-1-scaled.jpg","keywords":["Datenschutz"],"articleSection":["ALLGEMEIN"],"inLanguage":"it-IT"},{"@type":"WebPage","@id":"https:\/\/news.save.ch\/hohe-ignoranz-gegenueber-sicherheitsvorgaben-im-buero\/","url":"https:\/\/news.save.ch\/hohe-ignoranz-gegenueber-sicherheitsvorgaben-im-buero\/","name":"Elevata ignoranza dei requisiti di sicurezza per l'ufficio - Risparmio","isPartOf":{"@id":"https:\/\/news.save.ch\/de\/#website"},"primaryImageOfPage":{"@id":"https:\/\/news.save.ch\/hohe-ignoranz-gegenueber-sicherheitsvorgaben-im-buero\/#primaryimage"},"image":{"@id":"https:\/\/news.save.ch\/hohe-ignoranz-gegenueber-sicherheitsvorgaben-im-buero\/#primaryimage"},"thumbnailUrl":"https:\/\/news.save.ch\/wp-content\/uploads\/2017\/07\/Security1_1_bearbeitet-1-scaled.jpg","datePublished":"2017-07-05T06:30:06+00:00","description":"Secondo uno studio di Sharp, si presta poca attenzione alla sicurezza dei dati interni. A volte i dipendenti violano le linee guida aziendali.","breadcrumb":{"@id":"https:\/\/news.save.ch\/hohe-ignoranz-gegenueber-sicherheitsvorgaben-im-buero\/#breadcrumb"},"inLanguage":"it-IT","potentialAction":[{"@type":"ReadAction","target":["https:\/\/news.save.ch\/hohe-ignoranz-gegenueber-sicherheitsvorgaben-im-buero\/"]}]},{"@type":"ImageObject","inLanguage":"it-IT","@id":"https:\/\/news.save.ch\/hohe-ignoranz-gegenueber-sicherheitsvorgaben-im-buero\/#primaryimage","url":"https:\/\/news.save.ch\/wp-content\/uploads\/2017\/07\/Security1_1_bearbeitet-1-scaled.jpg","contentUrl":"https:\/\/news.save.ch\/wp-content\/uploads\/2017\/07\/Security1_1_bearbeitet-1-scaled.jpg","width":1400,"height":913,"caption":"Bild: Sharp Business Systems"},{"@type":"BreadcrumbList","@id":"https:\/\/news.save.ch\/hohe-ignoranz-gegenueber-sicherheitsvorgaben-im-buero\/#breadcrumb","itemListElement":[{"@type":"ListItem","position":1,"name":"Home","item":"https:\/\/news.save.ch\/de\/"},{"@type":"ListItem","position":2,"name":"Hohe Ignoranz gegen\u00fcber Sicherheitsvorgaben im B\u00fcro"}]},{"@type":"WebSite","@id":"https:\/\/news.save.ch\/de\/#website","url":"https:\/\/news.save.ch\/de\/","name":"Risparmiare","description":"Rivista svizzera specializzata in sicurezza","publisher":{"@id":"https:\/\/news.save.ch\/de\/#organization"},"potentialAction":[{"@type":"SearchAction","target":{"@type":"EntryPoint","urlTemplate":"https:\/\/news.save.ch\/de\/?s={search_term_string}"},"query-input":{"@type":"PropertyValueSpecification","valueRequired":true,"valueName":"search_term_string"}}],"inLanguage":"it-IT"},{"@type":"Organization","@id":"https:\/\/news.save.ch\/de\/#organization","name":"Forum sulla sicurezza","url":"https:\/\/news.save.ch\/de\/","logo":{"@type":"ImageObject","inLanguage":"it-IT","@id":"https:\/\/news.save.ch\/de\/#\/schema\/logo\/image\/","url":"https:\/\/news.save.ch\/wp-content\/uploads\/2022\/06\/Logo_SF_2012.png","contentUrl":"https:\/\/news.save.ch\/wp-content\/uploads\/2022\/06\/Logo_SF_2012.png","width":1100,"height":91,"caption":"Sicherheitsforum"},"image":{"@id":"https:\/\/news.save.ch\/de\/#\/schema\/logo\/image\/"}},{"@type":"Person","@id":"https:\/\/news.save.ch\/de\/#\/schema\/person\/d5022db048e0e2b9785c50e5b24da5aa","name":"Roger Str\u00e4ssle","image":{"@type":"ImageObject","inLanguage":"it-IT","@id":"https:\/\/secure.gravatar.com\/avatar\/862a5569d087de48e5856e32f45d719a03804c891d6deb8d4f71a660e79e4a47?s=96&d=mm&r=g","url":"https:\/\/secure.gravatar.com\/avatar\/862a5569d087de48e5856e32f45d719a03804c891d6deb8d4f71a660e79e4a47?s=96&d=mm&r=g","contentUrl":"https:\/\/secure.gravatar.com\/avatar\/862a5569d087de48e5856e32f45d719a03804c891d6deb8d4f71a660e79e4a47?s=96&d=mm&r=g","caption":"Roger Str\u00e4ssle"},"url":"https:\/\/news.save.ch\/it\/author\/roger-straessle\/"}]}},"_links":{"self":[{"href":"https:\/\/news.save.ch\/it\/wp-json\/wp\/v2\/posts\/5005","targetHints":{"allow":["GET"]}}],"collection":[{"href":"https:\/\/news.save.ch\/it\/wp-json\/wp\/v2\/posts"}],"about":[{"href":"https:\/\/news.save.ch\/it\/wp-json\/wp\/v2\/types\/post"}],"author":[{"embeddable":true,"href":"https:\/\/news.save.ch\/it\/wp-json\/wp\/v2\/users\/8"}],"replies":[{"embeddable":true,"href":"https:\/\/news.save.ch\/it\/wp-json\/wp\/v2\/comments?post=5005"}],"version-history":[{"count":0,"href":"https:\/\/news.save.ch\/it\/wp-json\/wp\/v2\/posts\/5005\/revisions"}],"wp:featuredmedia":[{"embeddable":true,"href":"https:\/\/news.save.ch\/it\/wp-json\/wp\/v2\/media\/5010"}],"wp:attachment":[{"href":"https:\/\/news.save.ch\/it\/wp-json\/wp\/v2\/media?parent=5005"}],"wp:term":[{"taxonomy":"category","embeddable":true,"href":"https:\/\/news.save.ch\/it\/wp-json\/wp\/v2\/categories?post=5005"},{"taxonomy":"post_tag","embeddable":true,"href":"https:\/\/news.save.ch\/it\/wp-json\/wp\/v2\/tags?post=5005"}],"curies":[{"name":"wp","href":"https:\/\/api.w.org\/{rel}","templated":true}]}}