{"id":5135,"date":"2020-01-21T09:07:53","date_gmt":"2020-01-21T08:07:53","guid":{"rendered":"https:\/\/news.save.ch\/?p=5135"},"modified":"2023-08-16T05:30:28","modified_gmt":"2023-08-16T03:30:28","slug":"staendiges-husten-es-koennte-copd-sein","status":null,"type":"post","link":"https:\/\/news.save.ch\/it\/staendiges-husten-es-koennte-copd-sein\/","title":{"rendered":"Tosse costante? Potrebbe essere BPCO"},"content":{"rendered":"<figure id=\"attachment_5141\" aria-describedby=\"caption-attachment-5141\" style=\"width: 680px\" class=\"wp-caption alignnone\"><img loading=\"lazy\" decoding=\"async\" class=\"wp-image-5141 size-medium\" src=\"https:\/\/news.save.ch\/wp-content\/uploads\/2020\/01\/Depositphotos_mirexonlife-scaled-1-680x517.jpg\" alt=\"Tosse\" width=\"680\" height=\"517\" srcset=\"https:\/\/news.save.ch\/wp-content\/uploads\/2020\/01\/Depositphotos_mirexonlife-scaled-1-680x517.jpg 680w, https:\/\/news.save.ch\/wp-content\/uploads\/2020\/01\/Depositphotos_mirexonlife-scaled-1-1024x778.jpg 1024w, https:\/\/news.save.ch\/wp-content\/uploads\/2020\/01\/Depositphotos_mirexonlife-scaled-1-768x584.jpg 768w, https:\/\/news.save.ch\/wp-content\/uploads\/2020\/01\/Depositphotos_mirexonlife-scaled-1-16x12.jpg 16w, https:\/\/news.save.ch\/wp-content\/uploads\/2020\/01\/Depositphotos_mirexonlife-scaled-1-375x285.jpg 375w, https:\/\/news.save.ch\/wp-content\/uploads\/2020\/01\/Depositphotos_mirexonlife-scaled-1-461x350.jpg 461w, https:\/\/news.save.ch\/wp-content\/uploads\/2020\/01\/Depositphotos_mirexonlife-scaled-1-1000x760.jpg 1000w, https:\/\/news.save.ch\/wp-content\/uploads\/2020\/01\/Depositphotos_mirexonlife-scaled-1.jpg 1200w\" sizes=\"auto, (max-width: 680px) 100vw, 680px\" \/><figcaption id=\"caption-attachment-5141\" class=\"wp-caption-text\">La BPCO non \u00e8 curabile. Il 90% delle persone affette da BPCO fuma o ha fumato.<br \/>\u00a9 Depositphotos\/mirexonlife<\/figcaption><\/figure>\n<p>La BPCO distrugge il tessuto polmonare, restringe le vie respiratorie e porta a gravi <a href=\"https:\/\/news.save.ch\/it\/in-der-schweiz-ist-asthma-weit-verbreitet\/\" target=\"_blank\" rel=\"noopener\">Respiro corto<\/a>. Anche solo pochi passi formano una barriera per molti <a href=\"https:\/\/news.save.ch\/it\/rauchende-unterschaetzen-ihr-erkrankungsrisiko\/\" target=\"_blank\" rel=\"noopener\">BPCO<\/a>-Quanto prima viene diagnosticata la BPCO, tanto meglio si pu\u00f2 rallentare la progressione della malattia e mantenere la qualit\u00e0 della vita. Prima viene diagnosticata la BPCO, meglio si pu\u00f2 rallentare la progressione della malattia e mantenere la qualit\u00e0 della vita.<\/p>\n<p><strong>Principale fattore di rischio: fumo <\/strong><\/p>\n<p>La BPCO non \u00e8 curabile. Il 90% di tutte le persone affette da BPCO fuma o ha fumato. La cessazione costante del fumo \u00e8 quindi il primo passo pi\u00f9 importante nel trattamento della BPCO. Una vita libera dal fumo \u00e8 la migliore protezione contro la malattia, in quanto un <a href=\"https:\/\/news.save.ch\/it\/rauchstopp-damit-dem-guten-vorsatz-taten-folgen\/\" target=\"_blank\" rel=\"noopener\">Smettere di fumare<\/a> riduce significativamente il rischio di malattia.<\/p>\n<p><strong>Pi\u00f9 informazioni<\/strong><\/p>\n<p><a href=\"https:\/\/www.lungenliga.ch\/de\/startseite.html\" target=\"_blank\" rel=\"noopener\">www.lungenliga.ch<\/a><\/p>\n<p>&nbsp;<\/p>","protected":false},"excerpt":{"rendered":"<p>COPD zerst\u00f6rt das Lungengewebe, verengt die Atemwege und f\u00fchrt zu schwerer Atemnot. Schon wenige Treppenstufen bilden f\u00fcr viele COPD-Patientinnen und -Patienten ein fast un\u00fcberwindbares Hindernis. Je eher die COPD diagnostiziert wird, desto besser lassen sich der Krankheitsverlauf verlangsamen und die Lebensqualit\u00e4t erhalten. Hauptrisikofaktor: Rauchen COPD ist nicht heilbar. 90 Prozent aller COPD-Erkrankten rauchen oder haben [&hellip;]<\/p>\n","protected":false},"author":1,"featured_media":5141,"comment_status":"closed","ping_status":"closed","sticky":false,"template":"","format":"standard","meta":{"_acf_changed":false,"pgc_sgb_lightbox_settings":"","footnotes":""},"categories":[1,3314],"tags":[1775,2165,149,2485,141,2764],"class_list":["post-5135","post","type-post","status-publish","format-standard","has-post-thumbnail","hentry","category-allgemein","category-health-safety","tag-betriebliches-gesundheitsmanagement","tag-gesundheitsfoerderung","tag-gesundheitsschutz","tag-lungen-check","tag-praevention","tag-rauchstopp"],"acf":[],"hkrextid":null,"publication":null,"issue":null,"workflow":null,"startPage":null,"spitzmarke":null,"_posts_by_tag_page_fields":{"widget_title":"","widget_tags":""},"_at_widget":"1","_yoast_wpseo_primary_category":"","_yoast_wpseo_focuskw_text_input":"COPD","_yoast_wpseo_opengraph-image":null,"_yoast_wpseo_opengraph-description":null,"_yoast_wpseo_opengraph-title":null,"enclosure":null,"_yoast_wpseo_twitter-title":null,"_yoast_wpseo_twitter-description":null,"_yoast_wpseo_twitter-image":null,"_wp_old_slug":null,"_yoast_wpseo_title":null,"_yoast_wpseo_canonical":null,"yoast_head":"<!-- This site is optimized with the Yoast SEO plugin v27.5 - https:\/\/yoast.com\/product\/yoast-seo-wordpress\/ -->\n<title>St\u00e4ndiges Husten? Es k\u00f6nnte COPD sein - Save<\/title>\n<meta name=\"description\" content=\"Die chronisch obstruktive Lungenkrankheit (COPD) ist eine der h\u00e4ufigsten nicht-infekti\u00f6sen Erkrankungen weltweit.\" \/>\n<meta name=\"robots\" content=\"index, follow, max-snippet:-1, max-image-preview:large, max-video-preview:-1\" \/>\n<link rel=\"canonical\" href=\"https:\/\/news.save.ch\/it\/staendiges-husten-es-koennte-copd-sein\/\" \/>\n<meta property=\"og:locale\" content=\"it_IT\" \/>\n<meta property=\"og:type\" content=\"article\" \/>\n<meta property=\"og:title\" content=\"St\u00e4ndiges Husten? Es k\u00f6nnte COPD sein - Save\" \/>\n<meta property=\"og:description\" content=\"Die chronisch obstruktive Lungenkrankheit (COPD) ist eine der h\u00e4ufigsten nicht-infekti\u00f6sen Erkrankungen weltweit.\" \/>\n<meta property=\"og:url\" content=\"https:\/\/news.save.ch\/it\/staendiges-husten-es-koennte-copd-sein\/\" \/>\n<meta property=\"og:site_name\" content=\"Save\" \/>\n<meta property=\"article:published_time\" content=\"2020-01-21T08:07:53+00:00\" \/>\n<meta property=\"article:modified_time\" content=\"2023-08-16T03:30:28+00:00\" \/>\n<meta property=\"og:image\" content=\"https:\/\/news.save.ch\/wp-content\/uploads\/2020\/01\/Depositphotos_mirexonlife-scaled-1.jpg\" \/>\n\t<meta property=\"og:image:width\" content=\"1200\" \/>\n\t<meta property=\"og:image:height\" content=\"912\" \/>\n\t<meta property=\"og:image:type\" content=\"image\/jpeg\" \/>\n<meta name=\"author\" content=\"admin\" \/>\n<meta name=\"twitter:card\" content=\"summary_large_image\" \/>\n<meta name=\"twitter:label1\" content=\"Scritto da\" \/>\n\t<meta name=\"twitter:data1\" content=\"admin\" \/>\n\t<meta name=\"twitter:label2\" content=\"Tempo di lettura stimato\" \/>\n\t<meta name=\"twitter:data2\" content=\"1 minuto\" \/>\n<script type=\"application\/ld+json\" class=\"yoast-schema-graph\">{\"@context\":\"https:\\\/\\\/schema.org\",\"@graph\":[{\"@type\":\"Article\",\"@id\":\"https:\\\/\\\/news.save.ch\\\/staendiges-husten-es-koennte-copd-sein\\\/#article\",\"isPartOf\":{\"@id\":\"https:\\\/\\\/news.save.ch\\\/staendiges-husten-es-koennte-copd-sein\\\/\"},\"author\":{\"name\":\"admin\",\"@id\":\"https:\\\/\\\/news.save.ch\\\/de\\\/#\\\/schema\\\/person\\\/d49e199490bad7c70d64b9ab51142f2b\"},\"headline\":\"St\u00e4ndiges Husten? Es k\u00f6nnte COPD sein\",\"datePublished\":\"2020-01-21T08:07:53+00:00\",\"dateModified\":\"2023-08-16T03:30:28+00:00\",\"mainEntityOfPage\":{\"@id\":\"https:\\\/\\\/news.save.ch\\\/staendiges-husten-es-koennte-copd-sein\\\/\"},\"wordCount\":127,\"publisher\":{\"@id\":\"https:\\\/\\\/news.save.ch\\\/de\\\/#organization\"},\"image\":{\"@id\":\"https:\\\/\\\/news.save.ch\\\/staendiges-husten-es-koennte-copd-sein\\\/#primaryimage\"},\"thumbnailUrl\":\"https:\\\/\\\/news.save.ch\\\/wp-content\\\/uploads\\\/2020\\\/01\\\/Depositphotos_mirexonlife-scaled-1.jpg\",\"keywords\":[\"Betriebliches Gesundheitsmanagement\",\"Gesundheitsf\u00f6rderung\",\"Gesundheitsschutz\",\"Lungen-Check\",\"Pr\u00e4vention\",\"Rauchstopp\"],\"articleSection\":[\"ALLGEMEIN\",\"HEALTH &amp; SAFETY\"],\"inLanguage\":\"it-IT\"},{\"@type\":\"WebPage\",\"@id\":\"https:\\\/\\\/news.save.ch\\\/staendiges-husten-es-koennte-copd-sein\\\/\",\"url\":\"https:\\\/\\\/news.save.ch\\\/staendiges-husten-es-koennte-copd-sein\\\/\",\"name\":\"St\u00e4ndiges Husten? Es k\u00f6nnte COPD sein - Save\",\"isPartOf\":{\"@id\":\"https:\\\/\\\/news.save.ch\\\/de\\\/#website\"},\"primaryImageOfPage\":{\"@id\":\"https:\\\/\\\/news.save.ch\\\/staendiges-husten-es-koennte-copd-sein\\\/#primaryimage\"},\"image\":{\"@id\":\"https:\\\/\\\/news.save.ch\\\/staendiges-husten-es-koennte-copd-sein\\\/#primaryimage\"},\"thumbnailUrl\":\"https:\\\/\\\/news.save.ch\\\/wp-content\\\/uploads\\\/2020\\\/01\\\/Depositphotos_mirexonlife-scaled-1.jpg\",\"datePublished\":\"2020-01-21T08:07:53+00:00\",\"dateModified\":\"2023-08-16T03:30:28+00:00\",\"description\":\"Die chronisch obstruktive Lungenkrankheit (COPD) ist eine der h\u00e4ufigsten nicht-infekti\u00f6sen Erkrankungen weltweit.\",\"breadcrumb\":{\"@id\":\"https:\\\/\\\/news.save.ch\\\/staendiges-husten-es-koennte-copd-sein\\\/#breadcrumb\"},\"inLanguage\":\"it-IT\",\"potentialAction\":[{\"@type\":\"ReadAction\",\"target\":[\"https:\\\/\\\/news.save.ch\\\/staendiges-husten-es-koennte-copd-sein\\\/\"]}]},{\"@type\":\"ImageObject\",\"inLanguage\":\"it-IT\",\"@id\":\"https:\\\/\\\/news.save.ch\\\/staendiges-husten-es-koennte-copd-sein\\\/#primaryimage\",\"url\":\"https:\\\/\\\/news.save.ch\\\/wp-content\\\/uploads\\\/2020\\\/01\\\/Depositphotos_mirexonlife-scaled-1.jpg\",\"contentUrl\":\"https:\\\/\\\/news.save.ch\\\/wp-content\\\/uploads\\\/2020\\\/01\\\/Depositphotos_mirexonlife-scaled-1.jpg\",\"width\":1200,\"height\":912,\"caption\":\"COPD ist nicht heilbar. 90 Prozent aller COPD-Erkrankten rauchen oder haben geraucht. \u00a9 Depositphotos\\\/mirexonlife\"},{\"@type\":\"BreadcrumbList\",\"@id\":\"https:\\\/\\\/news.save.ch\\\/staendiges-husten-es-koennte-copd-sein\\\/#breadcrumb\",\"itemListElement\":[{\"@type\":\"ListItem\",\"position\":1,\"name\":\"Home\",\"item\":\"https:\\\/\\\/news.save.ch\\\/de\\\/\"},{\"@type\":\"ListItem\",\"position\":2,\"name\":\"St\u00e4ndiges Husten? Es k\u00f6nnte COPD sein\"}]},{\"@type\":\"WebSite\",\"@id\":\"https:\\\/\\\/news.save.ch\\\/de\\\/#website\",\"url\":\"https:\\\/\\\/news.save.ch\\\/de\\\/\",\"name\":\"Save\",\"description\":\"Schweizer Fachzeitschrift f\u00fcr Sicherheit\",\"publisher\":{\"@id\":\"https:\\\/\\\/news.save.ch\\\/de\\\/#organization\"},\"potentialAction\":[{\"@type\":\"SearchAction\",\"target\":{\"@type\":\"EntryPoint\",\"urlTemplate\":\"https:\\\/\\\/news.save.ch\\\/de\\\/?s={search_term_string}\"},\"query-input\":{\"@type\":\"PropertyValueSpecification\",\"valueRequired\":true,\"valueName\":\"search_term_string\"}}],\"inLanguage\":\"it-IT\"},{\"@type\":\"Organization\",\"@id\":\"https:\\\/\\\/news.save.ch\\\/de\\\/#organization\",\"name\":\"Sicherheitsforum\",\"url\":\"https:\\\/\\\/news.save.ch\\\/de\\\/\",\"logo\":{\"@type\":\"ImageObject\",\"inLanguage\":\"it-IT\",\"@id\":\"https:\\\/\\\/news.save.ch\\\/de\\\/#\\\/schema\\\/logo\\\/image\\\/\",\"url\":\"https:\\\/\\\/news.save.ch\\\/wp-content\\\/uploads\\\/2022\\\/06\\\/Logo_SF_2012.png\",\"contentUrl\":\"https:\\\/\\\/news.save.ch\\\/wp-content\\\/uploads\\\/2022\\\/06\\\/Logo_SF_2012.png\",\"width\":1100,\"height\":91,\"caption\":\"Sicherheitsforum\"},\"image\":{\"@id\":\"https:\\\/\\\/news.save.ch\\\/de\\\/#\\\/schema\\\/logo\\\/image\\\/\"}},{\"@type\":\"Person\",\"@id\":\"https:\\\/\\\/news.save.ch\\\/de\\\/#\\\/schema\\\/person\\\/d49e199490bad7c70d64b9ab51142f2b\",\"name\":\"admin\",\"image\":{\"@type\":\"ImageObject\",\"inLanguage\":\"it-IT\",\"@id\":\"https:\\\/\\\/secure.gravatar.com\\\/avatar\\\/ae2f4d718e6c49043e314ce431e7e645d646302a24a5ef5a8bc8e3f5a032e319?s=96&d=mm&r=g\",\"url\":\"https:\\\/\\\/secure.gravatar.com\\\/avatar\\\/ae2f4d718e6c49043e314ce431e7e645d646302a24a5ef5a8bc8e3f5a032e319?s=96&d=mm&r=g\",\"contentUrl\":\"https:\\\/\\\/secure.gravatar.com\\\/avatar\\\/ae2f4d718e6c49043e314ce431e7e645d646302a24a5ef5a8bc8e3f5a032e319?s=96&d=mm&r=g\",\"caption\":\"admin\"},\"sameAs\":[\"https:\\\/\\\/develop.organisator.galledia.ch\"],\"url\":\"https:\\\/\\\/news.save.ch\\\/it\\\/author\\\/admin\\\/\"}]}<\/script>\n<!-- \/ Yoast SEO plugin. -->","yoast_head_json":{"title":"Tosse costante? Potrebbe essere BPCO - Save","description":"La broncopneumopatia cronica ostruttiva (BPCO) \u00e8 una delle malattie non infettive pi\u00f9 comuni al mondo.","robots":{"index":"index","follow":"follow","max-snippet":"max-snippet:-1","max-image-preview":"max-image-preview:large","max-video-preview":"max-video-preview:-1"},"canonical":"https:\/\/news.save.ch\/it\/staendiges-husten-es-koennte-copd-sein\/","og_locale":"it_IT","og_type":"article","og_title":"St\u00e4ndiges Husten? Es k\u00f6nnte COPD sein - Save","og_description":"Die chronisch obstruktive Lungenkrankheit (COPD) ist eine der h\u00e4ufigsten nicht-infekti\u00f6sen Erkrankungen weltweit.","og_url":"https:\/\/news.save.ch\/it\/staendiges-husten-es-koennte-copd-sein\/","og_site_name":"Save","article_published_time":"2020-01-21T08:07:53+00:00","article_modified_time":"2023-08-16T03:30:28+00:00","og_image":[{"width":1200,"height":912,"url":"https:\/\/news.save.ch\/wp-content\/uploads\/2020\/01\/Depositphotos_mirexonlife-scaled-1.jpg","type":"image\/jpeg"}],"author":"admin","twitter_card":"summary_large_image","twitter_misc":{"Scritto da":"admin","Tempo di lettura stimato":"1 minuto"},"schema":{"@context":"https:\/\/schema.org","@graph":[{"@type":"Article","@id":"https:\/\/news.save.ch\/staendiges-husten-es-koennte-copd-sein\/#article","isPartOf":{"@id":"https:\/\/news.save.ch\/staendiges-husten-es-koennte-copd-sein\/"},"author":{"name":"admin","@id":"https:\/\/news.save.ch\/de\/#\/schema\/person\/d49e199490bad7c70d64b9ab51142f2b"},"headline":"St\u00e4ndiges Husten? Es k\u00f6nnte COPD sein","datePublished":"2020-01-21T08:07:53+00:00","dateModified":"2023-08-16T03:30:28+00:00","mainEntityOfPage":{"@id":"https:\/\/news.save.ch\/staendiges-husten-es-koennte-copd-sein\/"},"wordCount":127,"publisher":{"@id":"https:\/\/news.save.ch\/de\/#organization"},"image":{"@id":"https:\/\/news.save.ch\/staendiges-husten-es-koennte-copd-sein\/#primaryimage"},"thumbnailUrl":"https:\/\/news.save.ch\/wp-content\/uploads\/2020\/01\/Depositphotos_mirexonlife-scaled-1.jpg","keywords":["Betriebliches Gesundheitsmanagement","Gesundheitsf\u00f6rderung","Gesundheitsschutz","Lungen-Check","Pr\u00e4vention","Rauchstopp"],"articleSection":["ALLGEMEIN","HEALTH &amp; SAFETY"],"inLanguage":"it-IT"},{"@type":"WebPage","@id":"https:\/\/news.save.ch\/staendiges-husten-es-koennte-copd-sein\/","url":"https:\/\/news.save.ch\/staendiges-husten-es-koennte-copd-sein\/","name":"Tosse costante? Potrebbe essere BPCO - Save","isPartOf":{"@id":"https:\/\/news.save.ch\/de\/#website"},"primaryImageOfPage":{"@id":"https:\/\/news.save.ch\/staendiges-husten-es-koennte-copd-sein\/#primaryimage"},"image":{"@id":"https:\/\/news.save.ch\/staendiges-husten-es-koennte-copd-sein\/#primaryimage"},"thumbnailUrl":"https:\/\/news.save.ch\/wp-content\/uploads\/2020\/01\/Depositphotos_mirexonlife-scaled-1.jpg","datePublished":"2020-01-21T08:07:53+00:00","dateModified":"2023-08-16T03:30:28+00:00","description":"La broncopneumopatia cronica ostruttiva (BPCO) \u00e8 una delle malattie non infettive pi\u00f9 comuni al mondo.","breadcrumb":{"@id":"https:\/\/news.save.ch\/staendiges-husten-es-koennte-copd-sein\/#breadcrumb"},"inLanguage":"it-IT","potentialAction":[{"@type":"ReadAction","target":["https:\/\/news.save.ch\/staendiges-husten-es-koennte-copd-sein\/"]}]},{"@type":"ImageObject","inLanguage":"it-IT","@id":"https:\/\/news.save.ch\/staendiges-husten-es-koennte-copd-sein\/#primaryimage","url":"https:\/\/news.save.ch\/wp-content\/uploads\/2020\/01\/Depositphotos_mirexonlife-scaled-1.jpg","contentUrl":"https:\/\/news.save.ch\/wp-content\/uploads\/2020\/01\/Depositphotos_mirexonlife-scaled-1.jpg","width":1200,"height":912,"caption":"COPD ist nicht heilbar. 90 Prozent aller COPD-Erkrankten rauchen oder haben geraucht. \u00a9 Depositphotos\/mirexonlife"},{"@type":"BreadcrumbList","@id":"https:\/\/news.save.ch\/staendiges-husten-es-koennte-copd-sein\/#breadcrumb","itemListElement":[{"@type":"ListItem","position":1,"name":"Home","item":"https:\/\/news.save.ch\/de\/"},{"@type":"ListItem","position":2,"name":"St\u00e4ndiges Husten? Es k\u00f6nnte COPD sein"}]},{"@type":"WebSite","@id":"https:\/\/news.save.ch\/de\/#website","url":"https:\/\/news.save.ch\/de\/","name":"Risparmiare","description":"Rivista svizzera specializzata in sicurezza","publisher":{"@id":"https:\/\/news.save.ch\/de\/#organization"},"potentialAction":[{"@type":"SearchAction","target":{"@type":"EntryPoint","urlTemplate":"https:\/\/news.save.ch\/de\/?s={search_term_string}"},"query-input":{"@type":"PropertyValueSpecification","valueRequired":true,"valueName":"search_term_string"}}],"inLanguage":"it-IT"},{"@type":"Organization","@id":"https:\/\/news.save.ch\/de\/#organization","name":"Forum sulla sicurezza","url":"https:\/\/news.save.ch\/de\/","logo":{"@type":"ImageObject","inLanguage":"it-IT","@id":"https:\/\/news.save.ch\/de\/#\/schema\/logo\/image\/","url":"https:\/\/news.save.ch\/wp-content\/uploads\/2022\/06\/Logo_SF_2012.png","contentUrl":"https:\/\/news.save.ch\/wp-content\/uploads\/2022\/06\/Logo_SF_2012.png","width":1100,"height":91,"caption":"Sicherheitsforum"},"image":{"@id":"https:\/\/news.save.ch\/de\/#\/schema\/logo\/image\/"}},{"@type":"Person","@id":"https:\/\/news.save.ch\/de\/#\/schema\/person\/d49e199490bad7c70d64b9ab51142f2b","name":"amministratore","image":{"@type":"ImageObject","inLanguage":"it-IT","@id":"https:\/\/secure.gravatar.com\/avatar\/ae2f4d718e6c49043e314ce431e7e645d646302a24a5ef5a8bc8e3f5a032e319?s=96&d=mm&r=g","url":"https:\/\/secure.gravatar.com\/avatar\/ae2f4d718e6c49043e314ce431e7e645d646302a24a5ef5a8bc8e3f5a032e319?s=96&d=mm&r=g","contentUrl":"https:\/\/secure.gravatar.com\/avatar\/ae2f4d718e6c49043e314ce431e7e645d646302a24a5ef5a8bc8e3f5a032e319?s=96&d=mm&r=g","caption":"admin"},"sameAs":["https:\/\/develop.organisator.galledia.ch"],"url":"https:\/\/news.save.ch\/it\/author\/admin\/"}]}},"_links":{"self":[{"href":"https:\/\/news.save.ch\/it\/wp-json\/wp\/v2\/posts\/5135","targetHints":{"allow":["GET"]}}],"collection":[{"href":"https:\/\/news.save.ch\/it\/wp-json\/wp\/v2\/posts"}],"about":[{"href":"https:\/\/news.save.ch\/it\/wp-json\/wp\/v2\/types\/post"}],"author":[{"embeddable":true,"href":"https:\/\/news.save.ch\/it\/wp-json\/wp\/v2\/users\/1"}],"replies":[{"embeddable":true,"href":"https:\/\/news.save.ch\/it\/wp-json\/wp\/v2\/comments?post=5135"}],"version-history":[{"count":4,"href":"https:\/\/news.save.ch\/it\/wp-json\/wp\/v2\/posts\/5135\/revisions"}],"predecessor-version":[{"id":21875,"href":"https:\/\/news.save.ch\/it\/wp-json\/wp\/v2\/posts\/5135\/revisions\/21875"}],"wp:featuredmedia":[{"embeddable":true,"href":"https:\/\/news.save.ch\/it\/wp-json\/wp\/v2\/media\/5141"}],"wp:attachment":[{"href":"https:\/\/news.save.ch\/it\/wp-json\/wp\/v2\/media?parent=5135"}],"wp:term":[{"taxonomy":"category","embeddable":true,"href":"https:\/\/news.save.ch\/it\/wp-json\/wp\/v2\/categories?post=5135"},{"taxonomy":"post_tag","embeddable":true,"href":"https:\/\/news.save.ch\/it\/wp-json\/wp\/v2\/tags?post=5135"}],"curies":[{"name":"wp","href":"https:\/\/api.w.org\/{rel}","templated":true}]}}