{"id":5355,"date":"2017-09-12T11:47:59","date_gmt":"2017-09-12T09:47:59","guid":{"rendered":"https:\/\/news.save.ch\/?p=5355"},"modified":"2017-09-12T11:47:59","modified_gmt":"2017-09-12T09:47:59","slug":"gute-zahlen-integration-auf-kurs","status":null,"type":"post","link":"https:\/\/news.save.ch\/it\/gute-zahlen-integration-auf-kurs\/","title":{"rendered":"Buoni dati: l'integrazione \u00e8 in corso"},"content":{"rendered":"<p><img loading=\"lazy\" decoding=\"async\" class=\"aligncenter wp-image-5356 size-medium\" src=\"https:\/\/news.save.ch\/wp-content\/uploads\/2017\/09\/dormakaba.jpg\" alt=\"Esercizio finanziario 2016\/17 Dormakaba\" width=\"680\" height=\"510\" srcset=\"https:\/\/news.save.ch\/wp-content\/uploads\/2017\/09\/dormakaba.jpg 1162w, https:\/\/news.save.ch\/wp-content\/uploads\/2017\/09\/dormakaba-375x281.jpg 375w\" sizes=\"auto, (max-width: 680px) 100vw, 680px\" \/><\/p>\n<p>&nbsp;<\/p>\n<p>Secondo Riet Cadonau, il Gruppo \u00e8 sulla buona strada con il processo di integrazione di Dorma e Kaba, che sta avendo un impatto positivo sulla redditivit\u00e0 grazie agli effetti sinergici e alla riduzione dei costi. Oltre alle acquisizioni effettuate nell'esercizio 2016\/17, anche l'ottimo sviluppo delle attivit\u00e0 in AS Americas e AS Pacific ha contribuito all'aumento dell'Ebitda per un totale di 54,6 milioni di franchi svizzeri a 387,3 milioni di franchi svizzeri. Il margine Ebitda ha raggiunto 15,4% (anno precedente: 14,4%). Il Gruppo ha raggiunto un <a href=\"https:\/\/www.dormakaba.com\/de\/investor-relations\/jahresresultate-2016-2017\/finanzkommentar\">Esercizio 2016\/17<\/a> ha ottenuto un risultato di 295,2 milioni di franchi svizzeri (anno precedente: 262,0 milioni di franchi svizzeri).<\/p>\n<p><strong>Processo di integrazione presto completato\u00a0<\/strong><\/p>\n<p>Secondo Cadonau, nell'esercizio 2016\/17 il gruppo ha portato avanti con coerenza il processo di integrazione. L'attuazione di progetti di integrazione chiaramente definiti, come la fusione delle entit\u00e0 legali nei singoli Paesi, nonch\u00e9 ulteriori investimenti in un'infrastruttura IT comune e orientata a livello globale e la creazione del nuovo marchio ombrello, sono stati in primo piano, come ha sottolineato il CEO. Secondo Cadonau, il processo di integrazione sta entrando nella fase finale: Dormakaba prevede che l'integrazione sar\u00e0 in gran parte completata entro la fine dell'anno finanziario 2017\/18, come previsto.<\/p>\n<p><strong>Acquisizioni strategicamente importanti <\/strong><\/p>\n<p>Durante l'anno in esame, il gruppo ha rafforzato la propria posizione di mercato in Nord America: con le acquisizioni di Mesker e Best Access Solutions, \u00e8 diventato uno dei primi tre fornitori di ferramenta per porte e soluzioni per il controllo degli accessi nell'interessante mercato nordamericano, ha dichiarato Cadonau.<\/p>\n<p><strong>Focus sulla digitalizzazione <\/strong><\/p>\n<p>Il CEO vede tre sfide centrali per l'anno commerciale 2017\/18:<\/p>\n<ul>\n<li>Il gruppo deve gestire con successo la fase finale del processo di integrazione.<\/li>\n<li>L'azienda vuole puntare fortemente sulla digitalizzazione e investire di conseguenza in dipendenti, processi e tecnologie.<\/li>\n<li>Inoltre, e questo \u00e8 un obiettivo che ogni azienda dovrebbe perseguire, continua a concentrarsi su uno sviluppo commerciale che offre prodotti, soluzioni e servizi che creano valore aggiunto per il cliente.<\/li>\n<\/ul>\n<p><strong>Proposta di aumento del dividendo <\/strong><\/p>\n<p>L'Assemblea generale annuale di Dormakaba si terr\u00e0 il 17 ottobre 2017. A seguito degli ottimi risultati, il Consiglio di amministrazione propone pertanto il pagamento di un dividendo di 14 franchi svizzeri per azione nominativa per l'esercizio 2016\/17. Ci\u00f2 corrisponde a un aumento di 2 franchi svizzeri rispetto all'esercizio precedente. \u00a0<em>pd\/rs<\/em><\/p>\n<p>&nbsp;<\/p>","protected":false},"excerpt":{"rendered":"<p>&nbsp; Gem\u00e4ss Riet Cadonau ist die Gruppe im Integrationsprozess von Dorma und Kaba auf Kurs, was sich \u00fcber Synergieeffekte und Kostensenkungen positiv auf die Profitabilit\u00e4t auswirkt. Nebst den im Berichtsjahr 2016\/17 get\u00e4tigten Akquisitionen habe auch die sehr gute Gesch\u00e4ftsentwicklung in AS Amerika und AS Pazifik zur Steigerung des Ebitda um insgesamt 54,6 Mio. auf 387,3 [&hellip;]<\/p>\n","protected":false},"author":8,"featured_media":5356,"comment_status":"open","ping_status":"open","sticky":false,"template":"","format":"standard","meta":{"_acf_changed":false,"pgc_sgb_lightbox_settings":"","footnotes":""},"categories":[1],"tags":[358,65],"class_list":["post-5355","post","type-post","status-publish","format-standard","has-post-thumbnail","hentry","category-allgemein","tag-finanzzahlen","tag-unternehmen"],"acf":[],"hkrextid":null,"publication":null,"issue":null,"workflow":null,"startPage":null,"spitzmarke":null,"_posts_by_tag_page_fields":{"widget_title":"","widget_tags":""},"_at_widget":"1","_yoast_wpseo_primary_category":"1","_yoast_wpseo_focuskw_text_input":"dormakaba","_yoast_wpseo_opengraph-image":null,"_yoast_wpseo_opengraph-description":null,"_yoast_wpseo_opengraph-title":null,"enclosure":null,"_yoast_wpseo_twitter-title":null,"_yoast_wpseo_twitter-description":null,"_yoast_wpseo_twitter-image":null,"_wp_old_slug":null,"_yoast_wpseo_title":null,"_yoast_wpseo_canonical":null,"yoast_head":"<!-- This site is optimized with the Yoast SEO plugin v27.5 - https:\/\/yoast.com\/product\/yoast-seo-wordpress\/ -->\n<title>Gute Zahlen \u2013 Integration auf Kurs - Save<\/title>\n<meta name=\"description\" content=\"Dormakaba steigerte f\u00fcr das Gesch\u00e4ftsjahr 2016\/17 den konsolidierten Umsatz um 9,4% auf 2,52 Mrd. Fr. (Vorjahr: 2,30 Mrd. Fr.).\" \/>\n<meta name=\"robots\" content=\"index, follow, max-snippet:-1, max-image-preview:large, max-video-preview:-1\" \/>\n<link rel=\"canonical\" href=\"https:\/\/news.save.ch\/it\/gute-zahlen-integration-auf-kurs\/\" \/>\n<meta property=\"og:locale\" content=\"it_IT\" \/>\n<meta property=\"og:type\" content=\"article\" \/>\n<meta property=\"og:title\" content=\"Gute Zahlen \u2013 Integration auf Kurs - Save\" \/>\n<meta property=\"og:description\" content=\"Dormakaba steigerte f\u00fcr das Gesch\u00e4ftsjahr 2016\/17 den konsolidierten Umsatz um 9,4% auf 2,52 Mrd. Fr. (Vorjahr: 2,30 Mrd. Fr.).\" \/>\n<meta property=\"og:url\" content=\"https:\/\/news.save.ch\/it\/gute-zahlen-integration-auf-kurs\/\" \/>\n<meta property=\"og:site_name\" content=\"Save\" \/>\n<meta property=\"article:published_time\" content=\"2017-09-12T09:47:59+00:00\" \/>\n<meta property=\"og:image\" content=\"https:\/\/news.save.ch\/wp-content\/uploads\/2017\/09\/dormakaba.jpg\" \/>\n\t<meta property=\"og:image:width\" content=\"1162\" \/>\n\t<meta property=\"og:image:height\" content=\"871\" \/>\n\t<meta property=\"og:image:type\" content=\"image\/jpeg\" \/>\n<meta name=\"author\" content=\"Roger Str\u00e4ssle\" \/>\n<meta name=\"twitter:card\" content=\"summary_large_image\" \/>\n<meta name=\"twitter:label1\" content=\"Scritto da\" \/>\n\t<meta name=\"twitter:data1\" content=\"Roger Str\u00e4ssle\" \/>\n\t<meta name=\"twitter:label2\" content=\"Tempo di lettura stimato\" \/>\n\t<meta name=\"twitter:data2\" content=\"2 minuti\" \/>\n<script type=\"application\/ld+json\" class=\"yoast-schema-graph\">{\"@context\":\"https:\\\/\\\/schema.org\",\"@graph\":[{\"@type\":\"Article\",\"@id\":\"https:\\\/\\\/news.save.ch\\\/gute-zahlen-integration-auf-kurs\\\/#article\",\"isPartOf\":{\"@id\":\"https:\\\/\\\/news.save.ch\\\/gute-zahlen-integration-auf-kurs\\\/\"},\"author\":{\"name\":\"Roger Str\u00e4ssle\",\"@id\":\"https:\\\/\\\/news.save.ch\\\/de\\\/#\\\/schema\\\/person\\\/d5022db048e0e2b9785c50e5b24da5aa\"},\"headline\":\"Gute Zahlen \u2013 Integration auf Kurs\",\"datePublished\":\"2017-09-12T09:47:59+00:00\",\"mainEntityOfPage\":{\"@id\":\"https:\\\/\\\/news.save.ch\\\/gute-zahlen-integration-auf-kurs\\\/\"},\"wordCount\":334,\"commentCount\":0,\"publisher\":{\"@id\":\"https:\\\/\\\/news.save.ch\\\/de\\\/#organization\"},\"image\":{\"@id\":\"https:\\\/\\\/news.save.ch\\\/gute-zahlen-integration-auf-kurs\\\/#primaryimage\"},\"thumbnailUrl\":\"https:\\\/\\\/news.save.ch\\\/wp-content\\\/uploads\\\/2017\\\/09\\\/dormakaba.jpg\",\"keywords\":[\"Finanzzahlen\",\"Unternehmen\"],\"articleSection\":[\"ALLGEMEIN\"],\"inLanguage\":\"it-IT\"},{\"@type\":\"WebPage\",\"@id\":\"https:\\\/\\\/news.save.ch\\\/gute-zahlen-integration-auf-kurs\\\/\",\"url\":\"https:\\\/\\\/news.save.ch\\\/gute-zahlen-integration-auf-kurs\\\/\",\"name\":\"Gute Zahlen \u2013 Integration auf Kurs - Save\",\"isPartOf\":{\"@id\":\"https:\\\/\\\/news.save.ch\\\/de\\\/#website\"},\"primaryImageOfPage\":{\"@id\":\"https:\\\/\\\/news.save.ch\\\/gute-zahlen-integration-auf-kurs\\\/#primaryimage\"},\"image\":{\"@id\":\"https:\\\/\\\/news.save.ch\\\/gute-zahlen-integration-auf-kurs\\\/#primaryimage\"},\"thumbnailUrl\":\"https:\\\/\\\/news.save.ch\\\/wp-content\\\/uploads\\\/2017\\\/09\\\/dormakaba.jpg\",\"datePublished\":\"2017-09-12T09:47:59+00:00\",\"description\":\"Dormakaba steigerte f\u00fcr das Gesch\u00e4ftsjahr 2016\\\/17 den konsolidierten Umsatz um 9,4% auf 2,52 Mrd. Fr. (Vorjahr: 2,30 Mrd. Fr.).\",\"breadcrumb\":{\"@id\":\"https:\\\/\\\/news.save.ch\\\/gute-zahlen-integration-auf-kurs\\\/#breadcrumb\"},\"inLanguage\":\"it-IT\",\"potentialAction\":[{\"@type\":\"ReadAction\",\"target\":[\"https:\\\/\\\/news.save.ch\\\/gute-zahlen-integration-auf-kurs\\\/\"]}]},{\"@type\":\"ImageObject\",\"inLanguage\":\"it-IT\",\"@id\":\"https:\\\/\\\/news.save.ch\\\/gute-zahlen-integration-auf-kurs\\\/#primaryimage\",\"url\":\"https:\\\/\\\/news.save.ch\\\/wp-content\\\/uploads\\\/2017\\\/09\\\/dormakaba.jpg\",\"contentUrl\":\"https:\\\/\\\/news.save.ch\\\/wp-content\\\/uploads\\\/2017\\\/09\\\/dormakaba.jpg\",\"width\":1162,\"height\":871},{\"@type\":\"BreadcrumbList\",\"@id\":\"https:\\\/\\\/news.save.ch\\\/gute-zahlen-integration-auf-kurs\\\/#breadcrumb\",\"itemListElement\":[{\"@type\":\"ListItem\",\"position\":1,\"name\":\"Home\",\"item\":\"https:\\\/\\\/news.save.ch\\\/de\\\/\"},{\"@type\":\"ListItem\",\"position\":2,\"name\":\"Gute Zahlen \u2013 Integration auf Kurs\"}]},{\"@type\":\"WebSite\",\"@id\":\"https:\\\/\\\/news.save.ch\\\/de\\\/#website\",\"url\":\"https:\\\/\\\/news.save.ch\\\/de\\\/\",\"name\":\"Save\",\"description\":\"Schweizer Fachzeitschrift f\u00fcr Sicherheit\",\"publisher\":{\"@id\":\"https:\\\/\\\/news.save.ch\\\/de\\\/#organization\"},\"potentialAction\":[{\"@type\":\"SearchAction\",\"target\":{\"@type\":\"EntryPoint\",\"urlTemplate\":\"https:\\\/\\\/news.save.ch\\\/de\\\/?s={search_term_string}\"},\"query-input\":{\"@type\":\"PropertyValueSpecification\",\"valueRequired\":true,\"valueName\":\"search_term_string\"}}],\"inLanguage\":\"it-IT\"},{\"@type\":\"Organization\",\"@id\":\"https:\\\/\\\/news.save.ch\\\/de\\\/#organization\",\"name\":\"Sicherheitsforum\",\"url\":\"https:\\\/\\\/news.save.ch\\\/de\\\/\",\"logo\":{\"@type\":\"ImageObject\",\"inLanguage\":\"it-IT\",\"@id\":\"https:\\\/\\\/news.save.ch\\\/de\\\/#\\\/schema\\\/logo\\\/image\\\/\",\"url\":\"https:\\\/\\\/news.save.ch\\\/wp-content\\\/uploads\\\/2022\\\/06\\\/Logo_SF_2012.png\",\"contentUrl\":\"https:\\\/\\\/news.save.ch\\\/wp-content\\\/uploads\\\/2022\\\/06\\\/Logo_SF_2012.png\",\"width\":1100,\"height\":91,\"caption\":\"Sicherheitsforum\"},\"image\":{\"@id\":\"https:\\\/\\\/news.save.ch\\\/de\\\/#\\\/schema\\\/logo\\\/image\\\/\"}},{\"@type\":\"Person\",\"@id\":\"https:\\\/\\\/news.save.ch\\\/de\\\/#\\\/schema\\\/person\\\/d5022db048e0e2b9785c50e5b24da5aa\",\"name\":\"Roger Str\u00e4ssle\",\"image\":{\"@type\":\"ImageObject\",\"inLanguage\":\"it-IT\",\"@id\":\"https:\\\/\\\/secure.gravatar.com\\\/avatar\\\/862a5569d087de48e5856e32f45d719a03804c891d6deb8d4f71a660e79e4a47?s=96&d=mm&r=g\",\"url\":\"https:\\\/\\\/secure.gravatar.com\\\/avatar\\\/862a5569d087de48e5856e32f45d719a03804c891d6deb8d4f71a660e79e4a47?s=96&d=mm&r=g\",\"contentUrl\":\"https:\\\/\\\/secure.gravatar.com\\\/avatar\\\/862a5569d087de48e5856e32f45d719a03804c891d6deb8d4f71a660e79e4a47?s=96&d=mm&r=g\",\"caption\":\"Roger Str\u00e4ssle\"},\"url\":\"https:\\\/\\\/news.save.ch\\\/it\\\/author\\\/roger-straessle\\\/\"}]}<\/script>\n<!-- \/ Yoast SEO plugin. -->","yoast_head_json":{"title":"Buoni dati - Integrazione in corso - Risparmio","description":"Dormakaba ha aumentato il fatturato consolidato del 9,4% a 2,52 miliardi di franchi per l'esercizio 2016\/17 (anno precedente: 2,30 miliardi di franchi).","robots":{"index":"index","follow":"follow","max-snippet":"max-snippet:-1","max-image-preview":"max-image-preview:large","max-video-preview":"max-video-preview:-1"},"canonical":"https:\/\/news.save.ch\/it\/gute-zahlen-integration-auf-kurs\/","og_locale":"it_IT","og_type":"article","og_title":"Gute Zahlen \u2013 Integration auf Kurs - Save","og_description":"Dormakaba steigerte f\u00fcr das Gesch\u00e4ftsjahr 2016\/17 den konsolidierten Umsatz um 9,4% auf 2,52 Mrd. Fr. (Vorjahr: 2,30 Mrd. Fr.).","og_url":"https:\/\/news.save.ch\/it\/gute-zahlen-integration-auf-kurs\/","og_site_name":"Save","article_published_time":"2017-09-12T09:47:59+00:00","og_image":[{"width":1162,"height":871,"url":"https:\/\/news.save.ch\/wp-content\/uploads\/2017\/09\/dormakaba.jpg","type":"image\/jpeg"}],"author":"Roger Str\u00e4ssle","twitter_card":"summary_large_image","twitter_misc":{"Scritto da":"Roger Str\u00e4ssle","Tempo di lettura stimato":"2 minuti"},"schema":{"@context":"https:\/\/schema.org","@graph":[{"@type":"Article","@id":"https:\/\/news.save.ch\/gute-zahlen-integration-auf-kurs\/#article","isPartOf":{"@id":"https:\/\/news.save.ch\/gute-zahlen-integration-auf-kurs\/"},"author":{"name":"Roger Str\u00e4ssle","@id":"https:\/\/news.save.ch\/de\/#\/schema\/person\/d5022db048e0e2b9785c50e5b24da5aa"},"headline":"Gute Zahlen \u2013 Integration auf Kurs","datePublished":"2017-09-12T09:47:59+00:00","mainEntityOfPage":{"@id":"https:\/\/news.save.ch\/gute-zahlen-integration-auf-kurs\/"},"wordCount":334,"commentCount":0,"publisher":{"@id":"https:\/\/news.save.ch\/de\/#organization"},"image":{"@id":"https:\/\/news.save.ch\/gute-zahlen-integration-auf-kurs\/#primaryimage"},"thumbnailUrl":"https:\/\/news.save.ch\/wp-content\/uploads\/2017\/09\/dormakaba.jpg","keywords":["Finanzzahlen","Unternehmen"],"articleSection":["ALLGEMEIN"],"inLanguage":"it-IT"},{"@type":"WebPage","@id":"https:\/\/news.save.ch\/gute-zahlen-integration-auf-kurs\/","url":"https:\/\/news.save.ch\/gute-zahlen-integration-auf-kurs\/","name":"Buoni dati - Integrazione in corso - Risparmio","isPartOf":{"@id":"https:\/\/news.save.ch\/de\/#website"},"primaryImageOfPage":{"@id":"https:\/\/news.save.ch\/gute-zahlen-integration-auf-kurs\/#primaryimage"},"image":{"@id":"https:\/\/news.save.ch\/gute-zahlen-integration-auf-kurs\/#primaryimage"},"thumbnailUrl":"https:\/\/news.save.ch\/wp-content\/uploads\/2017\/09\/dormakaba.jpg","datePublished":"2017-09-12T09:47:59+00:00","description":"Dormakaba ha aumentato il fatturato consolidato del 9,4% a 2,52 miliardi di franchi per l'esercizio 2016\/17 (anno precedente: 2,30 miliardi di franchi).","breadcrumb":{"@id":"https:\/\/news.save.ch\/gute-zahlen-integration-auf-kurs\/#breadcrumb"},"inLanguage":"it-IT","potentialAction":[{"@type":"ReadAction","target":["https:\/\/news.save.ch\/gute-zahlen-integration-auf-kurs\/"]}]},{"@type":"ImageObject","inLanguage":"it-IT","@id":"https:\/\/news.save.ch\/gute-zahlen-integration-auf-kurs\/#primaryimage","url":"https:\/\/news.save.ch\/wp-content\/uploads\/2017\/09\/dormakaba.jpg","contentUrl":"https:\/\/news.save.ch\/wp-content\/uploads\/2017\/09\/dormakaba.jpg","width":1162,"height":871},{"@type":"BreadcrumbList","@id":"https:\/\/news.save.ch\/gute-zahlen-integration-auf-kurs\/#breadcrumb","itemListElement":[{"@type":"ListItem","position":1,"name":"Home","item":"https:\/\/news.save.ch\/de\/"},{"@type":"ListItem","position":2,"name":"Gute Zahlen \u2013 Integration auf Kurs"}]},{"@type":"WebSite","@id":"https:\/\/news.save.ch\/de\/#website","url":"https:\/\/news.save.ch\/de\/","name":"Risparmiare","description":"Rivista svizzera specializzata in sicurezza","publisher":{"@id":"https:\/\/news.save.ch\/de\/#organization"},"potentialAction":[{"@type":"SearchAction","target":{"@type":"EntryPoint","urlTemplate":"https:\/\/news.save.ch\/de\/?s={search_term_string}"},"query-input":{"@type":"PropertyValueSpecification","valueRequired":true,"valueName":"search_term_string"}}],"inLanguage":"it-IT"},{"@type":"Organization","@id":"https:\/\/news.save.ch\/de\/#organization","name":"Forum sulla sicurezza","url":"https:\/\/news.save.ch\/de\/","logo":{"@type":"ImageObject","inLanguage":"it-IT","@id":"https:\/\/news.save.ch\/de\/#\/schema\/logo\/image\/","url":"https:\/\/news.save.ch\/wp-content\/uploads\/2022\/06\/Logo_SF_2012.png","contentUrl":"https:\/\/news.save.ch\/wp-content\/uploads\/2022\/06\/Logo_SF_2012.png","width":1100,"height":91,"caption":"Sicherheitsforum"},"image":{"@id":"https:\/\/news.save.ch\/de\/#\/schema\/logo\/image\/"}},{"@type":"Person","@id":"https:\/\/news.save.ch\/de\/#\/schema\/person\/d5022db048e0e2b9785c50e5b24da5aa","name":"Roger Str\u00e4ssle","image":{"@type":"ImageObject","inLanguage":"it-IT","@id":"https:\/\/secure.gravatar.com\/avatar\/862a5569d087de48e5856e32f45d719a03804c891d6deb8d4f71a660e79e4a47?s=96&d=mm&r=g","url":"https:\/\/secure.gravatar.com\/avatar\/862a5569d087de48e5856e32f45d719a03804c891d6deb8d4f71a660e79e4a47?s=96&d=mm&r=g","contentUrl":"https:\/\/secure.gravatar.com\/avatar\/862a5569d087de48e5856e32f45d719a03804c891d6deb8d4f71a660e79e4a47?s=96&d=mm&r=g","caption":"Roger Str\u00e4ssle"},"url":"https:\/\/news.save.ch\/it\/author\/roger-straessle\/"}]}},"_links":{"self":[{"href":"https:\/\/news.save.ch\/it\/wp-json\/wp\/v2\/posts\/5355","targetHints":{"allow":["GET"]}}],"collection":[{"href":"https:\/\/news.save.ch\/it\/wp-json\/wp\/v2\/posts"}],"about":[{"href":"https:\/\/news.save.ch\/it\/wp-json\/wp\/v2\/types\/post"}],"author":[{"embeddable":true,"href":"https:\/\/news.save.ch\/it\/wp-json\/wp\/v2\/users\/8"}],"replies":[{"embeddable":true,"href":"https:\/\/news.save.ch\/it\/wp-json\/wp\/v2\/comments?post=5355"}],"version-history":[{"count":0,"href":"https:\/\/news.save.ch\/it\/wp-json\/wp\/v2\/posts\/5355\/revisions"}],"wp:featuredmedia":[{"embeddable":true,"href":"https:\/\/news.save.ch\/it\/wp-json\/wp\/v2\/media\/5356"}],"wp:attachment":[{"href":"https:\/\/news.save.ch\/it\/wp-json\/wp\/v2\/media?parent=5355"}],"wp:term":[{"taxonomy":"category","embeddable":true,"href":"https:\/\/news.save.ch\/it\/wp-json\/wp\/v2\/categories?post=5355"},{"taxonomy":"post_tag","embeddable":true,"href":"https:\/\/news.save.ch\/it\/wp-json\/wp\/v2\/tags?post=5355"}],"curies":[{"name":"wp","href":"https:\/\/api.w.org\/{rel}","templated":true}]}}