{"id":5518,"date":"2017-10-24T08:20:21","date_gmt":"2017-10-24T06:20:21","guid":{"rendered":"https:\/\/news.save.ch\/?p=5518"},"modified":"2023-03-14T08:57:00","modified_gmt":"2023-03-14T07:57:00","slug":"risikoreiche-verwendung-der-ahv-nummer","status":null,"type":"post","link":"https:\/\/news.save.ch\/it\/risikoreiche-verwendung-der-ahv-nummer\/","title":{"rendered":"Uso rischioso del numero AVS"},"content":{"rendered":"<figure id=\"attachment_5519\" aria-describedby=\"caption-attachment-5519\" style=\"width: 680px\" class=\"wp-caption aligncenter\"><img loading=\"lazy\" decoding=\"async\" class=\"size-medium wp-image-5519\" src=\"https:\/\/news.save.ch\/wp-content\/uploads\/2017\/10\/personenidentifikator.jpg\" alt=\"Numero AVS, identificazione personale, rischio\" width=\"680\" height=\"483\" srcset=\"https:\/\/news.save.ch\/wp-content\/uploads\/2017\/10\/personenidentifikator.jpg 685w, https:\/\/news.save.ch\/wp-content\/uploads\/2017\/10\/personenidentifikator-375x267.jpg 375w\" sizes=\"auto, (max-width: 680px) 100vw, 680px\" \/><figcaption id=\"caption-attachment-5519\" class=\"wp-caption-text\">\u00a9 Privatim<\/figcaption><\/figure>\n<p>&nbsp;<\/p>\n<p>Sulla base del rapporto dell'ETH, i commissari cantonali per la protezione dei dati chiedono pertanto ai governi cantonali di astenersi dall'utilizzare ulteriormente il numero AVS come identificatore personale universale.\u00a0<a href=\"https:\/\/www.privatim.ch\">Privatim<\/a>, la Conferenza dei Commissari svizzeri per la protezione dei dati, scrive di aver attirato da tempo l'attenzione sul fatto che l'ampio uso del numero AVS nelle banche dati dell'amministrazione pubblica mette in pericolo i diritti fondamentali dei cittadini. La relazione presentata da David Basin, professore di sicurezza informatica presso il Politecnico di Zurigo, illustra chiaramente l'entit\u00e0 dei rischi e dimostra che questi aumenteranno ulteriormente con l'utilizzo sempre pi\u00f9 diffuso del numero di assicurazione nazionale.<\/p>\n<p><strong>Misure di sicurezza per i database insufficienti<\/strong><\/p>\n<p>Nome, cognome e data di nascita sono sufficienti per identificare in modo univoco il 99,98% della popolazione. Il fatto che il numero AVS sia attualmente utilizzato anche come identificativo univoco in oltre 14.000 banche dati statali aumenta la collegabilit\u00e0 dei dati personali e quindi il pericolo di un loro uso improprio. Inoltre, le misure di sicurezza di molti di questi database sono insufficienti. Potrebbero quindi diventare un facile bersaglio per gli attacchi degli hacker. I dati che cadrebbero nelle mani sbagliate potrebbero facilmente essere collegati ad altre informazioni sensibili sui cittadini, sottolinea Privatim nel suo comunicato stampa.<\/p>\n<p>Nella sua analisi, il professor Basin dimostra che l'introduzione del numero AVS come identificatore personale uniforme, auspicata nel contesto delle iniziative di e-government, \u00e8 irresponsabile dal punto di vista della sicurezza e della protezione dei dati personali.<\/p>\n<p><strong>Introdurre identificatori personali settoriali<\/strong><\/p>\n<p>Privatim si \u00e8 gi\u00e0 espresso in diverse occasioni a favore dell'utilizzo di identificativi personali settoriali al posto del numero AVS, come previsto dalla legge nella cartella clinica elettronica e nel registro di commercio. Il rapporto dell'ETH dimostra che questo potrebbe limitare i rischi di abuso a un solo settore, ma non offre una sicurezza sufficiente. Privatim concorda quindi con le conclusioni di Basin: In futuro dovranno essere introdotti solo identificatori personali settoriali, che non siano direttamente collegati a dati personali identificativi, ma che permettano un collegamento solo attraverso processi appositamente protetti. Con questo approccio, i rischi per la privacy che gi\u00e0 esistono con il crescente utilizzo del numero AVS potrebbero essere sostanzialmente ridotti in futuro.<\/p>\n<p>Spetta ora al Consiglio federale trarre le conseguenze di questa analisi completa dei rischi a livello federale, conclude Privatim.<\/p>\n<p><em>La perizia del Prof. Dr. David Basin del Politecnico di Zurigo \u00e8 stata commissionata dall'Ufficio federale di giustizia (UFG) e dall'Incaricato federale della protezione dei dati e della trasparenza (IFPDT) ed \u00e8 disponibile sui siti web dell'Ufficio federale di giustizia e dell'IFPDT.\u00a0<a href=\"https:\/\/www.bj.admin.ch\/dam\/data\/bj\/publiservice\/publikationen\/berichte\/ber-risikofolgenabschaetzung-ahvnummer-e.pdf\">BJ<\/a>\u00a0e del\u00a0<a href=\"https:\/\/www.edoeb.admin.ch\/aktuell\/index.html?lang=de\">FDPIC<\/a>\u00a0disponibile.<\/em><\/p>","protected":false},"excerpt":{"rendered":"<p>&nbsp; Gest\u00fctzt auf das ETH-Gutachten verlangen die kantonalen Datenschutzbeauftragten deshalb von den Kantonsregierungen, auf die weitere Verwendung der AHV-Nummer als universeller Personenidentifikator zu verzichten.\u00a0Privatim, die Konferenz der schweizerischen Datenschutzbeauftragten, schreibt, sie mache seit langem darauf aufmerksam, dass der umfassende Einsatz der AHV-Nummer in den Datenbanken der \u00f6ffentlichen Verwaltung die Grundrechte der B\u00fcrgerinnen und B\u00fcrger gef\u00e4hrde. [&hellip;]<\/p>\n","protected":false},"author":8,"featured_media":5519,"comment_status":"open","ping_status":"open","sticky":false,"template":"","format":"standard","meta":{"_acf_changed":false,"pgc_sgb_lightbox_settings":"","footnotes":""},"categories":[3313],"tags":[62,94],"class_list":["post-5518","post","type-post","status-publish","format-standard","has-post-thumbnail","hentry","category-digitalisierung","tag-ict-sicherheit","tag-zentrale-datenbank"],"acf":[],"hkrextid":null,"publication":null,"issue":null,"workflow":null,"startPage":null,"spitzmarke":null,"_posts_by_tag_page_fields":{"widget_title":"","widget_tags":""},"_at_widget":"1","_yoast_wpseo_primary_category":"2","_yoast_wpseo_focuskw_text_input":"Privatim","_yoast_wpseo_opengraph-image":null,"_yoast_wpseo_opengraph-description":null,"_yoast_wpseo_opengraph-title":null,"enclosure":null,"_yoast_wpseo_twitter-title":null,"_yoast_wpseo_twitter-description":null,"_yoast_wpseo_twitter-image":null,"_wp_old_slug":null,"_yoast_wpseo_title":null,"_yoast_wpseo_canonical":null,"yoast_head":"<!-- This site is optimized with the Yoast SEO plugin v27.4 - https:\/\/yoast.com\/product\/yoast-seo-wordpress\/ -->\n<title>Risikoreiche Verwendung der AHV-Nummer - Save<\/title>\n<meta name=\"description\" content=\"In \u00fcber 14&#039;000 staatlichen Datenbanken wird als zus\u00e4tzlicher Personenidentifikator die AHV-Nummer eingesetzt. Das birgt gem\u00e4ss ETH-Gutachten grosse Risiken.\" \/>\n<meta name=\"robots\" content=\"index, follow, max-snippet:-1, max-image-preview:large, max-video-preview:-1\" \/>\n<link rel=\"canonical\" href=\"https:\/\/news.save.ch\/it\/risikoreiche-verwendung-der-ahv-nummer\/\" \/>\n<meta property=\"og:locale\" content=\"it_IT\" \/>\n<meta property=\"og:type\" content=\"article\" \/>\n<meta property=\"og:title\" content=\"Risikoreiche Verwendung der AHV-Nummer - Save\" \/>\n<meta property=\"og:description\" content=\"In \u00fcber 14&#039;000 staatlichen Datenbanken wird als zus\u00e4tzlicher Personenidentifikator die AHV-Nummer eingesetzt. Das birgt gem\u00e4ss ETH-Gutachten grosse Risiken.\" \/>\n<meta property=\"og:url\" content=\"https:\/\/news.save.ch\/it\/risikoreiche-verwendung-der-ahv-nummer\/\" \/>\n<meta property=\"og:site_name\" content=\"Save\" \/>\n<meta property=\"article:published_time\" content=\"2017-10-24T06:20:21+00:00\" \/>\n<meta property=\"article:modified_time\" content=\"2023-03-14T07:57:00+00:00\" \/>\n<meta property=\"og:image\" content=\"https:\/\/news.save.ch\/wp-content\/uploads\/2017\/10\/personenidentifikator.jpg\" \/>\n\t<meta property=\"og:image:width\" content=\"685\" \/>\n\t<meta property=\"og:image:height\" content=\"487\" \/>\n\t<meta property=\"og:image:type\" content=\"image\/jpeg\" \/>\n<meta name=\"author\" content=\"Roger Str\u00e4ssle\" \/>\n<meta name=\"twitter:card\" content=\"summary_large_image\" \/>\n<meta name=\"twitter:label1\" content=\"Scritto da\" \/>\n\t<meta name=\"twitter:data1\" content=\"Roger Str\u00e4ssle\" \/>\n\t<meta name=\"twitter:label2\" content=\"Tempo di lettura stimato\" \/>\n\t<meta name=\"twitter:data2\" content=\"2 minuti\" \/>\n<script type=\"application\/ld+json\" class=\"yoast-schema-graph\">{\"@context\":\"https:\\\/\\\/schema.org\",\"@graph\":[{\"@type\":\"Article\",\"@id\":\"https:\\\/\\\/news.save.ch\\\/risikoreiche-verwendung-der-ahv-nummer\\\/#article\",\"isPartOf\":{\"@id\":\"https:\\\/\\\/news.save.ch\\\/risikoreiche-verwendung-der-ahv-nummer\\\/\"},\"author\":{\"name\":\"Roger Str\u00e4ssle\",\"@id\":\"https:\\\/\\\/news.save.ch\\\/de\\\/#\\\/schema\\\/person\\\/d5022db048e0e2b9785c50e5b24da5aa\"},\"headline\":\"Risikoreiche Verwendung der AHV-Nummer\",\"datePublished\":\"2017-10-24T06:20:21+00:00\",\"dateModified\":\"2023-03-14T07:57:00+00:00\",\"mainEntityOfPage\":{\"@id\":\"https:\\\/\\\/news.save.ch\\\/risikoreiche-verwendung-der-ahv-nummer\\\/\"},\"wordCount\":419,\"commentCount\":0,\"publisher\":{\"@id\":\"https:\\\/\\\/news.save.ch\\\/de\\\/#organization\"},\"image\":{\"@id\":\"https:\\\/\\\/news.save.ch\\\/risikoreiche-verwendung-der-ahv-nummer\\\/#primaryimage\"},\"thumbnailUrl\":\"https:\\\/\\\/news.save.ch\\\/wp-content\\\/uploads\\\/2017\\\/10\\\/personenidentifikator.jpg\",\"keywords\":[\"ICT-Sicherheit\",\"zentrale Datenbank\"],\"articleSection\":[\"DIGITALISIERUNG\"],\"inLanguage\":\"it-IT\"},{\"@type\":\"WebPage\",\"@id\":\"https:\\\/\\\/news.save.ch\\\/risikoreiche-verwendung-der-ahv-nummer\\\/\",\"url\":\"https:\\\/\\\/news.save.ch\\\/risikoreiche-verwendung-der-ahv-nummer\\\/\",\"name\":\"Risikoreiche Verwendung der AHV-Nummer - Save\",\"isPartOf\":{\"@id\":\"https:\\\/\\\/news.save.ch\\\/de\\\/#website\"},\"primaryImageOfPage\":{\"@id\":\"https:\\\/\\\/news.save.ch\\\/risikoreiche-verwendung-der-ahv-nummer\\\/#primaryimage\"},\"image\":{\"@id\":\"https:\\\/\\\/news.save.ch\\\/risikoreiche-verwendung-der-ahv-nummer\\\/#primaryimage\"},\"thumbnailUrl\":\"https:\\\/\\\/news.save.ch\\\/wp-content\\\/uploads\\\/2017\\\/10\\\/personenidentifikator.jpg\",\"datePublished\":\"2017-10-24T06:20:21+00:00\",\"dateModified\":\"2023-03-14T07:57:00+00:00\",\"description\":\"In \u00fcber 14'000 staatlichen Datenbanken wird als zus\u00e4tzlicher Personenidentifikator die AHV-Nummer eingesetzt. Das birgt gem\u00e4ss ETH-Gutachten grosse Risiken.\",\"breadcrumb\":{\"@id\":\"https:\\\/\\\/news.save.ch\\\/risikoreiche-verwendung-der-ahv-nummer\\\/#breadcrumb\"},\"inLanguage\":\"it-IT\",\"potentialAction\":[{\"@type\":\"ReadAction\",\"target\":[\"https:\\\/\\\/news.save.ch\\\/risikoreiche-verwendung-der-ahv-nummer\\\/\"]}]},{\"@type\":\"ImageObject\",\"inLanguage\":\"it-IT\",\"@id\":\"https:\\\/\\\/news.save.ch\\\/risikoreiche-verwendung-der-ahv-nummer\\\/#primaryimage\",\"url\":\"https:\\\/\\\/news.save.ch\\\/wp-content\\\/uploads\\\/2017\\\/10\\\/personenidentifikator.jpg\",\"contentUrl\":\"https:\\\/\\\/news.save.ch\\\/wp-content\\\/uploads\\\/2017\\\/10\\\/personenidentifikator.jpg\",\"width\":685,\"height\":487,\"caption\":\"\u00a9Privatim\"},{\"@type\":\"BreadcrumbList\",\"@id\":\"https:\\\/\\\/news.save.ch\\\/risikoreiche-verwendung-der-ahv-nummer\\\/#breadcrumb\",\"itemListElement\":[{\"@type\":\"ListItem\",\"position\":1,\"name\":\"Home\",\"item\":\"https:\\\/\\\/news.save.ch\\\/de\\\/\"},{\"@type\":\"ListItem\",\"position\":2,\"name\":\"Risikoreiche Verwendung der AHV-Nummer\"}]},{\"@type\":\"WebSite\",\"@id\":\"https:\\\/\\\/news.save.ch\\\/de\\\/#website\",\"url\":\"https:\\\/\\\/news.save.ch\\\/de\\\/\",\"name\":\"Save\",\"description\":\"Schweizer Fachzeitschrift f\u00fcr Sicherheit\",\"publisher\":{\"@id\":\"https:\\\/\\\/news.save.ch\\\/de\\\/#organization\"},\"potentialAction\":[{\"@type\":\"SearchAction\",\"target\":{\"@type\":\"EntryPoint\",\"urlTemplate\":\"https:\\\/\\\/news.save.ch\\\/de\\\/?s={search_term_string}\"},\"query-input\":{\"@type\":\"PropertyValueSpecification\",\"valueRequired\":true,\"valueName\":\"search_term_string\"}}],\"inLanguage\":\"it-IT\"},{\"@type\":\"Organization\",\"@id\":\"https:\\\/\\\/news.save.ch\\\/de\\\/#organization\",\"name\":\"Sicherheitsforum\",\"url\":\"https:\\\/\\\/news.save.ch\\\/de\\\/\",\"logo\":{\"@type\":\"ImageObject\",\"inLanguage\":\"it-IT\",\"@id\":\"https:\\\/\\\/news.save.ch\\\/de\\\/#\\\/schema\\\/logo\\\/image\\\/\",\"url\":\"https:\\\/\\\/news.save.ch\\\/wp-content\\\/uploads\\\/2022\\\/06\\\/Logo_SF_2012.png\",\"contentUrl\":\"https:\\\/\\\/news.save.ch\\\/wp-content\\\/uploads\\\/2022\\\/06\\\/Logo_SF_2012.png\",\"width\":1100,\"height\":91,\"caption\":\"Sicherheitsforum\"},\"image\":{\"@id\":\"https:\\\/\\\/news.save.ch\\\/de\\\/#\\\/schema\\\/logo\\\/image\\\/\"}},{\"@type\":\"Person\",\"@id\":\"https:\\\/\\\/news.save.ch\\\/de\\\/#\\\/schema\\\/person\\\/d5022db048e0e2b9785c50e5b24da5aa\",\"name\":\"Roger Str\u00e4ssle\",\"image\":{\"@type\":\"ImageObject\",\"inLanguage\":\"it-IT\",\"@id\":\"https:\\\/\\\/secure.gravatar.com\\\/avatar\\\/862a5569d087de48e5856e32f45d719a03804c891d6deb8d4f71a660e79e4a47?s=96&d=mm&r=g\",\"url\":\"https:\\\/\\\/secure.gravatar.com\\\/avatar\\\/862a5569d087de48e5856e32f45d719a03804c891d6deb8d4f71a660e79e4a47?s=96&d=mm&r=g\",\"contentUrl\":\"https:\\\/\\\/secure.gravatar.com\\\/avatar\\\/862a5569d087de48e5856e32f45d719a03804c891d6deb8d4f71a660e79e4a47?s=96&d=mm&r=g\",\"caption\":\"Roger Str\u00e4ssle\"},\"url\":\"https:\\\/\\\/news.save.ch\\\/it\\\/author\\\/roger-straessle\\\/\"}]}<\/script>\n<!-- \/ Yoast SEO plugin. -->","yoast_head_json":{"title":"Utilizzo rischioso del numero AVS - Salva","description":"In oltre 14.000 banche dati statali, il numero AVS viene utilizzato come ulteriore identificativo personale. Secondo il rapporto dell'ETH, ci\u00f2 comporta grandi rischi.","robots":{"index":"index","follow":"follow","max-snippet":"max-snippet:-1","max-image-preview":"max-image-preview:large","max-video-preview":"max-video-preview:-1"},"canonical":"https:\/\/news.save.ch\/it\/risikoreiche-verwendung-der-ahv-nummer\/","og_locale":"it_IT","og_type":"article","og_title":"Risikoreiche Verwendung der AHV-Nummer - Save","og_description":"In \u00fcber 14'000 staatlichen Datenbanken wird als zus\u00e4tzlicher Personenidentifikator die AHV-Nummer eingesetzt. Das birgt gem\u00e4ss ETH-Gutachten grosse Risiken.","og_url":"https:\/\/news.save.ch\/it\/risikoreiche-verwendung-der-ahv-nummer\/","og_site_name":"Save","article_published_time":"2017-10-24T06:20:21+00:00","article_modified_time":"2023-03-14T07:57:00+00:00","og_image":[{"width":685,"height":487,"url":"https:\/\/news.save.ch\/wp-content\/uploads\/2017\/10\/personenidentifikator.jpg","type":"image\/jpeg"}],"author":"Roger Str\u00e4ssle","twitter_card":"summary_large_image","twitter_misc":{"Scritto da":"Roger Str\u00e4ssle","Tempo di lettura stimato":"2 minuti"},"schema":{"@context":"https:\/\/schema.org","@graph":[{"@type":"Article","@id":"https:\/\/news.save.ch\/risikoreiche-verwendung-der-ahv-nummer\/#article","isPartOf":{"@id":"https:\/\/news.save.ch\/risikoreiche-verwendung-der-ahv-nummer\/"},"author":{"name":"Roger Str\u00e4ssle","@id":"https:\/\/news.save.ch\/de\/#\/schema\/person\/d5022db048e0e2b9785c50e5b24da5aa"},"headline":"Risikoreiche Verwendung der AHV-Nummer","datePublished":"2017-10-24T06:20:21+00:00","dateModified":"2023-03-14T07:57:00+00:00","mainEntityOfPage":{"@id":"https:\/\/news.save.ch\/risikoreiche-verwendung-der-ahv-nummer\/"},"wordCount":419,"commentCount":0,"publisher":{"@id":"https:\/\/news.save.ch\/de\/#organization"},"image":{"@id":"https:\/\/news.save.ch\/risikoreiche-verwendung-der-ahv-nummer\/#primaryimage"},"thumbnailUrl":"https:\/\/news.save.ch\/wp-content\/uploads\/2017\/10\/personenidentifikator.jpg","keywords":["ICT-Sicherheit","zentrale Datenbank"],"articleSection":["DIGITALISIERUNG"],"inLanguage":"it-IT"},{"@type":"WebPage","@id":"https:\/\/news.save.ch\/risikoreiche-verwendung-der-ahv-nummer\/","url":"https:\/\/news.save.ch\/risikoreiche-verwendung-der-ahv-nummer\/","name":"Utilizzo rischioso del numero AVS - Salva","isPartOf":{"@id":"https:\/\/news.save.ch\/de\/#website"},"primaryImageOfPage":{"@id":"https:\/\/news.save.ch\/risikoreiche-verwendung-der-ahv-nummer\/#primaryimage"},"image":{"@id":"https:\/\/news.save.ch\/risikoreiche-verwendung-der-ahv-nummer\/#primaryimage"},"thumbnailUrl":"https:\/\/news.save.ch\/wp-content\/uploads\/2017\/10\/personenidentifikator.jpg","datePublished":"2017-10-24T06:20:21+00:00","dateModified":"2023-03-14T07:57:00+00:00","description":"In oltre 14.000 banche dati statali, il numero AVS viene utilizzato come ulteriore identificativo personale. Secondo il rapporto dell'ETH, ci\u00f2 comporta grandi rischi.","breadcrumb":{"@id":"https:\/\/news.save.ch\/risikoreiche-verwendung-der-ahv-nummer\/#breadcrumb"},"inLanguage":"it-IT","potentialAction":[{"@type":"ReadAction","target":["https:\/\/news.save.ch\/risikoreiche-verwendung-der-ahv-nummer\/"]}]},{"@type":"ImageObject","inLanguage":"it-IT","@id":"https:\/\/news.save.ch\/risikoreiche-verwendung-der-ahv-nummer\/#primaryimage","url":"https:\/\/news.save.ch\/wp-content\/uploads\/2017\/10\/personenidentifikator.jpg","contentUrl":"https:\/\/news.save.ch\/wp-content\/uploads\/2017\/10\/personenidentifikator.jpg","width":685,"height":487,"caption":"\u00a9Privatim"},{"@type":"BreadcrumbList","@id":"https:\/\/news.save.ch\/risikoreiche-verwendung-der-ahv-nummer\/#breadcrumb","itemListElement":[{"@type":"ListItem","position":1,"name":"Home","item":"https:\/\/news.save.ch\/de\/"},{"@type":"ListItem","position":2,"name":"Risikoreiche Verwendung der AHV-Nummer"}]},{"@type":"WebSite","@id":"https:\/\/news.save.ch\/de\/#website","url":"https:\/\/news.save.ch\/de\/","name":"Risparmiare","description":"Rivista svizzera specializzata in sicurezza","publisher":{"@id":"https:\/\/news.save.ch\/de\/#organization"},"potentialAction":[{"@type":"SearchAction","target":{"@type":"EntryPoint","urlTemplate":"https:\/\/news.save.ch\/de\/?s={search_term_string}"},"query-input":{"@type":"PropertyValueSpecification","valueRequired":true,"valueName":"search_term_string"}}],"inLanguage":"it-IT"},{"@type":"Organization","@id":"https:\/\/news.save.ch\/de\/#organization","name":"Forum sulla sicurezza","url":"https:\/\/news.save.ch\/de\/","logo":{"@type":"ImageObject","inLanguage":"it-IT","@id":"https:\/\/news.save.ch\/de\/#\/schema\/logo\/image\/","url":"https:\/\/news.save.ch\/wp-content\/uploads\/2022\/06\/Logo_SF_2012.png","contentUrl":"https:\/\/news.save.ch\/wp-content\/uploads\/2022\/06\/Logo_SF_2012.png","width":1100,"height":91,"caption":"Sicherheitsforum"},"image":{"@id":"https:\/\/news.save.ch\/de\/#\/schema\/logo\/image\/"}},{"@type":"Person","@id":"https:\/\/news.save.ch\/de\/#\/schema\/person\/d5022db048e0e2b9785c50e5b24da5aa","name":"Roger Str\u00e4ssle","image":{"@type":"ImageObject","inLanguage":"it-IT","@id":"https:\/\/secure.gravatar.com\/avatar\/862a5569d087de48e5856e32f45d719a03804c891d6deb8d4f71a660e79e4a47?s=96&d=mm&r=g","url":"https:\/\/secure.gravatar.com\/avatar\/862a5569d087de48e5856e32f45d719a03804c891d6deb8d4f71a660e79e4a47?s=96&d=mm&r=g","contentUrl":"https:\/\/secure.gravatar.com\/avatar\/862a5569d087de48e5856e32f45d719a03804c891d6deb8d4f71a660e79e4a47?s=96&d=mm&r=g","caption":"Roger Str\u00e4ssle"},"url":"https:\/\/news.save.ch\/it\/author\/roger-straessle\/"}]}},"_links":{"self":[{"href":"https:\/\/news.save.ch\/it\/wp-json\/wp\/v2\/posts\/5518","targetHints":{"allow":["GET"]}}],"collection":[{"href":"https:\/\/news.save.ch\/it\/wp-json\/wp\/v2\/posts"}],"about":[{"href":"https:\/\/news.save.ch\/it\/wp-json\/wp\/v2\/types\/post"}],"author":[{"embeddable":true,"href":"https:\/\/news.save.ch\/it\/wp-json\/wp\/v2\/users\/8"}],"replies":[{"embeddable":true,"href":"https:\/\/news.save.ch\/it\/wp-json\/wp\/v2\/comments?post=5518"}],"version-history":[{"count":1,"href":"https:\/\/news.save.ch\/it\/wp-json\/wp\/v2\/posts\/5518\/revisions"}],"predecessor-version":[{"id":17483,"href":"https:\/\/news.save.ch\/it\/wp-json\/wp\/v2\/posts\/5518\/revisions\/17483"}],"wp:featuredmedia":[{"embeddable":true,"href":"https:\/\/news.save.ch\/it\/wp-json\/wp\/v2\/media\/5519"}],"wp:attachment":[{"href":"https:\/\/news.save.ch\/it\/wp-json\/wp\/v2\/media?parent=5518"}],"wp:term":[{"taxonomy":"category","embeddable":true,"href":"https:\/\/news.save.ch\/it\/wp-json\/wp\/v2\/categories?post=5518"},{"taxonomy":"post_tag","embeddable":true,"href":"https:\/\/news.save.ch\/it\/wp-json\/wp\/v2\/tags?post=5518"}],"curies":[{"name":"wp","href":"https:\/\/api.w.org\/{rel}","templated":true}]}}