{"id":5597,"date":"2017-11-07T11:27:46","date_gmt":"2017-11-07T10:27:46","guid":{"rendered":"https:\/\/news.save.ch\/?p=5597"},"modified":"2017-11-07T11:27:46","modified_gmt":"2017-11-07T10:27:46","slug":"verzicht-auf-automatische-nationalitaetennennung","status":null,"type":"post","link":"https:\/\/news.save.ch\/it\/verzicht-auf-automatische-nationalitaetennennung\/","title":{"rendered":"Stapo non nomina pi\u00f9 la nazionalit\u00e0"},"content":{"rendered":"<figure id=\"attachment_5598\" aria-describedby=\"caption-attachment-5598\" style=\"width: 680px\" class=\"wp-caption aligncenter\"><img loading=\"lazy\" decoding=\"async\" class=\"size-medium wp-image-5598\" src=\"https:\/\/news.save.ch\/wp-content\/uploads\/2017\/11\/Taeter-Depositphotos_21800425_m-2015.jpg\" alt=\"\" width=\"680\" height=\"452\" srcset=\"https:\/\/news.save.ch\/wp-content\/uploads\/2017\/11\/Taeter-Depositphotos_21800425_m-2015.jpg 1000w, https:\/\/news.save.ch\/wp-content\/uploads\/2017\/11\/Taeter-Depositphotos_21800425_m-2015-375x249.jpg 375w\" sizes=\"auto, (max-width: 680px) 100vw, 680px\" \/><figcaption id=\"caption-attachment-5598\" class=\"wp-caption-text\">Illustrazione \u00a9 londondeposit<\/figcaption><\/figure>\n<p>&nbsp;<\/p>\n<p>Due anni fa, il Consiglio comunale di Zurigo ha approvato un postulato di Min Li Marti (SP) e Samuel Dubno (GLP) che chiedeva al Consiglio comunale di esaminare se la polizia potesse astenersi dal nominare la nazionalit\u00e0 dei sospetti nei suoi comunicati stampa. I postulanti ritenevano che la nazionalit\u00e0 di un autore di reato fosse altrettanto irrilevante per la valutazione del reato quanto la religione o l'orientamento sessuale. Il consigliere Wolff ha chiarito due aspetti nel considerare il postulato. In primo luogo, quanto sia importante per la comprensione di un reato conoscere l'origine dell'autore. In secondo luogo, se il nome della nazionalit\u00e0 abbia effetti indesiderati.<\/p>\n<p><strong>Le cause reali sono nascoste<\/strong><\/p>\n<p>I singoli media sottolineano oggi l'importanza di conoscere la nazionalit\u00e0 degli autori. La nazionalit\u00e0 \u00e8 un dato di fatto che non deve essere nascosto. Non menzionarlo \u00e8 un atto di non trasparenza e di insabbiamento. Tuttavia, il fatto che l'indicazione della nazionalit\u00e0 serva solo presumibilmente alla trasparenza \u00e8 ignorato, come si legge nel comunicato stampa del Dipartimento di sicurezza. Nominando la nazionalit\u00e0, si suggerisce che il crimine possa essere in qualche modo spiegato. Tuttavia, questo non fa altro che nascondere le cause reali degli atti criminali: Povert\u00e0, basso livello di istruzione, stigmatizzazione in Svizzera, prove di coraggio, mancanza di controllo sociale, traumi di guerra, uso di droghe e altro. Pertanto, la denominazione delle nazionalit\u00e0 \u00e8 una trasparenza illusoria che nasconde le cause della criminalit\u00e0, come sottolineato nel comunicato stampa.<\/p>\n<p><strong>Denominazione di origine su richiesta<\/strong><\/p>\n<p><strong>\u00a0<\/strong>L'effetto della cronaca nera sulla visione del mondo dei consumatori di media \u00e8 stato ben studiato scientificamente. Chi legge di criminali stranieri nei media ritiene che la percentuale di stranieri tra i criminali sia mediamente pi\u00f9 alta di quella reale. In questo senso, esiste un pregiudizio nei confronti delle persone di determinate origini. Per il consigliere Richard Wolff si tratta di un effetto indesiderato.<\/p>\n<p>Nell'affrontare il postulato, il Dipartimento di sicurezza ha intervistato il presidente del Consiglio svizzero della stampa e i docenti di etica dei media della ZHAW e del Centro di formazione sui media di Lucerna MAZ. Inoltre, il Dipartimento di Sicurezza ha intervistato sei caporedattori: quelli della NZZ e del Tages-Anzeiger, della SRF, di 20Minuten, di watson e del Gruppo Blick. I due esperti di etica dei media e il presidente del Consiglio della stampa ritengono che la pratica attuale, ossia la menzione regolare e non visibile della nazionalit\u00e0 nella cronaca nera, sia poco obiettiva e tendenzialmente discriminatoria. Tre caporedattori sono sostanzialmente d'accordo con questa affermazione, mentre tre non sono d'accordo, come scrive il Dipartimento di Sicurezza.<\/p>\n<p>In Svizzera, negli ultimi vent'anni si \u00e8 passati da una denuncia dei reati che non menzionava l'origine degli autori a una denuncia che ne indicava la nazionalit\u00e0. Il consigliere Richard Wolff ha ordinato alla polizia municipale di non menzionare pi\u00f9 automaticamente l'origine degli autori nei loro comunicati stampa. Fanno eccezione i comunicati stampa che invitano alla caccia all'uomo. Su richiesta, tuttavia, la polizia municipale render\u00e0 nota la nazionalit\u00e0. Si tratta di un ritorno a una pratica precedente e collaudata.<\/p>\n<p>La polizia della citt\u00e0 di Zurigo attuer\u00e0 la direttiva del capo della sicurezza con effetto immediato.<\/p>\n<p>&nbsp;<\/p>\n<p>&nbsp;<\/p>","protected":false},"excerpt":{"rendered":"<p>&nbsp; Vor zwei Jahren hat der Z\u00fcrcher Gemeinderat ein Postulat von Min Li Marti (SP) und Samuel Dubno (GLP) \u00fcberwiesen, in dem der Stadtrat aufgefordert wird, zu pr\u00fcfen, ob die Polizei in ihren Medienmitteilungen auf die Nennung der Nationalit\u00e4t von Verd\u00e4chtigen verzichten kann. Die Postulanten stellten sich auf den Standpunkt, die Nationalit\u00e4t eines T\u00e4ters oder [&hellip;]<\/p>\n","protected":false},"author":8,"featured_media":5598,"comment_status":"open","ping_status":"open","sticky":false,"template":"","format":"standard","meta":{"_acf_changed":false,"pgc_sgb_lightbox_settings":"","footnotes":""},"categories":[1],"tags":[69,113],"class_list":["post-5597","post","type-post","status-publish","format-standard","has-post-thumbnail","hentry","category-allgemein","tag-justiz-polizei","tag-kriminalitaet"],"acf":[],"hkrextid":null,"publication":null,"issue":null,"workflow":null,"startPage":null,"spitzmarke":null,"_posts_by_tag_page_fields":{"widget_title":"","widget_tags":""},"_at_widget":"1","_yoast_wpseo_primary_category":"1","_yoast_wpseo_focuskw_text_input":"Stadtpolizei","_yoast_wpseo_opengraph-image":null,"_yoast_wpseo_opengraph-description":null,"_yoast_wpseo_opengraph-title":null,"enclosure":null,"_yoast_wpseo_twitter-title":null,"_yoast_wpseo_twitter-description":null,"_yoast_wpseo_twitter-image":null,"_wp_old_slug":null,"_yoast_wpseo_title":null,"_yoast_wpseo_canonical":null,"yoast_head":"<!-- This site is optimized with the Yoast SEO plugin v27.5 - https:\/\/yoast.com\/product\/yoast-seo-wordpress\/ -->\n<title>Stapo nennt Nationalit\u00e4t nicht mehr - Save<\/title>\n<meta name=\"description\" content=\"Die Stadtpolizei Z\u00fcrich verzichtet in ihren Medienmitteilungen per sofort auf die Nennung der Nationalit\u00e4t eines T\u00e4ters oder einer T\u00e4terin.\" \/>\n<meta name=\"robots\" content=\"index, follow, max-snippet:-1, max-image-preview:large, max-video-preview:-1\" \/>\n<link rel=\"canonical\" href=\"https:\/\/news.save.ch\/it\/verzicht-auf-automatische-nationalitaetennennung\/\" \/>\n<meta property=\"og:locale\" content=\"it_IT\" \/>\n<meta property=\"og:type\" content=\"article\" \/>\n<meta property=\"og:title\" content=\"Stapo nennt Nationalit\u00e4t nicht mehr - Save\" \/>\n<meta property=\"og:description\" content=\"Die Stadtpolizei Z\u00fcrich verzichtet in ihren Medienmitteilungen per sofort auf die Nennung der Nationalit\u00e4t eines T\u00e4ters oder einer T\u00e4terin.\" \/>\n<meta property=\"og:url\" content=\"https:\/\/news.save.ch\/it\/verzicht-auf-automatische-nationalitaetennennung\/\" \/>\n<meta property=\"og:site_name\" content=\"Save\" \/>\n<meta property=\"article:published_time\" content=\"2017-11-07T10:27:46+00:00\" \/>\n<meta property=\"og:image\" content=\"https:\/\/news.save.ch\/wp-content\/uploads\/2017\/11\/Taeter-Depositphotos_21800425_m-2015.jpg\" \/>\n\t<meta property=\"og:image:width\" content=\"1000\" \/>\n\t<meta property=\"og:image:height\" content=\"664\" \/>\n\t<meta property=\"og:image:type\" content=\"image\/jpeg\" \/>\n<meta name=\"author\" content=\"Roger Str\u00e4ssle\" \/>\n<meta name=\"twitter:card\" content=\"summary_large_image\" \/>\n<meta name=\"twitter:label1\" content=\"Scritto da\" \/>\n\t<meta name=\"twitter:data1\" content=\"Roger Str\u00e4ssle\" \/>\n\t<meta name=\"twitter:label2\" content=\"Tempo di lettura stimato\" \/>\n\t<meta name=\"twitter:data2\" content=\"3 minuti\" \/>\n<script type=\"application\/ld+json\" class=\"yoast-schema-graph\">{\"@context\":\"https:\\\/\\\/schema.org\",\"@graph\":[{\"@type\":\"Article\",\"@id\":\"https:\\\/\\\/news.save.ch\\\/verzicht-auf-automatische-nationalitaetennennung\\\/#article\",\"isPartOf\":{\"@id\":\"https:\\\/\\\/news.save.ch\\\/verzicht-auf-automatische-nationalitaetennennung\\\/\"},\"author\":{\"name\":\"Roger Str\u00e4ssle\",\"@id\":\"https:\\\/\\\/news.save.ch\\\/de\\\/#\\\/schema\\\/person\\\/d5022db048e0e2b9785c50e5b24da5aa\"},\"headline\":\"Stapo nennt Nationalit\u00e4t nicht mehr\",\"datePublished\":\"2017-11-07T10:27:46+00:00\",\"mainEntityOfPage\":{\"@id\":\"https:\\\/\\\/news.save.ch\\\/verzicht-auf-automatische-nationalitaetennennung\\\/\"},\"wordCount\":548,\"commentCount\":0,\"publisher\":{\"@id\":\"https:\\\/\\\/news.save.ch\\\/de\\\/#organization\"},\"image\":{\"@id\":\"https:\\\/\\\/news.save.ch\\\/verzicht-auf-automatische-nationalitaetennennung\\\/#primaryimage\"},\"thumbnailUrl\":\"https:\\\/\\\/news.save.ch\\\/wp-content\\\/uploads\\\/2017\\\/11\\\/Taeter-Depositphotos_21800425_m-2015.jpg\",\"keywords\":[\"Justiz &amp; Polizei\",\"Kriminalit\u00e4t\"],\"articleSection\":[\"ALLGEMEIN\"],\"inLanguage\":\"it-IT\"},{\"@type\":\"WebPage\",\"@id\":\"https:\\\/\\\/news.save.ch\\\/verzicht-auf-automatische-nationalitaetennennung\\\/\",\"url\":\"https:\\\/\\\/news.save.ch\\\/verzicht-auf-automatische-nationalitaetennennung\\\/\",\"name\":\"Stapo nennt Nationalit\u00e4t nicht mehr - Save\",\"isPartOf\":{\"@id\":\"https:\\\/\\\/news.save.ch\\\/de\\\/#website\"},\"primaryImageOfPage\":{\"@id\":\"https:\\\/\\\/news.save.ch\\\/verzicht-auf-automatische-nationalitaetennennung\\\/#primaryimage\"},\"image\":{\"@id\":\"https:\\\/\\\/news.save.ch\\\/verzicht-auf-automatische-nationalitaetennennung\\\/#primaryimage\"},\"thumbnailUrl\":\"https:\\\/\\\/news.save.ch\\\/wp-content\\\/uploads\\\/2017\\\/11\\\/Taeter-Depositphotos_21800425_m-2015.jpg\",\"datePublished\":\"2017-11-07T10:27:46+00:00\",\"description\":\"Die Stadtpolizei Z\u00fcrich verzichtet in ihren Medienmitteilungen per sofort auf die Nennung der Nationalit\u00e4t eines T\u00e4ters oder einer T\u00e4terin.\",\"breadcrumb\":{\"@id\":\"https:\\\/\\\/news.save.ch\\\/verzicht-auf-automatische-nationalitaetennennung\\\/#breadcrumb\"},\"inLanguage\":\"it-IT\",\"potentialAction\":[{\"@type\":\"ReadAction\",\"target\":[\"https:\\\/\\\/news.save.ch\\\/verzicht-auf-automatische-nationalitaetennennung\\\/\"]}]},{\"@type\":\"ImageObject\",\"inLanguage\":\"it-IT\",\"@id\":\"https:\\\/\\\/news.save.ch\\\/verzicht-auf-automatische-nationalitaetennennung\\\/#primaryimage\",\"url\":\"https:\\\/\\\/news.save.ch\\\/wp-content\\\/uploads\\\/2017\\\/11\\\/Taeter-Depositphotos_21800425_m-2015.jpg\",\"contentUrl\":\"https:\\\/\\\/news.save.ch\\\/wp-content\\\/uploads\\\/2017\\\/11\\\/Taeter-Depositphotos_21800425_m-2015.jpg\",\"width\":1000,\"height\":664,\"caption\":\"\u00a9 londondeposit\"},{\"@type\":\"BreadcrumbList\",\"@id\":\"https:\\\/\\\/news.save.ch\\\/verzicht-auf-automatische-nationalitaetennennung\\\/#breadcrumb\",\"itemListElement\":[{\"@type\":\"ListItem\",\"position\":1,\"name\":\"Home\",\"item\":\"https:\\\/\\\/news.save.ch\\\/de\\\/\"},{\"@type\":\"ListItem\",\"position\":2,\"name\":\"Stapo nennt Nationalit\u00e4t nicht mehr\"}]},{\"@type\":\"WebSite\",\"@id\":\"https:\\\/\\\/news.save.ch\\\/de\\\/#website\",\"url\":\"https:\\\/\\\/news.save.ch\\\/de\\\/\",\"name\":\"Save\",\"description\":\"Schweizer Fachzeitschrift f\u00fcr Sicherheit\",\"publisher\":{\"@id\":\"https:\\\/\\\/news.save.ch\\\/de\\\/#organization\"},\"potentialAction\":[{\"@type\":\"SearchAction\",\"target\":{\"@type\":\"EntryPoint\",\"urlTemplate\":\"https:\\\/\\\/news.save.ch\\\/de\\\/?s={search_term_string}\"},\"query-input\":{\"@type\":\"PropertyValueSpecification\",\"valueRequired\":true,\"valueName\":\"search_term_string\"}}],\"inLanguage\":\"it-IT\"},{\"@type\":\"Organization\",\"@id\":\"https:\\\/\\\/news.save.ch\\\/de\\\/#organization\",\"name\":\"Sicherheitsforum\",\"url\":\"https:\\\/\\\/news.save.ch\\\/de\\\/\",\"logo\":{\"@type\":\"ImageObject\",\"inLanguage\":\"it-IT\",\"@id\":\"https:\\\/\\\/news.save.ch\\\/de\\\/#\\\/schema\\\/logo\\\/image\\\/\",\"url\":\"https:\\\/\\\/news.save.ch\\\/wp-content\\\/uploads\\\/2022\\\/06\\\/Logo_SF_2012.png\",\"contentUrl\":\"https:\\\/\\\/news.save.ch\\\/wp-content\\\/uploads\\\/2022\\\/06\\\/Logo_SF_2012.png\",\"width\":1100,\"height\":91,\"caption\":\"Sicherheitsforum\"},\"image\":{\"@id\":\"https:\\\/\\\/news.save.ch\\\/de\\\/#\\\/schema\\\/logo\\\/image\\\/\"}},{\"@type\":\"Person\",\"@id\":\"https:\\\/\\\/news.save.ch\\\/de\\\/#\\\/schema\\\/person\\\/d5022db048e0e2b9785c50e5b24da5aa\",\"name\":\"Roger Str\u00e4ssle\",\"image\":{\"@type\":\"ImageObject\",\"inLanguage\":\"it-IT\",\"@id\":\"https:\\\/\\\/secure.gravatar.com\\\/avatar\\\/862a5569d087de48e5856e32f45d719a03804c891d6deb8d4f71a660e79e4a47?s=96&d=mm&r=g\",\"url\":\"https:\\\/\\\/secure.gravatar.com\\\/avatar\\\/862a5569d087de48e5856e32f45d719a03804c891d6deb8d4f71a660e79e4a47?s=96&d=mm&r=g\",\"contentUrl\":\"https:\\\/\\\/secure.gravatar.com\\\/avatar\\\/862a5569d087de48e5856e32f45d719a03804c891d6deb8d4f71a660e79e4a47?s=96&d=mm&r=g\",\"caption\":\"Roger Str\u00e4ssle\"},\"url\":\"https:\\\/\\\/news.save.ch\\\/it\\\/author\\\/roger-straessle\\\/\"}]}<\/script>\n<!-- \/ Yoast SEO plugin. -->","yoast_head_json":{"title":"Stapo non nomina pi\u00f9 la nazionalit\u00e0 - Save","description":"Con effetto immediato, la polizia della citt\u00e0 di Zurigo si asterr\u00e0 dal nominare la nazionalit\u00e0 di un autore di reato nei suoi comunicati stampa.","robots":{"index":"index","follow":"follow","max-snippet":"max-snippet:-1","max-image-preview":"max-image-preview:large","max-video-preview":"max-video-preview:-1"},"canonical":"https:\/\/news.save.ch\/it\/verzicht-auf-automatische-nationalitaetennennung\/","og_locale":"it_IT","og_type":"article","og_title":"Stapo nennt Nationalit\u00e4t nicht mehr - Save","og_description":"Die Stadtpolizei Z\u00fcrich verzichtet in ihren Medienmitteilungen per sofort auf die Nennung der Nationalit\u00e4t eines T\u00e4ters oder einer T\u00e4terin.","og_url":"https:\/\/news.save.ch\/it\/verzicht-auf-automatische-nationalitaetennennung\/","og_site_name":"Save","article_published_time":"2017-11-07T10:27:46+00:00","og_image":[{"width":1000,"height":664,"url":"https:\/\/news.save.ch\/wp-content\/uploads\/2017\/11\/Taeter-Depositphotos_21800425_m-2015.jpg","type":"image\/jpeg"}],"author":"Roger Str\u00e4ssle","twitter_card":"summary_large_image","twitter_misc":{"Scritto da":"Roger Str\u00e4ssle","Tempo di lettura stimato":"3 minuti"},"schema":{"@context":"https:\/\/schema.org","@graph":[{"@type":"Article","@id":"https:\/\/news.save.ch\/verzicht-auf-automatische-nationalitaetennennung\/#article","isPartOf":{"@id":"https:\/\/news.save.ch\/verzicht-auf-automatische-nationalitaetennennung\/"},"author":{"name":"Roger Str\u00e4ssle","@id":"https:\/\/news.save.ch\/de\/#\/schema\/person\/d5022db048e0e2b9785c50e5b24da5aa"},"headline":"Stapo nennt Nationalit\u00e4t nicht mehr","datePublished":"2017-11-07T10:27:46+00:00","mainEntityOfPage":{"@id":"https:\/\/news.save.ch\/verzicht-auf-automatische-nationalitaetennennung\/"},"wordCount":548,"commentCount":0,"publisher":{"@id":"https:\/\/news.save.ch\/de\/#organization"},"image":{"@id":"https:\/\/news.save.ch\/verzicht-auf-automatische-nationalitaetennennung\/#primaryimage"},"thumbnailUrl":"https:\/\/news.save.ch\/wp-content\/uploads\/2017\/11\/Taeter-Depositphotos_21800425_m-2015.jpg","keywords":["Justiz &amp; Polizei","Kriminalit\u00e4t"],"articleSection":["ALLGEMEIN"],"inLanguage":"it-IT"},{"@type":"WebPage","@id":"https:\/\/news.save.ch\/verzicht-auf-automatische-nationalitaetennennung\/","url":"https:\/\/news.save.ch\/verzicht-auf-automatische-nationalitaetennennung\/","name":"Stapo non nomina pi\u00f9 la nazionalit\u00e0 - Save","isPartOf":{"@id":"https:\/\/news.save.ch\/de\/#website"},"primaryImageOfPage":{"@id":"https:\/\/news.save.ch\/verzicht-auf-automatische-nationalitaetennennung\/#primaryimage"},"image":{"@id":"https:\/\/news.save.ch\/verzicht-auf-automatische-nationalitaetennennung\/#primaryimage"},"thumbnailUrl":"https:\/\/news.save.ch\/wp-content\/uploads\/2017\/11\/Taeter-Depositphotos_21800425_m-2015.jpg","datePublished":"2017-11-07T10:27:46+00:00","description":"Con effetto immediato, la polizia della citt\u00e0 di Zurigo si asterr\u00e0 dal nominare la nazionalit\u00e0 di un autore di reato nei suoi comunicati stampa.","breadcrumb":{"@id":"https:\/\/news.save.ch\/verzicht-auf-automatische-nationalitaetennennung\/#breadcrumb"},"inLanguage":"it-IT","potentialAction":[{"@type":"ReadAction","target":["https:\/\/news.save.ch\/verzicht-auf-automatische-nationalitaetennennung\/"]}]},{"@type":"ImageObject","inLanguage":"it-IT","@id":"https:\/\/news.save.ch\/verzicht-auf-automatische-nationalitaetennennung\/#primaryimage","url":"https:\/\/news.save.ch\/wp-content\/uploads\/2017\/11\/Taeter-Depositphotos_21800425_m-2015.jpg","contentUrl":"https:\/\/news.save.ch\/wp-content\/uploads\/2017\/11\/Taeter-Depositphotos_21800425_m-2015.jpg","width":1000,"height":664,"caption":"\u00a9 londondeposit"},{"@type":"BreadcrumbList","@id":"https:\/\/news.save.ch\/verzicht-auf-automatische-nationalitaetennennung\/#breadcrumb","itemListElement":[{"@type":"ListItem","position":1,"name":"Home","item":"https:\/\/news.save.ch\/de\/"},{"@type":"ListItem","position":2,"name":"Stapo nennt Nationalit\u00e4t nicht mehr"}]},{"@type":"WebSite","@id":"https:\/\/news.save.ch\/de\/#website","url":"https:\/\/news.save.ch\/de\/","name":"Risparmiare","description":"Rivista svizzera specializzata in sicurezza","publisher":{"@id":"https:\/\/news.save.ch\/de\/#organization"},"potentialAction":[{"@type":"SearchAction","target":{"@type":"EntryPoint","urlTemplate":"https:\/\/news.save.ch\/de\/?s={search_term_string}"},"query-input":{"@type":"PropertyValueSpecification","valueRequired":true,"valueName":"search_term_string"}}],"inLanguage":"it-IT"},{"@type":"Organization","@id":"https:\/\/news.save.ch\/de\/#organization","name":"Forum sulla sicurezza","url":"https:\/\/news.save.ch\/de\/","logo":{"@type":"ImageObject","inLanguage":"it-IT","@id":"https:\/\/news.save.ch\/de\/#\/schema\/logo\/image\/","url":"https:\/\/news.save.ch\/wp-content\/uploads\/2022\/06\/Logo_SF_2012.png","contentUrl":"https:\/\/news.save.ch\/wp-content\/uploads\/2022\/06\/Logo_SF_2012.png","width":1100,"height":91,"caption":"Sicherheitsforum"},"image":{"@id":"https:\/\/news.save.ch\/de\/#\/schema\/logo\/image\/"}},{"@type":"Person","@id":"https:\/\/news.save.ch\/de\/#\/schema\/person\/d5022db048e0e2b9785c50e5b24da5aa","name":"Roger Str\u00e4ssle","image":{"@type":"ImageObject","inLanguage":"it-IT","@id":"https:\/\/secure.gravatar.com\/avatar\/862a5569d087de48e5856e32f45d719a03804c891d6deb8d4f71a660e79e4a47?s=96&d=mm&r=g","url":"https:\/\/secure.gravatar.com\/avatar\/862a5569d087de48e5856e32f45d719a03804c891d6deb8d4f71a660e79e4a47?s=96&d=mm&r=g","contentUrl":"https:\/\/secure.gravatar.com\/avatar\/862a5569d087de48e5856e32f45d719a03804c891d6deb8d4f71a660e79e4a47?s=96&d=mm&r=g","caption":"Roger Str\u00e4ssle"},"url":"https:\/\/news.save.ch\/it\/author\/roger-straessle\/"}]}},"_links":{"self":[{"href":"https:\/\/news.save.ch\/it\/wp-json\/wp\/v2\/posts\/5597","targetHints":{"allow":["GET"]}}],"collection":[{"href":"https:\/\/news.save.ch\/it\/wp-json\/wp\/v2\/posts"}],"about":[{"href":"https:\/\/news.save.ch\/it\/wp-json\/wp\/v2\/types\/post"}],"author":[{"embeddable":true,"href":"https:\/\/news.save.ch\/it\/wp-json\/wp\/v2\/users\/8"}],"replies":[{"embeddable":true,"href":"https:\/\/news.save.ch\/it\/wp-json\/wp\/v2\/comments?post=5597"}],"version-history":[{"count":0,"href":"https:\/\/news.save.ch\/it\/wp-json\/wp\/v2\/posts\/5597\/revisions"}],"wp:featuredmedia":[{"embeddable":true,"href":"https:\/\/news.save.ch\/it\/wp-json\/wp\/v2\/media\/5598"}],"wp:attachment":[{"href":"https:\/\/news.save.ch\/it\/wp-json\/wp\/v2\/media?parent=5597"}],"wp:term":[{"taxonomy":"category","embeddable":true,"href":"https:\/\/news.save.ch\/it\/wp-json\/wp\/v2\/categories?post=5597"},{"taxonomy":"post_tag","embeddable":true,"href":"https:\/\/news.save.ch\/it\/wp-json\/wp\/v2\/tags?post=5597"}],"curies":[{"name":"wp","href":"https:\/\/api.w.org\/{rel}","templated":true}]}}