{"id":5605,"date":"2017-11-10T06:43:29","date_gmt":"2017-11-10T05:43:29","guid":{"rendered":"https:\/\/news.save.ch\/?p=5605"},"modified":"2023-03-14T08:57:00","modified_gmt":"2023-03-14T07:57:00","slug":"bei-der-informationssicherheit-hapert-es-im-kmu","status":null,"type":"post","link":"https:\/\/news.save.ch\/it\/bei-der-informationssicherheit-hapert-es-im-kmu\/","title":{"rendered":"Nelle PMI manca la sicurezza delle informazioni."},"content":{"rendered":"<figure id=\"attachment_5606\" aria-describedby=\"caption-attachment-5606\" style=\"width: 453px\" class=\"wp-caption aligncenter\"><img loading=\"lazy\" decoding=\"async\" class=\"size-full wp-image-5606\" src=\"https:\/\/news.save.ch\/wp-content\/uploads\/2017\/11\/HSLU.jpg\" alt=\"\" width=\"453\" height=\"311\" srcset=\"https:\/\/news.save.ch\/wp-content\/uploads\/2017\/11\/HSLU.jpg 453w, https:\/\/news.save.ch\/wp-content\/uploads\/2017\/11\/HSLU-375x257.jpg 375w\" sizes=\"auto, (max-width: 453px) 100vw, 453px\" \/><figcaption id=\"caption-attachment-5606\" class=\"wp-caption-text\">\u00a9 HSLU<\/figcaption><\/figure>\n<p>&nbsp;<\/p>\n<p>Gli attacchi informatici sono in aumento. Per questo motivo, il Dipartimento di Informatica dell'Universit\u00e0 di Scienze Applicate e Arti di Lucerna (HSLU) ha sviluppato una <a href=\"https:\/\/www.hslu.ch\/de-ch\/informatik\/forschung\/themen\/information-security\/?sourceurl=\/forschung-information-security\">Sondaggio<\/a> tra le PMI sul tema della sicurezza informatica. L'autore principale Hirschi riassume i risultati come segue: \"In molte PMI mancano le conoscenze su come affrontare il tema della sicurezza delle informazioni\". Questo nonostante il fatto che circa 40% delle aziende intervistate abbiano dichiarato di essere state colpite da attacchi informatici (malware, email di phishing) nei dodici mesi precedenti l'indagine (anno 2016).<\/p>\n<p>Secondo l'indagine, quasi due terzi delle aziende permettono ai propri dipendenti di elaborare le e-mail aziendali su dispositivi privati (cfr. <a href=\"https:\/\/news.save.ch\/it\/sechs-tipps-fuer-ein-sicheres-byod-konzept\/\">BYOD<\/a>). Poco meno di un terzo consente l'accesso a tutte le applicazioni IT. \"Questo aumenta naturalmente la superficie di attacco\", spiega Hirschi, \"cos\u00ec come l'uso di servizi cloud, ad esempio la memorizzazione di dati a cui si pu\u00f2 accedere da qualsiasi luogo e in qualsiasi momento\". Quasi 60% delle aziende utilizzano servizi cloud in qualche forma.<\/p>\n<p><strong>Si temono gravi danni <\/strong><\/p>\n<p>Secondo l'istituto, le aziende colpite da attacchi informatici si preoccupano maggiormente del problema della sicurezza delle informazioni. L'interesse si concentra sulla sicurezza delle operazioni commerciali. Ci\u00f2 avviene in un contesto di grande richiesta di riservatezza: pi\u00f9 di due terzi delle aziende intervistate valutano come grande o molto grande il danno che deriverebbe dalla pubblicazione impropria dei loro dati riservati.<\/p>\n<p>Le misure di protezione sono quindi importanti. \"Ciononostante, la stragrande maggioranza delle aziende ha dichiarato di non fornire alcuna risorsa, o solo una minima, per il tema della sicurezza delle informazioni\", afferma Armand Portmann, coautore dello studio. Molte aziende hanno inoltre dichiarato di non aver formato il proprio personale sulla gestione delle minacce nell'anno precedente l'indagine. Di conseguenza, la gestione e il controllo della sicurezza delle informazioni sono deboli in molti luoghi: nemmeno la met\u00e0 delle PMI verifica regolarmente l'efficacia delle proprie misure di sicurezza. Questo spiega anche perch\u00e9 gli standard o le linee guida per la sicurezza delle informazioni sono raramente utilizzati. La situazione \u00e8 migliore con misure tecniche quali backup, scanner antivirus e firewall. Secondo l'indagine, quasi tutte le aziende intervistate ne fanno uso.<\/p>\n<p><strong>Cercasi: pi\u00f9 personale, pi\u00f9 formazione <\/strong><\/p>\n<p>Alla luce di questi risultati, i due autori dello studio vedono la necessit\u00e0 di recuperare terreno, soprattutto in ambito organizzativo e personale: per migliorare la situazione nelle PMI svizzere, le aziende dovrebbero mettere a disposizione maggiori risorse per la sicurezza informatica e preparare meglio i propri dipendenti ai pericoli degli attacchi informatici attraverso corsi di formazione. <em>Fonte: HSLU<\/em><\/p>\n<p><em>Lo studio si basa su un'indagine online che i ricercatori hanno condotto su 230 PMI di vari settori.<\/em><\/p>\n<ul>\n<li><em>Consigli per la sicurezza sulla piattaforma \"eBanking - ma sicuro\": <a href=\"https:\/\/www.ebas.ch\">www.ebas.ch <\/a><\/em><\/li>\n<li><em>Corso di specializzazione sulla sicurezza informatica e cibernetica nelle piccole imprese e in altri settori.\u00a0<\/em><em>Formazione continua sulla sicurezza delle informazioni: <a href=\"https:\/\/www.hslu.ch\/information-security-privacy\">www.hslu.ch\/information-security-privacy<\/a><\/em><\/li>\n<\/ul>\n<p>&nbsp;<\/p>","protected":false},"excerpt":{"rendered":"<p>&nbsp; Cyber-Angriffe nehmen zu. Deshalb hat das Departement Informatik der Hochschule Luzern (HSLU) eine Umfrage bei KMU zum Thema Informationssicherheit gemacht.\u00a0Hauptautor Hirschi fasst die Ergebnisse wie folgt zusammen: \u00abIn vielen KMU fehlt es an Wissen zum Umgang mit dem Thema Informationssicherheit.\u00bb Dies, obwohl rund 40% der befragten Unternehmen angegeben h\u00e4tten, in den zw\u00f6lf Monaten vor [&hellip;]<\/p>\n","protected":false},"author":8,"featured_media":5606,"comment_status":"open","ping_status":"open","sticky":false,"template":"","format":"standard","meta":{"_acf_changed":false,"pgc_sgb_lightbox_settings":"","footnotes":""},"categories":[3313],"tags":[96,118,63,64],"class_list":["post-5605","post","type-post","status-publish","format-standard","has-post-thumbnail","hentry","category-digitalisierung","tag-cyber-crime","tag-datenschutz","tag-it-security","tag-studie"],"acf":[],"hkrextid":null,"publication":null,"issue":null,"workflow":null,"startPage":null,"spitzmarke":null,"_posts_by_tag_page_fields":{"widget_title":"","widget_tags":""},"_at_widget":"1","_yoast_wpseo_primary_category":"2","_yoast_wpseo_focuskw_text_input":"Informationssicherheit","_yoast_wpseo_opengraph-image":null,"_yoast_wpseo_opengraph-description":null,"_yoast_wpseo_opengraph-title":null,"enclosure":null,"_yoast_wpseo_twitter-title":null,"_yoast_wpseo_twitter-description":null,"_yoast_wpseo_twitter-image":null,"_wp_old_slug":null,"_yoast_wpseo_title":null,"_yoast_wpseo_canonical":null,"yoast_head":"<!-- This site is optimized with the Yoast SEO plugin v27.5 - https:\/\/yoast.com\/product\/yoast-seo-wordpress\/ -->\n<title>Bei der Informationssicherheit hapert es im KMU - Save<\/title>\n<meta name=\"description\" content=\"Cyber-Kriminalit\u00e4t: Das Thema Informationssicherheit r\u00fcckt bei KMU nur langsam in den Fokus der Aufmerksamkeit, wie eine Studie der Hochschule Luzern zeigt.\" \/>\n<meta name=\"robots\" content=\"index, follow, max-snippet:-1, max-image-preview:large, max-video-preview:-1\" \/>\n<link rel=\"canonical\" href=\"https:\/\/news.save.ch\/it\/bei-der-informationssicherheit-hapert-es-im-kmu\/\" \/>\n<meta property=\"og:locale\" content=\"it_IT\" \/>\n<meta property=\"og:type\" content=\"article\" \/>\n<meta property=\"og:title\" content=\"Bei der Informationssicherheit hapert es im KMU - Save\" \/>\n<meta property=\"og:description\" content=\"Cyber-Kriminalit\u00e4t: Das Thema Informationssicherheit r\u00fcckt bei KMU nur langsam in den Fokus der Aufmerksamkeit, wie eine Studie der Hochschule Luzern zeigt.\" \/>\n<meta property=\"og:url\" content=\"https:\/\/news.save.ch\/it\/bei-der-informationssicherheit-hapert-es-im-kmu\/\" \/>\n<meta property=\"og:site_name\" content=\"Save\" \/>\n<meta property=\"article:published_time\" content=\"2017-11-10T05:43:29+00:00\" \/>\n<meta property=\"article:modified_time\" content=\"2023-03-14T07:57:00+00:00\" \/>\n<meta property=\"og:image\" content=\"https:\/\/news.save.ch\/wp-content\/uploads\/2017\/11\/HSLU.jpg\" \/>\n\t<meta property=\"og:image:width\" content=\"453\" \/>\n\t<meta property=\"og:image:height\" content=\"311\" \/>\n\t<meta property=\"og:image:type\" content=\"image\/jpeg\" \/>\n<meta name=\"author\" content=\"Roger Str\u00e4ssle\" \/>\n<meta name=\"twitter:card\" content=\"summary_large_image\" \/>\n<meta name=\"twitter:label1\" content=\"Scritto da\" \/>\n\t<meta name=\"twitter:data1\" content=\"Roger Str\u00e4ssle\" \/>\n\t<meta name=\"twitter:label2\" content=\"Tempo di lettura stimato\" \/>\n\t<meta name=\"twitter:data2\" content=\"2 minuti\" \/>\n<script type=\"application\/ld+json\" class=\"yoast-schema-graph\">{\"@context\":\"https:\\\/\\\/schema.org\",\"@graph\":[{\"@type\":\"Article\",\"@id\":\"https:\\\/\\\/news.save.ch\\\/bei-der-informationssicherheit-hapert-es-im-kmu\\\/#article\",\"isPartOf\":{\"@id\":\"https:\\\/\\\/news.save.ch\\\/bei-der-informationssicherheit-hapert-es-im-kmu\\\/\"},\"author\":{\"name\":\"Roger Str\u00e4ssle\",\"@id\":\"https:\\\/\\\/news.save.ch\\\/de\\\/#\\\/schema\\\/person\\\/d5022db048e0e2b9785c50e5b24da5aa\"},\"headline\":\"Bei der Informationssicherheit hapert es im KMU\",\"datePublished\":\"2017-11-10T05:43:29+00:00\",\"dateModified\":\"2023-03-14T07:57:00+00:00\",\"mainEntityOfPage\":{\"@id\":\"https:\\\/\\\/news.save.ch\\\/bei-der-informationssicherheit-hapert-es-im-kmu\\\/\"},\"wordCount\":443,\"commentCount\":0,\"publisher\":{\"@id\":\"https:\\\/\\\/news.save.ch\\\/de\\\/#organization\"},\"image\":{\"@id\":\"https:\\\/\\\/news.save.ch\\\/bei-der-informationssicherheit-hapert-es-im-kmu\\\/#primaryimage\"},\"thumbnailUrl\":\"https:\\\/\\\/news.save.ch\\\/wp-content\\\/uploads\\\/2017\\\/11\\\/HSLU.jpg\",\"keywords\":[\"Cyber-Crime\",\"Datenschutz\",\"IT-SECURITY\",\"Studie\"],\"articleSection\":[\"DIGITALISIERUNG\"],\"inLanguage\":\"it-IT\"},{\"@type\":\"WebPage\",\"@id\":\"https:\\\/\\\/news.save.ch\\\/bei-der-informationssicherheit-hapert-es-im-kmu\\\/\",\"url\":\"https:\\\/\\\/news.save.ch\\\/bei-der-informationssicherheit-hapert-es-im-kmu\\\/\",\"name\":\"Bei der Informationssicherheit hapert es im KMU - Save\",\"isPartOf\":{\"@id\":\"https:\\\/\\\/news.save.ch\\\/de\\\/#website\"},\"primaryImageOfPage\":{\"@id\":\"https:\\\/\\\/news.save.ch\\\/bei-der-informationssicherheit-hapert-es-im-kmu\\\/#primaryimage\"},\"image\":{\"@id\":\"https:\\\/\\\/news.save.ch\\\/bei-der-informationssicherheit-hapert-es-im-kmu\\\/#primaryimage\"},\"thumbnailUrl\":\"https:\\\/\\\/news.save.ch\\\/wp-content\\\/uploads\\\/2017\\\/11\\\/HSLU.jpg\",\"datePublished\":\"2017-11-10T05:43:29+00:00\",\"dateModified\":\"2023-03-14T07:57:00+00:00\",\"description\":\"Cyber-Kriminalit\u00e4t: Das Thema Informationssicherheit r\u00fcckt bei KMU nur langsam in den Fokus der Aufmerksamkeit, wie eine Studie der Hochschule Luzern zeigt.\",\"breadcrumb\":{\"@id\":\"https:\\\/\\\/news.save.ch\\\/bei-der-informationssicherheit-hapert-es-im-kmu\\\/#breadcrumb\"},\"inLanguage\":\"it-IT\",\"potentialAction\":[{\"@type\":\"ReadAction\",\"target\":[\"https:\\\/\\\/news.save.ch\\\/bei-der-informationssicherheit-hapert-es-im-kmu\\\/\"]}]},{\"@type\":\"ImageObject\",\"inLanguage\":\"it-IT\",\"@id\":\"https:\\\/\\\/news.save.ch\\\/bei-der-informationssicherheit-hapert-es-im-kmu\\\/#primaryimage\",\"url\":\"https:\\\/\\\/news.save.ch\\\/wp-content\\\/uploads\\\/2017\\\/11\\\/HSLU.jpg\",\"contentUrl\":\"https:\\\/\\\/news.save.ch\\\/wp-content\\\/uploads\\\/2017\\\/11\\\/HSLU.jpg\",\"width\":453,\"height\":311,\"caption\":\"\u00a9 HSLU\"},{\"@type\":\"BreadcrumbList\",\"@id\":\"https:\\\/\\\/news.save.ch\\\/bei-der-informationssicherheit-hapert-es-im-kmu\\\/#breadcrumb\",\"itemListElement\":[{\"@type\":\"ListItem\",\"position\":1,\"name\":\"Home\",\"item\":\"https:\\\/\\\/news.save.ch\\\/de\\\/\"},{\"@type\":\"ListItem\",\"position\":2,\"name\":\"Bei der Informationssicherheit hapert es im KMU\"}]},{\"@type\":\"WebSite\",\"@id\":\"https:\\\/\\\/news.save.ch\\\/de\\\/#website\",\"url\":\"https:\\\/\\\/news.save.ch\\\/de\\\/\",\"name\":\"Save\",\"description\":\"Schweizer Fachzeitschrift f\u00fcr Sicherheit\",\"publisher\":{\"@id\":\"https:\\\/\\\/news.save.ch\\\/de\\\/#organization\"},\"potentialAction\":[{\"@type\":\"SearchAction\",\"target\":{\"@type\":\"EntryPoint\",\"urlTemplate\":\"https:\\\/\\\/news.save.ch\\\/de\\\/?s={search_term_string}\"},\"query-input\":{\"@type\":\"PropertyValueSpecification\",\"valueRequired\":true,\"valueName\":\"search_term_string\"}}],\"inLanguage\":\"it-IT\"},{\"@type\":\"Organization\",\"@id\":\"https:\\\/\\\/news.save.ch\\\/de\\\/#organization\",\"name\":\"Sicherheitsforum\",\"url\":\"https:\\\/\\\/news.save.ch\\\/de\\\/\",\"logo\":{\"@type\":\"ImageObject\",\"inLanguage\":\"it-IT\",\"@id\":\"https:\\\/\\\/news.save.ch\\\/de\\\/#\\\/schema\\\/logo\\\/image\\\/\",\"url\":\"https:\\\/\\\/news.save.ch\\\/wp-content\\\/uploads\\\/2022\\\/06\\\/Logo_SF_2012.png\",\"contentUrl\":\"https:\\\/\\\/news.save.ch\\\/wp-content\\\/uploads\\\/2022\\\/06\\\/Logo_SF_2012.png\",\"width\":1100,\"height\":91,\"caption\":\"Sicherheitsforum\"},\"image\":{\"@id\":\"https:\\\/\\\/news.save.ch\\\/de\\\/#\\\/schema\\\/logo\\\/image\\\/\"}},{\"@type\":\"Person\",\"@id\":\"https:\\\/\\\/news.save.ch\\\/de\\\/#\\\/schema\\\/person\\\/d5022db048e0e2b9785c50e5b24da5aa\",\"name\":\"Roger Str\u00e4ssle\",\"image\":{\"@type\":\"ImageObject\",\"inLanguage\":\"it-IT\",\"@id\":\"https:\\\/\\\/secure.gravatar.com\\\/avatar\\\/862a5569d087de48e5856e32f45d719a03804c891d6deb8d4f71a660e79e4a47?s=96&d=mm&r=g\",\"url\":\"https:\\\/\\\/secure.gravatar.com\\\/avatar\\\/862a5569d087de48e5856e32f45d719a03804c891d6deb8d4f71a660e79e4a47?s=96&d=mm&r=g\",\"contentUrl\":\"https:\\\/\\\/secure.gravatar.com\\\/avatar\\\/862a5569d087de48e5856e32f45d719a03804c891d6deb8d4f71a660e79e4a47?s=96&d=mm&r=g\",\"caption\":\"Roger Str\u00e4ssle\"},\"url\":\"https:\\\/\\\/news.save.ch\\\/it\\\/author\\\/roger-straessle\\\/\"}]}<\/script>\n<!-- \/ Yoast SEO plugin. -->","yoast_head_json":{"title":"La sicurezza delle informazioni nelle PMI \u00e8 carente - Save","description":"Cybercrime: il tema della sicurezza informatica si sta affacciando solo lentamente all'attenzione delle PMI, come dimostra uno studio dell'Universit\u00e0 di Scienze Applicate e Arti di Lucerna.","robots":{"index":"index","follow":"follow","max-snippet":"max-snippet:-1","max-image-preview":"max-image-preview:large","max-video-preview":"max-video-preview:-1"},"canonical":"https:\/\/news.save.ch\/it\/bei-der-informationssicherheit-hapert-es-im-kmu\/","og_locale":"it_IT","og_type":"article","og_title":"Bei der Informationssicherheit hapert es im KMU - Save","og_description":"Cyber-Kriminalit\u00e4t: Das Thema Informationssicherheit r\u00fcckt bei KMU nur langsam in den Fokus der Aufmerksamkeit, wie eine Studie der Hochschule Luzern zeigt.","og_url":"https:\/\/news.save.ch\/it\/bei-der-informationssicherheit-hapert-es-im-kmu\/","og_site_name":"Save","article_published_time":"2017-11-10T05:43:29+00:00","article_modified_time":"2023-03-14T07:57:00+00:00","og_image":[{"width":453,"height":311,"url":"https:\/\/news.save.ch\/wp-content\/uploads\/2017\/11\/HSLU.jpg","type":"image\/jpeg"}],"author":"Roger Str\u00e4ssle","twitter_card":"summary_large_image","twitter_misc":{"Scritto da":"Roger Str\u00e4ssle","Tempo di lettura stimato":"2 minuti"},"schema":{"@context":"https:\/\/schema.org","@graph":[{"@type":"Article","@id":"https:\/\/news.save.ch\/bei-der-informationssicherheit-hapert-es-im-kmu\/#article","isPartOf":{"@id":"https:\/\/news.save.ch\/bei-der-informationssicherheit-hapert-es-im-kmu\/"},"author":{"name":"Roger Str\u00e4ssle","@id":"https:\/\/news.save.ch\/de\/#\/schema\/person\/d5022db048e0e2b9785c50e5b24da5aa"},"headline":"Bei der Informationssicherheit hapert es im KMU","datePublished":"2017-11-10T05:43:29+00:00","dateModified":"2023-03-14T07:57:00+00:00","mainEntityOfPage":{"@id":"https:\/\/news.save.ch\/bei-der-informationssicherheit-hapert-es-im-kmu\/"},"wordCount":443,"commentCount":0,"publisher":{"@id":"https:\/\/news.save.ch\/de\/#organization"},"image":{"@id":"https:\/\/news.save.ch\/bei-der-informationssicherheit-hapert-es-im-kmu\/#primaryimage"},"thumbnailUrl":"https:\/\/news.save.ch\/wp-content\/uploads\/2017\/11\/HSLU.jpg","keywords":["Cyber-Crime","Datenschutz","IT-SECURITY","Studie"],"articleSection":["DIGITALISIERUNG"],"inLanguage":"it-IT"},{"@type":"WebPage","@id":"https:\/\/news.save.ch\/bei-der-informationssicherheit-hapert-es-im-kmu\/","url":"https:\/\/news.save.ch\/bei-der-informationssicherheit-hapert-es-im-kmu\/","name":"La sicurezza delle informazioni nelle PMI \u00e8 carente - Save","isPartOf":{"@id":"https:\/\/news.save.ch\/de\/#website"},"primaryImageOfPage":{"@id":"https:\/\/news.save.ch\/bei-der-informationssicherheit-hapert-es-im-kmu\/#primaryimage"},"image":{"@id":"https:\/\/news.save.ch\/bei-der-informationssicherheit-hapert-es-im-kmu\/#primaryimage"},"thumbnailUrl":"https:\/\/news.save.ch\/wp-content\/uploads\/2017\/11\/HSLU.jpg","datePublished":"2017-11-10T05:43:29+00:00","dateModified":"2023-03-14T07:57:00+00:00","description":"Cybercrime: il tema della sicurezza informatica si sta affacciando solo lentamente all'attenzione delle PMI, come dimostra uno studio dell'Universit\u00e0 di Scienze Applicate e Arti di Lucerna.","breadcrumb":{"@id":"https:\/\/news.save.ch\/bei-der-informationssicherheit-hapert-es-im-kmu\/#breadcrumb"},"inLanguage":"it-IT","potentialAction":[{"@type":"ReadAction","target":["https:\/\/news.save.ch\/bei-der-informationssicherheit-hapert-es-im-kmu\/"]}]},{"@type":"ImageObject","inLanguage":"it-IT","@id":"https:\/\/news.save.ch\/bei-der-informationssicherheit-hapert-es-im-kmu\/#primaryimage","url":"https:\/\/news.save.ch\/wp-content\/uploads\/2017\/11\/HSLU.jpg","contentUrl":"https:\/\/news.save.ch\/wp-content\/uploads\/2017\/11\/HSLU.jpg","width":453,"height":311,"caption":"\u00a9 HSLU"},{"@type":"BreadcrumbList","@id":"https:\/\/news.save.ch\/bei-der-informationssicherheit-hapert-es-im-kmu\/#breadcrumb","itemListElement":[{"@type":"ListItem","position":1,"name":"Home","item":"https:\/\/news.save.ch\/de\/"},{"@type":"ListItem","position":2,"name":"Bei der Informationssicherheit hapert es im KMU"}]},{"@type":"WebSite","@id":"https:\/\/news.save.ch\/de\/#website","url":"https:\/\/news.save.ch\/de\/","name":"Risparmiare","description":"Rivista svizzera specializzata in sicurezza","publisher":{"@id":"https:\/\/news.save.ch\/de\/#organization"},"potentialAction":[{"@type":"SearchAction","target":{"@type":"EntryPoint","urlTemplate":"https:\/\/news.save.ch\/de\/?s={search_term_string}"},"query-input":{"@type":"PropertyValueSpecification","valueRequired":true,"valueName":"search_term_string"}}],"inLanguage":"it-IT"},{"@type":"Organization","@id":"https:\/\/news.save.ch\/de\/#organization","name":"Forum sulla sicurezza","url":"https:\/\/news.save.ch\/de\/","logo":{"@type":"ImageObject","inLanguage":"it-IT","@id":"https:\/\/news.save.ch\/de\/#\/schema\/logo\/image\/","url":"https:\/\/news.save.ch\/wp-content\/uploads\/2022\/06\/Logo_SF_2012.png","contentUrl":"https:\/\/news.save.ch\/wp-content\/uploads\/2022\/06\/Logo_SF_2012.png","width":1100,"height":91,"caption":"Sicherheitsforum"},"image":{"@id":"https:\/\/news.save.ch\/de\/#\/schema\/logo\/image\/"}},{"@type":"Person","@id":"https:\/\/news.save.ch\/de\/#\/schema\/person\/d5022db048e0e2b9785c50e5b24da5aa","name":"Roger Str\u00e4ssle","image":{"@type":"ImageObject","inLanguage":"it-IT","@id":"https:\/\/secure.gravatar.com\/avatar\/862a5569d087de48e5856e32f45d719a03804c891d6deb8d4f71a660e79e4a47?s=96&d=mm&r=g","url":"https:\/\/secure.gravatar.com\/avatar\/862a5569d087de48e5856e32f45d719a03804c891d6deb8d4f71a660e79e4a47?s=96&d=mm&r=g","contentUrl":"https:\/\/secure.gravatar.com\/avatar\/862a5569d087de48e5856e32f45d719a03804c891d6deb8d4f71a660e79e4a47?s=96&d=mm&r=g","caption":"Roger Str\u00e4ssle"},"url":"https:\/\/news.save.ch\/it\/author\/roger-straessle\/"}]}},"_links":{"self":[{"href":"https:\/\/news.save.ch\/it\/wp-json\/wp\/v2\/posts\/5605","targetHints":{"allow":["GET"]}}],"collection":[{"href":"https:\/\/news.save.ch\/it\/wp-json\/wp\/v2\/posts"}],"about":[{"href":"https:\/\/news.save.ch\/it\/wp-json\/wp\/v2\/types\/post"}],"author":[{"embeddable":true,"href":"https:\/\/news.save.ch\/it\/wp-json\/wp\/v2\/users\/8"}],"replies":[{"embeddable":true,"href":"https:\/\/news.save.ch\/it\/wp-json\/wp\/v2\/comments?post=5605"}],"version-history":[{"count":1,"href":"https:\/\/news.save.ch\/it\/wp-json\/wp\/v2\/posts\/5605\/revisions"}],"predecessor-version":[{"id":17481,"href":"https:\/\/news.save.ch\/it\/wp-json\/wp\/v2\/posts\/5605\/revisions\/17481"}],"wp:featuredmedia":[{"embeddable":true,"href":"https:\/\/news.save.ch\/it\/wp-json\/wp\/v2\/media\/5606"}],"wp:attachment":[{"href":"https:\/\/news.save.ch\/it\/wp-json\/wp\/v2\/media?parent=5605"}],"wp:term":[{"taxonomy":"category","embeddable":true,"href":"https:\/\/news.save.ch\/it\/wp-json\/wp\/v2\/categories?post=5605"},{"taxonomy":"post_tag","embeddable":true,"href":"https:\/\/news.save.ch\/it\/wp-json\/wp\/v2\/tags?post=5605"}],"curies":[{"name":"wp","href":"https:\/\/api.w.org\/{rel}","templated":true}]}}