{"id":5633,"date":"2017-11-19T17:57:38","date_gmt":"2017-11-19T16:57:38","guid":{"rendered":"https:\/\/news.save.ch\/?p=5633"},"modified":"2023-03-14T08:57:00","modified_gmt":"2023-03-14T07:57:00","slug":"digitale-identitaet-gesetzesentwurf-kommt-2018","status":null,"type":"post","link":"https:\/\/news.save.ch\/it\/digitale-identitaet-gesetzesentwurf-kommt-2018\/","title":{"rendered":"Identit\u00e0 digitale: progetto di legge in arrivo nel 2018"},"content":{"rendered":"<figure id=\"attachment_5634\" aria-describedby=\"caption-attachment-5634\" style=\"width: 680px\" class=\"wp-caption aligncenter\"><img loading=\"lazy\" decoding=\"async\" class=\"size-medium wp-image-5634\" src=\"https:\/\/news.save.ch\/wp-content\/uploads\/2017\/11\/Depositphotos_5116082_m-2015.jpg\" alt=\"\" width=\"680\" height=\"680\" srcset=\"https:\/\/news.save.ch\/wp-content\/uploads\/2017\/11\/Depositphotos_5116082_m-2015.jpg 1000w, https:\/\/news.save.ch\/wp-content\/uploads\/2017\/11\/Depositphotos_5116082_m-2015-300x300.jpg 300w\" sizes=\"auto, (max-width: 680px) 100vw, 680px\" \/><figcaption id=\"caption-attachment-5634\" class=\"wp-caption-text\">Immagine: depositphotos<\/figcaption><\/figure>\n<p>&nbsp;<\/p>\n<p>Sempre pi\u00f9 persone svolgono su Internet attivit\u00e0 commerciali molto diverse tra loro, per le quali \u00e8 necessario identificarsi correttamente. Si va dall'acquisto di biglietti per il trasporto pubblico alle ordinazioni per corrispondenza e all'utilizzo di servizi governativi. La popolazione dipende dalla possibilit\u00e0 di utilizzare questi servizi in modo semplice e sicuro. Il Consiglio federale vuole rispondere a questa crescente esigenza. A tal fine, intende elaborare una legge federale sui servizi di identificazione elettronica (legge E-ID).<\/p>\n<p>La legge dovrebbe stabilire regole chiare per una prova d'identit\u00e0 riconosciuta dallo Stato (E-ID). Ci\u00f2 dovrebbe consentire agli utenti in Svizzera di identificarsi con il pieno controllo dei propri dati su Internet quando utilizzano determinati servizi. Il processo di consultazione ha dimostrato che questa preoccupazione \u00e8 indiscussa in linea di principio.<\/p>\n<h3>Il ruolo dello Stato<\/h3>\n<p>L'identit\u00e0 digitale deve essere corretta e proteggere dalla confusione. Nessuno dovrebbe essere in grado di farsi rilasciare una falsa identit\u00e0 digitale. Per questo motivo, il Consiglio federale non vuole che lo Stato rinunci al compito principale del rilascio di un'identit\u00e0 digitale, ovvero la verifica e la conferma ufficiale dell'esistenza di una persona e delle sue caratteristiche identitarie come il nome, il sesso o la data di nascita. Un ufficio d'identit\u00e0 da istituire appositamente presso il DFGP, che gi\u00e0 gestisce i registri ufficiali autorevoli, lo garantir\u00e0.<\/p>\n<p>Tuttavia, la Confederazione non intende sviluppare o rilasciare i vettori tecnologici concreti di questa identit\u00e0 digitale verificata e confermata dallo Stato - immaginabili, ad esempio, telefoni cellulari, carte bancarie o abbonamenti ai trasporti pubblici. Questo dovrebbe essere fatto da fornitori non governativi che sono pi\u00f9 vicini agli utenti e alla tecnologia decisiva per le offerte digitali da utilizzare. Tuttavia, anche in questo caso lo Stato non ceder\u00e0 le redini: Sottoporr\u00e0 i fornitori e le loro soluzioni a una rigorosa procedura di riconoscimento e a controlli regolari. A tal fine, verr\u00e0 creata un'agenzia di riconoscimento che avr\u00e0 sede presso il Dipartimento federale delle finanze (DFF).<\/p>\n<p>Il Consiglio federale si attiene quindi alla ripartizione dei compiti tra fornitori statali e non statali proposta nella bozza di consultazione. Da un lato, questa suddivisione dei compiti crea le migliori condizioni per un'applicazione pratica e di facile consumo da parte dell'amministrazione, dei cittadini e dell'economia. D'altra parte, fornisce la flessibilit\u00e0 necessaria per i cambiamenti tecnologici.<\/p>\n<h3>Regole chiare anche per la protezione dei dati<\/h3>\n<p>Durante l'intero processo di gestione e utilizzo dell'identit\u00e0 digitale, devono essere rispettate le norme vigenti in materia di protezione dei dati. I dati di identificazione personale possono essere comunicati a terzi (ad es. servizi online) solo con il consenso esplicito del cliente.<\/p>\n<p>La sovranit\u00e0 sull'uso e la diffusione dei dati \u00e8 esclusivamente nelle mani dell'interessato. D'altra parte, ogni fornitore di un servizio online decide autonomamente se richiedere o meno l'uso dell'identit\u00e0 digitale riconosciuta dallo Stato per l'utilizzo del proprio servizio.<\/p>\n<h3>Messaggio fino all'estate 2018<\/h3>\n<p>Il Consiglio federale ha preso atto dei risultati della consultazione nella riunione del 15 novembre 2017. Il Dipartimento federale di giustizia e polizia (DFGP) preparer\u00e0 ora un messaggio per una legge federale sui servizi di identificazione elettronica (legge E-ID) entro l'estate 2018, tenendo conto del feedback della consultazione.\u00a0 \u00a0<em>Fonte: Consiglio federale<\/em><\/p>\n<p>Vedi anche l'articolo <a href=\"https:\/\/news.save.ch\/it\/e-identitaet-vorschlag-aus-zuerich\/\">\"Identit\u00e0 elettronica: una proposta da Zurigo\".<\/a><\/p>","protected":false},"excerpt":{"rendered":"<p>&nbsp; Immer mehr Leute t\u00e4tigen ganz unterschiedliche Arten von Gesch\u00e4ften im Internet, bei denen sie sich korrekt identifizieren m\u00fcssen. Die Palette reicht vom Ticketkauf f\u00fcr den \u00f6ffentlichen Verkehr \u00fcber Bestellungen bei Versandh\u00e4usern bis hin zur Nutzung staatlicher Dienstleistungen. Die Bev\u00f6lkerung ist dabei darauf angewiesen, dass sie diese Angebote einfach und sicher in Anspruch nehmen kann. [&hellip;]<\/p>\n","protected":false},"author":8,"featured_media":5634,"comment_status":"open","ping_status":"open","sticky":false,"template":"","format":"standard","meta":{"_acf_changed":false,"pgc_sgb_lightbox_settings":"","footnotes":""},"categories":[3313],"tags":[62,63,69],"class_list":["post-5633","post","type-post","status-publish","format-standard","has-post-thumbnail","hentry","category-digitalisierung","tag-ict-sicherheit","tag-it-security","tag-justiz-polizei"],"acf":[],"hkrextid":null,"publication":null,"issue":null,"workflow":null,"startPage":null,"spitzmarke":null,"_posts_by_tag_page_fields":{"widget_title":"","widget_tags":""},"_at_widget":"1","_yoast_wpseo_primary_category":"2","_yoast_wpseo_focuskw_text_input":"Digitale Identit\u00e4t","_yoast_wpseo_opengraph-image":null,"_yoast_wpseo_opengraph-description":null,"_yoast_wpseo_opengraph-title":null,"enclosure":null,"_yoast_wpseo_twitter-title":null,"_yoast_wpseo_twitter-description":null,"_yoast_wpseo_twitter-image":null,"_wp_old_slug":null,"_yoast_wpseo_title":null,"_yoast_wpseo_canonical":null,"yoast_head":"<!-- This site is optimized with the Yoast SEO plugin v27.5 - https:\/\/yoast.com\/product\/yoast-seo-wordpress\/ -->\n<title>Digitale Identit\u00e4t: Gesetzesentwurf kommt 2018 - Save<\/title>\n<meta name=\"description\" content=\"Klare Regeln f\u00fcr einen digitalen Identit\u00e4tsnachweis: Der Bundesrat hat deshalb das EJPD beauftragt, bis im Sommer 2018 einen Gesetzesentwurf auszuarbeiten.\" \/>\n<meta name=\"robots\" content=\"index, follow, max-snippet:-1, max-image-preview:large, max-video-preview:-1\" \/>\n<link rel=\"canonical\" href=\"https:\/\/news.save.ch\/it\/digitale-identitaet-gesetzesentwurf-kommt-2018\/\" \/>\n<meta property=\"og:locale\" content=\"it_IT\" \/>\n<meta property=\"og:type\" content=\"article\" \/>\n<meta property=\"og:title\" content=\"Digitale Identit\u00e4t: Gesetzesentwurf kommt 2018 - Save\" \/>\n<meta property=\"og:description\" content=\"Klare Regeln f\u00fcr einen digitalen Identit\u00e4tsnachweis: Der Bundesrat hat deshalb das EJPD beauftragt, bis im Sommer 2018 einen Gesetzesentwurf auszuarbeiten.\" \/>\n<meta property=\"og:url\" content=\"https:\/\/news.save.ch\/it\/digitale-identitaet-gesetzesentwurf-kommt-2018\/\" \/>\n<meta property=\"og:site_name\" content=\"Save\" \/>\n<meta property=\"article:published_time\" content=\"2017-11-19T16:57:38+00:00\" \/>\n<meta property=\"article:modified_time\" content=\"2023-03-14T07:57:00+00:00\" \/>\n<meta property=\"og:image\" content=\"https:\/\/news.save.ch\/wp-content\/uploads\/2017\/11\/Depositphotos_5116082_m-2015.jpg\" \/>\n\t<meta property=\"og:image:width\" content=\"1000\" \/>\n\t<meta property=\"og:image:height\" content=\"1000\" \/>\n\t<meta property=\"og:image:type\" content=\"image\/jpeg\" \/>\n<meta name=\"author\" content=\"Roger Str\u00e4ssle\" \/>\n<meta name=\"twitter:card\" content=\"summary_large_image\" \/>\n<meta name=\"twitter:label1\" content=\"Scritto da\" \/>\n\t<meta name=\"twitter:data1\" content=\"Roger Str\u00e4ssle\" \/>\n\t<meta name=\"twitter:label2\" content=\"Tempo di lettura stimato\" \/>\n\t<meta name=\"twitter:data2\" content=\"3 minuti\" \/>\n<script type=\"application\/ld+json\" class=\"yoast-schema-graph\">{\"@context\":\"https:\\\/\\\/schema.org\",\"@graph\":[{\"@type\":\"Article\",\"@id\":\"https:\\\/\\\/news.save.ch\\\/digitale-identitaet-gesetzesentwurf-kommt-2018\\\/#article\",\"isPartOf\":{\"@id\":\"https:\\\/\\\/news.save.ch\\\/digitale-identitaet-gesetzesentwurf-kommt-2018\\\/\"},\"author\":{\"name\":\"Roger Str\u00e4ssle\",\"@id\":\"https:\\\/\\\/news.save.ch\\\/de\\\/#\\\/schema\\\/person\\\/d5022db048e0e2b9785c50e5b24da5aa\"},\"headline\":\"Digitale Identit\u00e4t: Gesetzesentwurf kommt 2018\",\"datePublished\":\"2017-11-19T16:57:38+00:00\",\"dateModified\":\"2023-03-14T07:57:00+00:00\",\"mainEntityOfPage\":{\"@id\":\"https:\\\/\\\/news.save.ch\\\/digitale-identitaet-gesetzesentwurf-kommt-2018\\\/\"},\"wordCount\":548,\"commentCount\":0,\"publisher\":{\"@id\":\"https:\\\/\\\/news.save.ch\\\/de\\\/#organization\"},\"image\":{\"@id\":\"https:\\\/\\\/news.save.ch\\\/digitale-identitaet-gesetzesentwurf-kommt-2018\\\/#primaryimage\"},\"thumbnailUrl\":\"https:\\\/\\\/news.save.ch\\\/wp-content\\\/uploads\\\/2017\\\/11\\\/Depositphotos_5116082_m-2015.jpg\",\"keywords\":[\"ICT-Sicherheit\",\"IT-SECURITY\",\"Justiz &amp; Polizei\"],\"articleSection\":[\"DIGITALISIERUNG\"],\"inLanguage\":\"it-IT\"},{\"@type\":\"WebPage\",\"@id\":\"https:\\\/\\\/news.save.ch\\\/digitale-identitaet-gesetzesentwurf-kommt-2018\\\/\",\"url\":\"https:\\\/\\\/news.save.ch\\\/digitale-identitaet-gesetzesentwurf-kommt-2018\\\/\",\"name\":\"Digitale Identit\u00e4t: Gesetzesentwurf kommt 2018 - Save\",\"isPartOf\":{\"@id\":\"https:\\\/\\\/news.save.ch\\\/de\\\/#website\"},\"primaryImageOfPage\":{\"@id\":\"https:\\\/\\\/news.save.ch\\\/digitale-identitaet-gesetzesentwurf-kommt-2018\\\/#primaryimage\"},\"image\":{\"@id\":\"https:\\\/\\\/news.save.ch\\\/digitale-identitaet-gesetzesentwurf-kommt-2018\\\/#primaryimage\"},\"thumbnailUrl\":\"https:\\\/\\\/news.save.ch\\\/wp-content\\\/uploads\\\/2017\\\/11\\\/Depositphotos_5116082_m-2015.jpg\",\"datePublished\":\"2017-11-19T16:57:38+00:00\",\"dateModified\":\"2023-03-14T07:57:00+00:00\",\"description\":\"Klare Regeln f\u00fcr einen digitalen Identit\u00e4tsnachweis: Der Bundesrat hat deshalb das EJPD beauftragt, bis im Sommer 2018 einen Gesetzesentwurf auszuarbeiten.\",\"breadcrumb\":{\"@id\":\"https:\\\/\\\/news.save.ch\\\/digitale-identitaet-gesetzesentwurf-kommt-2018\\\/#breadcrumb\"},\"inLanguage\":\"it-IT\",\"potentialAction\":[{\"@type\":\"ReadAction\",\"target\":[\"https:\\\/\\\/news.save.ch\\\/digitale-identitaet-gesetzesentwurf-kommt-2018\\\/\"]}]},{\"@type\":\"ImageObject\",\"inLanguage\":\"it-IT\",\"@id\":\"https:\\\/\\\/news.save.ch\\\/digitale-identitaet-gesetzesentwurf-kommt-2018\\\/#primaryimage\",\"url\":\"https:\\\/\\\/news.save.ch\\\/wp-content\\\/uploads\\\/2017\\\/11\\\/Depositphotos_5116082_m-2015.jpg\",\"contentUrl\":\"https:\\\/\\\/news.save.ch\\\/wp-content\\\/uploads\\\/2017\\\/11\\\/Depositphotos_5116082_m-2015.jpg\",\"width\":1000,\"height\":1000,\"caption\":\"depositphotos\"},{\"@type\":\"BreadcrumbList\",\"@id\":\"https:\\\/\\\/news.save.ch\\\/digitale-identitaet-gesetzesentwurf-kommt-2018\\\/#breadcrumb\",\"itemListElement\":[{\"@type\":\"ListItem\",\"position\":1,\"name\":\"Home\",\"item\":\"https:\\\/\\\/news.save.ch\\\/de\\\/\"},{\"@type\":\"ListItem\",\"position\":2,\"name\":\"Digitale Identit\u00e4t: Gesetzesentwurf kommt 2018\"}]},{\"@type\":\"WebSite\",\"@id\":\"https:\\\/\\\/news.save.ch\\\/de\\\/#website\",\"url\":\"https:\\\/\\\/news.save.ch\\\/de\\\/\",\"name\":\"Save\",\"description\":\"Schweizer Fachzeitschrift f\u00fcr Sicherheit\",\"publisher\":{\"@id\":\"https:\\\/\\\/news.save.ch\\\/de\\\/#organization\"},\"potentialAction\":[{\"@type\":\"SearchAction\",\"target\":{\"@type\":\"EntryPoint\",\"urlTemplate\":\"https:\\\/\\\/news.save.ch\\\/de\\\/?s={search_term_string}\"},\"query-input\":{\"@type\":\"PropertyValueSpecification\",\"valueRequired\":true,\"valueName\":\"search_term_string\"}}],\"inLanguage\":\"it-IT\"},{\"@type\":\"Organization\",\"@id\":\"https:\\\/\\\/news.save.ch\\\/de\\\/#organization\",\"name\":\"Sicherheitsforum\",\"url\":\"https:\\\/\\\/news.save.ch\\\/de\\\/\",\"logo\":{\"@type\":\"ImageObject\",\"inLanguage\":\"it-IT\",\"@id\":\"https:\\\/\\\/news.save.ch\\\/de\\\/#\\\/schema\\\/logo\\\/image\\\/\",\"url\":\"https:\\\/\\\/news.save.ch\\\/wp-content\\\/uploads\\\/2022\\\/06\\\/Logo_SF_2012.png\",\"contentUrl\":\"https:\\\/\\\/news.save.ch\\\/wp-content\\\/uploads\\\/2022\\\/06\\\/Logo_SF_2012.png\",\"width\":1100,\"height\":91,\"caption\":\"Sicherheitsforum\"},\"image\":{\"@id\":\"https:\\\/\\\/news.save.ch\\\/de\\\/#\\\/schema\\\/logo\\\/image\\\/\"}},{\"@type\":\"Person\",\"@id\":\"https:\\\/\\\/news.save.ch\\\/de\\\/#\\\/schema\\\/person\\\/d5022db048e0e2b9785c50e5b24da5aa\",\"name\":\"Roger Str\u00e4ssle\",\"image\":{\"@type\":\"ImageObject\",\"inLanguage\":\"it-IT\",\"@id\":\"https:\\\/\\\/secure.gravatar.com\\\/avatar\\\/862a5569d087de48e5856e32f45d719a03804c891d6deb8d4f71a660e79e4a47?s=96&d=mm&r=g\",\"url\":\"https:\\\/\\\/secure.gravatar.com\\\/avatar\\\/862a5569d087de48e5856e32f45d719a03804c891d6deb8d4f71a660e79e4a47?s=96&d=mm&r=g\",\"contentUrl\":\"https:\\\/\\\/secure.gravatar.com\\\/avatar\\\/862a5569d087de48e5856e32f45d719a03804c891d6deb8d4f71a660e79e4a47?s=96&d=mm&r=g\",\"caption\":\"Roger Str\u00e4ssle\"},\"url\":\"https:\\\/\\\/news.save.ch\\\/it\\\/author\\\/roger-straessle\\\/\"}]}<\/script>\n<!-- \/ Yoast SEO plugin. -->","yoast_head_json":{"title":"Identit\u00e0 digitale: progetto di legge in arrivo nel 2018 - Save","description":"Regole chiare per la prova d'identit\u00e0 digitale: il Consiglio federale ha quindi incaricato il DFGP di preparare un progetto di legge entro l'estate 2018.","robots":{"index":"index","follow":"follow","max-snippet":"max-snippet:-1","max-image-preview":"max-image-preview:large","max-video-preview":"max-video-preview:-1"},"canonical":"https:\/\/news.save.ch\/it\/digitale-identitaet-gesetzesentwurf-kommt-2018\/","og_locale":"it_IT","og_type":"article","og_title":"Digitale Identit\u00e4t: Gesetzesentwurf kommt 2018 - Save","og_description":"Klare Regeln f\u00fcr einen digitalen Identit\u00e4tsnachweis: Der Bundesrat hat deshalb das EJPD beauftragt, bis im Sommer 2018 einen Gesetzesentwurf auszuarbeiten.","og_url":"https:\/\/news.save.ch\/it\/digitale-identitaet-gesetzesentwurf-kommt-2018\/","og_site_name":"Save","article_published_time":"2017-11-19T16:57:38+00:00","article_modified_time":"2023-03-14T07:57:00+00:00","og_image":[{"width":1000,"height":1000,"url":"https:\/\/news.save.ch\/wp-content\/uploads\/2017\/11\/Depositphotos_5116082_m-2015.jpg","type":"image\/jpeg"}],"author":"Roger Str\u00e4ssle","twitter_card":"summary_large_image","twitter_misc":{"Scritto da":"Roger Str\u00e4ssle","Tempo di lettura stimato":"3 minuti"},"schema":{"@context":"https:\/\/schema.org","@graph":[{"@type":"Article","@id":"https:\/\/news.save.ch\/digitale-identitaet-gesetzesentwurf-kommt-2018\/#article","isPartOf":{"@id":"https:\/\/news.save.ch\/digitale-identitaet-gesetzesentwurf-kommt-2018\/"},"author":{"name":"Roger Str\u00e4ssle","@id":"https:\/\/news.save.ch\/de\/#\/schema\/person\/d5022db048e0e2b9785c50e5b24da5aa"},"headline":"Digitale Identit\u00e4t: Gesetzesentwurf kommt 2018","datePublished":"2017-11-19T16:57:38+00:00","dateModified":"2023-03-14T07:57:00+00:00","mainEntityOfPage":{"@id":"https:\/\/news.save.ch\/digitale-identitaet-gesetzesentwurf-kommt-2018\/"},"wordCount":548,"commentCount":0,"publisher":{"@id":"https:\/\/news.save.ch\/de\/#organization"},"image":{"@id":"https:\/\/news.save.ch\/digitale-identitaet-gesetzesentwurf-kommt-2018\/#primaryimage"},"thumbnailUrl":"https:\/\/news.save.ch\/wp-content\/uploads\/2017\/11\/Depositphotos_5116082_m-2015.jpg","keywords":["ICT-Sicherheit","IT-SECURITY","Justiz &amp; Polizei"],"articleSection":["DIGITALISIERUNG"],"inLanguage":"it-IT"},{"@type":"WebPage","@id":"https:\/\/news.save.ch\/digitale-identitaet-gesetzesentwurf-kommt-2018\/","url":"https:\/\/news.save.ch\/digitale-identitaet-gesetzesentwurf-kommt-2018\/","name":"Identit\u00e0 digitale: progetto di legge in arrivo nel 2018 - Save","isPartOf":{"@id":"https:\/\/news.save.ch\/de\/#website"},"primaryImageOfPage":{"@id":"https:\/\/news.save.ch\/digitale-identitaet-gesetzesentwurf-kommt-2018\/#primaryimage"},"image":{"@id":"https:\/\/news.save.ch\/digitale-identitaet-gesetzesentwurf-kommt-2018\/#primaryimage"},"thumbnailUrl":"https:\/\/news.save.ch\/wp-content\/uploads\/2017\/11\/Depositphotos_5116082_m-2015.jpg","datePublished":"2017-11-19T16:57:38+00:00","dateModified":"2023-03-14T07:57:00+00:00","description":"Regole chiare per la prova d'identit\u00e0 digitale: il Consiglio federale ha quindi incaricato il DFGP di preparare un progetto di legge entro l'estate 2018.","breadcrumb":{"@id":"https:\/\/news.save.ch\/digitale-identitaet-gesetzesentwurf-kommt-2018\/#breadcrumb"},"inLanguage":"it-IT","potentialAction":[{"@type":"ReadAction","target":["https:\/\/news.save.ch\/digitale-identitaet-gesetzesentwurf-kommt-2018\/"]}]},{"@type":"ImageObject","inLanguage":"it-IT","@id":"https:\/\/news.save.ch\/digitale-identitaet-gesetzesentwurf-kommt-2018\/#primaryimage","url":"https:\/\/news.save.ch\/wp-content\/uploads\/2017\/11\/Depositphotos_5116082_m-2015.jpg","contentUrl":"https:\/\/news.save.ch\/wp-content\/uploads\/2017\/11\/Depositphotos_5116082_m-2015.jpg","width":1000,"height":1000,"caption":"depositphotos"},{"@type":"BreadcrumbList","@id":"https:\/\/news.save.ch\/digitale-identitaet-gesetzesentwurf-kommt-2018\/#breadcrumb","itemListElement":[{"@type":"ListItem","position":1,"name":"Home","item":"https:\/\/news.save.ch\/de\/"},{"@type":"ListItem","position":2,"name":"Digitale Identit\u00e4t: Gesetzesentwurf kommt 2018"}]},{"@type":"WebSite","@id":"https:\/\/news.save.ch\/de\/#website","url":"https:\/\/news.save.ch\/de\/","name":"Risparmiare","description":"Rivista svizzera specializzata in sicurezza","publisher":{"@id":"https:\/\/news.save.ch\/de\/#organization"},"potentialAction":[{"@type":"SearchAction","target":{"@type":"EntryPoint","urlTemplate":"https:\/\/news.save.ch\/de\/?s={search_term_string}"},"query-input":{"@type":"PropertyValueSpecification","valueRequired":true,"valueName":"search_term_string"}}],"inLanguage":"it-IT"},{"@type":"Organization","@id":"https:\/\/news.save.ch\/de\/#organization","name":"Forum sulla sicurezza","url":"https:\/\/news.save.ch\/de\/","logo":{"@type":"ImageObject","inLanguage":"it-IT","@id":"https:\/\/news.save.ch\/de\/#\/schema\/logo\/image\/","url":"https:\/\/news.save.ch\/wp-content\/uploads\/2022\/06\/Logo_SF_2012.png","contentUrl":"https:\/\/news.save.ch\/wp-content\/uploads\/2022\/06\/Logo_SF_2012.png","width":1100,"height":91,"caption":"Sicherheitsforum"},"image":{"@id":"https:\/\/news.save.ch\/de\/#\/schema\/logo\/image\/"}},{"@type":"Person","@id":"https:\/\/news.save.ch\/de\/#\/schema\/person\/d5022db048e0e2b9785c50e5b24da5aa","name":"Roger Str\u00e4ssle","image":{"@type":"ImageObject","inLanguage":"it-IT","@id":"https:\/\/secure.gravatar.com\/avatar\/862a5569d087de48e5856e32f45d719a03804c891d6deb8d4f71a660e79e4a47?s=96&d=mm&r=g","url":"https:\/\/secure.gravatar.com\/avatar\/862a5569d087de48e5856e32f45d719a03804c891d6deb8d4f71a660e79e4a47?s=96&d=mm&r=g","contentUrl":"https:\/\/secure.gravatar.com\/avatar\/862a5569d087de48e5856e32f45d719a03804c891d6deb8d4f71a660e79e4a47?s=96&d=mm&r=g","caption":"Roger Str\u00e4ssle"},"url":"https:\/\/news.save.ch\/it\/author\/roger-straessle\/"}]}},"_links":{"self":[{"href":"https:\/\/news.save.ch\/it\/wp-json\/wp\/v2\/posts\/5633","targetHints":{"allow":["GET"]}}],"collection":[{"href":"https:\/\/news.save.ch\/it\/wp-json\/wp\/v2\/posts"}],"about":[{"href":"https:\/\/news.save.ch\/it\/wp-json\/wp\/v2\/types\/post"}],"author":[{"embeddable":true,"href":"https:\/\/news.save.ch\/it\/wp-json\/wp\/v2\/users\/8"}],"replies":[{"embeddable":true,"href":"https:\/\/news.save.ch\/it\/wp-json\/wp\/v2\/comments?post=5633"}],"version-history":[{"count":1,"href":"https:\/\/news.save.ch\/it\/wp-json\/wp\/v2\/posts\/5633\/revisions"}],"predecessor-version":[{"id":17480,"href":"https:\/\/news.save.ch\/it\/wp-json\/wp\/v2\/posts\/5633\/revisions\/17480"}],"wp:featuredmedia":[{"embeddable":true,"href":"https:\/\/news.save.ch\/it\/wp-json\/wp\/v2\/media\/5634"}],"wp:attachment":[{"href":"https:\/\/news.save.ch\/it\/wp-json\/wp\/v2\/media?parent=5633"}],"wp:term":[{"taxonomy":"category","embeddable":true,"href":"https:\/\/news.save.ch\/it\/wp-json\/wp\/v2\/categories?post=5633"},{"taxonomy":"post_tag","embeddable":true,"href":"https:\/\/news.save.ch\/it\/wp-json\/wp\/v2\/tags?post=5633"}],"curies":[{"name":"wp","href":"https:\/\/api.w.org\/{rel}","templated":true}]}}