{"id":5731,"date":"2017-12-06T07:23:58","date_gmt":"2017-12-06T06:23:58","guid":{"rendered":"https:\/\/news.save.ch\/?p=5731"},"modified":"2017-12-06T07:23:58","modified_gmt":"2017-12-06T06:23:58","slug":"bevoelkerungsschutz-zukunftsorientierte-alarmierung-und-kommunikation","status":null,"type":"post","link":"https:\/\/news.save.ch\/it\/bevoelkerungsschutz-zukunftsorientierte-alarmierung-und-kommunikation\/","title":{"rendered":"Protezione civile: rinnovare l'allerta e la comunicazione"},"content":{"rendered":"<figure id=\"attachment_5737\" aria-describedby=\"caption-attachment-5737\" style=\"width: 680px\" class=\"wp-caption aligncenter\"><img loading=\"lazy\" decoding=\"async\" class=\"size-medium wp-image-5737\" src=\"https:\/\/news.save.ch\/wp-content\/uploads\/2017\/12\/Fotolia_135362175_S.jpg\" alt=\"\" width=\"680\" height=\"378\" srcset=\"https:\/\/news.save.ch\/wp-content\/uploads\/2017\/12\/Fotolia_135362175_S.jpg 929w, https:\/\/news.save.ch\/wp-content\/uploads\/2017\/12\/Fotolia_135362175_S-375x209.jpg 375w\" sizes=\"auto, (max-width: 680px) 100vw, 680px\" \/><figcaption id=\"caption-attachment-5737\" class=\"wp-caption-text\">fotolia, chrisroosfotografieSempach,<\/figcaption><\/figure>\n<p>Le autorit\u00e0 e le organizzazioni di comando e di emergenza della protezione civile dipendono essenzialmente dall'uso delle reti pubbliche. La loro sicurezza e disponibilit\u00e0 non \u00e8 garantita in ogni caso. Il Consiglio federale vuole porre rimedio a questi deficit di sicurezza. A tal fine, ha preso atto di uno studio commissionato dal DDPS in collaborazione con i rappresentanti dei Cantoni e ha deciso le misure da adottare.<\/p>\n<p><strong>Sicurezza contro i blackout e protezione dai cyberattacchi<\/strong><\/p>\n<p>Per aumentare la sicurezza contro i guasti dei sistemi di telecomunicazione e lo scambio di dati a banda larga delle autorit\u00e0 di sicurezza, degli organi di comando e dei gestori di infrastrutture critiche, nonch\u00e9 la protezione contro gli attacchi informatici, il Consiglio federale intende creare un sistema nazionale di interconnessione sicura dei dati. Si tratta della rete dati sicura cablata (SDVN), del sistema di accesso ai dati Polydata e di un sistema di comunicazione dati che sostituisce l'obsoleto sistema Vulpus.<\/p>\n<p>Il DDPS \u00e8 stato incaricato di presentare il messaggio su un credito d'impegno corrispondente entro la fine del 2018 e di coinvolgere nel processo i Cantoni e gli altri uffici federali interessati. In questo periodo dovrebbe essere disponibile anche il dispaccio sulla revisione della legge sulla protezione civile.<\/p>\n<p><strong>Rete di localizzazione Svizzera e comunicazione a banda larga senza fili<\/strong><\/p>\n<p>In caso di disastri ed emergenze, le autorit\u00e0 responsabili e gli organi di comando hanno bisogno di un quadro della situazione il pi\u00f9 possibile completo e affidabile come base per il processo decisionale e la capacit\u00e0 di comando. Attualmente, i cantoni, le agenzie federali, i gestori di infrastrutture critiche e altre agenzie con diversi sistemi elettronici di comando e controllo stanno sviluppando panoramiche speciali relative ai rispettivi compiti. In futuro sarebbe opportuno combinare queste informazioni in un sistema di panoramica della situazione nazionale. Ci\u00f2 consentirebbe di fornire a tutti gli utenti un quadro consolidato della situazione.<\/p>\n<p>L'uso di smartphone, tablet e computer portatili \u00e8 ormai uno standard per le organizzazioni blue-light. Le autorit\u00e0 e le organizzazioni di comando e controllo e di emergenza della protezione civile hanno bisogno di connessioni stabili con disponibilit\u00e0 garantita e resistenti alla congestione della rete per le loro operazioni. Inoltre, non tutta la Svizzera \u00e8 coperta da servizi commerciali a banda larga. Un'espansione delle comunicazioni wireless a banda larga - sulla base delle infrastrutture radio mobili pubbliche esistenti - potrebbe garantire lo scambio sicuro di dati anche per le organizzazioni di emergenza in movimento. A differenza del sistema radio utilizzato oggi, questo consentirebbe anche lo scambio di dati di immagine e l'accesso alle banche dati, ad esempio per la ricerca e il salvataggio o altre applicazioni specializzate, in tutte le situazioni.<\/p>\n<p>Per questo sistema di rete e per la comunicazione a banda larga senza fili, il Consiglio federale ha incaricato il DDPS di effettuare ulteriori chiarimenti concettuali e tecnici insieme ai servizi federali interessati e ai Cantoni. <em>Fonte: Confederazione<\/em><\/p>\n<p><a href=\"https:\/\/www.newsd.admin.ch\/newsd\/message\/attachments\/50628.pdf\"><em>Clicca qui per leggere il rapporto sul futuro dei sistemi di allerta e telecomunicazione per la protezione civile.<\/em><\/a><\/p>","protected":false},"excerpt":{"rendered":"<p>Die Beh\u00f6rden und die F\u00fchrungs- und Einsatzorganisationen im Bev\u00f6lkerungsschutz sind im Wesentlichen auf die Nutzung \u00f6ffentlicher Netze angewiesen. Deren Sicherheit und Verf\u00fcgbarkeit ist nicht in jedem Fall gew\u00e4hrleistet. Der Bundesrat will diese Sicherheitsdefizite beheben. Er hat dazu eine Auslegeordnung, die das VBS in Zusammenarbeit mit Vertretern der Kantone in seinem Auftrag erstellt hat, zur Kenntnis [&hellip;]<\/p>\n","protected":false},"author":8,"featured_media":5737,"comment_status":"open","ping_status":"open","sticky":false,"template":"","format":"standard","meta":{"_acf_changed":false,"pgc_sgb_lightbox_settings":"","footnotes":""},"categories":[1],"tags":[151,371,62],"class_list":["post-5731","post","type-post","status-publish","format-standard","has-post-thumbnail","hentry","category-allgemein","tag-alarmierung","tag-bevoelkerungsschutz","tag-ict-sicherheit"],"acf":[],"hkrextid":null,"publication":null,"issue":null,"workflow":null,"startPage":null,"spitzmarke":null,"_posts_by_tag_page_fields":{"widget_title":"","widget_tags":""},"_at_widget":"1","_yoast_wpseo_primary_category":"1","_yoast_wpseo_focuskw_text_input":"Bev\u00f6lkerungsschutz","_yoast_wpseo_opengraph-image":null,"_yoast_wpseo_opengraph-description":null,"_yoast_wpseo_opengraph-title":null,"enclosure":null,"_yoast_wpseo_twitter-title":null,"_yoast_wpseo_twitter-description":null,"_yoast_wpseo_twitter-image":null,"_wp_old_slug":null,"_yoast_wpseo_title":null,"_yoast_wpseo_canonical":null,"yoast_head":"<!-- This site is optimized with the Yoast SEO plugin v27.4 - https:\/\/yoast.com\/product\/yoast-seo-wordpress\/ -->\n<title>Bev\u00f6lkerungsschutz: Alarmierung und Kommunikation erneuern - Save<\/title>\n<meta name=\"description\" content=\"Der Bundesrat hat zur Zukunft der Alarmierungs- und Telekommunikationssysteme im Bev\u00f6lkerungsschutz beraten. Welche Systeme werden\" \/>\n<meta name=\"robots\" content=\"index, follow, max-snippet:-1, max-image-preview:large, max-video-preview:-1\" \/>\n<link rel=\"canonical\" href=\"https:\/\/news.save.ch\/it\/bevoelkerungsschutz-zukunftsorientierte-alarmierung-und-kommunikation\/\" \/>\n<meta property=\"og:locale\" content=\"it_IT\" \/>\n<meta property=\"og:type\" content=\"article\" \/>\n<meta property=\"og:title\" content=\"Bev\u00f6lkerungsschutz: Alarmierung und Kommunikation erneuern - Save\" \/>\n<meta property=\"og:description\" content=\"Der Bundesrat hat zur Zukunft der Alarmierungs- und Telekommunikationssysteme im Bev\u00f6lkerungsschutz beraten. Welche Systeme werden\" \/>\n<meta property=\"og:url\" content=\"https:\/\/news.save.ch\/it\/bevoelkerungsschutz-zukunftsorientierte-alarmierung-und-kommunikation\/\" \/>\n<meta property=\"og:site_name\" content=\"Save\" \/>\n<meta property=\"article:published_time\" content=\"2017-12-06T06:23:58+00:00\" \/>\n<meta property=\"og:image\" content=\"https:\/\/news.save.ch\/wp-content\/uploads\/2017\/12\/Fotolia_135362175_S.jpg\" \/>\n\t<meta property=\"og:image:width\" content=\"929\" \/>\n\t<meta property=\"og:image:height\" content=\"517\" \/>\n\t<meta property=\"og:image:type\" content=\"image\/jpeg\" \/>\n<meta name=\"author\" content=\"Roger Str\u00e4ssle\" \/>\n<meta name=\"twitter:card\" content=\"summary_large_image\" \/>\n<meta name=\"twitter:label1\" content=\"Scritto da\" \/>\n\t<meta name=\"twitter:data1\" content=\"Roger Str\u00e4ssle\" \/>\n\t<meta name=\"twitter:label2\" content=\"Tempo di lettura stimato\" \/>\n\t<meta name=\"twitter:data2\" content=\"2 minuti\" \/>\n<script type=\"application\/ld+json\" class=\"yoast-schema-graph\">{\"@context\":\"https:\\\/\\\/schema.org\",\"@graph\":[{\"@type\":\"Article\",\"@id\":\"https:\\\/\\\/news.save.ch\\\/bevoelkerungsschutz-zukunftsorientierte-alarmierung-und-kommunikation\\\/#article\",\"isPartOf\":{\"@id\":\"https:\\\/\\\/news.save.ch\\\/bevoelkerungsschutz-zukunftsorientierte-alarmierung-und-kommunikation\\\/\"},\"author\":{\"name\":\"Roger Str\u00e4ssle\",\"@id\":\"https:\\\/\\\/news.save.ch\\\/de\\\/#\\\/schema\\\/person\\\/d5022db048e0e2b9785c50e5b24da5aa\"},\"headline\":\"Bev\u00f6lkerungsschutz: Alarmierung und Kommunikation erneuern\",\"datePublished\":\"2017-12-06T06:23:58+00:00\",\"mainEntityOfPage\":{\"@id\":\"https:\\\/\\\/news.save.ch\\\/bevoelkerungsschutz-zukunftsorientierte-alarmierung-und-kommunikation\\\/\"},\"wordCount\":430,\"commentCount\":0,\"publisher\":{\"@id\":\"https:\\\/\\\/news.save.ch\\\/de\\\/#organization\"},\"image\":{\"@id\":\"https:\\\/\\\/news.save.ch\\\/bevoelkerungsschutz-zukunftsorientierte-alarmierung-und-kommunikation\\\/#primaryimage\"},\"thumbnailUrl\":\"https:\\\/\\\/news.save.ch\\\/wp-content\\\/uploads\\\/2017\\\/12\\\/Fotolia_135362175_S.jpg\",\"keywords\":[\"Alarmierung\",\"Bev\u00f6lkerungsschutz\",\"ICT-Sicherheit\"],\"articleSection\":[\"ALLGEMEIN\"],\"inLanguage\":\"it-IT\"},{\"@type\":\"WebPage\",\"@id\":\"https:\\\/\\\/news.save.ch\\\/bevoelkerungsschutz-zukunftsorientierte-alarmierung-und-kommunikation\\\/\",\"url\":\"https:\\\/\\\/news.save.ch\\\/bevoelkerungsschutz-zukunftsorientierte-alarmierung-und-kommunikation\\\/\",\"name\":\"Bev\u00f6lkerungsschutz: Alarmierung und Kommunikation erneuern - Save\",\"isPartOf\":{\"@id\":\"https:\\\/\\\/news.save.ch\\\/de\\\/#website\"},\"primaryImageOfPage\":{\"@id\":\"https:\\\/\\\/news.save.ch\\\/bevoelkerungsschutz-zukunftsorientierte-alarmierung-und-kommunikation\\\/#primaryimage\"},\"image\":{\"@id\":\"https:\\\/\\\/news.save.ch\\\/bevoelkerungsschutz-zukunftsorientierte-alarmierung-und-kommunikation\\\/#primaryimage\"},\"thumbnailUrl\":\"https:\\\/\\\/news.save.ch\\\/wp-content\\\/uploads\\\/2017\\\/12\\\/Fotolia_135362175_S.jpg\",\"datePublished\":\"2017-12-06T06:23:58+00:00\",\"description\":\"Der Bundesrat hat zur Zukunft der Alarmierungs- und Telekommunikationssysteme im Bev\u00f6lkerungsschutz beraten. Welche Systeme werden\",\"breadcrumb\":{\"@id\":\"https:\\\/\\\/news.save.ch\\\/bevoelkerungsschutz-zukunftsorientierte-alarmierung-und-kommunikation\\\/#breadcrumb\"},\"inLanguage\":\"it-IT\",\"potentialAction\":[{\"@type\":\"ReadAction\",\"target\":[\"https:\\\/\\\/news.save.ch\\\/bevoelkerungsschutz-zukunftsorientierte-alarmierung-und-kommunikation\\\/\"]}]},{\"@type\":\"ImageObject\",\"inLanguage\":\"it-IT\",\"@id\":\"https:\\\/\\\/news.save.ch\\\/bevoelkerungsschutz-zukunftsorientierte-alarmierung-und-kommunikation\\\/#primaryimage\",\"url\":\"https:\\\/\\\/news.save.ch\\\/wp-content\\\/uploads\\\/2017\\\/12\\\/Fotolia_135362175_S.jpg\",\"contentUrl\":\"https:\\\/\\\/news.save.ch\\\/wp-content\\\/uploads\\\/2017\\\/12\\\/Fotolia_135362175_S.jpg\",\"width\":929,\"height\":517,\"caption\":\"fotolia, chrisroosfotografieSempach,\"},{\"@type\":\"BreadcrumbList\",\"@id\":\"https:\\\/\\\/news.save.ch\\\/bevoelkerungsschutz-zukunftsorientierte-alarmierung-und-kommunikation\\\/#breadcrumb\",\"itemListElement\":[{\"@type\":\"ListItem\",\"position\":1,\"name\":\"Home\",\"item\":\"https:\\\/\\\/news.save.ch\\\/de\\\/\"},{\"@type\":\"ListItem\",\"position\":2,\"name\":\"Bev\u00f6lkerungsschutz: Alarmierung und Kommunikation erneuern\"}]},{\"@type\":\"WebSite\",\"@id\":\"https:\\\/\\\/news.save.ch\\\/de\\\/#website\",\"url\":\"https:\\\/\\\/news.save.ch\\\/de\\\/\",\"name\":\"Save\",\"description\":\"Schweizer Fachzeitschrift f\u00fcr Sicherheit\",\"publisher\":{\"@id\":\"https:\\\/\\\/news.save.ch\\\/de\\\/#organization\"},\"potentialAction\":[{\"@type\":\"SearchAction\",\"target\":{\"@type\":\"EntryPoint\",\"urlTemplate\":\"https:\\\/\\\/news.save.ch\\\/de\\\/?s={search_term_string}\"},\"query-input\":{\"@type\":\"PropertyValueSpecification\",\"valueRequired\":true,\"valueName\":\"search_term_string\"}}],\"inLanguage\":\"it-IT\"},{\"@type\":\"Organization\",\"@id\":\"https:\\\/\\\/news.save.ch\\\/de\\\/#organization\",\"name\":\"Sicherheitsforum\",\"url\":\"https:\\\/\\\/news.save.ch\\\/de\\\/\",\"logo\":{\"@type\":\"ImageObject\",\"inLanguage\":\"it-IT\",\"@id\":\"https:\\\/\\\/news.save.ch\\\/de\\\/#\\\/schema\\\/logo\\\/image\\\/\",\"url\":\"https:\\\/\\\/news.save.ch\\\/wp-content\\\/uploads\\\/2022\\\/06\\\/Logo_SF_2012.png\",\"contentUrl\":\"https:\\\/\\\/news.save.ch\\\/wp-content\\\/uploads\\\/2022\\\/06\\\/Logo_SF_2012.png\",\"width\":1100,\"height\":91,\"caption\":\"Sicherheitsforum\"},\"image\":{\"@id\":\"https:\\\/\\\/news.save.ch\\\/de\\\/#\\\/schema\\\/logo\\\/image\\\/\"}},{\"@type\":\"Person\",\"@id\":\"https:\\\/\\\/news.save.ch\\\/de\\\/#\\\/schema\\\/person\\\/d5022db048e0e2b9785c50e5b24da5aa\",\"name\":\"Roger Str\u00e4ssle\",\"image\":{\"@type\":\"ImageObject\",\"inLanguage\":\"it-IT\",\"@id\":\"https:\\\/\\\/secure.gravatar.com\\\/avatar\\\/862a5569d087de48e5856e32f45d719a03804c891d6deb8d4f71a660e79e4a47?s=96&d=mm&r=g\",\"url\":\"https:\\\/\\\/secure.gravatar.com\\\/avatar\\\/862a5569d087de48e5856e32f45d719a03804c891d6deb8d4f71a660e79e4a47?s=96&d=mm&r=g\",\"contentUrl\":\"https:\\\/\\\/secure.gravatar.com\\\/avatar\\\/862a5569d087de48e5856e32f45d719a03804c891d6deb8d4f71a660e79e4a47?s=96&d=mm&r=g\",\"caption\":\"Roger Str\u00e4ssle\"},\"url\":\"https:\\\/\\\/news.save.ch\\\/it\\\/author\\\/roger-straessle\\\/\"}]}<\/script>\n<!-- \/ Yoast SEO plugin. -->","yoast_head_json":{"title":"Protezione civile: rinnovare allerta e comunicazione - Save","description":"Il Consiglio federale ha discusso il futuro dei sistemi di allerta e di telecomunicazione nella protezione civile. Quali sistemi","robots":{"index":"index","follow":"follow","max-snippet":"max-snippet:-1","max-image-preview":"max-image-preview:large","max-video-preview":"max-video-preview:-1"},"canonical":"https:\/\/news.save.ch\/it\/bevoelkerungsschutz-zukunftsorientierte-alarmierung-und-kommunikation\/","og_locale":"it_IT","og_type":"article","og_title":"Bev\u00f6lkerungsschutz: Alarmierung und Kommunikation erneuern - Save","og_description":"Der Bundesrat hat zur Zukunft der Alarmierungs- und Telekommunikationssysteme im Bev\u00f6lkerungsschutz beraten. Welche Systeme werden","og_url":"https:\/\/news.save.ch\/it\/bevoelkerungsschutz-zukunftsorientierte-alarmierung-und-kommunikation\/","og_site_name":"Save","article_published_time":"2017-12-06T06:23:58+00:00","og_image":[{"width":929,"height":517,"url":"https:\/\/news.save.ch\/wp-content\/uploads\/2017\/12\/Fotolia_135362175_S.jpg","type":"image\/jpeg"}],"author":"Roger Str\u00e4ssle","twitter_card":"summary_large_image","twitter_misc":{"Scritto da":"Roger Str\u00e4ssle","Tempo di lettura stimato":"2 minuti"},"schema":{"@context":"https:\/\/schema.org","@graph":[{"@type":"Article","@id":"https:\/\/news.save.ch\/bevoelkerungsschutz-zukunftsorientierte-alarmierung-und-kommunikation\/#article","isPartOf":{"@id":"https:\/\/news.save.ch\/bevoelkerungsschutz-zukunftsorientierte-alarmierung-und-kommunikation\/"},"author":{"name":"Roger Str\u00e4ssle","@id":"https:\/\/news.save.ch\/de\/#\/schema\/person\/d5022db048e0e2b9785c50e5b24da5aa"},"headline":"Bev\u00f6lkerungsschutz: Alarmierung und Kommunikation erneuern","datePublished":"2017-12-06T06:23:58+00:00","mainEntityOfPage":{"@id":"https:\/\/news.save.ch\/bevoelkerungsschutz-zukunftsorientierte-alarmierung-und-kommunikation\/"},"wordCount":430,"commentCount":0,"publisher":{"@id":"https:\/\/news.save.ch\/de\/#organization"},"image":{"@id":"https:\/\/news.save.ch\/bevoelkerungsschutz-zukunftsorientierte-alarmierung-und-kommunikation\/#primaryimage"},"thumbnailUrl":"https:\/\/news.save.ch\/wp-content\/uploads\/2017\/12\/Fotolia_135362175_S.jpg","keywords":["Alarmierung","Bev\u00f6lkerungsschutz","ICT-Sicherheit"],"articleSection":["ALLGEMEIN"],"inLanguage":"it-IT"},{"@type":"WebPage","@id":"https:\/\/news.save.ch\/bevoelkerungsschutz-zukunftsorientierte-alarmierung-und-kommunikation\/","url":"https:\/\/news.save.ch\/bevoelkerungsschutz-zukunftsorientierte-alarmierung-und-kommunikation\/","name":"Protezione civile: rinnovare allerta e comunicazione - Save","isPartOf":{"@id":"https:\/\/news.save.ch\/de\/#website"},"primaryImageOfPage":{"@id":"https:\/\/news.save.ch\/bevoelkerungsschutz-zukunftsorientierte-alarmierung-und-kommunikation\/#primaryimage"},"image":{"@id":"https:\/\/news.save.ch\/bevoelkerungsschutz-zukunftsorientierte-alarmierung-und-kommunikation\/#primaryimage"},"thumbnailUrl":"https:\/\/news.save.ch\/wp-content\/uploads\/2017\/12\/Fotolia_135362175_S.jpg","datePublished":"2017-12-06T06:23:58+00:00","description":"Il Consiglio federale ha discusso il futuro dei sistemi di allerta e di telecomunicazione nella protezione civile. Quali sistemi","breadcrumb":{"@id":"https:\/\/news.save.ch\/bevoelkerungsschutz-zukunftsorientierte-alarmierung-und-kommunikation\/#breadcrumb"},"inLanguage":"it-IT","potentialAction":[{"@type":"ReadAction","target":["https:\/\/news.save.ch\/bevoelkerungsschutz-zukunftsorientierte-alarmierung-und-kommunikation\/"]}]},{"@type":"ImageObject","inLanguage":"it-IT","@id":"https:\/\/news.save.ch\/bevoelkerungsschutz-zukunftsorientierte-alarmierung-und-kommunikation\/#primaryimage","url":"https:\/\/news.save.ch\/wp-content\/uploads\/2017\/12\/Fotolia_135362175_S.jpg","contentUrl":"https:\/\/news.save.ch\/wp-content\/uploads\/2017\/12\/Fotolia_135362175_S.jpg","width":929,"height":517,"caption":"fotolia, chrisroosfotografieSempach,"},{"@type":"BreadcrumbList","@id":"https:\/\/news.save.ch\/bevoelkerungsschutz-zukunftsorientierte-alarmierung-und-kommunikation\/#breadcrumb","itemListElement":[{"@type":"ListItem","position":1,"name":"Home","item":"https:\/\/news.save.ch\/de\/"},{"@type":"ListItem","position":2,"name":"Bev\u00f6lkerungsschutz: Alarmierung und Kommunikation erneuern"}]},{"@type":"WebSite","@id":"https:\/\/news.save.ch\/de\/#website","url":"https:\/\/news.save.ch\/de\/","name":"Risparmiare","description":"Rivista svizzera specializzata in sicurezza","publisher":{"@id":"https:\/\/news.save.ch\/de\/#organization"},"potentialAction":[{"@type":"SearchAction","target":{"@type":"EntryPoint","urlTemplate":"https:\/\/news.save.ch\/de\/?s={search_term_string}"},"query-input":{"@type":"PropertyValueSpecification","valueRequired":true,"valueName":"search_term_string"}}],"inLanguage":"it-IT"},{"@type":"Organization","@id":"https:\/\/news.save.ch\/de\/#organization","name":"Forum sulla sicurezza","url":"https:\/\/news.save.ch\/de\/","logo":{"@type":"ImageObject","inLanguage":"it-IT","@id":"https:\/\/news.save.ch\/de\/#\/schema\/logo\/image\/","url":"https:\/\/news.save.ch\/wp-content\/uploads\/2022\/06\/Logo_SF_2012.png","contentUrl":"https:\/\/news.save.ch\/wp-content\/uploads\/2022\/06\/Logo_SF_2012.png","width":1100,"height":91,"caption":"Sicherheitsforum"},"image":{"@id":"https:\/\/news.save.ch\/de\/#\/schema\/logo\/image\/"}},{"@type":"Person","@id":"https:\/\/news.save.ch\/de\/#\/schema\/person\/d5022db048e0e2b9785c50e5b24da5aa","name":"Roger Str\u00e4ssle","image":{"@type":"ImageObject","inLanguage":"it-IT","@id":"https:\/\/secure.gravatar.com\/avatar\/862a5569d087de48e5856e32f45d719a03804c891d6deb8d4f71a660e79e4a47?s=96&d=mm&r=g","url":"https:\/\/secure.gravatar.com\/avatar\/862a5569d087de48e5856e32f45d719a03804c891d6deb8d4f71a660e79e4a47?s=96&d=mm&r=g","contentUrl":"https:\/\/secure.gravatar.com\/avatar\/862a5569d087de48e5856e32f45d719a03804c891d6deb8d4f71a660e79e4a47?s=96&d=mm&r=g","caption":"Roger Str\u00e4ssle"},"url":"https:\/\/news.save.ch\/it\/author\/roger-straessle\/"}]}},"_links":{"self":[{"href":"https:\/\/news.save.ch\/it\/wp-json\/wp\/v2\/posts\/5731","targetHints":{"allow":["GET"]}}],"collection":[{"href":"https:\/\/news.save.ch\/it\/wp-json\/wp\/v2\/posts"}],"about":[{"href":"https:\/\/news.save.ch\/it\/wp-json\/wp\/v2\/types\/post"}],"author":[{"embeddable":true,"href":"https:\/\/news.save.ch\/it\/wp-json\/wp\/v2\/users\/8"}],"replies":[{"embeddable":true,"href":"https:\/\/news.save.ch\/it\/wp-json\/wp\/v2\/comments?post=5731"}],"version-history":[{"count":0,"href":"https:\/\/news.save.ch\/it\/wp-json\/wp\/v2\/posts\/5731\/revisions"}],"wp:featuredmedia":[{"embeddable":true,"href":"https:\/\/news.save.ch\/it\/wp-json\/wp\/v2\/media\/5737"}],"wp:attachment":[{"href":"https:\/\/news.save.ch\/it\/wp-json\/wp\/v2\/media?parent=5731"}],"wp:term":[{"taxonomy":"category","embeddable":true,"href":"https:\/\/news.save.ch\/it\/wp-json\/wp\/v2\/categories?post=5731"},{"taxonomy":"post_tag","embeddable":true,"href":"https:\/\/news.save.ch\/it\/wp-json\/wp\/v2\/tags?post=5731"}],"curies":[{"name":"wp","href":"https:\/\/api.w.org\/{rel}","templated":true}]}}