{"id":5745,"date":"2017-12-04T17:00:53","date_gmt":"2017-12-04T16:00:53","guid":{"rendered":"https:\/\/news.save.ch\/?p=5745"},"modified":"2017-12-04T17:00:53","modified_gmt":"2017-12-04T16:00:53","slug":"nationaler-aktionsplan-zur-bekaempfung-von-extremismus","status":null,"type":"post","link":"https:\/\/news.save.ch\/it\/nationaler-aktionsplan-zur-bekaempfung-von-extremismus\/","title":{"rendered":"Piano d'azione nazionale per la lotta all'estremismo"},"content":{"rendered":"<figure id=\"attachment_5747\" aria-describedby=\"caption-attachment-5747\" style=\"width: 500px\" class=\"wp-caption aligncenter\"><img loading=\"lazy\" decoding=\"async\" class=\"size-full wp-image-5747\" src=\"https:\/\/news.save.ch\/wp-content\/uploads\/2017\/12\/Depositphotos_103917750_s-2015.jpg\" alt=\"\" width=\"500\" height=\"400\" srcset=\"https:\/\/news.save.ch\/wp-content\/uploads\/2017\/12\/Depositphotos_103917750_s-2015.jpg 500w, https:\/\/news.save.ch\/wp-content\/uploads\/2017\/12\/Depositphotos_103917750_s-2015-375x300.jpg 375w\" sizes=\"auto, (max-width: 500px) 100vw, 500px\" \/><figcaption id=\"caption-attachment-5747\" class=\"wp-caption-text\">\u00a9 depositphotos, galaktika_new<\/figcaption><\/figure>\n<p>Il Consiglio federale\u00a0<a href=\"https:\/\/www.newsd.admin.ch\/newsd\/message\/attachments\/50666.pdf\">Piano d'azione<\/a> fa parte della strategia antiterrorismo della Svizzera, in cui la prevenzione \u00e8 di fondamentale importanza. Il piano d'azione offre un importante contributo in tal senso: promuove un'azione interdisciplinare a tutti i livelli del nostro Stato contro la radicalizzazione e l'estremismo violento. Crea quindi le condizioni per riconoscere e combattere la radicalizzazione e l'estremismo violento in tutte le sue forme. A tal fine, riunisce gli sforzi gi\u00e0 compiuti in questo settore.<\/p>\n<h2><strong>Adottato all'unanimit\u00e0<\/strong><\/h2>\n<p>Il piano d'azione \u00e8 stato sviluppato congiuntamente da Confederazione, cantoni, citt\u00e0 e comuni a partire da settembre 2016 sotto la guida del delegato della Rete Svizzera di Sicurezza (SVS). I presidi della Conferenza dei direttori cantonali di giustizia e polizia (KKJPD), della Conferenza svizzera dei direttori cantonali dell'educazione (EDK), della Conferenza dei direttori cantonali degli affari sociali (SODK), nonch\u00e9 dell'Associazione svizzera delle citt\u00e0 e dell'Associazione svizzera dei comuni hanno adottato il piano d'azione all'unanimit\u00e0 il 24 novembre 2017.<\/p>\n<p>Il Consiglio federale ha preso atto del Piano d'azione nella riunione del 1\u00b0 dicembre 2017 e ha annunciato l'intenzione di adottare un programma d'impulso quinquennale per dare il necessario impulso all'attuazione del Piano d'azione da parte degli organi competenti dei Cantoni, delle citt\u00e0 e dei Comuni. Il programma di impulso prevede un totale di 5 milioni di franchi svizzeri per sostenere progetti avviati dai livelli cantonale e comunale e dalla societ\u00e0 civile.<\/p>\n<h2>26 misure in cinque campi d'azione<\/h2>\n<p>Le 26 misure devono essere efficaci in cinque campi d'azione: 1. conoscenza e competenza, 2. cooperazione e coordinamento, 3. prevenzione di idee e gruppi estremisti, 4. uscita e reintegrazione e 5. cooperazione internazionale.<\/p>\n<p>Il PAN \u00e8 guidato dall'idea di base che la cooperazione interdisciplinare istituzionalizzata sia l'elemento pi\u00f9 importante per una prevenzione efficace. Assicura il collegamento in rete degli attori interessati e facilita l'azione congiunta. Il Piano d'azione raccomanda inoltre quanto segue:<\/p>\n<ul>\n<li>Si raccomanda che, a seconda delle dimensioni e delle funzioni di un cantone, di un comune o di una citt\u00e0, vengano designati degli uffici specializzati che siano a disposizione delle autorit\u00e0 locali o delle persone interessate e dei parenti per consulenze e per trasmettere conoscenze (misura 10).<\/li>\n<li>I professionisti dei settori educativo, sociale e giovanile, nonch\u00e9 il personale di polizia e penitenziario dovrebbero essere sensibilizzati sui temi della radicalizzazione e dell'estremismo violento. A loro dovrebbe essere offerta una formazione e un perfezionamento adeguati. Dovrebbero riconoscere precocemente i segni e i pericoli della radicalizzazione e agire di conseguenza (misura 2). Se necessario, devono potersi rivolgere a un'agenzia specializzata.<\/li>\n<\/ul>\n<h2>Coinvolgimento della societ\u00e0 civile<\/h2>\n<ul>\n<li>Anche la societ\u00e0 civile \u00e8 coinvolta nella prevenzione. I responsabili dei club sportivi, culturali e ricreativi possono essere sensibilizzati sul tema dalle loro associazioni nazionali o dalle autorit\u00e0 cantonali e comunali attraverso l'informazione e la formazione (misura 5).<\/li>\n<li>\u00c8 inoltre opportuno sviluppare materiali didattici e pedagogici e progetti sui temi della radicalizzazione e dell'estremismo violento per il settore scolastico ed extrascolastico, nonch\u00e9 scambiare informazioni su progetti e materiali esistenti (misura 9). \u00c8 importante notare che n\u00e9 gli insegnanti n\u00e9 gli allenatori sportivi, che svolgono un ruolo importante nello sviluppo personale delle persone, dovrebbero essere lasciati soli ad affrontare questa sfida. Dovrebbero essere in grado di rivolgersi a esperti per ottenere supporto.<\/li>\n<\/ul>\n<h2>Creare la gestione delle minacce e la reintegrazione<\/h2>\n<ul>\n<li>Un'altra raccomandazione riguarda la creazione di un sistema cantonale di gestione delle minacce che coinvolga autorit\u00e0 e istituzioni. Dovrebbe essere gestito dalla polizia e permettere di riconoscere tempestivamente la potenziale minaccia rappresentata da persone o gruppi gi\u00e0 noti alla polizia. Strumenti adeguati dovrebbero consentire di valutare correttamente il potenziale di minaccia e di disinnescarlo con misure adeguate (misura 14).<\/li>\n<li>Per promuovere l'uscita e il reinserimento, viene elaborato un catalogo di misure secondo un approccio interdisciplinare. Inoltre, si raccomanda che ogni Cantone designi un'autorit\u00e0 competente per la cura delle persone radicalizzate al di fuori dei procedimenti penali e del sistema penale (misure 21 e 22).<\/li>\n<\/ul>\n<h2>Coordinamento nazionale<\/h2>\n<ul>\n<li>L'SVS coordina il trasferimento di conoscenze ed esperienze insieme alle conferenze e alle associazioni coinvolte. Promuove la creazione di reti tra gli attori ai tre livelli di governo e coordina il monitoraggio annuale dell'attuazione delle misure (misura 16). Il Piano d'azione nazionale deve essere attuato e valutato entro cinque anni.<\/li>\n<\/ul>\n<h2>Continuare e integrare ci\u00f2 che gi\u00e0 esiste<\/h2>\n<p>Le misure del Piano d'azione nazionale devono essere considerate anche in combinazione con le misure, i programmi e le iniziative di prevenzione universale, selettiva e indicata gi\u00e0 esistenti nei settori dell'istruzione, degli affari sociali, dell'integrazione, della prevenzione della violenza e del crimine e della lotta alla discriminazione. Molti importanti sforzi di prevenzione sono gi\u00e0 in atto in tutta la Svizzera e a tutti i livelli di governo. Questi sforzi dovrebbero essere proseguiti, diffusi pi\u00f9 ampiamente e integrati con le misure del Piano d'azione nazionale.<\/p>\n<p><em>Fonte: Confederazione<\/em><\/p>","protected":false},"excerpt":{"rendered":"<p>Der bundesr\u00e4tliche\u00a0Aktionsplan ist Teil der Strategie der Schweiz zur Terrorismusbek\u00e4mpfung, bei der die Pr\u00e4vention von entscheidender Bedeutung ist. Der Aktionsplan leistet dazu einen wichtigen Beitrag: Er f\u00f6rdert das interdisziplin\u00e4re Vorgehen auf allen Ebenen unseres Staates gegen Radikalisierung und gewaltt\u00e4tigen Extremismus. Er schafft damit die Voraussetzungen daf\u00fcr, dass Radikalisierung und gewaltt\u00e4tiger Extremismus in all ihren Formen [&hellip;]<\/p>\n","protected":false},"author":8,"featured_media":5747,"comment_status":"open","ping_status":"open","sticky":false,"template":"","format":"standard","meta":{"_acf_changed":false,"pgc_sgb_lightbox_settings":"","footnotes":""},"categories":[1],"tags":[69],"class_list":["post-5745","post","type-post","status-publish","format-standard","has-post-thumbnail","hentry","category-allgemein","tag-justiz-polizei"],"acf":[],"hkrextid":null,"publication":null,"issue":null,"workflow":null,"startPage":null,"spitzmarke":null,"_posts_by_tag_page_fields":{"widget_title":"","widget_tags":""},"_at_widget":"1","_yoast_wpseo_primary_category":"","_yoast_wpseo_focuskw_text_input":"Aktionsplan","_yoast_wpseo_opengraph-image":null,"_yoast_wpseo_opengraph-description":null,"_yoast_wpseo_opengraph-title":null,"enclosure":null,"_yoast_wpseo_twitter-title":null,"_yoast_wpseo_twitter-description":null,"_yoast_wpseo_twitter-image":null,"_wp_old_slug":null,"_yoast_wpseo_title":null,"_yoast_wpseo_canonical":null,"yoast_head":"<!-- This site is optimized with the Yoast SEO plugin v27.5 - https:\/\/yoast.com\/product\/yoast-seo-wordpress\/ -->\n<title>Nationaler Aktionsplan zur Bek\u00e4mpfung von Extremismus - Save<\/title>\n<meta name=\"description\" content=\"Der bundesr\u00e4tliche\u00a0Aktionsplan ist Teil der Strategie der Schweiz zur Terrorismusbek\u00e4mpfung, bei der die Pr\u00e4vention von entscheidender Bedeutung ist.\" \/>\n<meta name=\"robots\" content=\"index, follow, max-snippet:-1, max-image-preview:large, max-video-preview:-1\" \/>\n<link rel=\"canonical\" href=\"https:\/\/news.save.ch\/it\/nationaler-aktionsplan-zur-bekaempfung-von-extremismus\/\" \/>\n<meta property=\"og:locale\" content=\"it_IT\" \/>\n<meta property=\"og:type\" content=\"article\" \/>\n<meta property=\"og:title\" content=\"Nationaler Aktionsplan zur Bek\u00e4mpfung von Extremismus - Save\" \/>\n<meta property=\"og:description\" content=\"Der bundesr\u00e4tliche\u00a0Aktionsplan ist Teil der Strategie der Schweiz zur Terrorismusbek\u00e4mpfung, bei der die Pr\u00e4vention von entscheidender Bedeutung ist.\" \/>\n<meta property=\"og:url\" content=\"https:\/\/news.save.ch\/it\/nationaler-aktionsplan-zur-bekaempfung-von-extremismus\/\" \/>\n<meta property=\"og:site_name\" content=\"Save\" \/>\n<meta property=\"article:published_time\" content=\"2017-12-04T16:00:53+00:00\" \/>\n<meta property=\"og:image\" content=\"https:\/\/news.save.ch\/wp-content\/uploads\/2017\/12\/Depositphotos_103917750_s-2015.jpg\" \/>\n\t<meta property=\"og:image:width\" content=\"500\" \/>\n\t<meta property=\"og:image:height\" content=\"400\" \/>\n\t<meta property=\"og:image:type\" content=\"image\/jpeg\" \/>\n<meta name=\"author\" content=\"Roger Str\u00e4ssle\" \/>\n<meta name=\"twitter:card\" content=\"summary_large_image\" \/>\n<meta name=\"twitter:label1\" content=\"Scritto da\" \/>\n\t<meta name=\"twitter:data1\" content=\"Roger Str\u00e4ssle\" \/>\n\t<meta name=\"twitter:label2\" content=\"Tempo di lettura stimato\" \/>\n\t<meta name=\"twitter:data2\" content=\"4 minuti\" \/>\n<script type=\"application\/ld+json\" class=\"yoast-schema-graph\">{\"@context\":\"https:\\\/\\\/schema.org\",\"@graph\":[{\"@type\":\"Article\",\"@id\":\"https:\\\/\\\/news.save.ch\\\/nationaler-aktionsplan-zur-bekaempfung-von-extremismus\\\/#article\",\"isPartOf\":{\"@id\":\"https:\\\/\\\/news.save.ch\\\/nationaler-aktionsplan-zur-bekaempfung-von-extremismus\\\/\"},\"author\":{\"name\":\"Roger Str\u00e4ssle\",\"@id\":\"https:\\\/\\\/news.save.ch\\\/de\\\/#\\\/schema\\\/person\\\/d5022db048e0e2b9785c50e5b24da5aa\"},\"headline\":\"Nationaler Aktionsplan zur Bek\u00e4mpfung von Extremismus\",\"datePublished\":\"2017-12-04T16:00:53+00:00\",\"mainEntityOfPage\":{\"@id\":\"https:\\\/\\\/news.save.ch\\\/nationaler-aktionsplan-zur-bekaempfung-von-extremismus\\\/\"},\"wordCount\":786,\"commentCount\":0,\"publisher\":{\"@id\":\"https:\\\/\\\/news.save.ch\\\/de\\\/#organization\"},\"image\":{\"@id\":\"https:\\\/\\\/news.save.ch\\\/nationaler-aktionsplan-zur-bekaempfung-von-extremismus\\\/#primaryimage\"},\"thumbnailUrl\":\"https:\\\/\\\/news.save.ch\\\/wp-content\\\/uploads\\\/2017\\\/12\\\/Depositphotos_103917750_s-2015.jpg\",\"keywords\":[\"Justiz &amp; Polizei\"],\"articleSection\":[\"ALLGEMEIN\"],\"inLanguage\":\"it-IT\"},{\"@type\":\"WebPage\",\"@id\":\"https:\\\/\\\/news.save.ch\\\/nationaler-aktionsplan-zur-bekaempfung-von-extremismus\\\/\",\"url\":\"https:\\\/\\\/news.save.ch\\\/nationaler-aktionsplan-zur-bekaempfung-von-extremismus\\\/\",\"name\":\"Nationaler Aktionsplan zur Bek\u00e4mpfung von Extremismus - Save\",\"isPartOf\":{\"@id\":\"https:\\\/\\\/news.save.ch\\\/de\\\/#website\"},\"primaryImageOfPage\":{\"@id\":\"https:\\\/\\\/news.save.ch\\\/nationaler-aktionsplan-zur-bekaempfung-von-extremismus\\\/#primaryimage\"},\"image\":{\"@id\":\"https:\\\/\\\/news.save.ch\\\/nationaler-aktionsplan-zur-bekaempfung-von-extremismus\\\/#primaryimage\"},\"thumbnailUrl\":\"https:\\\/\\\/news.save.ch\\\/wp-content\\\/uploads\\\/2017\\\/12\\\/Depositphotos_103917750_s-2015.jpg\",\"datePublished\":\"2017-12-04T16:00:53+00:00\",\"description\":\"Der bundesr\u00e4tliche\u00a0Aktionsplan ist Teil der Strategie der Schweiz zur Terrorismusbek\u00e4mpfung, bei der die Pr\u00e4vention von entscheidender Bedeutung ist.\",\"breadcrumb\":{\"@id\":\"https:\\\/\\\/news.save.ch\\\/nationaler-aktionsplan-zur-bekaempfung-von-extremismus\\\/#breadcrumb\"},\"inLanguage\":\"it-IT\",\"potentialAction\":[{\"@type\":\"ReadAction\",\"target\":[\"https:\\\/\\\/news.save.ch\\\/nationaler-aktionsplan-zur-bekaempfung-von-extremismus\\\/\"]}]},{\"@type\":\"ImageObject\",\"inLanguage\":\"it-IT\",\"@id\":\"https:\\\/\\\/news.save.ch\\\/nationaler-aktionsplan-zur-bekaempfung-von-extremismus\\\/#primaryimage\",\"url\":\"https:\\\/\\\/news.save.ch\\\/wp-content\\\/uploads\\\/2017\\\/12\\\/Depositphotos_103917750_s-2015.jpg\",\"contentUrl\":\"https:\\\/\\\/news.save.ch\\\/wp-content\\\/uploads\\\/2017\\\/12\\\/Depositphotos_103917750_s-2015.jpg\",\"width\":500,\"height\":400,\"caption\":\"\u00a9 depositphotos, galaktika_new\"},{\"@type\":\"BreadcrumbList\",\"@id\":\"https:\\\/\\\/news.save.ch\\\/nationaler-aktionsplan-zur-bekaempfung-von-extremismus\\\/#breadcrumb\",\"itemListElement\":[{\"@type\":\"ListItem\",\"position\":1,\"name\":\"Home\",\"item\":\"https:\\\/\\\/news.save.ch\\\/de\\\/\"},{\"@type\":\"ListItem\",\"position\":2,\"name\":\"Nationaler Aktionsplan zur Bek\u00e4mpfung von Extremismus\"}]},{\"@type\":\"WebSite\",\"@id\":\"https:\\\/\\\/news.save.ch\\\/de\\\/#website\",\"url\":\"https:\\\/\\\/news.save.ch\\\/de\\\/\",\"name\":\"Save\",\"description\":\"Schweizer Fachzeitschrift f\u00fcr Sicherheit\",\"publisher\":{\"@id\":\"https:\\\/\\\/news.save.ch\\\/de\\\/#organization\"},\"potentialAction\":[{\"@type\":\"SearchAction\",\"target\":{\"@type\":\"EntryPoint\",\"urlTemplate\":\"https:\\\/\\\/news.save.ch\\\/de\\\/?s={search_term_string}\"},\"query-input\":{\"@type\":\"PropertyValueSpecification\",\"valueRequired\":true,\"valueName\":\"search_term_string\"}}],\"inLanguage\":\"it-IT\"},{\"@type\":\"Organization\",\"@id\":\"https:\\\/\\\/news.save.ch\\\/de\\\/#organization\",\"name\":\"Sicherheitsforum\",\"url\":\"https:\\\/\\\/news.save.ch\\\/de\\\/\",\"logo\":{\"@type\":\"ImageObject\",\"inLanguage\":\"it-IT\",\"@id\":\"https:\\\/\\\/news.save.ch\\\/de\\\/#\\\/schema\\\/logo\\\/image\\\/\",\"url\":\"https:\\\/\\\/news.save.ch\\\/wp-content\\\/uploads\\\/2022\\\/06\\\/Logo_SF_2012.png\",\"contentUrl\":\"https:\\\/\\\/news.save.ch\\\/wp-content\\\/uploads\\\/2022\\\/06\\\/Logo_SF_2012.png\",\"width\":1100,\"height\":91,\"caption\":\"Sicherheitsforum\"},\"image\":{\"@id\":\"https:\\\/\\\/news.save.ch\\\/de\\\/#\\\/schema\\\/logo\\\/image\\\/\"}},{\"@type\":\"Person\",\"@id\":\"https:\\\/\\\/news.save.ch\\\/de\\\/#\\\/schema\\\/person\\\/d5022db048e0e2b9785c50e5b24da5aa\",\"name\":\"Roger Str\u00e4ssle\",\"image\":{\"@type\":\"ImageObject\",\"inLanguage\":\"it-IT\",\"@id\":\"https:\\\/\\\/secure.gravatar.com\\\/avatar\\\/862a5569d087de48e5856e32f45d719a03804c891d6deb8d4f71a660e79e4a47?s=96&d=mm&r=g\",\"url\":\"https:\\\/\\\/secure.gravatar.com\\\/avatar\\\/862a5569d087de48e5856e32f45d719a03804c891d6deb8d4f71a660e79e4a47?s=96&d=mm&r=g\",\"contentUrl\":\"https:\\\/\\\/secure.gravatar.com\\\/avatar\\\/862a5569d087de48e5856e32f45d719a03804c891d6deb8d4f71a660e79e4a47?s=96&d=mm&r=g\",\"caption\":\"Roger Str\u00e4ssle\"},\"url\":\"https:\\\/\\\/news.save.ch\\\/it\\\/author\\\/roger-straessle\\\/\"}]}<\/script>\n<!-- \/ Yoast SEO plugin. -->","yoast_head_json":{"title":"Piano d'azione nazionale contro l'estremismo - Salva","description":"Il piano d'azione del Consiglio federale rientra nella strategia antiterrorismo della Svizzera, in cui la prevenzione riveste un'importanza fondamentale.","robots":{"index":"index","follow":"follow","max-snippet":"max-snippet:-1","max-image-preview":"max-image-preview:large","max-video-preview":"max-video-preview:-1"},"canonical":"https:\/\/news.save.ch\/it\/nationaler-aktionsplan-zur-bekaempfung-von-extremismus\/","og_locale":"it_IT","og_type":"article","og_title":"Nationaler Aktionsplan zur Bek\u00e4mpfung von Extremismus - Save","og_description":"Der bundesr\u00e4tliche\u00a0Aktionsplan ist Teil der Strategie der Schweiz zur Terrorismusbek\u00e4mpfung, bei der die Pr\u00e4vention von entscheidender Bedeutung ist.","og_url":"https:\/\/news.save.ch\/it\/nationaler-aktionsplan-zur-bekaempfung-von-extremismus\/","og_site_name":"Save","article_published_time":"2017-12-04T16:00:53+00:00","og_image":[{"width":500,"height":400,"url":"https:\/\/news.save.ch\/wp-content\/uploads\/2017\/12\/Depositphotos_103917750_s-2015.jpg","type":"image\/jpeg"}],"author":"Roger Str\u00e4ssle","twitter_card":"summary_large_image","twitter_misc":{"Scritto da":"Roger Str\u00e4ssle","Tempo di lettura stimato":"4 minuti"},"schema":{"@context":"https:\/\/schema.org","@graph":[{"@type":"Article","@id":"https:\/\/news.save.ch\/nationaler-aktionsplan-zur-bekaempfung-von-extremismus\/#article","isPartOf":{"@id":"https:\/\/news.save.ch\/nationaler-aktionsplan-zur-bekaempfung-von-extremismus\/"},"author":{"name":"Roger Str\u00e4ssle","@id":"https:\/\/news.save.ch\/de\/#\/schema\/person\/d5022db048e0e2b9785c50e5b24da5aa"},"headline":"Nationaler Aktionsplan zur Bek\u00e4mpfung von Extremismus","datePublished":"2017-12-04T16:00:53+00:00","mainEntityOfPage":{"@id":"https:\/\/news.save.ch\/nationaler-aktionsplan-zur-bekaempfung-von-extremismus\/"},"wordCount":786,"commentCount":0,"publisher":{"@id":"https:\/\/news.save.ch\/de\/#organization"},"image":{"@id":"https:\/\/news.save.ch\/nationaler-aktionsplan-zur-bekaempfung-von-extremismus\/#primaryimage"},"thumbnailUrl":"https:\/\/news.save.ch\/wp-content\/uploads\/2017\/12\/Depositphotos_103917750_s-2015.jpg","keywords":["Justiz &amp; Polizei"],"articleSection":["ALLGEMEIN"],"inLanguage":"it-IT"},{"@type":"WebPage","@id":"https:\/\/news.save.ch\/nationaler-aktionsplan-zur-bekaempfung-von-extremismus\/","url":"https:\/\/news.save.ch\/nationaler-aktionsplan-zur-bekaempfung-von-extremismus\/","name":"Piano d'azione nazionale contro l'estremismo - Salva","isPartOf":{"@id":"https:\/\/news.save.ch\/de\/#website"},"primaryImageOfPage":{"@id":"https:\/\/news.save.ch\/nationaler-aktionsplan-zur-bekaempfung-von-extremismus\/#primaryimage"},"image":{"@id":"https:\/\/news.save.ch\/nationaler-aktionsplan-zur-bekaempfung-von-extremismus\/#primaryimage"},"thumbnailUrl":"https:\/\/news.save.ch\/wp-content\/uploads\/2017\/12\/Depositphotos_103917750_s-2015.jpg","datePublished":"2017-12-04T16:00:53+00:00","description":"Il piano d'azione del Consiglio federale rientra nella strategia antiterrorismo della Svizzera, in cui la prevenzione riveste un'importanza fondamentale.","breadcrumb":{"@id":"https:\/\/news.save.ch\/nationaler-aktionsplan-zur-bekaempfung-von-extremismus\/#breadcrumb"},"inLanguage":"it-IT","potentialAction":[{"@type":"ReadAction","target":["https:\/\/news.save.ch\/nationaler-aktionsplan-zur-bekaempfung-von-extremismus\/"]}]},{"@type":"ImageObject","inLanguage":"it-IT","@id":"https:\/\/news.save.ch\/nationaler-aktionsplan-zur-bekaempfung-von-extremismus\/#primaryimage","url":"https:\/\/news.save.ch\/wp-content\/uploads\/2017\/12\/Depositphotos_103917750_s-2015.jpg","contentUrl":"https:\/\/news.save.ch\/wp-content\/uploads\/2017\/12\/Depositphotos_103917750_s-2015.jpg","width":500,"height":400,"caption":"\u00a9 depositphotos, galaktika_new"},{"@type":"BreadcrumbList","@id":"https:\/\/news.save.ch\/nationaler-aktionsplan-zur-bekaempfung-von-extremismus\/#breadcrumb","itemListElement":[{"@type":"ListItem","position":1,"name":"Home","item":"https:\/\/news.save.ch\/de\/"},{"@type":"ListItem","position":2,"name":"Nationaler Aktionsplan zur Bek\u00e4mpfung von Extremismus"}]},{"@type":"WebSite","@id":"https:\/\/news.save.ch\/de\/#website","url":"https:\/\/news.save.ch\/de\/","name":"Risparmiare","description":"Rivista svizzera specializzata in sicurezza","publisher":{"@id":"https:\/\/news.save.ch\/de\/#organization"},"potentialAction":[{"@type":"SearchAction","target":{"@type":"EntryPoint","urlTemplate":"https:\/\/news.save.ch\/de\/?s={search_term_string}"},"query-input":{"@type":"PropertyValueSpecification","valueRequired":true,"valueName":"search_term_string"}}],"inLanguage":"it-IT"},{"@type":"Organization","@id":"https:\/\/news.save.ch\/de\/#organization","name":"Forum sulla sicurezza","url":"https:\/\/news.save.ch\/de\/","logo":{"@type":"ImageObject","inLanguage":"it-IT","@id":"https:\/\/news.save.ch\/de\/#\/schema\/logo\/image\/","url":"https:\/\/news.save.ch\/wp-content\/uploads\/2022\/06\/Logo_SF_2012.png","contentUrl":"https:\/\/news.save.ch\/wp-content\/uploads\/2022\/06\/Logo_SF_2012.png","width":1100,"height":91,"caption":"Sicherheitsforum"},"image":{"@id":"https:\/\/news.save.ch\/de\/#\/schema\/logo\/image\/"}},{"@type":"Person","@id":"https:\/\/news.save.ch\/de\/#\/schema\/person\/d5022db048e0e2b9785c50e5b24da5aa","name":"Roger Str\u00e4ssle","image":{"@type":"ImageObject","inLanguage":"it-IT","@id":"https:\/\/secure.gravatar.com\/avatar\/862a5569d087de48e5856e32f45d719a03804c891d6deb8d4f71a660e79e4a47?s=96&d=mm&r=g","url":"https:\/\/secure.gravatar.com\/avatar\/862a5569d087de48e5856e32f45d719a03804c891d6deb8d4f71a660e79e4a47?s=96&d=mm&r=g","contentUrl":"https:\/\/secure.gravatar.com\/avatar\/862a5569d087de48e5856e32f45d719a03804c891d6deb8d4f71a660e79e4a47?s=96&d=mm&r=g","caption":"Roger Str\u00e4ssle"},"url":"https:\/\/news.save.ch\/it\/author\/roger-straessle\/"}]}},"_links":{"self":[{"href":"https:\/\/news.save.ch\/it\/wp-json\/wp\/v2\/posts\/5745","targetHints":{"allow":["GET"]}}],"collection":[{"href":"https:\/\/news.save.ch\/it\/wp-json\/wp\/v2\/posts"}],"about":[{"href":"https:\/\/news.save.ch\/it\/wp-json\/wp\/v2\/types\/post"}],"author":[{"embeddable":true,"href":"https:\/\/news.save.ch\/it\/wp-json\/wp\/v2\/users\/8"}],"replies":[{"embeddable":true,"href":"https:\/\/news.save.ch\/it\/wp-json\/wp\/v2\/comments?post=5745"}],"version-history":[{"count":0,"href":"https:\/\/news.save.ch\/it\/wp-json\/wp\/v2\/posts\/5745\/revisions"}],"wp:featuredmedia":[{"embeddable":true,"href":"https:\/\/news.save.ch\/it\/wp-json\/wp\/v2\/media\/5747"}],"wp:attachment":[{"href":"https:\/\/news.save.ch\/it\/wp-json\/wp\/v2\/media?parent=5745"}],"wp:term":[{"taxonomy":"category","embeddable":true,"href":"https:\/\/news.save.ch\/it\/wp-json\/wp\/v2\/categories?post=5745"},{"taxonomy":"post_tag","embeddable":true,"href":"https:\/\/news.save.ch\/it\/wp-json\/wp\/v2\/tags?post=5745"}],"curies":[{"name":"wp","href":"https:\/\/api.w.org\/{rel}","templated":true}]}}