{"id":5910,"date":"2018-01-25T16:26:24","date_gmt":"2018-01-25T15:26:24","guid":{"rendered":"https:\/\/news.save.ch\/?p=5910"},"modified":"2023-03-14T08:56:58","modified_gmt":"2023-03-14T07:56:58","slug":"infoguard-fuehrt-management-buy-out-durch","status":null,"type":"post","link":"https:\/\/news.save.ch\/it\/infoguard-fuehrt-management-buy-out-durch\/","title":{"rendered":"InfoGuard effettua il management buy-out"},"content":{"rendered":"<figure id=\"attachment_5911\" aria-describedby=\"caption-attachment-5911\" style=\"width: 680px\" class=\"wp-caption aligncenter\"><img loading=\"lazy\" decoding=\"async\" class=\"wp-image-5911 size-medium\" src=\"https:\/\/news.save.ch\/wp-content\/uploads\/2018\/01\/Depositphotos_13528450_m-2015.jpg\" alt=\"InfoGuard\" width=\"680\" height=\"377\" srcset=\"https:\/\/news.save.ch\/wp-content\/uploads\/2018\/01\/Depositphotos_13528450_m-2015.jpg 1000w, https:\/\/news.save.ch\/wp-content\/uploads\/2018\/01\/Depositphotos_13528450_m-2015-375x208.jpg 375w\" sizes=\"auto, (max-width: 680px) 100vw, 680px\" \/><figcaption id=\"caption-attachment-5911\" class=\"wp-caption-text\">depositofoto<\/figcaption><\/figure>\n<p>&nbsp;<\/p>\n<p>La domanda di servizi e soluzioni nel campo della sicurezza informatica e del <a href=\"https:\/\/news.save.ch\/it\/infoguard-baut-ein-neues-cyber-defence-center\/\">Difesa informatica<\/a> \u00e8 in continuo aumento. L'azienda fondata nel 1988 ha <a href=\"https:\/\/www.infoguard.ch\/de\">InfoGuard<\/a> ha tratto enormi benefici negli ultimi anni e ha registrato una forte crescita. Nello scorso anno commerciale 2017, l'azienda ha nuovamente registrato una crescita del fatturato e del personale di oltre il 10%. L'azienda impiega attualmente 100 esperti nelle aree della consulenza sulla sicurezza, dei test di penetrazione, dell'integrazione e dell'ingegnerizzazione di soluzioni di sicurezza informatica e di rete, nonch\u00e9 nell'area delle operazioni di sicurezza. Secondo l'azienda, negli ultimi anni ha investito molto in questo settore e ha ampliato ulteriormente i servizi offerti dal Centro svizzero di difesa informatica. Per garantire la sua posizione di successo a lungo termine e per effettuare investimenti mirati in nuovi settori, l'azienda si sta ristrutturando attraverso un management buy-out (MBO).<\/p>\n<p><strong>Chi c'\u00e8 dietro l'MBO?<\/strong><\/p>\n<p>Secondo un comunicato, l'MBO sar\u00e0 guidato da Robert Schlup (Presidente del Consiglio di Amministrazione di InfoGuard AG e Crypto Schweiz AG), Thomas Meier (CEO di InfoGuard AG) e Giuliano Otth (CEO di Crypto Schweiz AG). Inoltre, la direzione di InfoGuard parteciper\u00e0 anche al rinomato esperto svizzero di sicurezza informatica. Oltre a Thomas Meier, il Comitato esecutivo continuer\u00e0 a essere composto dai membri di lunga data Stefan Thomann, Franco Cerminara, Ricardo Balseiro ed Ernesto Hartmann, nonch\u00e9 dal direttore finanziario Raphael Kugler, nominato di recente. Thomas Meier \u00e8 convinto: \"Con il nuovo assetto proprietario, InfoGuard pu\u00f2 sviluppare ulteriormente la sua posizione di successo come esperto di sicurezza informatica e garantire una crescita sostenibile. Questo ci permetter\u00e0 di adattarci in modo ancora pi\u00f9 specifico ed efficiente alle mutevoli esigenze del mercato e di servire in modo ottimale i nostri clienti.\"<\/p>\n<p><em>Fonte: InfoGuard<\/em><\/p>","protected":false},"excerpt":{"rendered":"<p>&nbsp; Die Nachfrage nach Dienstleistungen und L\u00f6sungen im Bereich der Cyber Security und Cyber Defence nimmt kontinuierlich zu. Davon hat das 1988 gegr\u00fcndete InfoGuard in den letzten Jahren enorm profitiert und ist stark gewachsen. Auch im vergangenen Gesch\u00e4ftsjahr 2017 konnte laut Angaben wiederum ein Umsatz- und Personalwachstum von \u00fcber 10 Prozent verzeichnet werden. Derzeit besch\u00e4ftigt [&hellip;]<\/p>\n","protected":false},"author":8,"featured_media":5911,"comment_status":"open","ping_status":"open","sticky":false,"template":"","format":"standard","meta":{"_acf_changed":false,"pgc_sgb_lightbox_settings":"","footnotes":""},"categories":[3313],"tags":[96,62,63,65],"class_list":["post-5910","post","type-post","status-publish","format-standard","has-post-thumbnail","hentry","category-digitalisierung","tag-cyber-crime","tag-ict-sicherheit","tag-it-security","tag-unternehmen"],"acf":[],"hkrextid":null,"publication":null,"issue":null,"workflow":null,"startPage":null,"spitzmarke":null,"_posts_by_tag_page_fields":{"widget_title":"","widget_tags":""},"_at_widget":"1","_yoast_wpseo_primary_category":"2","_yoast_wpseo_focuskw_text_input":"InfoGuard","_yoast_wpseo_opengraph-image":null,"_yoast_wpseo_opengraph-description":null,"_yoast_wpseo_opengraph-title":null,"enclosure":null,"_yoast_wpseo_twitter-title":null,"_yoast_wpseo_twitter-description":null,"_yoast_wpseo_twitter-image":null,"_wp_old_slug":null,"_yoast_wpseo_title":null,"_yoast_wpseo_canonical":null,"yoast_head":"<!-- This site is optimized with the Yoast SEO plugin v27.5 - https:\/\/yoast.com\/product\/yoast-seo-wordpress\/ -->\n<title>InfoGuard f\u00fchrt Management-Buy-out durch - Save<\/title>\n<meta name=\"description\" content=\"InfoGuard f\u00fchrt per 1. Februar 2018 ein Management-Buy-out durch und vereinfacht dadurch ihre Eigentumsstruktur, wie das Unternehmen mitgeteilt hat.\" \/>\n<meta name=\"robots\" content=\"index, follow, max-snippet:-1, max-image-preview:large, max-video-preview:-1\" \/>\n<link rel=\"canonical\" href=\"https:\/\/news.save.ch\/it\/infoguard-fuehrt-management-buy-out-durch\/\" \/>\n<meta property=\"og:locale\" content=\"it_IT\" \/>\n<meta property=\"og:type\" content=\"article\" \/>\n<meta property=\"og:title\" content=\"InfoGuard f\u00fchrt Management-Buy-out durch - Save\" \/>\n<meta property=\"og:description\" content=\"InfoGuard f\u00fchrt per 1. Februar 2018 ein Management-Buy-out durch und vereinfacht dadurch ihre Eigentumsstruktur, wie das Unternehmen mitgeteilt hat.\" \/>\n<meta property=\"og:url\" content=\"https:\/\/news.save.ch\/it\/infoguard-fuehrt-management-buy-out-durch\/\" \/>\n<meta property=\"og:site_name\" content=\"Save\" \/>\n<meta property=\"article:published_time\" content=\"2018-01-25T15:26:24+00:00\" \/>\n<meta property=\"article:modified_time\" content=\"2023-03-14T07:56:58+00:00\" \/>\n<meta property=\"og:image\" content=\"https:\/\/news.save.ch\/wp-content\/uploads\/2018\/01\/Depositphotos_13528450_m-2015.jpg\" \/>\n\t<meta property=\"og:image:width\" content=\"1000\" \/>\n\t<meta property=\"og:image:height\" content=\"554\" \/>\n\t<meta property=\"og:image:type\" content=\"image\/jpeg\" \/>\n<meta name=\"author\" content=\"Roger Str\u00e4ssle\" \/>\n<meta name=\"twitter:card\" content=\"summary_large_image\" \/>\n<meta name=\"twitter:label1\" content=\"Scritto da\" \/>\n\t<meta name=\"twitter:data1\" content=\"Roger Str\u00e4ssle\" \/>\n\t<meta name=\"twitter:label2\" content=\"Tempo di lettura stimato\" \/>\n\t<meta name=\"twitter:data2\" content=\"1 minuto\" \/>\n<script type=\"application\/ld+json\" class=\"yoast-schema-graph\">{\"@context\":\"https:\\\/\\\/schema.org\",\"@graph\":[{\"@type\":\"Article\",\"@id\":\"https:\\\/\\\/news.save.ch\\\/infoguard-fuehrt-management-buy-out-durch\\\/#article\",\"isPartOf\":{\"@id\":\"https:\\\/\\\/news.save.ch\\\/infoguard-fuehrt-management-buy-out-durch\\\/\"},\"author\":{\"name\":\"Roger Str\u00e4ssle\",\"@id\":\"https:\\\/\\\/news.save.ch\\\/de\\\/#\\\/schema\\\/person\\\/d5022db048e0e2b9785c50e5b24da5aa\"},\"headline\":\"InfoGuard f\u00fchrt Management-Buy-out durch\",\"datePublished\":\"2018-01-25T15:26:24+00:00\",\"dateModified\":\"2023-03-14T07:56:58+00:00\",\"mainEntityOfPage\":{\"@id\":\"https:\\\/\\\/news.save.ch\\\/infoguard-fuehrt-management-buy-out-durch\\\/\"},\"wordCount\":270,\"commentCount\":0,\"publisher\":{\"@id\":\"https:\\\/\\\/news.save.ch\\\/de\\\/#organization\"},\"image\":{\"@id\":\"https:\\\/\\\/news.save.ch\\\/infoguard-fuehrt-management-buy-out-durch\\\/#primaryimage\"},\"thumbnailUrl\":\"https:\\\/\\\/news.save.ch\\\/wp-content\\\/uploads\\\/2018\\\/01\\\/Depositphotos_13528450_m-2015.jpg\",\"keywords\":[\"Cyber-Crime\",\"ICT-Sicherheit\",\"IT-SECURITY\",\"Unternehmen\"],\"articleSection\":[\"DIGITALISIERUNG\"],\"inLanguage\":\"it-IT\"},{\"@type\":\"WebPage\",\"@id\":\"https:\\\/\\\/news.save.ch\\\/infoguard-fuehrt-management-buy-out-durch\\\/\",\"url\":\"https:\\\/\\\/news.save.ch\\\/infoguard-fuehrt-management-buy-out-durch\\\/\",\"name\":\"InfoGuard f\u00fchrt Management-Buy-out durch - Save\",\"isPartOf\":{\"@id\":\"https:\\\/\\\/news.save.ch\\\/de\\\/#website\"},\"primaryImageOfPage\":{\"@id\":\"https:\\\/\\\/news.save.ch\\\/infoguard-fuehrt-management-buy-out-durch\\\/#primaryimage\"},\"image\":{\"@id\":\"https:\\\/\\\/news.save.ch\\\/infoguard-fuehrt-management-buy-out-durch\\\/#primaryimage\"},\"thumbnailUrl\":\"https:\\\/\\\/news.save.ch\\\/wp-content\\\/uploads\\\/2018\\\/01\\\/Depositphotos_13528450_m-2015.jpg\",\"datePublished\":\"2018-01-25T15:26:24+00:00\",\"dateModified\":\"2023-03-14T07:56:58+00:00\",\"description\":\"InfoGuard f\u00fchrt per 1. Februar 2018 ein Management-Buy-out durch und vereinfacht dadurch ihre Eigentumsstruktur, wie das Unternehmen mitgeteilt hat.\",\"breadcrumb\":{\"@id\":\"https:\\\/\\\/news.save.ch\\\/infoguard-fuehrt-management-buy-out-durch\\\/#breadcrumb\"},\"inLanguage\":\"it-IT\",\"potentialAction\":[{\"@type\":\"ReadAction\",\"target\":[\"https:\\\/\\\/news.save.ch\\\/infoguard-fuehrt-management-buy-out-durch\\\/\"]}]},{\"@type\":\"ImageObject\",\"inLanguage\":\"it-IT\",\"@id\":\"https:\\\/\\\/news.save.ch\\\/infoguard-fuehrt-management-buy-out-durch\\\/#primaryimage\",\"url\":\"https:\\\/\\\/news.save.ch\\\/wp-content\\\/uploads\\\/2018\\\/01\\\/Depositphotos_13528450_m-2015.jpg\",\"contentUrl\":\"https:\\\/\\\/news.save.ch\\\/wp-content\\\/uploads\\\/2018\\\/01\\\/Depositphotos_13528450_m-2015.jpg\",\"width\":1000,\"height\":554,\"caption\":\"depositphotos\"},{\"@type\":\"BreadcrumbList\",\"@id\":\"https:\\\/\\\/news.save.ch\\\/infoguard-fuehrt-management-buy-out-durch\\\/#breadcrumb\",\"itemListElement\":[{\"@type\":\"ListItem\",\"position\":1,\"name\":\"Home\",\"item\":\"https:\\\/\\\/news.save.ch\\\/de\\\/\"},{\"@type\":\"ListItem\",\"position\":2,\"name\":\"InfoGuard f\u00fchrt Management-Buy-out durch\"}]},{\"@type\":\"WebSite\",\"@id\":\"https:\\\/\\\/news.save.ch\\\/de\\\/#website\",\"url\":\"https:\\\/\\\/news.save.ch\\\/de\\\/\",\"name\":\"Save\",\"description\":\"Schweizer Fachzeitschrift f\u00fcr Sicherheit\",\"publisher\":{\"@id\":\"https:\\\/\\\/news.save.ch\\\/de\\\/#organization\"},\"potentialAction\":[{\"@type\":\"SearchAction\",\"target\":{\"@type\":\"EntryPoint\",\"urlTemplate\":\"https:\\\/\\\/news.save.ch\\\/de\\\/?s={search_term_string}\"},\"query-input\":{\"@type\":\"PropertyValueSpecification\",\"valueRequired\":true,\"valueName\":\"search_term_string\"}}],\"inLanguage\":\"it-IT\"},{\"@type\":\"Organization\",\"@id\":\"https:\\\/\\\/news.save.ch\\\/de\\\/#organization\",\"name\":\"Sicherheitsforum\",\"url\":\"https:\\\/\\\/news.save.ch\\\/de\\\/\",\"logo\":{\"@type\":\"ImageObject\",\"inLanguage\":\"it-IT\",\"@id\":\"https:\\\/\\\/news.save.ch\\\/de\\\/#\\\/schema\\\/logo\\\/image\\\/\",\"url\":\"https:\\\/\\\/news.save.ch\\\/wp-content\\\/uploads\\\/2022\\\/06\\\/Logo_SF_2012.png\",\"contentUrl\":\"https:\\\/\\\/news.save.ch\\\/wp-content\\\/uploads\\\/2022\\\/06\\\/Logo_SF_2012.png\",\"width\":1100,\"height\":91,\"caption\":\"Sicherheitsforum\"},\"image\":{\"@id\":\"https:\\\/\\\/news.save.ch\\\/de\\\/#\\\/schema\\\/logo\\\/image\\\/\"}},{\"@type\":\"Person\",\"@id\":\"https:\\\/\\\/news.save.ch\\\/de\\\/#\\\/schema\\\/person\\\/d5022db048e0e2b9785c50e5b24da5aa\",\"name\":\"Roger Str\u00e4ssle\",\"image\":{\"@type\":\"ImageObject\",\"inLanguage\":\"it-IT\",\"@id\":\"https:\\\/\\\/secure.gravatar.com\\\/avatar\\\/862a5569d087de48e5856e32f45d719a03804c891d6deb8d4f71a660e79e4a47?s=96&d=mm&r=g\",\"url\":\"https:\\\/\\\/secure.gravatar.com\\\/avatar\\\/862a5569d087de48e5856e32f45d719a03804c891d6deb8d4f71a660e79e4a47?s=96&d=mm&r=g\",\"contentUrl\":\"https:\\\/\\\/secure.gravatar.com\\\/avatar\\\/862a5569d087de48e5856e32f45d719a03804c891d6deb8d4f71a660e79e4a47?s=96&d=mm&r=g\",\"caption\":\"Roger Str\u00e4ssle\"},\"url\":\"https:\\\/\\\/news.save.ch\\\/it\\\/author\\\/roger-straessle\\\/\"}]}<\/script>\n<!-- \/ Yoast SEO plugin. -->","yoast_head_json":{"title":"InfoGuard effettua il management buy-out - Save","description":"InfoGuard sta effettuando un management buy-out a partire dal 1\u00b0 febbraio 2018, semplificando la sua struttura proprietaria, ha annunciato la societ\u00e0.","robots":{"index":"index","follow":"follow","max-snippet":"max-snippet:-1","max-image-preview":"max-image-preview:large","max-video-preview":"max-video-preview:-1"},"canonical":"https:\/\/news.save.ch\/it\/infoguard-fuehrt-management-buy-out-durch\/","og_locale":"it_IT","og_type":"article","og_title":"InfoGuard f\u00fchrt Management-Buy-out durch - Save","og_description":"InfoGuard f\u00fchrt per 1. Februar 2018 ein Management-Buy-out durch und vereinfacht dadurch ihre Eigentumsstruktur, wie das Unternehmen mitgeteilt hat.","og_url":"https:\/\/news.save.ch\/it\/infoguard-fuehrt-management-buy-out-durch\/","og_site_name":"Save","article_published_time":"2018-01-25T15:26:24+00:00","article_modified_time":"2023-03-14T07:56:58+00:00","og_image":[{"width":1000,"height":554,"url":"https:\/\/news.save.ch\/wp-content\/uploads\/2018\/01\/Depositphotos_13528450_m-2015.jpg","type":"image\/jpeg"}],"author":"Roger Str\u00e4ssle","twitter_card":"summary_large_image","twitter_misc":{"Scritto da":"Roger Str\u00e4ssle","Tempo di lettura stimato":"1 minuto"},"schema":{"@context":"https:\/\/schema.org","@graph":[{"@type":"Article","@id":"https:\/\/news.save.ch\/infoguard-fuehrt-management-buy-out-durch\/#article","isPartOf":{"@id":"https:\/\/news.save.ch\/infoguard-fuehrt-management-buy-out-durch\/"},"author":{"name":"Roger Str\u00e4ssle","@id":"https:\/\/news.save.ch\/de\/#\/schema\/person\/d5022db048e0e2b9785c50e5b24da5aa"},"headline":"InfoGuard f\u00fchrt Management-Buy-out durch","datePublished":"2018-01-25T15:26:24+00:00","dateModified":"2023-03-14T07:56:58+00:00","mainEntityOfPage":{"@id":"https:\/\/news.save.ch\/infoguard-fuehrt-management-buy-out-durch\/"},"wordCount":270,"commentCount":0,"publisher":{"@id":"https:\/\/news.save.ch\/de\/#organization"},"image":{"@id":"https:\/\/news.save.ch\/infoguard-fuehrt-management-buy-out-durch\/#primaryimage"},"thumbnailUrl":"https:\/\/news.save.ch\/wp-content\/uploads\/2018\/01\/Depositphotos_13528450_m-2015.jpg","keywords":["Cyber-Crime","ICT-Sicherheit","IT-SECURITY","Unternehmen"],"articleSection":["DIGITALISIERUNG"],"inLanguage":"it-IT"},{"@type":"WebPage","@id":"https:\/\/news.save.ch\/infoguard-fuehrt-management-buy-out-durch\/","url":"https:\/\/news.save.ch\/infoguard-fuehrt-management-buy-out-durch\/","name":"InfoGuard effettua il management buy-out - Save","isPartOf":{"@id":"https:\/\/news.save.ch\/de\/#website"},"primaryImageOfPage":{"@id":"https:\/\/news.save.ch\/infoguard-fuehrt-management-buy-out-durch\/#primaryimage"},"image":{"@id":"https:\/\/news.save.ch\/infoguard-fuehrt-management-buy-out-durch\/#primaryimage"},"thumbnailUrl":"https:\/\/news.save.ch\/wp-content\/uploads\/2018\/01\/Depositphotos_13528450_m-2015.jpg","datePublished":"2018-01-25T15:26:24+00:00","dateModified":"2023-03-14T07:56:58+00:00","description":"InfoGuard sta effettuando un management buy-out a partire dal 1\u00b0 febbraio 2018, semplificando la sua struttura proprietaria, ha annunciato la societ\u00e0.","breadcrumb":{"@id":"https:\/\/news.save.ch\/infoguard-fuehrt-management-buy-out-durch\/#breadcrumb"},"inLanguage":"it-IT","potentialAction":[{"@type":"ReadAction","target":["https:\/\/news.save.ch\/infoguard-fuehrt-management-buy-out-durch\/"]}]},{"@type":"ImageObject","inLanguage":"it-IT","@id":"https:\/\/news.save.ch\/infoguard-fuehrt-management-buy-out-durch\/#primaryimage","url":"https:\/\/news.save.ch\/wp-content\/uploads\/2018\/01\/Depositphotos_13528450_m-2015.jpg","contentUrl":"https:\/\/news.save.ch\/wp-content\/uploads\/2018\/01\/Depositphotos_13528450_m-2015.jpg","width":1000,"height":554,"caption":"depositphotos"},{"@type":"BreadcrumbList","@id":"https:\/\/news.save.ch\/infoguard-fuehrt-management-buy-out-durch\/#breadcrumb","itemListElement":[{"@type":"ListItem","position":1,"name":"Home","item":"https:\/\/news.save.ch\/de\/"},{"@type":"ListItem","position":2,"name":"InfoGuard f\u00fchrt Management-Buy-out durch"}]},{"@type":"WebSite","@id":"https:\/\/news.save.ch\/de\/#website","url":"https:\/\/news.save.ch\/de\/","name":"Risparmiare","description":"Rivista svizzera specializzata in sicurezza","publisher":{"@id":"https:\/\/news.save.ch\/de\/#organization"},"potentialAction":[{"@type":"SearchAction","target":{"@type":"EntryPoint","urlTemplate":"https:\/\/news.save.ch\/de\/?s={search_term_string}"},"query-input":{"@type":"PropertyValueSpecification","valueRequired":true,"valueName":"search_term_string"}}],"inLanguage":"it-IT"},{"@type":"Organization","@id":"https:\/\/news.save.ch\/de\/#organization","name":"Forum sulla sicurezza","url":"https:\/\/news.save.ch\/de\/","logo":{"@type":"ImageObject","inLanguage":"it-IT","@id":"https:\/\/news.save.ch\/de\/#\/schema\/logo\/image\/","url":"https:\/\/news.save.ch\/wp-content\/uploads\/2022\/06\/Logo_SF_2012.png","contentUrl":"https:\/\/news.save.ch\/wp-content\/uploads\/2022\/06\/Logo_SF_2012.png","width":1100,"height":91,"caption":"Sicherheitsforum"},"image":{"@id":"https:\/\/news.save.ch\/de\/#\/schema\/logo\/image\/"}},{"@type":"Person","@id":"https:\/\/news.save.ch\/de\/#\/schema\/person\/d5022db048e0e2b9785c50e5b24da5aa","name":"Roger Str\u00e4ssle","image":{"@type":"ImageObject","inLanguage":"it-IT","@id":"https:\/\/secure.gravatar.com\/avatar\/862a5569d087de48e5856e32f45d719a03804c891d6deb8d4f71a660e79e4a47?s=96&d=mm&r=g","url":"https:\/\/secure.gravatar.com\/avatar\/862a5569d087de48e5856e32f45d719a03804c891d6deb8d4f71a660e79e4a47?s=96&d=mm&r=g","contentUrl":"https:\/\/secure.gravatar.com\/avatar\/862a5569d087de48e5856e32f45d719a03804c891d6deb8d4f71a660e79e4a47?s=96&d=mm&r=g","caption":"Roger Str\u00e4ssle"},"url":"https:\/\/news.save.ch\/it\/author\/roger-straessle\/"}]}},"_links":{"self":[{"href":"https:\/\/news.save.ch\/it\/wp-json\/wp\/v2\/posts\/5910","targetHints":{"allow":["GET"]}}],"collection":[{"href":"https:\/\/news.save.ch\/it\/wp-json\/wp\/v2\/posts"}],"about":[{"href":"https:\/\/news.save.ch\/it\/wp-json\/wp\/v2\/types\/post"}],"author":[{"embeddable":true,"href":"https:\/\/news.save.ch\/it\/wp-json\/wp\/v2\/users\/8"}],"replies":[{"embeddable":true,"href":"https:\/\/news.save.ch\/it\/wp-json\/wp\/v2\/comments?post=5910"}],"version-history":[{"count":1,"href":"https:\/\/news.save.ch\/it\/wp-json\/wp\/v2\/posts\/5910\/revisions"}],"predecessor-version":[{"id":17469,"href":"https:\/\/news.save.ch\/it\/wp-json\/wp\/v2\/posts\/5910\/revisions\/17469"}],"wp:featuredmedia":[{"embeddable":true,"href":"https:\/\/news.save.ch\/it\/wp-json\/wp\/v2\/media\/5911"}],"wp:attachment":[{"href":"https:\/\/news.save.ch\/it\/wp-json\/wp\/v2\/media?parent=5910"}],"wp:term":[{"taxonomy":"category","embeddable":true,"href":"https:\/\/news.save.ch\/it\/wp-json\/wp\/v2\/categories?post=5910"},{"taxonomy":"post_tag","embeddable":true,"href":"https:\/\/news.save.ch\/it\/wp-json\/wp\/v2\/tags?post=5910"}],"curies":[{"name":"wp","href":"https:\/\/api.w.org\/{rel}","templated":true}]}}