{"id":599,"date":"2015-09-04T08:45:55","date_gmt":"2015-09-04T06:45:55","guid":{"rendered":"https:\/\/dev.sicherheitsforum.ch\/?p=599"},"modified":"2023-03-14T08:57:34","modified_gmt":"2023-03-14T07:57:34","slug":"gesundheitswesen-im-visier-der-cyberkriminellen","status":null,"type":"post","link":"https:\/\/news.save.ch\/it\/gesundheitswesen-im-visier-der-cyberkriminellen\/","title":{"rendered":"L'assistenza sanitaria nel mirino dei criminali informatici"},"content":{"rendered":"<p><img loading=\"lazy\" decoding=\"async\" class=\"alignnone wp-image-600 size-medium\" src=\"https:\/\/news.save.ch\/wp-content\/uploads\/2016\/12\/Gesundheitswesen-im-Visier-der-Cyberkriminellen-it-security.jpg\" alt=\"l&#039;assistenza sanitaria nel mirino dei criminali informatici\" width=\"680\" height=\"680\" \/><\/p>\n<p>&nbsp;<\/p>\n<p><a href=\"https:\/\/www.paloaltonetworks.com\" target=\"_blank\" data-cke-saved-href=\"https:\/\/www.paloaltonetworks.com\" rel=\"noopener\">Palo Alto Networks<\/a> valuta questa valutazione in modo critico. Poich\u00e9 tutti i partecipanti al <a href=\"https:\/\/advisory.kpmg.us\/content\/dam\/kpmg-advisory\/PDFs\/ManagementConsulting\/2015\/KPMG-2015-Cyber-Healthcare-Survey.pdf\" target=\"_blank\" data-cke-saved-href=\"https:\/\/advisory.kpmg.us\/content\/dam\/kpmg-advisory\/PDFs\/ManagementConsulting\/2015\/KPMG-2015-Cyber-Healthcare-Survey.pdf\" rel=\"noopener\">Studio <\/a>hanno un fatturato di almeno 500 milioni di dollari (e 70% ha addirittura superato il miliardo di dollari), devono gestire un gran numero di endpoint. In base all'esperienza reale, \u00e8 improbabile che una grande rete ospedaliera che utilizza la tecnologia convenzionale riesca a respingere tutti gli attacchi malware entro due anni, come scrive Security Company. Ci\u00f2 significa anche che nessun dipendente \u00e8 stato vittima di e-mail di phishing che inducono l'utente ad ascoltare il file audio \"Voicemail Recording.wav.exe\", ad esempio. Palo Alto Networks ne dubita e ipotizza una velocit\u00e0 superiore a 80%.<\/p>\n<p>\"Il 20% degli intervistati che ha dichiarato che nessuno dei propri sistemi IT \u00e8 stato compromesso negli ultimi due anni fa molto probabilmente parte di quel gruppo che non ha visibilit\u00e0 sui propri sistemi per rilevare le minacce in una fase iniziale\", sospetta Thorsten Henning di Palo Alto Networks. \"Molte istituzioni sanitarie non hanno ancora la capacit\u00e0 di rilevare e prevenire malware ed exploit in tempo reale\".<\/p>\n<p>Secondo l'azienda, questo scetticismo \u00e8 confermato anche in un'altra parte dello studio, dove si legge: \"44% degli intervistati hanno dichiarato che la loro organizzazione ha identificato da 1 a 50 tentativi di minaccia informatica negli ultimi 12 mesi. Ci\u00f2 indica che le organizzazioni sanitarie non sono particolarmente efficaci nell'identificare, catturare e gestire le minacce\".<\/p>\n<p>Tuttavia, secondo l'azienda di sicurezza informatica, esistono diverse best practice per proteggere efficacemente le reti ospedaliere di oggi. In questo modo si eviterebbero le minacce che colpiscono i dispositivi medici in rete, i dati dei pazienti e le cure generali dei pazienti. Vengono citate le seguenti misure:<\/p>\n<ul>\n<li>Fornire visibilit\u00e0 e controllo efficace; condividere le applicazioni e le attivit\u00e0 con l'obiettivo di ridurre la superficie delle minacce e minimizzare il consumo inutile di larghezza di banda.<\/li>\n<li>Segmentazione della rete per impedire il movimento di malware attraverso la rete utilizzando un approccio \"zero trust\".<\/li>\n<li>Proteggere e difendere i sistemi in tutti i punti della rete, in tutto il traffico di rete, negli endpoint, nei data center, nei siti remoti e nei principali gateway Internet.<\/li>\n<li>Utilizzate il rilevamento avanzato delle minacce informatiche per rilevare e prevenire sia gli attacchi zero-day che quelli noti.<\/li>\n<li>Protezione degli endpoint fuori rete e difese continue, indipendentemente dalla posizione o dal dispositivo.<\/li>\n<li>Garantire una segnalazione tempestiva in modo che i professionisti dell'IT, della sicurezza informatica e del rilevamento delle minacce possano coordinare le azioni.<\/li>\n<li>Garantire la condivisione e la distribuzione immediata e automatica dei dati sulle minacce tra i sistemi.<\/li>\n<\/ul>","protected":false},"excerpt":{"rendered":"<p>&nbsp; Palo Alto Networks bewertet diese \u00a0Einsch\u00e4tzung kritisch. Da alle Teilnehmer der Studie einen Umsatz von mindestens 500 Millionen US-Dollar aufweisen mussten (und 70% sogar einen Umsatz von mehr als einer Milliarde US-Dollar vorweisen konnten), m\u00fcssen sie eine grosse Anzahl an Endpunkten verwalten. Aus der Erfahrung in der Praxis ist es unwahrscheinlich, dass es in [&hellip;]<\/p>\n","protected":false},"author":1,"featured_media":600,"comment_status":"open","ping_status":"open","sticky":false,"template":"","format":"standard","meta":{"_acf_changed":false,"pgc_sgb_lightbox_settings":"","footnotes":""},"categories":[3313],"tags":[96,63],"class_list":["post-599","post","type-post","status-publish","format-standard","has-post-thumbnail","hentry","category-digitalisierung","tag-cyber-crime","tag-it-security"],"acf":[],"hkrextid":null,"publication":null,"issue":null,"workflow":null,"startPage":null,"spitzmarke":null,"_posts_by_tag_page_fields":{"widget_title":"","widget_tags":""},"_at_widget":"1","_yoast_wpseo_primary_category":"2","_yoast_wpseo_focuskw_text_input":"Gesundheitswesen","_yoast_wpseo_opengraph-image":"https:\/\/news.save.ch\/wp-content\/uploads\/2016\/12\/Gesundheitswesen-im-Visier-der-Cyberkriminellen-it-security.jpg","_yoast_wpseo_opengraph-description":"Bei einer Befragung von F\u00fchrungskr\u00e4ften im Gesundheitswesen durch KPMG gaben vier F\u00fcnftel der F\u00fchrungskr\u00e4fte an, dass ihre IT bereits durch Cyberangriffe kompromittiert wurde. Befragt wurden 223 F\u00fchrungskr\u00e4fte, die sowohl f\u00fcr kommerzielle (56%) als auch Non-Profit-Einrichtungen (44%) sowie Kostentr\u00e4ger und Anbieter im Gesundheitswesen arbeiten. 80% der befragten F\u00fchrungskr\u00e4fte gaben an, von kompromittierten IT-Systemen infolge von Cyberangriffen betroffen zu sein.","_yoast_wpseo_opengraph-title":"Gesundheitswesen im Visier der Cyberkriminellen","enclosure":null,"_yoast_wpseo_twitter-title":null,"_yoast_wpseo_twitter-description":null,"_yoast_wpseo_twitter-image":null,"_wp_old_slug":null,"_yoast_wpseo_title":null,"_yoast_wpseo_canonical":null,"yoast_head":"<!-- This site is optimized with the Yoast SEO plugin v27.5 - https:\/\/yoast.com\/product\/yoast-seo-wordpress\/ -->\n<title>Gesundheitswesen im Visier der Cyberkriminellen - Save<\/title>\n<meta name=\"description\" content=\"Bei einer Befragung von F\u00fchrungskr\u00e4ften im Gesundheitswesen gaben vier F\u00fcnftel an, dass ihre IT bereits durch Cyberangriffe kompromittiert wurde.\" \/>\n<meta name=\"robots\" content=\"index, follow, max-snippet:-1, max-image-preview:large, max-video-preview:-1\" \/>\n<link rel=\"canonical\" href=\"https:\/\/news.save.ch\/it\/gesundheitswesen-im-visier-der-cyberkriminellen\/\" \/>\n<meta property=\"og:locale\" content=\"it_IT\" \/>\n<meta property=\"og:type\" content=\"article\" \/>\n<meta property=\"og:title\" content=\"Gesundheitswesen im Visier der Cyberkriminellen\" \/>\n<meta property=\"og:description\" content=\"Bei einer Befragung von F\u00fchrungskr\u00e4ften im Gesundheitswesen durch KPMG gaben vier F\u00fcnftel der F\u00fchrungskr\u00e4fte an, dass ihre IT bereits durch Cyberangriffe kompromittiert wurde. Befragt wurden 223 F\u00fchrungskr\u00e4fte, die sowohl f\u00fcr kommerzielle (56%) als auch Non-Profit-Einrichtungen (44%) sowie Kostentr\u00e4ger und Anbieter im Gesundheitswesen arbeiten. 80% der befragten F\u00fchrungskr\u00e4fte gaben an, von kompromittierten IT-Systemen infolge von Cyberangriffen betroffen zu sein.\" \/>\n<meta property=\"og:url\" content=\"https:\/\/news.save.ch\/it\/gesundheitswesen-im-visier-der-cyberkriminellen\/\" \/>\n<meta property=\"og:site_name\" content=\"Save\" \/>\n<meta property=\"article:published_time\" content=\"2015-09-04T06:45:55+00:00\" \/>\n<meta property=\"article:modified_time\" content=\"2023-03-14T07:57:34+00:00\" \/>\n<meta property=\"og:image\" content=\"https:\/\/news.save.ch\/wp-content\/uploads\/2016\/12\/Gesundheitswesen-im-Visier-der-Cyberkriminellen-it-security.jpg\" \/>\n<meta name=\"author\" content=\"admin\" \/>\n<meta name=\"twitter:card\" content=\"summary_large_image\" \/>\n<meta name=\"twitter:label1\" content=\"Scritto da\" \/>\n\t<meta name=\"twitter:data1\" content=\"admin\" \/>\n\t<meta name=\"twitter:label2\" content=\"Tempo di lettura stimato\" \/>\n\t<meta name=\"twitter:data2\" content=\"2 minuti\" \/>\n<script type=\"application\/ld+json\" class=\"yoast-schema-graph\">{\"@context\":\"https:\\\/\\\/schema.org\",\"@graph\":[{\"@type\":\"Article\",\"@id\":\"https:\\\/\\\/news.save.ch\\\/gesundheitswesen-im-visier-der-cyberkriminellen\\\/#article\",\"isPartOf\":{\"@id\":\"https:\\\/\\\/news.save.ch\\\/gesundheitswesen-im-visier-der-cyberkriminellen\\\/\"},\"author\":{\"name\":\"admin\",\"@id\":\"https:\\\/\\\/news.save.ch\\\/de\\\/#\\\/schema\\\/person\\\/d49e199490bad7c70d64b9ab51142f2b\"},\"headline\":\"Gesundheitswesen im Visier der Cyberkriminellen\",\"datePublished\":\"2015-09-04T06:45:55+00:00\",\"dateModified\":\"2023-03-14T07:57:34+00:00\",\"mainEntityOfPage\":{\"@id\":\"https:\\\/\\\/news.save.ch\\\/gesundheitswesen-im-visier-der-cyberkriminellen\\\/\"},\"wordCount\":408,\"commentCount\":0,\"publisher\":{\"@id\":\"https:\\\/\\\/news.save.ch\\\/de\\\/#organization\"},\"image\":{\"@id\":\"https:\\\/\\\/news.save.ch\\\/gesundheitswesen-im-visier-der-cyberkriminellen\\\/#primaryimage\"},\"thumbnailUrl\":\"https:\\\/\\\/news.save.ch\\\/wp-content\\\/uploads\\\/2016\\\/12\\\/Gesundheitswesen-im-Visier-der-Cyberkriminellen-it-security-scaled.jpg\",\"keywords\":[\"Cyber-Crime\",\"IT-SECURITY\"],\"articleSection\":[\"DIGITALISIERUNG\"],\"inLanguage\":\"it-IT\"},{\"@type\":\"WebPage\",\"@id\":\"https:\\\/\\\/news.save.ch\\\/gesundheitswesen-im-visier-der-cyberkriminellen\\\/\",\"url\":\"https:\\\/\\\/news.save.ch\\\/gesundheitswesen-im-visier-der-cyberkriminellen\\\/\",\"name\":\"Gesundheitswesen im Visier der Cyberkriminellen - Save\",\"isPartOf\":{\"@id\":\"https:\\\/\\\/news.save.ch\\\/de\\\/#website\"},\"primaryImageOfPage\":{\"@id\":\"https:\\\/\\\/news.save.ch\\\/gesundheitswesen-im-visier-der-cyberkriminellen\\\/#primaryimage\"},\"image\":{\"@id\":\"https:\\\/\\\/news.save.ch\\\/gesundheitswesen-im-visier-der-cyberkriminellen\\\/#primaryimage\"},\"thumbnailUrl\":\"https:\\\/\\\/news.save.ch\\\/wp-content\\\/uploads\\\/2016\\\/12\\\/Gesundheitswesen-im-Visier-der-Cyberkriminellen-it-security-scaled.jpg\",\"datePublished\":\"2015-09-04T06:45:55+00:00\",\"dateModified\":\"2023-03-14T07:57:34+00:00\",\"description\":\"Bei einer Befragung von F\u00fchrungskr\u00e4ften im Gesundheitswesen gaben vier F\u00fcnftel an, dass ihre IT bereits durch Cyberangriffe kompromittiert wurde.\",\"breadcrumb\":{\"@id\":\"https:\\\/\\\/news.save.ch\\\/gesundheitswesen-im-visier-der-cyberkriminellen\\\/#breadcrumb\"},\"inLanguage\":\"it-IT\",\"potentialAction\":[{\"@type\":\"ReadAction\",\"target\":[\"https:\\\/\\\/news.save.ch\\\/gesundheitswesen-im-visier-der-cyberkriminellen\\\/\"]}]},{\"@type\":\"ImageObject\",\"inLanguage\":\"it-IT\",\"@id\":\"https:\\\/\\\/news.save.ch\\\/gesundheitswesen-im-visier-der-cyberkriminellen\\\/#primaryimage\",\"url\":\"https:\\\/\\\/news.save.ch\\\/wp-content\\\/uploads\\\/2016\\\/12\\\/Gesundheitswesen-im-Visier-der-Cyberkriminellen-it-security-scaled.jpg\",\"contentUrl\":\"https:\\\/\\\/news.save.ch\\\/wp-content\\\/uploads\\\/2016\\\/12\\\/Gesundheitswesen-im-Visier-der-Cyberkriminellen-it-security-scaled.jpg\",\"width\":1400,\"height\":1400},{\"@type\":\"BreadcrumbList\",\"@id\":\"https:\\\/\\\/news.save.ch\\\/gesundheitswesen-im-visier-der-cyberkriminellen\\\/#breadcrumb\",\"itemListElement\":[{\"@type\":\"ListItem\",\"position\":1,\"name\":\"Home\",\"item\":\"https:\\\/\\\/news.save.ch\\\/de\\\/\"},{\"@type\":\"ListItem\",\"position\":2,\"name\":\"Gesundheitswesen im Visier der Cyberkriminellen\"}]},{\"@type\":\"WebSite\",\"@id\":\"https:\\\/\\\/news.save.ch\\\/de\\\/#website\",\"url\":\"https:\\\/\\\/news.save.ch\\\/de\\\/\",\"name\":\"Save\",\"description\":\"Schweizer Fachzeitschrift f\u00fcr Sicherheit\",\"publisher\":{\"@id\":\"https:\\\/\\\/news.save.ch\\\/de\\\/#organization\"},\"potentialAction\":[{\"@type\":\"SearchAction\",\"target\":{\"@type\":\"EntryPoint\",\"urlTemplate\":\"https:\\\/\\\/news.save.ch\\\/de\\\/?s={search_term_string}\"},\"query-input\":{\"@type\":\"PropertyValueSpecification\",\"valueRequired\":true,\"valueName\":\"search_term_string\"}}],\"inLanguage\":\"it-IT\"},{\"@type\":\"Organization\",\"@id\":\"https:\\\/\\\/news.save.ch\\\/de\\\/#organization\",\"name\":\"Sicherheitsforum\",\"url\":\"https:\\\/\\\/news.save.ch\\\/de\\\/\",\"logo\":{\"@type\":\"ImageObject\",\"inLanguage\":\"it-IT\",\"@id\":\"https:\\\/\\\/news.save.ch\\\/de\\\/#\\\/schema\\\/logo\\\/image\\\/\",\"url\":\"https:\\\/\\\/news.save.ch\\\/wp-content\\\/uploads\\\/2022\\\/06\\\/Logo_SF_2012.png\",\"contentUrl\":\"https:\\\/\\\/news.save.ch\\\/wp-content\\\/uploads\\\/2022\\\/06\\\/Logo_SF_2012.png\",\"width\":1100,\"height\":91,\"caption\":\"Sicherheitsforum\"},\"image\":{\"@id\":\"https:\\\/\\\/news.save.ch\\\/de\\\/#\\\/schema\\\/logo\\\/image\\\/\"}},{\"@type\":\"Person\",\"@id\":\"https:\\\/\\\/news.save.ch\\\/de\\\/#\\\/schema\\\/person\\\/d49e199490bad7c70d64b9ab51142f2b\",\"name\":\"admin\",\"image\":{\"@type\":\"ImageObject\",\"inLanguage\":\"it-IT\",\"@id\":\"https:\\\/\\\/secure.gravatar.com\\\/avatar\\\/ae2f4d718e6c49043e314ce431e7e645d646302a24a5ef5a8bc8e3f5a032e319?s=96&d=mm&r=g\",\"url\":\"https:\\\/\\\/secure.gravatar.com\\\/avatar\\\/ae2f4d718e6c49043e314ce431e7e645d646302a24a5ef5a8bc8e3f5a032e319?s=96&d=mm&r=g\",\"contentUrl\":\"https:\\\/\\\/secure.gravatar.com\\\/avatar\\\/ae2f4d718e6c49043e314ce431e7e645d646302a24a5ef5a8bc8e3f5a032e319?s=96&d=mm&r=g\",\"caption\":\"admin\"},\"sameAs\":[\"https:\\\/\\\/develop.organisator.galledia.ch\"],\"url\":\"https:\\\/\\\/news.save.ch\\\/it\\\/author\\\/admin\\\/\"}]}<\/script>\n<!-- \/ Yoast SEO plugin. -->","yoast_head_json":{"title":"La sanit\u00e0 nel mirino dei criminali informatici - Save","description":"In un sondaggio condotto tra i dirigenti del settore sanitario, quattro quinti hanno dichiarato che le loro tecnologie informatiche sono gi\u00e0 state compromesse da attacchi informatici.","robots":{"index":"index","follow":"follow","max-snippet":"max-snippet:-1","max-image-preview":"max-image-preview:large","max-video-preview":"max-video-preview:-1"},"canonical":"https:\/\/news.save.ch\/it\/gesundheitswesen-im-visier-der-cyberkriminellen\/","og_locale":"it_IT","og_type":"article","og_title":"Gesundheitswesen im Visier der Cyberkriminellen","og_description":"Bei einer Befragung von F\u00fchrungskr\u00e4ften im Gesundheitswesen durch KPMG gaben vier F\u00fcnftel der F\u00fchrungskr\u00e4fte an, dass ihre IT bereits durch Cyberangriffe kompromittiert wurde. Befragt wurden 223 F\u00fchrungskr\u00e4fte, die sowohl f\u00fcr kommerzielle (56%) als auch Non-Profit-Einrichtungen (44%) sowie Kostentr\u00e4ger und Anbieter im Gesundheitswesen arbeiten. 80% der befragten F\u00fchrungskr\u00e4fte gaben an, von kompromittierten IT-Systemen infolge von Cyberangriffen betroffen zu sein.","og_url":"https:\/\/news.save.ch\/it\/gesundheitswesen-im-visier-der-cyberkriminellen\/","og_site_name":"Save","article_published_time":"2015-09-04T06:45:55+00:00","article_modified_time":"2023-03-14T07:57:34+00:00","og_image":[{"url":"https:\/\/news.save.ch\/wp-content\/uploads\/2016\/12\/Gesundheitswesen-im-Visier-der-Cyberkriminellen-it-security.jpg","type":"","width":"","height":""}],"author":"admin","twitter_card":"summary_large_image","twitter_misc":{"Scritto da":"admin","Tempo di lettura stimato":"2 minuti"},"schema":{"@context":"https:\/\/schema.org","@graph":[{"@type":"Article","@id":"https:\/\/news.save.ch\/gesundheitswesen-im-visier-der-cyberkriminellen\/#article","isPartOf":{"@id":"https:\/\/news.save.ch\/gesundheitswesen-im-visier-der-cyberkriminellen\/"},"author":{"name":"admin","@id":"https:\/\/news.save.ch\/de\/#\/schema\/person\/d49e199490bad7c70d64b9ab51142f2b"},"headline":"Gesundheitswesen im Visier der Cyberkriminellen","datePublished":"2015-09-04T06:45:55+00:00","dateModified":"2023-03-14T07:57:34+00:00","mainEntityOfPage":{"@id":"https:\/\/news.save.ch\/gesundheitswesen-im-visier-der-cyberkriminellen\/"},"wordCount":408,"commentCount":0,"publisher":{"@id":"https:\/\/news.save.ch\/de\/#organization"},"image":{"@id":"https:\/\/news.save.ch\/gesundheitswesen-im-visier-der-cyberkriminellen\/#primaryimage"},"thumbnailUrl":"https:\/\/news.save.ch\/wp-content\/uploads\/2016\/12\/Gesundheitswesen-im-Visier-der-Cyberkriminellen-it-security-scaled.jpg","keywords":["Cyber-Crime","IT-SECURITY"],"articleSection":["DIGITALISIERUNG"],"inLanguage":"it-IT"},{"@type":"WebPage","@id":"https:\/\/news.save.ch\/gesundheitswesen-im-visier-der-cyberkriminellen\/","url":"https:\/\/news.save.ch\/gesundheitswesen-im-visier-der-cyberkriminellen\/","name":"La sanit\u00e0 nel mirino dei criminali informatici - Save","isPartOf":{"@id":"https:\/\/news.save.ch\/de\/#website"},"primaryImageOfPage":{"@id":"https:\/\/news.save.ch\/gesundheitswesen-im-visier-der-cyberkriminellen\/#primaryimage"},"image":{"@id":"https:\/\/news.save.ch\/gesundheitswesen-im-visier-der-cyberkriminellen\/#primaryimage"},"thumbnailUrl":"https:\/\/news.save.ch\/wp-content\/uploads\/2016\/12\/Gesundheitswesen-im-Visier-der-Cyberkriminellen-it-security-scaled.jpg","datePublished":"2015-09-04T06:45:55+00:00","dateModified":"2023-03-14T07:57:34+00:00","description":"In un sondaggio condotto tra i dirigenti del settore sanitario, quattro quinti hanno dichiarato che le loro tecnologie informatiche sono gi\u00e0 state compromesse da attacchi informatici.","breadcrumb":{"@id":"https:\/\/news.save.ch\/gesundheitswesen-im-visier-der-cyberkriminellen\/#breadcrumb"},"inLanguage":"it-IT","potentialAction":[{"@type":"ReadAction","target":["https:\/\/news.save.ch\/gesundheitswesen-im-visier-der-cyberkriminellen\/"]}]},{"@type":"ImageObject","inLanguage":"it-IT","@id":"https:\/\/news.save.ch\/gesundheitswesen-im-visier-der-cyberkriminellen\/#primaryimage","url":"https:\/\/news.save.ch\/wp-content\/uploads\/2016\/12\/Gesundheitswesen-im-Visier-der-Cyberkriminellen-it-security-scaled.jpg","contentUrl":"https:\/\/news.save.ch\/wp-content\/uploads\/2016\/12\/Gesundheitswesen-im-Visier-der-Cyberkriminellen-it-security-scaled.jpg","width":1400,"height":1400},{"@type":"BreadcrumbList","@id":"https:\/\/news.save.ch\/gesundheitswesen-im-visier-der-cyberkriminellen\/#breadcrumb","itemListElement":[{"@type":"ListItem","position":1,"name":"Home","item":"https:\/\/news.save.ch\/de\/"},{"@type":"ListItem","position":2,"name":"Gesundheitswesen im Visier der Cyberkriminellen"}]},{"@type":"WebSite","@id":"https:\/\/news.save.ch\/de\/#website","url":"https:\/\/news.save.ch\/de\/","name":"Risparmiare","description":"Rivista svizzera specializzata in sicurezza","publisher":{"@id":"https:\/\/news.save.ch\/de\/#organization"},"potentialAction":[{"@type":"SearchAction","target":{"@type":"EntryPoint","urlTemplate":"https:\/\/news.save.ch\/de\/?s={search_term_string}"},"query-input":{"@type":"PropertyValueSpecification","valueRequired":true,"valueName":"search_term_string"}}],"inLanguage":"it-IT"},{"@type":"Organization","@id":"https:\/\/news.save.ch\/de\/#organization","name":"Forum sulla sicurezza","url":"https:\/\/news.save.ch\/de\/","logo":{"@type":"ImageObject","inLanguage":"it-IT","@id":"https:\/\/news.save.ch\/de\/#\/schema\/logo\/image\/","url":"https:\/\/news.save.ch\/wp-content\/uploads\/2022\/06\/Logo_SF_2012.png","contentUrl":"https:\/\/news.save.ch\/wp-content\/uploads\/2022\/06\/Logo_SF_2012.png","width":1100,"height":91,"caption":"Sicherheitsforum"},"image":{"@id":"https:\/\/news.save.ch\/de\/#\/schema\/logo\/image\/"}},{"@type":"Person","@id":"https:\/\/news.save.ch\/de\/#\/schema\/person\/d49e199490bad7c70d64b9ab51142f2b","name":"amministratore","image":{"@type":"ImageObject","inLanguage":"it-IT","@id":"https:\/\/secure.gravatar.com\/avatar\/ae2f4d718e6c49043e314ce431e7e645d646302a24a5ef5a8bc8e3f5a032e319?s=96&d=mm&r=g","url":"https:\/\/secure.gravatar.com\/avatar\/ae2f4d718e6c49043e314ce431e7e645d646302a24a5ef5a8bc8e3f5a032e319?s=96&d=mm&r=g","contentUrl":"https:\/\/secure.gravatar.com\/avatar\/ae2f4d718e6c49043e314ce431e7e645d646302a24a5ef5a8bc8e3f5a032e319?s=96&d=mm&r=g","caption":"admin"},"sameAs":["https:\/\/develop.organisator.galledia.ch"],"url":"https:\/\/news.save.ch\/it\/author\/admin\/"}]}},"_links":{"self":[{"href":"https:\/\/news.save.ch\/it\/wp-json\/wp\/v2\/posts\/599","targetHints":{"allow":["GET"]}}],"collection":[{"href":"https:\/\/news.save.ch\/it\/wp-json\/wp\/v2\/posts"}],"about":[{"href":"https:\/\/news.save.ch\/it\/wp-json\/wp\/v2\/types\/post"}],"author":[{"embeddable":true,"href":"https:\/\/news.save.ch\/it\/wp-json\/wp\/v2\/users\/1"}],"replies":[{"embeddable":true,"href":"https:\/\/news.save.ch\/it\/wp-json\/wp\/v2\/comments?post=599"}],"version-history":[{"count":1,"href":"https:\/\/news.save.ch\/it\/wp-json\/wp\/v2\/posts\/599\/revisions"}],"predecessor-version":[{"id":17738,"href":"https:\/\/news.save.ch\/it\/wp-json\/wp\/v2\/posts\/599\/revisions\/17738"}],"wp:featuredmedia":[{"embeddable":true,"href":"https:\/\/news.save.ch\/it\/wp-json\/wp\/v2\/media\/600"}],"wp:attachment":[{"href":"https:\/\/news.save.ch\/it\/wp-json\/wp\/v2\/media?parent=599"}],"wp:term":[{"taxonomy":"category","embeddable":true,"href":"https:\/\/news.save.ch\/it\/wp-json\/wp\/v2\/categories?post=599"},{"taxonomy":"post_tag","embeddable":true,"href":"https:\/\/news.save.ch\/it\/wp-json\/wp\/v2\/tags?post=599"}],"curies":[{"name":"wp","href":"https:\/\/api.w.org\/{rel}","templated":true}]}}