{"id":6083,"date":"2018-03-05T06:31:16","date_gmt":"2018-03-05T05:31:16","guid":{"rendered":"https:\/\/news.save.ch\/?p=6083"},"modified":"2018-03-05T06:31:16","modified_gmt":"2018-03-05T05:31:16","slug":"bundesstab-bevoelkerungsschutz-mit-erweiterten-aufgaben","status":null,"type":"post","link":"https:\/\/news.save.ch\/it\/bundesstab-bevoelkerungsschutz-mit-erweiterten-aufgaben\/","title":{"rendered":"Personale federale di protezione civile con compiti ampliati"},"content":{"rendered":"<figure id=\"attachment_6084\" aria-describedby=\"caption-attachment-6084\" style=\"width: 680px\" class=\"wp-caption aligncenter\"><img loading=\"lazy\" decoding=\"async\" class=\"size-medium wp-image-6084\" src=\"https:\/\/news.save.ch\/wp-content\/uploads\/2018\/03\/Depositphotos_5940461_m-2015.jpg\" alt=\"\" width=\"680\" height=\"575\" srcset=\"https:\/\/news.save.ch\/wp-content\/uploads\/2018\/03\/Depositphotos_5940461_m-2015.jpg 1000w, https:\/\/news.save.ch\/wp-content\/uploads\/2018\/03\/Depositphotos_5940461_m-2015-355x300.jpg 355w\" sizes=\"auto, (max-width: 680px) 100vw, 680px\" \/><figcaption id=\"caption-attachment-6084\" class=\"wp-caption-text\">\u00a9 depositphotos, dsabo<\/figcaption><\/figure>\n<p>Lo Stato maggiore federale per gli incidenti nucleari, biologici o chimici e i pericoli naturali (BST ABCN) esiste dal 2011 e coordina le operazioni in caso di <a href=\"https:\/\/news.save.ch\/it\/hitzewelle-unter-den-top-3-risiken-der-schweiz\/\">Disastri ed emergenze<\/a> nelle sue aree. Diversi eventi ed esercitazioni hanno reso evidente la necessit\u00e0 di ampliare lo spettro operativo. I cantoni hanno anche ripetutamente richiesto un unico organo operativo a livello federale per tutti gli incidenti legati alla protezione della popolazione.<\/p>\n<h2>Ampia gamma di applicazioni<\/h2>\n<p>Ora il Consiglio federale ha ampliato i compiti dello Stato maggiore federale. In futuro, i compiti includeranno pericoli come terremoti, pandemie, incidenti nucleari, ma anche un grave blackout o una carenza di energia elettrica. A tal fine, il Consiglio federale ha adottato una revisione totale della relativa ordinanza e l'ha fatta entrare in vigore il 1\u00b0 aprile 2018 (cfr. anche <a href=\"https:\/\/www.newsd.admin.ch\/newsd\/message\/attachments\/51523.pdf\">Spiegazione<\/a>).<\/p>\n<p>Con questo ulteriore sviluppo, il Consiglio federale rafforza la collaborazione con i Cantoni, i gestori di infrastrutture critiche e le agenzie federali. L'obiettivo \u00e8 proteggere meglio la popolazione e prevenire o limitare i danni. A causa dell'ampliamento dei compiti, il personale \u00e8 ora chiamato Federal Civil Protection Staff (FPCS).<\/p>\n<h2>Organi di gestione cantonali integrati<\/h2>\n<p>Ulteriori cambiamenti riguardano la struttura e la composizione: in particolare, la rappresentanza dei Cantoni sar\u00e0 potenziata integrando gli organi di gestione cantonali (KFO) oltre alle conferenze intergovernative. Sar\u00e0 inoltre migliorata la cooperazione con gli operatori delle infrastrutture critiche, che potranno essere coinvolti se necessario. Il Centro nazionale per le operazioni di emergenza presso l'Ufficio federale per la protezione civile costituisce il nucleo permanente di un elemento di dispiegamento e supporto di nuova creazione. La revisione dell'ordinanza non comporta nuovi obblighi finanziari per le unit\u00e0 organizzative coinvolte.<\/p>\n<p><em>Comunicato stampa Consiglio federale<\/em><\/p>","protected":false},"excerpt":{"rendered":"<p>Der Bundesstab f\u00fcr atomare, biologische oder chemische Schadenereignisse sowie f\u00fcr Naturereignisse (BST ABCN) besteht seit 2011 und koordiniert die Eins\u00e4tze bei Katastrophen und Notlagen in seinen Bereichen. Verschiedene Ereignisse und \u00dcbungen haben deutlich gemacht, dass das Einsatzspektrum zu erweitern ist. Auch die Kantone forderten wiederholt ein einziges operatives Organ auf Bundesebene f\u00fcr alle bev\u00f6lkerungsschutzrelevanten Ereignisse. [&hellip;]<\/p>\n","protected":false},"author":8,"featured_media":6084,"comment_status":"open","ping_status":"open","sticky":false,"template":"","format":"standard","meta":{"_acf_changed":false,"pgc_sgb_lightbox_settings":"","footnotes":""},"categories":[1],"tags":[381,170],"class_list":["post-6083","post","type-post","status-publish","format-standard","has-post-thumbnail","hentry","category-allgemein","tag-katastrophe","tag-naturgefahren"],"acf":[],"hkrextid":null,"publication":null,"issue":null,"workflow":null,"startPage":null,"spitzmarke":null,"_posts_by_tag_page_fields":{"widget_title":"","widget_tags":""},"_at_widget":"1","_yoast_wpseo_primary_category":"1","_yoast_wpseo_focuskw_text_input":"Bev\u00f6lkerungsschutz","_yoast_wpseo_opengraph-image":null,"_yoast_wpseo_opengraph-description":null,"_yoast_wpseo_opengraph-title":null,"enclosure":null,"_yoast_wpseo_twitter-title":null,"_yoast_wpseo_twitter-description":null,"_yoast_wpseo_twitter-image":null,"_wp_old_slug":null,"_yoast_wpseo_title":null,"_yoast_wpseo_canonical":null,"yoast_head":"<!-- This site is optimized with the Yoast SEO plugin v27.5 - https:\/\/yoast.com\/product\/yoast-seo-wordpress\/ -->\n<title>Bundesstab Bev\u00f6lkerungsschutz mit erweiterten Aufgaben - Save<\/title>\n<meta name=\"description\" content=\"Der Bundesstab Bev\u00f6lkerungsschutz ist neu f\u00fcr die Bew\u00e4ltigung aller bev\u00f6lkerungsschutzrelevanten Ereignisse auf Bundesebene zust\u00e4ndig.\" \/>\n<meta name=\"robots\" content=\"index, follow, max-snippet:-1, max-image-preview:large, max-video-preview:-1\" \/>\n<link rel=\"canonical\" href=\"https:\/\/news.save.ch\/it\/bundesstab-bevoelkerungsschutz-mit-erweiterten-aufgaben\/\" \/>\n<meta property=\"og:locale\" content=\"it_IT\" \/>\n<meta property=\"og:type\" content=\"article\" \/>\n<meta property=\"og:title\" content=\"Bundesstab Bev\u00f6lkerungsschutz mit erweiterten Aufgaben - Save\" \/>\n<meta property=\"og:description\" content=\"Der Bundesstab Bev\u00f6lkerungsschutz ist neu f\u00fcr die Bew\u00e4ltigung aller bev\u00f6lkerungsschutzrelevanten Ereignisse auf Bundesebene zust\u00e4ndig.\" \/>\n<meta property=\"og:url\" content=\"https:\/\/news.save.ch\/it\/bundesstab-bevoelkerungsschutz-mit-erweiterten-aufgaben\/\" \/>\n<meta property=\"og:site_name\" content=\"Save\" \/>\n<meta property=\"article:published_time\" content=\"2018-03-05T05:31:16+00:00\" \/>\n<meta property=\"og:image\" content=\"https:\/\/news.save.ch\/wp-content\/uploads\/2018\/03\/Depositphotos_5940461_m-2015.jpg\" \/>\n\t<meta property=\"og:image:width\" content=\"1000\" \/>\n\t<meta property=\"og:image:height\" content=\"846\" \/>\n\t<meta property=\"og:image:type\" content=\"image\/jpeg\" \/>\n<meta name=\"author\" content=\"Roger Str\u00e4ssle\" \/>\n<meta name=\"twitter:card\" content=\"summary_large_image\" \/>\n<meta name=\"twitter:label1\" content=\"Scritto da\" \/>\n\t<meta name=\"twitter:data1\" content=\"Roger Str\u00e4ssle\" \/>\n\t<meta name=\"twitter:label2\" content=\"Tempo di lettura stimato\" \/>\n\t<meta name=\"twitter:data2\" content=\"1 minuto\" \/>\n<script type=\"application\/ld+json\" class=\"yoast-schema-graph\">{\"@context\":\"https:\\\/\\\/schema.org\",\"@graph\":[{\"@type\":\"Article\",\"@id\":\"https:\\\/\\\/news.save.ch\\\/bundesstab-bevoelkerungsschutz-mit-erweiterten-aufgaben\\\/#article\",\"isPartOf\":{\"@id\":\"https:\\\/\\\/news.save.ch\\\/bundesstab-bevoelkerungsschutz-mit-erweiterten-aufgaben\\\/\"},\"author\":{\"name\":\"Roger Str\u00e4ssle\",\"@id\":\"https:\\\/\\\/news.save.ch\\\/de\\\/#\\\/schema\\\/person\\\/d5022db048e0e2b9785c50e5b24da5aa\"},\"headline\":\"Bundesstab Bev\u00f6lkerungsschutz mit erweiterten Aufgaben\",\"datePublished\":\"2018-03-05T05:31:16+00:00\",\"mainEntityOfPage\":{\"@id\":\"https:\\\/\\\/news.save.ch\\\/bundesstab-bevoelkerungsschutz-mit-erweiterten-aufgaben\\\/\"},\"wordCount\":256,\"commentCount\":0,\"publisher\":{\"@id\":\"https:\\\/\\\/news.save.ch\\\/de\\\/#organization\"},\"image\":{\"@id\":\"https:\\\/\\\/news.save.ch\\\/bundesstab-bevoelkerungsschutz-mit-erweiterten-aufgaben\\\/#primaryimage\"},\"thumbnailUrl\":\"https:\\\/\\\/news.save.ch\\\/wp-content\\\/uploads\\\/2018\\\/03\\\/Depositphotos_5940461_m-2015.jpg\",\"keywords\":[\"Katastrophe\",\"Naturgefahren\"],\"articleSection\":[\"ALLGEMEIN\"],\"inLanguage\":\"it-IT\"},{\"@type\":\"WebPage\",\"@id\":\"https:\\\/\\\/news.save.ch\\\/bundesstab-bevoelkerungsschutz-mit-erweiterten-aufgaben\\\/\",\"url\":\"https:\\\/\\\/news.save.ch\\\/bundesstab-bevoelkerungsschutz-mit-erweiterten-aufgaben\\\/\",\"name\":\"Bundesstab Bev\u00f6lkerungsschutz mit erweiterten Aufgaben - Save\",\"isPartOf\":{\"@id\":\"https:\\\/\\\/news.save.ch\\\/de\\\/#website\"},\"primaryImageOfPage\":{\"@id\":\"https:\\\/\\\/news.save.ch\\\/bundesstab-bevoelkerungsschutz-mit-erweiterten-aufgaben\\\/#primaryimage\"},\"image\":{\"@id\":\"https:\\\/\\\/news.save.ch\\\/bundesstab-bevoelkerungsschutz-mit-erweiterten-aufgaben\\\/#primaryimage\"},\"thumbnailUrl\":\"https:\\\/\\\/news.save.ch\\\/wp-content\\\/uploads\\\/2018\\\/03\\\/Depositphotos_5940461_m-2015.jpg\",\"datePublished\":\"2018-03-05T05:31:16+00:00\",\"description\":\"Der Bundesstab Bev\u00f6lkerungsschutz ist neu f\u00fcr die Bew\u00e4ltigung aller bev\u00f6lkerungsschutzrelevanten Ereignisse auf Bundesebene zust\u00e4ndig.\",\"breadcrumb\":{\"@id\":\"https:\\\/\\\/news.save.ch\\\/bundesstab-bevoelkerungsschutz-mit-erweiterten-aufgaben\\\/#breadcrumb\"},\"inLanguage\":\"it-IT\",\"potentialAction\":[{\"@type\":\"ReadAction\",\"target\":[\"https:\\\/\\\/news.save.ch\\\/bundesstab-bevoelkerungsschutz-mit-erweiterten-aufgaben\\\/\"]}]},{\"@type\":\"ImageObject\",\"inLanguage\":\"it-IT\",\"@id\":\"https:\\\/\\\/news.save.ch\\\/bundesstab-bevoelkerungsschutz-mit-erweiterten-aufgaben\\\/#primaryimage\",\"url\":\"https:\\\/\\\/news.save.ch\\\/wp-content\\\/uploads\\\/2018\\\/03\\\/Depositphotos_5940461_m-2015.jpg\",\"contentUrl\":\"https:\\\/\\\/news.save.ch\\\/wp-content\\\/uploads\\\/2018\\\/03\\\/Depositphotos_5940461_m-2015.jpg\",\"width\":1000,\"height\":846,\"caption\":\"\u00a9 depositphotos, dsabo\"},{\"@type\":\"BreadcrumbList\",\"@id\":\"https:\\\/\\\/news.save.ch\\\/bundesstab-bevoelkerungsschutz-mit-erweiterten-aufgaben\\\/#breadcrumb\",\"itemListElement\":[{\"@type\":\"ListItem\",\"position\":1,\"name\":\"Home\",\"item\":\"https:\\\/\\\/news.save.ch\\\/de\\\/\"},{\"@type\":\"ListItem\",\"position\":2,\"name\":\"Bundesstab Bev\u00f6lkerungsschutz mit erweiterten Aufgaben\"}]},{\"@type\":\"WebSite\",\"@id\":\"https:\\\/\\\/news.save.ch\\\/de\\\/#website\",\"url\":\"https:\\\/\\\/news.save.ch\\\/de\\\/\",\"name\":\"Save\",\"description\":\"Schweizer Fachzeitschrift f\u00fcr Sicherheit\",\"publisher\":{\"@id\":\"https:\\\/\\\/news.save.ch\\\/de\\\/#organization\"},\"potentialAction\":[{\"@type\":\"SearchAction\",\"target\":{\"@type\":\"EntryPoint\",\"urlTemplate\":\"https:\\\/\\\/news.save.ch\\\/de\\\/?s={search_term_string}\"},\"query-input\":{\"@type\":\"PropertyValueSpecification\",\"valueRequired\":true,\"valueName\":\"search_term_string\"}}],\"inLanguage\":\"it-IT\"},{\"@type\":\"Organization\",\"@id\":\"https:\\\/\\\/news.save.ch\\\/de\\\/#organization\",\"name\":\"Sicherheitsforum\",\"url\":\"https:\\\/\\\/news.save.ch\\\/de\\\/\",\"logo\":{\"@type\":\"ImageObject\",\"inLanguage\":\"it-IT\",\"@id\":\"https:\\\/\\\/news.save.ch\\\/de\\\/#\\\/schema\\\/logo\\\/image\\\/\",\"url\":\"https:\\\/\\\/news.save.ch\\\/wp-content\\\/uploads\\\/2022\\\/06\\\/Logo_SF_2012.png\",\"contentUrl\":\"https:\\\/\\\/news.save.ch\\\/wp-content\\\/uploads\\\/2022\\\/06\\\/Logo_SF_2012.png\",\"width\":1100,\"height\":91,\"caption\":\"Sicherheitsforum\"},\"image\":{\"@id\":\"https:\\\/\\\/news.save.ch\\\/de\\\/#\\\/schema\\\/logo\\\/image\\\/\"}},{\"@type\":\"Person\",\"@id\":\"https:\\\/\\\/news.save.ch\\\/de\\\/#\\\/schema\\\/person\\\/d5022db048e0e2b9785c50e5b24da5aa\",\"name\":\"Roger Str\u00e4ssle\",\"image\":{\"@type\":\"ImageObject\",\"inLanguage\":\"it-IT\",\"@id\":\"https:\\\/\\\/secure.gravatar.com\\\/avatar\\\/862a5569d087de48e5856e32f45d719a03804c891d6deb8d4f71a660e79e4a47?s=96&d=mm&r=g\",\"url\":\"https:\\\/\\\/secure.gravatar.com\\\/avatar\\\/862a5569d087de48e5856e32f45d719a03804c891d6deb8d4f71a660e79e4a47?s=96&d=mm&r=g\",\"contentUrl\":\"https:\\\/\\\/secure.gravatar.com\\\/avatar\\\/862a5569d087de48e5856e32f45d719a03804c891d6deb8d4f71a660e79e4a47?s=96&d=mm&r=g\",\"caption\":\"Roger Str\u00e4ssle\"},\"url\":\"https:\\\/\\\/news.save.ch\\\/it\\\/author\\\/roger-straessle\\\/\"}]}<\/script>\n<!-- \/ Yoast SEO plugin. -->","yoast_head_json":{"title":"Personale federale di protezione civile con compiti estesi - Salva","description":"Il personale federale della protezione civile \u00e8 ora responsabile della gestione di tutti gli incidenti legati alla protezione della popolazione a livello federale.","robots":{"index":"index","follow":"follow","max-snippet":"max-snippet:-1","max-image-preview":"max-image-preview:large","max-video-preview":"max-video-preview:-1"},"canonical":"https:\/\/news.save.ch\/it\/bundesstab-bevoelkerungsschutz-mit-erweiterten-aufgaben\/","og_locale":"it_IT","og_type":"article","og_title":"Bundesstab Bev\u00f6lkerungsschutz mit erweiterten Aufgaben - Save","og_description":"Der Bundesstab Bev\u00f6lkerungsschutz ist neu f\u00fcr die Bew\u00e4ltigung aller bev\u00f6lkerungsschutzrelevanten Ereignisse auf Bundesebene zust\u00e4ndig.","og_url":"https:\/\/news.save.ch\/it\/bundesstab-bevoelkerungsschutz-mit-erweiterten-aufgaben\/","og_site_name":"Save","article_published_time":"2018-03-05T05:31:16+00:00","og_image":[{"width":1000,"height":846,"url":"https:\/\/news.save.ch\/wp-content\/uploads\/2018\/03\/Depositphotos_5940461_m-2015.jpg","type":"image\/jpeg"}],"author":"Roger Str\u00e4ssle","twitter_card":"summary_large_image","twitter_misc":{"Scritto da":"Roger Str\u00e4ssle","Tempo di lettura stimato":"1 minuto"},"schema":{"@context":"https:\/\/schema.org","@graph":[{"@type":"Article","@id":"https:\/\/news.save.ch\/bundesstab-bevoelkerungsschutz-mit-erweiterten-aufgaben\/#article","isPartOf":{"@id":"https:\/\/news.save.ch\/bundesstab-bevoelkerungsschutz-mit-erweiterten-aufgaben\/"},"author":{"name":"Roger Str\u00e4ssle","@id":"https:\/\/news.save.ch\/de\/#\/schema\/person\/d5022db048e0e2b9785c50e5b24da5aa"},"headline":"Bundesstab Bev\u00f6lkerungsschutz mit erweiterten Aufgaben","datePublished":"2018-03-05T05:31:16+00:00","mainEntityOfPage":{"@id":"https:\/\/news.save.ch\/bundesstab-bevoelkerungsschutz-mit-erweiterten-aufgaben\/"},"wordCount":256,"commentCount":0,"publisher":{"@id":"https:\/\/news.save.ch\/de\/#organization"},"image":{"@id":"https:\/\/news.save.ch\/bundesstab-bevoelkerungsschutz-mit-erweiterten-aufgaben\/#primaryimage"},"thumbnailUrl":"https:\/\/news.save.ch\/wp-content\/uploads\/2018\/03\/Depositphotos_5940461_m-2015.jpg","keywords":["Katastrophe","Naturgefahren"],"articleSection":["ALLGEMEIN"],"inLanguage":"it-IT"},{"@type":"WebPage","@id":"https:\/\/news.save.ch\/bundesstab-bevoelkerungsschutz-mit-erweiterten-aufgaben\/","url":"https:\/\/news.save.ch\/bundesstab-bevoelkerungsschutz-mit-erweiterten-aufgaben\/","name":"Personale federale di protezione civile con compiti estesi - Salva","isPartOf":{"@id":"https:\/\/news.save.ch\/de\/#website"},"primaryImageOfPage":{"@id":"https:\/\/news.save.ch\/bundesstab-bevoelkerungsschutz-mit-erweiterten-aufgaben\/#primaryimage"},"image":{"@id":"https:\/\/news.save.ch\/bundesstab-bevoelkerungsschutz-mit-erweiterten-aufgaben\/#primaryimage"},"thumbnailUrl":"https:\/\/news.save.ch\/wp-content\/uploads\/2018\/03\/Depositphotos_5940461_m-2015.jpg","datePublished":"2018-03-05T05:31:16+00:00","description":"Il personale federale della protezione civile \u00e8 ora responsabile della gestione di tutti gli incidenti legati alla protezione della popolazione a livello federale.","breadcrumb":{"@id":"https:\/\/news.save.ch\/bundesstab-bevoelkerungsschutz-mit-erweiterten-aufgaben\/#breadcrumb"},"inLanguage":"it-IT","potentialAction":[{"@type":"ReadAction","target":["https:\/\/news.save.ch\/bundesstab-bevoelkerungsschutz-mit-erweiterten-aufgaben\/"]}]},{"@type":"ImageObject","inLanguage":"it-IT","@id":"https:\/\/news.save.ch\/bundesstab-bevoelkerungsschutz-mit-erweiterten-aufgaben\/#primaryimage","url":"https:\/\/news.save.ch\/wp-content\/uploads\/2018\/03\/Depositphotos_5940461_m-2015.jpg","contentUrl":"https:\/\/news.save.ch\/wp-content\/uploads\/2018\/03\/Depositphotos_5940461_m-2015.jpg","width":1000,"height":846,"caption":"\u00a9 depositphotos, dsabo"},{"@type":"BreadcrumbList","@id":"https:\/\/news.save.ch\/bundesstab-bevoelkerungsschutz-mit-erweiterten-aufgaben\/#breadcrumb","itemListElement":[{"@type":"ListItem","position":1,"name":"Home","item":"https:\/\/news.save.ch\/de\/"},{"@type":"ListItem","position":2,"name":"Bundesstab Bev\u00f6lkerungsschutz mit erweiterten Aufgaben"}]},{"@type":"WebSite","@id":"https:\/\/news.save.ch\/de\/#website","url":"https:\/\/news.save.ch\/de\/","name":"Risparmiare","description":"Rivista svizzera specializzata in sicurezza","publisher":{"@id":"https:\/\/news.save.ch\/de\/#organization"},"potentialAction":[{"@type":"SearchAction","target":{"@type":"EntryPoint","urlTemplate":"https:\/\/news.save.ch\/de\/?s={search_term_string}"},"query-input":{"@type":"PropertyValueSpecification","valueRequired":true,"valueName":"search_term_string"}}],"inLanguage":"it-IT"},{"@type":"Organization","@id":"https:\/\/news.save.ch\/de\/#organization","name":"Forum sulla sicurezza","url":"https:\/\/news.save.ch\/de\/","logo":{"@type":"ImageObject","inLanguage":"it-IT","@id":"https:\/\/news.save.ch\/de\/#\/schema\/logo\/image\/","url":"https:\/\/news.save.ch\/wp-content\/uploads\/2022\/06\/Logo_SF_2012.png","contentUrl":"https:\/\/news.save.ch\/wp-content\/uploads\/2022\/06\/Logo_SF_2012.png","width":1100,"height":91,"caption":"Sicherheitsforum"},"image":{"@id":"https:\/\/news.save.ch\/de\/#\/schema\/logo\/image\/"}},{"@type":"Person","@id":"https:\/\/news.save.ch\/de\/#\/schema\/person\/d5022db048e0e2b9785c50e5b24da5aa","name":"Roger Str\u00e4ssle","image":{"@type":"ImageObject","inLanguage":"it-IT","@id":"https:\/\/secure.gravatar.com\/avatar\/862a5569d087de48e5856e32f45d719a03804c891d6deb8d4f71a660e79e4a47?s=96&d=mm&r=g","url":"https:\/\/secure.gravatar.com\/avatar\/862a5569d087de48e5856e32f45d719a03804c891d6deb8d4f71a660e79e4a47?s=96&d=mm&r=g","contentUrl":"https:\/\/secure.gravatar.com\/avatar\/862a5569d087de48e5856e32f45d719a03804c891d6deb8d4f71a660e79e4a47?s=96&d=mm&r=g","caption":"Roger Str\u00e4ssle"},"url":"https:\/\/news.save.ch\/it\/author\/roger-straessle\/"}]}},"_links":{"self":[{"href":"https:\/\/news.save.ch\/it\/wp-json\/wp\/v2\/posts\/6083","targetHints":{"allow":["GET"]}}],"collection":[{"href":"https:\/\/news.save.ch\/it\/wp-json\/wp\/v2\/posts"}],"about":[{"href":"https:\/\/news.save.ch\/it\/wp-json\/wp\/v2\/types\/post"}],"author":[{"embeddable":true,"href":"https:\/\/news.save.ch\/it\/wp-json\/wp\/v2\/users\/8"}],"replies":[{"embeddable":true,"href":"https:\/\/news.save.ch\/it\/wp-json\/wp\/v2\/comments?post=6083"}],"version-history":[{"count":0,"href":"https:\/\/news.save.ch\/it\/wp-json\/wp\/v2\/posts\/6083\/revisions"}],"wp:featuredmedia":[{"embeddable":true,"href":"https:\/\/news.save.ch\/it\/wp-json\/wp\/v2\/media\/6084"}],"wp:attachment":[{"href":"https:\/\/news.save.ch\/it\/wp-json\/wp\/v2\/media?parent=6083"}],"wp:term":[{"taxonomy":"category","embeddable":true,"href":"https:\/\/news.save.ch\/it\/wp-json\/wp\/v2\/categories?post=6083"},{"taxonomy":"post_tag","embeddable":true,"href":"https:\/\/news.save.ch\/it\/wp-json\/wp\/v2\/tags?post=6083"}],"curies":[{"name":"wp","href":"https:\/\/api.w.org\/{rel}","templated":true}]}}