{"id":6134,"date":"2020-11-11T14:00:27","date_gmt":"2020-11-11T13:00:27","guid":{"rendered":"https:\/\/news.save.ch\/?p=6134"},"modified":"2020-11-11T14:00:27","modified_gmt":"2020-11-11T13:00:27","slug":"ueber-3500-schwerverunfallte-erfolgreich-wiedereingegliedert","status":null,"type":"post","link":"https:\/\/news.save.ch\/it\/ueber-3500-schwerverunfallte-erfolgreich-wiedereingegliedert\/","title":{"rendered":"Oltre 3500 persone gravemente ferite sono state reintegrate con successo"},"content":{"rendered":"<figure id=\"attachment_6135\" aria-describedby=\"caption-attachment-6135\" style=\"width: 680px\" class=\"wp-caption alignnone\"><img loading=\"lazy\" decoding=\"async\" class=\"size-medium wp-image-6135\" src=\"http:\/\/develop.safety-plus.ch\/wp-content\/uploads\/2020\/11\/reb_p008129_01.jpg\" alt=\"\" width=\"680\" height=\"494\" \/><figcaption id=\"caption-attachment-6135\" class=\"wp-caption-text\">\u00a9 Suva<\/figcaption><\/figure>\n<p>La vita \u00e8 bella finch\u00e9 non succede nulla... A volte bastano pochi secondi per cambiare completamente la vita: un breve momento di distrazione e un incidente. In seguito, possono essere necessari mesi o anni per ritrovare la strada della vita quotidiana e del lavoro.<\/p>\n<p>Nel 2019, la Suva \u00e8 riuscita a reintegrare 3519 persone (89%) su un totale di 3940 infortunati gravi. Il settore pi\u00f9 colpito \u00e8 stato quello dell'edilizia e dell'indotto, con 1172 persone infortunate. Le persone colpite si sono ferite soprattutto alle ginocchia, alle spalle o alle mani. Si considerano reintegrate con successo le persone che, dopo un infortunio, sono in grado di continuare a lavorare con il datore di lavoro originario o con un nuovo datore di lavoro e non necessitano di alcuna pensione di invalidit\u00e0 o solo di una piccola pensione di invalidit\u00e0 inferiore al 20 percento. Il successo della Suva in termini di reintegrazione \u00e8 costantemente elevato: in media, oltre l'80% degli infortunati gravi torna al lavoro dopo l'incidente.<\/p>\n<p>Il ritorno al lavoro il prima possibile \u00e8 vantaggioso anche dal punto di vista finanziario. Grazie al reinserimento, la Suva risparmia costi a lungo termine sotto forma di pensioni a vita. Per ogni pensione a vita concessa, \u00e8 necessario accantonare in media un capitale di circa 380.000 franchi. Questo risparmio va a beneficio degli assicurati sotto forma di premi pi\u00f9 bassi.<\/p>\n<p><strong>L'ambiente personale favorisce il processo di guarigione\u00a0<\/strong><\/p>\n<p>Oltre a un'assistenza tempestiva e competente, anche il sostegno morale di chi vi circonda \u00e8 importante per il successo del recupero e del reinserimento. La famiglia, gli amici, i datori di lavoro e i colleghi di lavoro possono contribuire molto al processo di recupero. Piccoli atti di gentilezza e conversazioni positive danno al paziente forza e nuove speranze, favorendo cos\u00ec il successo del recupero. \"\u00c8 importante che le vittime di incidenti non perdano il loro ambiente sociale, si sentano necessarie e abbiano una struttura\", spiega Jonas Meier, responsabile del Centro di competenza per l'integrazione professionale della clinica di riabilitazione Bellikon di Suva, specializzata nella riabilitazione di pazienti infortunati e nel reinserimento professionale. \"La nostra esperienza dimostra anche che le persone vogliono tornare a lavorare dopo un incidente. Perch\u00e9 il lavoro non trasmette solo valori esterni come il reddito o il prestigio, ma unisce le persone e d\u00e0 loro un senso di scopo\".<\/p>\n<p><em>Comunicato stampa Suva<br \/>\n<\/em><\/p>\n<blockquote>\n<p><strong>Nuova campagna della Suva \"Ritorno al lavoro\"<\/strong><\/p>\n<p>La Suva si occupa anche degli aspetti legati alla necessit\u00e0 e alla mancanza di lavoro nell'ambito dell'attuale campagna \"Ritorno al lavoro\":<\/p>\n<p>In collaborazione con Radio Energy, la Suva lancia un concorso fino al 13 dicembre 2020.\u00a0<a href=\"http:\/\/www.suva.ch\/helfen\">proprio canale radio digitale\u00a0<\/a>\u00a0. Nelle prossime sei settimane, colleghi di lavoro, superiori, familiari e amici possono inviare canzoni e saluti personali alle persone che hanno avuto un incidente per far sentire la loro mancanza. Gli auguri e le canzoni dei partecipanti vengono trasmessi ogni giorno tra le 9.00 e le 21.00 sul canale Suva. La vittima dell'incidente riceve un messaggio quando il messaggio di auguri e la canzone vengono riprodotti per lei.<\/p>\n<p><em>\u00a0<\/em><\/p>\n<\/blockquote>\n<p>&nbsp;<\/p>","protected":false},"excerpt":{"rendered":"<p>Das Leben ist sch\u00f6n, solange nichts passiert &#8230; Manchmal sind es nur wenige Sekunden, die ein Leben komplett ver\u00e4ndern \u2013 ein kurzer Moment der Ablenkung, und schon ist ein Unfall passiert. Danach kann es Monate oder Jahre dauern, bis Menschen in den Alltag und ins Arbeitsleben zur\u00fcckfinden. 2019 konnte die Suva von insgesamt 3940 schwer [&hellip;]<\/p>\n","protected":false},"author":1,"featured_media":6135,"comment_status":"closed","ping_status":"closed","sticky":false,"template":"","format":"standard","meta":{"_acf_changed":false,"pgc_sgb_lightbox_settings":"","footnotes":""},"categories":[1],"tags":[3041,3249],"class_list":["post-6134","post","type-post","status-publish","format-standard","has-post-thumbnail","hentry","category-allgemein","tag-suva-kampagne","tag-wiedereingliederung"],"acf":[],"hkrextid":null,"publication":null,"issue":null,"workflow":null,"startPage":null,"spitzmarke":null,"_posts_by_tag_page_fields":{"widget_title":"","widget_tags":""},"_at_widget":"1","_yoast_wpseo_primary_category":"1","_yoast_wpseo_focuskw_text_input":"Wiedereingliederung","_yoast_wpseo_opengraph-image":null,"_yoast_wpseo_opengraph-description":null,"_yoast_wpseo_opengraph-title":null,"enclosure":null,"_yoast_wpseo_twitter-title":null,"_yoast_wpseo_twitter-description":null,"_yoast_wpseo_twitter-image":null,"_wp_old_slug":null,"_yoast_wpseo_title":null,"_yoast_wpseo_canonical":null,"yoast_head":"<!-- This site is optimized with the Yoast SEO plugin v27.4 - https:\/\/yoast.com\/product\/yoast-seo-wordpress\/ -->\n<title>\u00dcber 3500 Schwerverunfallte erfolgreich wiedereingegliedert - Save<\/title>\n<meta name=\"description\" content=\"\u00dcber 3500 Schwerverunfallte schafften 2019 mit Hilfe der Suva den Weg zur\u00fcck in den Arbeitsprozess.\" \/>\n<meta name=\"robots\" content=\"index, follow, max-snippet:-1, max-image-preview:large, max-video-preview:-1\" \/>\n<link rel=\"canonical\" href=\"https:\/\/news.save.ch\/it\/ueber-3500-schwerverunfallte-erfolgreich-wiedereingegliedert\/\" \/>\n<meta property=\"og:locale\" content=\"it_IT\" \/>\n<meta property=\"og:type\" content=\"article\" \/>\n<meta property=\"og:title\" content=\"\u00dcber 3500 Schwerverunfallte erfolgreich wiedereingegliedert - Save\" \/>\n<meta property=\"og:description\" content=\"\u00dcber 3500 Schwerverunfallte schafften 2019 mit Hilfe der Suva den Weg zur\u00fcck in den Arbeitsprozess.\" \/>\n<meta property=\"og:url\" content=\"https:\/\/news.save.ch\/it\/ueber-3500-schwerverunfallte-erfolgreich-wiedereingegliedert\/\" \/>\n<meta property=\"og:site_name\" content=\"Save\" \/>\n<meta property=\"article:published_time\" content=\"2020-11-11T13:00:27+00:00\" \/>\n<meta property=\"og:image\" content=\"https:\/\/news.save.ch\/wp-content\/uploads\/2020\/11\/reb_p008129_01-scaled-1.jpg\" \/>\n\t<meta property=\"og:image:width\" content=\"1400\" \/>\n\t<meta property=\"og:image:height\" content=\"1017\" \/>\n\t<meta property=\"og:image:type\" content=\"image\/jpeg\" \/>\n<meta name=\"author\" content=\"admin\" \/>\n<meta name=\"twitter:card\" content=\"summary_large_image\" \/>\n<meta name=\"twitter:label1\" content=\"Scritto da\" \/>\n\t<meta name=\"twitter:data1\" content=\"admin\" \/>\n\t<meta name=\"twitter:label2\" content=\"Tempo di lettura stimato\" \/>\n\t<meta name=\"twitter:data2\" content=\"2 minuti\" \/>\n<script type=\"application\/ld+json\" class=\"yoast-schema-graph\">{\"@context\":\"https:\\\/\\\/schema.org\",\"@graph\":[{\"@type\":\"Article\",\"@id\":\"https:\\\/\\\/news.save.ch\\\/ueber-3500-schwerverunfallte-erfolgreich-wiedereingegliedert\\\/#article\",\"isPartOf\":{\"@id\":\"https:\\\/\\\/news.save.ch\\\/ueber-3500-schwerverunfallte-erfolgreich-wiedereingegliedert\\\/\"},\"author\":{\"name\":\"admin\",\"@id\":\"https:\\\/\\\/news.save.ch\\\/de\\\/#\\\/schema\\\/person\\\/d49e199490bad7c70d64b9ab51142f2b\"},\"headline\":\"\u00dcber 3500 Schwerverunfallte erfolgreich wiedereingegliedert\",\"datePublished\":\"2020-11-11T13:00:27+00:00\",\"mainEntityOfPage\":{\"@id\":\"https:\\\/\\\/news.save.ch\\\/ueber-3500-schwerverunfallte-erfolgreich-wiedereingegliedert\\\/\"},\"wordCount\":467,\"publisher\":{\"@id\":\"https:\\\/\\\/news.save.ch\\\/de\\\/#organization\"},\"image\":{\"@id\":\"https:\\\/\\\/news.save.ch\\\/ueber-3500-schwerverunfallte-erfolgreich-wiedereingegliedert\\\/#primaryimage\"},\"thumbnailUrl\":\"https:\\\/\\\/news.save.ch\\\/wp-content\\\/uploads\\\/2020\\\/11\\\/reb_p008129_01-scaled-1.jpg\",\"keywords\":[\"Suva-Kampagne\",\"Wiedereingliederung\"],\"articleSection\":[\"ALLGEMEIN\"],\"inLanguage\":\"it-IT\"},{\"@type\":\"WebPage\",\"@id\":\"https:\\\/\\\/news.save.ch\\\/ueber-3500-schwerverunfallte-erfolgreich-wiedereingegliedert\\\/\",\"url\":\"https:\\\/\\\/news.save.ch\\\/ueber-3500-schwerverunfallte-erfolgreich-wiedereingegliedert\\\/\",\"name\":\"\u00dcber 3500 Schwerverunfallte erfolgreich wiedereingegliedert - Save\",\"isPartOf\":{\"@id\":\"https:\\\/\\\/news.save.ch\\\/de\\\/#website\"},\"primaryImageOfPage\":{\"@id\":\"https:\\\/\\\/news.save.ch\\\/ueber-3500-schwerverunfallte-erfolgreich-wiedereingegliedert\\\/#primaryimage\"},\"image\":{\"@id\":\"https:\\\/\\\/news.save.ch\\\/ueber-3500-schwerverunfallte-erfolgreich-wiedereingegliedert\\\/#primaryimage\"},\"thumbnailUrl\":\"https:\\\/\\\/news.save.ch\\\/wp-content\\\/uploads\\\/2020\\\/11\\\/reb_p008129_01-scaled-1.jpg\",\"datePublished\":\"2020-11-11T13:00:27+00:00\",\"description\":\"\u00dcber 3500 Schwerverunfallte schafften 2019 mit Hilfe der Suva den Weg zur\u00fcck in den Arbeitsprozess.\",\"breadcrumb\":{\"@id\":\"https:\\\/\\\/news.save.ch\\\/ueber-3500-schwerverunfallte-erfolgreich-wiedereingegliedert\\\/#breadcrumb\"},\"inLanguage\":\"it-IT\",\"potentialAction\":[{\"@type\":\"ReadAction\",\"target\":[\"https:\\\/\\\/news.save.ch\\\/ueber-3500-schwerverunfallte-erfolgreich-wiedereingegliedert\\\/\"]}]},{\"@type\":\"ImageObject\",\"inLanguage\":\"it-IT\",\"@id\":\"https:\\\/\\\/news.save.ch\\\/ueber-3500-schwerverunfallte-erfolgreich-wiedereingegliedert\\\/#primaryimage\",\"url\":\"https:\\\/\\\/news.save.ch\\\/wp-content\\\/uploads\\\/2020\\\/11\\\/reb_p008129_01-scaled-1.jpg\",\"contentUrl\":\"https:\\\/\\\/news.save.ch\\\/wp-content\\\/uploads\\\/2020\\\/11\\\/reb_p008129_01-scaled-1.jpg\",\"width\":1400,\"height\":1017,\"caption\":\"\u00a9 Suva\"},{\"@type\":\"BreadcrumbList\",\"@id\":\"https:\\\/\\\/news.save.ch\\\/ueber-3500-schwerverunfallte-erfolgreich-wiedereingegliedert\\\/#breadcrumb\",\"itemListElement\":[{\"@type\":\"ListItem\",\"position\":1,\"name\":\"Home\",\"item\":\"https:\\\/\\\/news.save.ch\\\/de\\\/\"},{\"@type\":\"ListItem\",\"position\":2,\"name\":\"\u00dcber 3500 Schwerverunfallte erfolgreich wiedereingegliedert\"}]},{\"@type\":\"WebSite\",\"@id\":\"https:\\\/\\\/news.save.ch\\\/de\\\/#website\",\"url\":\"https:\\\/\\\/news.save.ch\\\/de\\\/\",\"name\":\"Save\",\"description\":\"Schweizer Fachzeitschrift f\u00fcr Sicherheit\",\"publisher\":{\"@id\":\"https:\\\/\\\/news.save.ch\\\/de\\\/#organization\"},\"potentialAction\":[{\"@type\":\"SearchAction\",\"target\":{\"@type\":\"EntryPoint\",\"urlTemplate\":\"https:\\\/\\\/news.save.ch\\\/de\\\/?s={search_term_string}\"},\"query-input\":{\"@type\":\"PropertyValueSpecification\",\"valueRequired\":true,\"valueName\":\"search_term_string\"}}],\"inLanguage\":\"it-IT\"},{\"@type\":\"Organization\",\"@id\":\"https:\\\/\\\/news.save.ch\\\/de\\\/#organization\",\"name\":\"Sicherheitsforum\",\"url\":\"https:\\\/\\\/news.save.ch\\\/de\\\/\",\"logo\":{\"@type\":\"ImageObject\",\"inLanguage\":\"it-IT\",\"@id\":\"https:\\\/\\\/news.save.ch\\\/de\\\/#\\\/schema\\\/logo\\\/image\\\/\",\"url\":\"https:\\\/\\\/news.save.ch\\\/wp-content\\\/uploads\\\/2022\\\/06\\\/Logo_SF_2012.png\",\"contentUrl\":\"https:\\\/\\\/news.save.ch\\\/wp-content\\\/uploads\\\/2022\\\/06\\\/Logo_SF_2012.png\",\"width\":1100,\"height\":91,\"caption\":\"Sicherheitsforum\"},\"image\":{\"@id\":\"https:\\\/\\\/news.save.ch\\\/de\\\/#\\\/schema\\\/logo\\\/image\\\/\"}},{\"@type\":\"Person\",\"@id\":\"https:\\\/\\\/news.save.ch\\\/de\\\/#\\\/schema\\\/person\\\/d49e199490bad7c70d64b9ab51142f2b\",\"name\":\"admin\",\"image\":{\"@type\":\"ImageObject\",\"inLanguage\":\"it-IT\",\"@id\":\"https:\\\/\\\/secure.gravatar.com\\\/avatar\\\/ae2f4d718e6c49043e314ce431e7e645d646302a24a5ef5a8bc8e3f5a032e319?s=96&d=mm&r=g\",\"url\":\"https:\\\/\\\/secure.gravatar.com\\\/avatar\\\/ae2f4d718e6c49043e314ce431e7e645d646302a24a5ef5a8bc8e3f5a032e319?s=96&d=mm&r=g\",\"contentUrl\":\"https:\\\/\\\/secure.gravatar.com\\\/avatar\\\/ae2f4d718e6c49043e314ce431e7e645d646302a24a5ef5a8bc8e3f5a032e319?s=96&d=mm&r=g\",\"caption\":\"admin\"},\"sameAs\":[\"https:\\\/\\\/develop.organisator.galledia.ch\"],\"url\":\"https:\\\/\\\/news.save.ch\\\/it\\\/author\\\/admin\\\/\"}]}<\/script>\n<!-- \/ Yoast SEO plugin. -->","yoast_head_json":{"title":"Oltre 3.500 feriti gravi reintegrati con successo - Save","description":"Oltre 3.500 persone che hanno subito gravi incidenti sono riuscite a tornare al lavoro con l'aiuto della Suva nel 2019.","robots":{"index":"index","follow":"follow","max-snippet":"max-snippet:-1","max-image-preview":"max-image-preview:large","max-video-preview":"max-video-preview:-1"},"canonical":"https:\/\/news.save.ch\/it\/ueber-3500-schwerverunfallte-erfolgreich-wiedereingegliedert\/","og_locale":"it_IT","og_type":"article","og_title":"\u00dcber 3500 Schwerverunfallte erfolgreich wiedereingegliedert - Save","og_description":"\u00dcber 3500 Schwerverunfallte schafften 2019 mit Hilfe der Suva den Weg zur\u00fcck in den Arbeitsprozess.","og_url":"https:\/\/news.save.ch\/it\/ueber-3500-schwerverunfallte-erfolgreich-wiedereingegliedert\/","og_site_name":"Save","article_published_time":"2020-11-11T13:00:27+00:00","og_image":[{"width":1400,"height":1017,"url":"https:\/\/news.save.ch\/wp-content\/uploads\/2020\/11\/reb_p008129_01-scaled-1.jpg","type":"image\/jpeg"}],"author":"admin","twitter_card":"summary_large_image","twitter_misc":{"Scritto da":"admin","Tempo di lettura stimato":"2 minuti"},"schema":{"@context":"https:\/\/schema.org","@graph":[{"@type":"Article","@id":"https:\/\/news.save.ch\/ueber-3500-schwerverunfallte-erfolgreich-wiedereingegliedert\/#article","isPartOf":{"@id":"https:\/\/news.save.ch\/ueber-3500-schwerverunfallte-erfolgreich-wiedereingegliedert\/"},"author":{"name":"admin","@id":"https:\/\/news.save.ch\/de\/#\/schema\/person\/d49e199490bad7c70d64b9ab51142f2b"},"headline":"\u00dcber 3500 Schwerverunfallte erfolgreich wiedereingegliedert","datePublished":"2020-11-11T13:00:27+00:00","mainEntityOfPage":{"@id":"https:\/\/news.save.ch\/ueber-3500-schwerverunfallte-erfolgreich-wiedereingegliedert\/"},"wordCount":467,"publisher":{"@id":"https:\/\/news.save.ch\/de\/#organization"},"image":{"@id":"https:\/\/news.save.ch\/ueber-3500-schwerverunfallte-erfolgreich-wiedereingegliedert\/#primaryimage"},"thumbnailUrl":"https:\/\/news.save.ch\/wp-content\/uploads\/2020\/11\/reb_p008129_01-scaled-1.jpg","keywords":["Suva-Kampagne","Wiedereingliederung"],"articleSection":["ALLGEMEIN"],"inLanguage":"it-IT"},{"@type":"WebPage","@id":"https:\/\/news.save.ch\/ueber-3500-schwerverunfallte-erfolgreich-wiedereingegliedert\/","url":"https:\/\/news.save.ch\/ueber-3500-schwerverunfallte-erfolgreich-wiedereingegliedert\/","name":"Oltre 3.500 feriti gravi reintegrati con successo - Save","isPartOf":{"@id":"https:\/\/news.save.ch\/de\/#website"},"primaryImageOfPage":{"@id":"https:\/\/news.save.ch\/ueber-3500-schwerverunfallte-erfolgreich-wiedereingegliedert\/#primaryimage"},"image":{"@id":"https:\/\/news.save.ch\/ueber-3500-schwerverunfallte-erfolgreich-wiedereingegliedert\/#primaryimage"},"thumbnailUrl":"https:\/\/news.save.ch\/wp-content\/uploads\/2020\/11\/reb_p008129_01-scaled-1.jpg","datePublished":"2020-11-11T13:00:27+00:00","description":"Oltre 3.500 persone che hanno subito gravi incidenti sono riuscite a tornare al lavoro con l'aiuto della Suva nel 2019.","breadcrumb":{"@id":"https:\/\/news.save.ch\/ueber-3500-schwerverunfallte-erfolgreich-wiedereingegliedert\/#breadcrumb"},"inLanguage":"it-IT","potentialAction":[{"@type":"ReadAction","target":["https:\/\/news.save.ch\/ueber-3500-schwerverunfallte-erfolgreich-wiedereingegliedert\/"]}]},{"@type":"ImageObject","inLanguage":"it-IT","@id":"https:\/\/news.save.ch\/ueber-3500-schwerverunfallte-erfolgreich-wiedereingegliedert\/#primaryimage","url":"https:\/\/news.save.ch\/wp-content\/uploads\/2020\/11\/reb_p008129_01-scaled-1.jpg","contentUrl":"https:\/\/news.save.ch\/wp-content\/uploads\/2020\/11\/reb_p008129_01-scaled-1.jpg","width":1400,"height":1017,"caption":"\u00a9 Suva"},{"@type":"BreadcrumbList","@id":"https:\/\/news.save.ch\/ueber-3500-schwerverunfallte-erfolgreich-wiedereingegliedert\/#breadcrumb","itemListElement":[{"@type":"ListItem","position":1,"name":"Home","item":"https:\/\/news.save.ch\/de\/"},{"@type":"ListItem","position":2,"name":"\u00dcber 3500 Schwerverunfallte erfolgreich wiedereingegliedert"}]},{"@type":"WebSite","@id":"https:\/\/news.save.ch\/de\/#website","url":"https:\/\/news.save.ch\/de\/","name":"Risparmiare","description":"Rivista svizzera specializzata in sicurezza","publisher":{"@id":"https:\/\/news.save.ch\/de\/#organization"},"potentialAction":[{"@type":"SearchAction","target":{"@type":"EntryPoint","urlTemplate":"https:\/\/news.save.ch\/de\/?s={search_term_string}"},"query-input":{"@type":"PropertyValueSpecification","valueRequired":true,"valueName":"search_term_string"}}],"inLanguage":"it-IT"},{"@type":"Organization","@id":"https:\/\/news.save.ch\/de\/#organization","name":"Forum sulla sicurezza","url":"https:\/\/news.save.ch\/de\/","logo":{"@type":"ImageObject","inLanguage":"it-IT","@id":"https:\/\/news.save.ch\/de\/#\/schema\/logo\/image\/","url":"https:\/\/news.save.ch\/wp-content\/uploads\/2022\/06\/Logo_SF_2012.png","contentUrl":"https:\/\/news.save.ch\/wp-content\/uploads\/2022\/06\/Logo_SF_2012.png","width":1100,"height":91,"caption":"Sicherheitsforum"},"image":{"@id":"https:\/\/news.save.ch\/de\/#\/schema\/logo\/image\/"}},{"@type":"Person","@id":"https:\/\/news.save.ch\/de\/#\/schema\/person\/d49e199490bad7c70d64b9ab51142f2b","name":"amministratore","image":{"@type":"ImageObject","inLanguage":"it-IT","@id":"https:\/\/secure.gravatar.com\/avatar\/ae2f4d718e6c49043e314ce431e7e645d646302a24a5ef5a8bc8e3f5a032e319?s=96&d=mm&r=g","url":"https:\/\/secure.gravatar.com\/avatar\/ae2f4d718e6c49043e314ce431e7e645d646302a24a5ef5a8bc8e3f5a032e319?s=96&d=mm&r=g","contentUrl":"https:\/\/secure.gravatar.com\/avatar\/ae2f4d718e6c49043e314ce431e7e645d646302a24a5ef5a8bc8e3f5a032e319?s=96&d=mm&r=g","caption":"admin"},"sameAs":["https:\/\/develop.organisator.galledia.ch"],"url":"https:\/\/news.save.ch\/it\/author\/admin\/"}]}},"_links":{"self":[{"href":"https:\/\/news.save.ch\/it\/wp-json\/wp\/v2\/posts\/6134","targetHints":{"allow":["GET"]}}],"collection":[{"href":"https:\/\/news.save.ch\/it\/wp-json\/wp\/v2\/posts"}],"about":[{"href":"https:\/\/news.save.ch\/it\/wp-json\/wp\/v2\/types\/post"}],"author":[{"embeddable":true,"href":"https:\/\/news.save.ch\/it\/wp-json\/wp\/v2\/users\/1"}],"replies":[{"embeddable":true,"href":"https:\/\/news.save.ch\/it\/wp-json\/wp\/v2\/comments?post=6134"}],"version-history":[{"count":0,"href":"https:\/\/news.save.ch\/it\/wp-json\/wp\/v2\/posts\/6134\/revisions"}],"wp:featuredmedia":[{"embeddable":true,"href":"https:\/\/news.save.ch\/it\/wp-json\/wp\/v2\/media\/6135"}],"wp:attachment":[{"href":"https:\/\/news.save.ch\/it\/wp-json\/wp\/v2\/media?parent=6134"}],"wp:term":[{"taxonomy":"category","embeddable":true,"href":"https:\/\/news.save.ch\/it\/wp-json\/wp\/v2\/categories?post=6134"},{"taxonomy":"post_tag","embeddable":true,"href":"https:\/\/news.save.ch\/it\/wp-json\/wp\/v2\/tags?post=6134"}],"curies":[{"name":"wp","href":"https:\/\/api.w.org\/{rel}","templated":true}]}}