{"id":6172,"date":"2020-12-04T14:09:12","date_gmt":"2020-12-04T13:09:12","guid":{"rendered":"https:\/\/news.save.ch\/?p=6172"},"modified":"2023-03-14T09:02:14","modified_gmt":"2023-03-14T08:02:14","slug":"glyphosat-bundesrat-will-reduktion-weiter-foerdern","status":null,"type":"post","link":"https:\/\/news.save.ch\/it\/glyphosat-bundesrat-will-reduktion-weiter-foerdern\/","title":{"rendered":"Glifosato: il Consiglio federale vuole promuoverne ulteriormente la riduzione"},"content":{"rendered":"<figure id=\"attachment_6173\" aria-describedby=\"caption-attachment-6173\" style=\"width: 680px\" class=\"wp-caption alignnone\"><img loading=\"lazy\" decoding=\"async\" class=\"wp-image-6173 size-medium\" src=\"http:\/\/develop.safety-plus.ch\/wp-content\/uploads\/2020\/12\/glyphosat_pixabay.jpg\" alt=\"Glifosato: il Consiglio federale vuole promuoverne ulteriormente la riduzione\" width=\"680\" height=\"455\" srcset=\"https:\/\/news.save.ch\/wp-content\/uploads\/2020\/12\/glyphosat_pixabay.jpg 960w, https:\/\/news.save.ch\/wp-content\/uploads\/2020\/12\/glyphosat_pixabay-680x455.jpg 680w, https:\/\/news.save.ch\/wp-content\/uploads\/2020\/12\/glyphosat_pixabay-768x514.jpg 768w, https:\/\/news.save.ch\/wp-content\/uploads\/2020\/12\/glyphosat_pixabay-18x12.jpg 18w, https:\/\/news.save.ch\/wp-content\/uploads\/2020\/12\/glyphosat_pixabay-375x251.jpg 375w, https:\/\/news.save.ch\/wp-content\/uploads\/2020\/12\/glyphosat_pixabay-523x350.jpg 523w\" sizes=\"auto, (max-width: 680px) 100vw, 680px\" \/><figcaption id=\"caption-attachment-6173\" class=\"wp-caption-text\">Il Consiglio federale vuole che la tendenza a ridurre l'uso del glifosato continui. Immagine: Pixabay<\/figcaption><\/figure>\n<p>La quantit\u00e0 di glifosato venduta in Svizzera \u00e8 gi\u00e0 diminuita del 63% negli ultimi dieci anni. Il Consiglio federale vuole promuovere ulteriormente questo sviluppo, in quanto <a href=\"https:\/\/www.admin.ch\/gov\/de\/start\/dokumentation\/medienmitteilungen.msg-id-81466.html\" target=\"_blank\" rel=\"noopener\">in una comunicazione<\/a> scrive. Secondo un rapporto, la riduzione dell'uso di questo pesticida \u00e8 possibile ed \u00e8 gi\u00e0 stata attuata in molte aree. In alcune aree dell'agricoltura, tuttavia, c'\u00e8 ancora un potenziale non sfruttato per ridurre l'uso del glifosato.<\/p>\n<p>Tuttavia, la relazione degli esperti mostra anche che le alternative all'uso del glifosato possono attualmente comportare degli svantaggi. Ad esempio, i sostituti esistenti aumentano il rischio di erosione del suolo. Inoltre, le alternative comportano costi di produzione pi\u00f9 elevati. Anche il controllo delle infestanti perenni \u00e8 pi\u00f9 difficile con questi metodi.<\/p>\n<p><em>Fonte: LID<\/em><\/p>","protected":false},"excerpt":{"rendered":"<p>Die Glyphosat-Verkaufsmenge in der Schweiz ist in den letzten zehn Jahren bereits um 63 Prozent gesunken. Diese Entwicklung will der Bundesrat weiter f\u00f6rdern, wie er in einer Mitteilung schreibt. Die Reduktion des Einsatzes dieses Pflanzenschutzmittels sei m\u00f6glich ist und in vielen Bereichen bereits umgesetzt worden, heisst es in einem Bericht. In einigen Bereichen der Landwirtschaft [&hellip;]<\/p>\n","protected":false},"author":9,"featured_media":6173,"comment_status":"closed","ping_status":"closed","sticky":false,"template":"","format":"standard","meta":{"_acf_changed":false,"pgc_sgb_lightbox_settings":"","footnotes":""},"categories":[3314],"tags":[168,2190,2427],"class_list":["post-6172","post","type-post","status-publish","format-standard","has-post-thumbnail","hentry","category-health-safety","tag-bundesrat","tag-glyphosat","tag-landwirtschaft"],"acf":[],"hkrextid":null,"publication":null,"issue":null,"workflow":null,"startPage":null,"spitzmarke":null,"_posts_by_tag_page_fields":{"widget_title":"","widget_tags":""},"_at_widget":"1","_yoast_wpseo_primary_category":"4","_yoast_wpseo_focuskw_text_input":"Glyphosat","_yoast_wpseo_opengraph-image":null,"_yoast_wpseo_opengraph-description":null,"_yoast_wpseo_opengraph-title":null,"enclosure":null,"_yoast_wpseo_twitter-title":null,"_yoast_wpseo_twitter-description":null,"_yoast_wpseo_twitter-image":null,"_wp_old_slug":null,"_yoast_wpseo_title":null,"_yoast_wpseo_canonical":null,"yoast_head":"<!-- This site is optimized with the Yoast SEO plugin v27.4 - https:\/\/yoast.com\/product\/yoast-seo-wordpress\/ -->\n<title>Glyphosat: Bundesrat will Reduktion weiter f\u00f6rdern - Save<\/title>\n<meta name=\"description\" content=\"Der Bundesrat will den r\u00fcckl\u00e4ufigen Glyphosat-Trend weiter f\u00f6rdern und bekr\u00e4ftigen, dass dies in vielen Bereichen bereits umgesetzt wurde.\" \/>\n<meta name=\"robots\" content=\"index, follow, max-snippet:-1, max-image-preview:large, max-video-preview:-1\" \/>\n<link rel=\"canonical\" href=\"https:\/\/news.save.ch\/it\/glyphosat-bundesrat-will-reduktion-weiter-foerdern\/\" \/>\n<meta property=\"og:locale\" content=\"it_IT\" \/>\n<meta property=\"og:type\" content=\"article\" \/>\n<meta property=\"og:title\" content=\"Glyphosat: Bundesrat will Reduktion weiter f\u00f6rdern - Save\" \/>\n<meta property=\"og:description\" content=\"Der Bundesrat will den r\u00fcckl\u00e4ufigen Glyphosat-Trend weiter f\u00f6rdern und bekr\u00e4ftigen, dass dies in vielen Bereichen bereits umgesetzt wurde.\" \/>\n<meta property=\"og:url\" content=\"https:\/\/news.save.ch\/it\/glyphosat-bundesrat-will-reduktion-weiter-foerdern\/\" \/>\n<meta property=\"og:site_name\" content=\"Save\" \/>\n<meta property=\"article:published_time\" content=\"2020-12-04T13:09:12+00:00\" \/>\n<meta property=\"article:modified_time\" content=\"2023-03-14T08:02:14+00:00\" \/>\n<meta property=\"og:image\" content=\"https:\/\/news.save.ch\/wp-content\/uploads\/2020\/12\/glyphosat_pixabay.jpg\" \/>\n\t<meta property=\"og:image:width\" content=\"960\" \/>\n\t<meta property=\"og:image:height\" content=\"642\" \/>\n\t<meta property=\"og:image:type\" content=\"image\/jpeg\" \/>\n<meta name=\"author\" content=\"Simon Gr\u00f6flin\" \/>\n<meta name=\"twitter:card\" content=\"summary_large_image\" \/>\n<meta name=\"twitter:label1\" content=\"Scritto da\" \/>\n\t<meta name=\"twitter:data1\" content=\"Simon Gr\u00f6flin\" \/>\n\t<meta name=\"twitter:label2\" content=\"Tempo di lettura stimato\" \/>\n\t<meta name=\"twitter:data2\" content=\"1 minuto\" \/>\n<script type=\"application\/ld+json\" class=\"yoast-schema-graph\">{\"@context\":\"https:\\\/\\\/schema.org\",\"@graph\":[{\"@type\":\"Article\",\"@id\":\"https:\\\/\\\/news.save.ch\\\/glyphosat-bundesrat-will-reduktion-weiter-foerdern\\\/#article\",\"isPartOf\":{\"@id\":\"https:\\\/\\\/news.save.ch\\\/glyphosat-bundesrat-will-reduktion-weiter-foerdern\\\/\"},\"author\":{\"name\":\"Simon Gr\u00f6flin\",\"@id\":\"https:\\\/\\\/news.save.ch\\\/de\\\/#\\\/schema\\\/person\\\/ad4ef21102fd6125312409ac57d5296d\"},\"headline\":\"Glyphosat: Bundesrat will Reduktion weiter f\u00f6rdern\",\"datePublished\":\"2020-12-04T13:09:12+00:00\",\"dateModified\":\"2023-03-14T08:02:14+00:00\",\"mainEntityOfPage\":{\"@id\":\"https:\\\/\\\/news.save.ch\\\/glyphosat-bundesrat-will-reduktion-weiter-foerdern\\\/\"},\"wordCount\":150,\"publisher\":{\"@id\":\"https:\\\/\\\/news.save.ch\\\/de\\\/#organization\"},\"image\":{\"@id\":\"https:\\\/\\\/news.save.ch\\\/glyphosat-bundesrat-will-reduktion-weiter-foerdern\\\/#primaryimage\"},\"thumbnailUrl\":\"https:\\\/\\\/news.save.ch\\\/wp-content\\\/uploads\\\/2020\\\/12\\\/glyphosat_pixabay.jpg\",\"keywords\":[\"Bundesrat\",\"Glyphosat\",\"Landwirtschaft\"],\"articleSection\":[\"HEALTH &amp; SAFETY\"],\"inLanguage\":\"it-IT\"},{\"@type\":\"WebPage\",\"@id\":\"https:\\\/\\\/news.save.ch\\\/glyphosat-bundesrat-will-reduktion-weiter-foerdern\\\/\",\"url\":\"https:\\\/\\\/news.save.ch\\\/glyphosat-bundesrat-will-reduktion-weiter-foerdern\\\/\",\"name\":\"Glyphosat: Bundesrat will Reduktion weiter f\u00f6rdern - Save\",\"isPartOf\":{\"@id\":\"https:\\\/\\\/news.save.ch\\\/de\\\/#website\"},\"primaryImageOfPage\":{\"@id\":\"https:\\\/\\\/news.save.ch\\\/glyphosat-bundesrat-will-reduktion-weiter-foerdern\\\/#primaryimage\"},\"image\":{\"@id\":\"https:\\\/\\\/news.save.ch\\\/glyphosat-bundesrat-will-reduktion-weiter-foerdern\\\/#primaryimage\"},\"thumbnailUrl\":\"https:\\\/\\\/news.save.ch\\\/wp-content\\\/uploads\\\/2020\\\/12\\\/glyphosat_pixabay.jpg\",\"datePublished\":\"2020-12-04T13:09:12+00:00\",\"dateModified\":\"2023-03-14T08:02:14+00:00\",\"description\":\"Der Bundesrat will den r\u00fcckl\u00e4ufigen Glyphosat-Trend weiter f\u00f6rdern und bekr\u00e4ftigen, dass dies in vielen Bereichen bereits umgesetzt wurde.\",\"breadcrumb\":{\"@id\":\"https:\\\/\\\/news.save.ch\\\/glyphosat-bundesrat-will-reduktion-weiter-foerdern\\\/#breadcrumb\"},\"inLanguage\":\"it-IT\",\"potentialAction\":[{\"@type\":\"ReadAction\",\"target\":[\"https:\\\/\\\/news.save.ch\\\/glyphosat-bundesrat-will-reduktion-weiter-foerdern\\\/\"]}]},{\"@type\":\"ImageObject\",\"inLanguage\":\"it-IT\",\"@id\":\"https:\\\/\\\/news.save.ch\\\/glyphosat-bundesrat-will-reduktion-weiter-foerdern\\\/#primaryimage\",\"url\":\"https:\\\/\\\/news.save.ch\\\/wp-content\\\/uploads\\\/2020\\\/12\\\/glyphosat_pixabay.jpg\",\"contentUrl\":\"https:\\\/\\\/news.save.ch\\\/wp-content\\\/uploads\\\/2020\\\/12\\\/glyphosat_pixabay.jpg\",\"width\":960,\"height\":642},{\"@type\":\"BreadcrumbList\",\"@id\":\"https:\\\/\\\/news.save.ch\\\/glyphosat-bundesrat-will-reduktion-weiter-foerdern\\\/#breadcrumb\",\"itemListElement\":[{\"@type\":\"ListItem\",\"position\":1,\"name\":\"Home\",\"item\":\"https:\\\/\\\/news.save.ch\\\/de\\\/\"},{\"@type\":\"ListItem\",\"position\":2,\"name\":\"Glyphosat: Bundesrat will Reduktion weiter f\u00f6rdern\"}]},{\"@type\":\"WebSite\",\"@id\":\"https:\\\/\\\/news.save.ch\\\/de\\\/#website\",\"url\":\"https:\\\/\\\/news.save.ch\\\/de\\\/\",\"name\":\"Save\",\"description\":\"Schweizer Fachzeitschrift f\u00fcr Sicherheit\",\"publisher\":{\"@id\":\"https:\\\/\\\/news.save.ch\\\/de\\\/#organization\"},\"potentialAction\":[{\"@type\":\"SearchAction\",\"target\":{\"@type\":\"EntryPoint\",\"urlTemplate\":\"https:\\\/\\\/news.save.ch\\\/de\\\/?s={search_term_string}\"},\"query-input\":{\"@type\":\"PropertyValueSpecification\",\"valueRequired\":true,\"valueName\":\"search_term_string\"}}],\"inLanguage\":\"it-IT\"},{\"@type\":\"Organization\",\"@id\":\"https:\\\/\\\/news.save.ch\\\/de\\\/#organization\",\"name\":\"Sicherheitsforum\",\"url\":\"https:\\\/\\\/news.save.ch\\\/de\\\/\",\"logo\":{\"@type\":\"ImageObject\",\"inLanguage\":\"it-IT\",\"@id\":\"https:\\\/\\\/news.save.ch\\\/de\\\/#\\\/schema\\\/logo\\\/image\\\/\",\"url\":\"https:\\\/\\\/news.save.ch\\\/wp-content\\\/uploads\\\/2022\\\/06\\\/Logo_SF_2012.png\",\"contentUrl\":\"https:\\\/\\\/news.save.ch\\\/wp-content\\\/uploads\\\/2022\\\/06\\\/Logo_SF_2012.png\",\"width\":1100,\"height\":91,\"caption\":\"Sicherheitsforum\"},\"image\":{\"@id\":\"https:\\\/\\\/news.save.ch\\\/de\\\/#\\\/schema\\\/logo\\\/image\\\/\"}},{\"@type\":\"Person\",\"@id\":\"https:\\\/\\\/news.save.ch\\\/de\\\/#\\\/schema\\\/person\\\/ad4ef21102fd6125312409ac57d5296d\",\"name\":\"Simon Gr\u00f6flin\",\"image\":{\"@type\":\"ImageObject\",\"inLanguage\":\"it-IT\",\"@id\":\"https:\\\/\\\/secure.gravatar.com\\\/avatar\\\/6ddceb80eb734354635539e0ea5140bb7c41e42de7c45c9a2ab9921b5d5c9a83?s=96&d=mm&r=g\",\"url\":\"https:\\\/\\\/secure.gravatar.com\\\/avatar\\\/6ddceb80eb734354635539e0ea5140bb7c41e42de7c45c9a2ab9921b5d5c9a83?s=96&d=mm&r=g\",\"contentUrl\":\"https:\\\/\\\/secure.gravatar.com\\\/avatar\\\/6ddceb80eb734354635539e0ea5140bb7c41e42de7c45c9a2ab9921b5d5c9a83?s=96&d=mm&r=g\",\"caption\":\"Simon Gr\u00f6flin\"},\"url\":\"https:\\\/\\\/news.save.ch\\\/it\\\/author\\\/simon-groeflin\\\/\"}]}<\/script>\n<!-- \/ Yoast SEO plugin. -->","yoast_head_json":{"title":"Glifosato: il Consiglio federale vuole promuovere ulteriormente la riduzione - Save","description":"Il Consiglio federale intende promuovere ulteriormente la tendenza al declino del glifosato e ribadire che ci\u00f2 \u00e8 gi\u00e0 stato attuato in molte aree.","robots":{"index":"index","follow":"follow","max-snippet":"max-snippet:-1","max-image-preview":"max-image-preview:large","max-video-preview":"max-video-preview:-1"},"canonical":"https:\/\/news.save.ch\/it\/glyphosat-bundesrat-will-reduktion-weiter-foerdern\/","og_locale":"it_IT","og_type":"article","og_title":"Glyphosat: Bundesrat will Reduktion weiter f\u00f6rdern - Save","og_description":"Der Bundesrat will den r\u00fcckl\u00e4ufigen Glyphosat-Trend weiter f\u00f6rdern und bekr\u00e4ftigen, dass dies in vielen Bereichen bereits umgesetzt wurde.","og_url":"https:\/\/news.save.ch\/it\/glyphosat-bundesrat-will-reduktion-weiter-foerdern\/","og_site_name":"Save","article_published_time":"2020-12-04T13:09:12+00:00","article_modified_time":"2023-03-14T08:02:14+00:00","og_image":[{"width":960,"height":642,"url":"https:\/\/news.save.ch\/wp-content\/uploads\/2020\/12\/glyphosat_pixabay.jpg","type":"image\/jpeg"}],"author":"Simon Gr\u00f6flin","twitter_card":"summary_large_image","twitter_misc":{"Scritto da":"Simon Gr\u00f6flin","Tempo di lettura stimato":"1 minuto"},"schema":{"@context":"https:\/\/schema.org","@graph":[{"@type":"Article","@id":"https:\/\/news.save.ch\/glyphosat-bundesrat-will-reduktion-weiter-foerdern\/#article","isPartOf":{"@id":"https:\/\/news.save.ch\/glyphosat-bundesrat-will-reduktion-weiter-foerdern\/"},"author":{"name":"Simon Gr\u00f6flin","@id":"https:\/\/news.save.ch\/de\/#\/schema\/person\/ad4ef21102fd6125312409ac57d5296d"},"headline":"Glyphosat: Bundesrat will Reduktion weiter f\u00f6rdern","datePublished":"2020-12-04T13:09:12+00:00","dateModified":"2023-03-14T08:02:14+00:00","mainEntityOfPage":{"@id":"https:\/\/news.save.ch\/glyphosat-bundesrat-will-reduktion-weiter-foerdern\/"},"wordCount":150,"publisher":{"@id":"https:\/\/news.save.ch\/de\/#organization"},"image":{"@id":"https:\/\/news.save.ch\/glyphosat-bundesrat-will-reduktion-weiter-foerdern\/#primaryimage"},"thumbnailUrl":"https:\/\/news.save.ch\/wp-content\/uploads\/2020\/12\/glyphosat_pixabay.jpg","keywords":["Bundesrat","Glyphosat","Landwirtschaft"],"articleSection":["HEALTH &amp; SAFETY"],"inLanguage":"it-IT"},{"@type":"WebPage","@id":"https:\/\/news.save.ch\/glyphosat-bundesrat-will-reduktion-weiter-foerdern\/","url":"https:\/\/news.save.ch\/glyphosat-bundesrat-will-reduktion-weiter-foerdern\/","name":"Glifosato: il Consiglio federale vuole promuovere ulteriormente la riduzione - Save","isPartOf":{"@id":"https:\/\/news.save.ch\/de\/#website"},"primaryImageOfPage":{"@id":"https:\/\/news.save.ch\/glyphosat-bundesrat-will-reduktion-weiter-foerdern\/#primaryimage"},"image":{"@id":"https:\/\/news.save.ch\/glyphosat-bundesrat-will-reduktion-weiter-foerdern\/#primaryimage"},"thumbnailUrl":"https:\/\/news.save.ch\/wp-content\/uploads\/2020\/12\/glyphosat_pixabay.jpg","datePublished":"2020-12-04T13:09:12+00:00","dateModified":"2023-03-14T08:02:14+00:00","description":"Il Consiglio federale intende promuovere ulteriormente la tendenza al declino del glifosato e ribadire che ci\u00f2 \u00e8 gi\u00e0 stato attuato in molte aree.","breadcrumb":{"@id":"https:\/\/news.save.ch\/glyphosat-bundesrat-will-reduktion-weiter-foerdern\/#breadcrumb"},"inLanguage":"it-IT","potentialAction":[{"@type":"ReadAction","target":["https:\/\/news.save.ch\/glyphosat-bundesrat-will-reduktion-weiter-foerdern\/"]}]},{"@type":"ImageObject","inLanguage":"it-IT","@id":"https:\/\/news.save.ch\/glyphosat-bundesrat-will-reduktion-weiter-foerdern\/#primaryimage","url":"https:\/\/news.save.ch\/wp-content\/uploads\/2020\/12\/glyphosat_pixabay.jpg","contentUrl":"https:\/\/news.save.ch\/wp-content\/uploads\/2020\/12\/glyphosat_pixabay.jpg","width":960,"height":642},{"@type":"BreadcrumbList","@id":"https:\/\/news.save.ch\/glyphosat-bundesrat-will-reduktion-weiter-foerdern\/#breadcrumb","itemListElement":[{"@type":"ListItem","position":1,"name":"Home","item":"https:\/\/news.save.ch\/de\/"},{"@type":"ListItem","position":2,"name":"Glyphosat: Bundesrat will Reduktion weiter f\u00f6rdern"}]},{"@type":"WebSite","@id":"https:\/\/news.save.ch\/de\/#website","url":"https:\/\/news.save.ch\/de\/","name":"Risparmiare","description":"Rivista svizzera specializzata in sicurezza","publisher":{"@id":"https:\/\/news.save.ch\/de\/#organization"},"potentialAction":[{"@type":"SearchAction","target":{"@type":"EntryPoint","urlTemplate":"https:\/\/news.save.ch\/de\/?s={search_term_string}"},"query-input":{"@type":"PropertyValueSpecification","valueRequired":true,"valueName":"search_term_string"}}],"inLanguage":"it-IT"},{"@type":"Organization","@id":"https:\/\/news.save.ch\/de\/#organization","name":"Forum sulla sicurezza","url":"https:\/\/news.save.ch\/de\/","logo":{"@type":"ImageObject","inLanguage":"it-IT","@id":"https:\/\/news.save.ch\/de\/#\/schema\/logo\/image\/","url":"https:\/\/news.save.ch\/wp-content\/uploads\/2022\/06\/Logo_SF_2012.png","contentUrl":"https:\/\/news.save.ch\/wp-content\/uploads\/2022\/06\/Logo_SF_2012.png","width":1100,"height":91,"caption":"Sicherheitsforum"},"image":{"@id":"https:\/\/news.save.ch\/de\/#\/schema\/logo\/image\/"}},{"@type":"Person","@id":"https:\/\/news.save.ch\/de\/#\/schema\/person\/ad4ef21102fd6125312409ac57d5296d","name":"Simon Gr\u00f6flin","image":{"@type":"ImageObject","inLanguage":"it-IT","@id":"https:\/\/secure.gravatar.com\/avatar\/6ddceb80eb734354635539e0ea5140bb7c41e42de7c45c9a2ab9921b5d5c9a83?s=96&d=mm&r=g","url":"https:\/\/secure.gravatar.com\/avatar\/6ddceb80eb734354635539e0ea5140bb7c41e42de7c45c9a2ab9921b5d5c9a83?s=96&d=mm&r=g","contentUrl":"https:\/\/secure.gravatar.com\/avatar\/6ddceb80eb734354635539e0ea5140bb7c41e42de7c45c9a2ab9921b5d5c9a83?s=96&d=mm&r=g","caption":"Simon Gr\u00f6flin"},"url":"https:\/\/news.save.ch\/it\/author\/simon-groeflin\/"}]}},"_links":{"self":[{"href":"https:\/\/news.save.ch\/it\/wp-json\/wp\/v2\/posts\/6172","targetHints":{"allow":["GET"]}}],"collection":[{"href":"https:\/\/news.save.ch\/it\/wp-json\/wp\/v2\/posts"}],"about":[{"href":"https:\/\/news.save.ch\/it\/wp-json\/wp\/v2\/types\/post"}],"author":[{"embeddable":true,"href":"https:\/\/news.save.ch\/it\/wp-json\/wp\/v2\/users\/9"}],"replies":[{"embeddable":true,"href":"https:\/\/news.save.ch\/it\/wp-json\/wp\/v2\/comments?post=6172"}],"version-history":[{"count":1,"href":"https:\/\/news.save.ch\/it\/wp-json\/wp\/v2\/posts\/6172\/revisions"}],"predecessor-version":[{"id":18567,"href":"https:\/\/news.save.ch\/it\/wp-json\/wp\/v2\/posts\/6172\/revisions\/18567"}],"wp:featuredmedia":[{"embeddable":true,"href":"https:\/\/news.save.ch\/it\/wp-json\/wp\/v2\/media\/6173"}],"wp:attachment":[{"href":"https:\/\/news.save.ch\/it\/wp-json\/wp\/v2\/media?parent=6172"}],"wp:term":[{"taxonomy":"category","embeddable":true,"href":"https:\/\/news.save.ch\/it\/wp-json\/wp\/v2\/categories?post=6172"},{"taxonomy":"post_tag","embeddable":true,"href":"https:\/\/news.save.ch\/it\/wp-json\/wp\/v2\/tags?post=6172"}],"curies":[{"name":"wp","href":"https:\/\/api.w.org\/{rel}","templated":true}]}}