{"id":624,"date":"2015-09-22T09:04:56","date_gmt":"2015-09-22T07:04:56","guid":{"rendered":"https:\/\/dev.sicherheitsforum.ch\/?p=624"},"modified":"2023-03-14T08:57:33","modified_gmt":"2023-03-14T07:57:33","slug":"die-externe-festplatte-des-koepfchens","status":null,"type":"post","link":"https:\/\/news.save.ch\/it\/die-externe-festplatte-des-koepfchens\/","title":{"rendered":"Il \"disco rigido esterno\" della testa"},"content":{"rendered":"<p><img loading=\"lazy\" decoding=\"async\" class=\"alignnone wp-image-625 size-medium\" src=\"https:\/\/news.save.ch\/wp-content\/uploads\/2016\/12\/Die-&quot;external-harddrive&quot;-della-testa-alla-sicurezza.jpg\" alt=\"l&#039;hard-drive esterno-il-sicuro\" width=\"680\" height=\"680\" \/><\/p>\n<p>Kaspersky Lab, in collaborazione con l'istituto \"Opinion Matters\", ha condotto un'indagine su <a href=\"https:\/\/newsroom.kaspersky.eu\/fileadmin\/user_upload\/de\/Downloads\/PDFs\/KL_white_paper_The_rise_and_impact_of_Digital_Amnesia_with_UCL_UoB_FINAL.pdf\" target=\"_blank\" data-cke-saved-href=\"https:\/\/newsroom.kaspersky.eu\/fileadmin\/user_upload\/de\/Downloads\/PDFs\/KL_white_paper_The_rise_and_impact_of_Digital_Amnesia_with_UCL_UoB_FINAL.pdf\" rel=\"noopener\">Studio<\/a>\u00a0ha rilevato che l'uso di un Internet onnipresente grazie a smartphone e tablet sembra avere una notevole influenza sul comportamento cognitivo delle persone. Secondo questo dato, la stragrande maggioranza dei tedeschi intervistati (83,5%) utilizza gi\u00e0 Internet come una sorta di espansione esterna della propria memoria. E addirittura un tedesco su dieci (10.1%) si affida completamente alla possibilit\u00e0 di poter sempre consultare determinati fatti online. Kaspersky descrive la tendenza delle persone a dimenticare le informazioni memorizzate su un dispositivo digitale come \"<a href=\"https:\/\/newsroom.kaspersky.eu\/fileadmin\/user_upload\/de\/Downloads\/PDFs\/KL_white_paper_The_rise_and_impact_of_Digital_Amnesia_with_UCL_UoB_FINAL.pdf\" target=\"_blank\" data-cke-saved-href=\"https:\/\/newsroom.kaspersky.eu\/fileadmin\/user_upload\/de\/Downloads\/PDFs\/KL_white_paper_The_rise_and_impact_of_Digital_Amnesia_with_UCL_UoB_FINAL.pdf\" rel=\"noopener\">amnesia digitale<\/a>\" e sottolinea la crescente necessit\u00e0 di proteggere i dispositivi connessi a Internet.<\/p>\n<p>Pu\u00f2 essere rassicurante che la maggioranza degli europei intervistati (57%) usi ancora la testa e non il computer quando cerca la risposta a una domanda. Ma \u00e8 anche un dato di fatto che in Germania pi\u00f9 di uno su quattro (28,4%) si rivolge immediatamente a Internet per cercare risposte, anche prima di prendere in considerazione qualsiasi altra soluzione al problema.<\/p>\n<p>Non \u00e8 necessario ricordare ci\u00f2 che si legge su Internet. Questa opinione \u00e8 condivisa anche da circa un utente su quattro (23,3%) tra quelli intervistati in Germania. Secondo lo studio, sono soprattutto gli over 45 a fare sempre pi\u00f9 affidamento su Internet. \"\u00c8 dimostrato che con l'avanzare dell'et\u00e0 le persone hanno problemi a recuperare i fatti nella memoria, perch\u00e9 con l'avanzare dell'et\u00e0 le informazioni immagazzinate sono talmente tante che il processo di ricerca richiede semplicemente pi\u00f9 tempo\", spiega Kathryn Mills dell'Istituto di neuroscienze cognitive dell'University College London (UCL). \"In teoria, quindi, scaricare alcune informazioni sulla memoria digitale rende pi\u00f9 facile il recupero delle informazioni dalla memoria\".<\/p>\n<p><strong>La via pi\u00f9 veloce per la conoscenza \u00e8 il web<\/strong><\/p>\n<p>Che tipo di informazioni ricordiamo ancora? Anche in questo caso, lo studio Kaspersky fornisce indicazioni di un cambiamento. Quasi due terzi (65%) degli intervistati tedeschi ritengono che non sia pi\u00f9 necessario memorizzare informazioni che possono essere ricercate online. Invece, memorizzano il modo in cui ottengono i fatti che stanno cercando. La crescente importanza di Internet \u00e8 probabilmente dovuta anche al fatto che molte persone vogliono avere le proprie conoscenze a portata di mano sempre pi\u00f9 rapidamente. Il 59,4% degli intervistati in Germania ha dichiarato di non avere pi\u00f9 tempo per cercare nei libri e nelle biblioteche. Trovano i fatti che desiderano pi\u00f9 velocemente e pi\u00f9 facilmente su Internet.<\/p>\n<p>\"Spesso si sostiene che ricercare informazioni online piuttosto che tenerle in memoria renda il nostro pensiero pi\u00f9 superficiale\", afferma Maria Wimber, docente presso la Scuola di Psicologia dell'Universit\u00e0 di Birmingham. \"Gli studi hanno dimostrato che richiamare attivamente i fatti dalla memoria porta a un ancoraggio permanente. Se invece gli stessi fatti vengono cercati passivamente pi\u00f9 volte su Internet, non li memorizziamo in modo altrettanto profondo. Possiamo quindi dire che la tendenza a cercare su Internet non favorisce esattamente lo sviluppo della nostra memoria a lungo termine. In questo senso, le informazioni vengono elaborate da noi in modo pi\u00f9 superficiale e fugace\".<\/p>\n<p><strong>Proteggere tutti i dispositivi abilitati a Internet<\/strong><\/p>\n<p>\"Con questo studio, Kaspersky Lab vuole esaminare gli effetti dell'amnesia digitale. \u00c8 importante identificare e limitare i rischi per la sicurezza informatica\", afferma Holger Suhl, General Manager DACH di Kaspersky. \"Con l'aumento dell'uso di Internet, gli utenti dovrebbero pensare sempre pi\u00f9 a proteggersi dai pericoli informatici, indipendentemente dal dispositivo che utilizzano per accedere al web. Perch\u00e9 i nostri esperti di sicurezza informatica stanno scoprendo che la stragrande maggioranza di tutti gli attacchi digitali oggi avviene via Internet\".<\/p>\n<p>&nbsp;<\/p>","protected":false},"excerpt":{"rendered":"<p>Kaspersky Lab hat zusammen mit dem Institut \u201eOpinion Matters\u201c in einer Studie\u00a0festgestellt, dass die Nutzung eines dank Smartphone und Tablet allgegenw\u00e4rtigen Internets das kognitive Verhalten des Menschen offenbar erheblich beeinflusst. Demnach nutzt die \u00fcberw\u00e4ltigende Mehrheit der befragten Deutschen (83,5%) bereits jetzt das Internet als eine Art externe Speichererweiterung des eigenen Ged\u00e4chtnisses. Und jeder zehnte Deutsche [&hellip;]<\/p>\n","protected":false},"author":1,"featured_media":625,"comment_status":"open","ping_status":"open","sticky":false,"template":"","format":"standard","meta":{"_acf_changed":false,"pgc_sgb_lightbox_settings":"","footnotes":""},"categories":[3313],"tags":[62,63],"class_list":["post-624","post","type-post","status-publish","format-standard","has-post-thumbnail","hentry","category-digitalisierung","tag-ict-sicherheit","tag-it-security"],"acf":[],"hkrextid":null,"publication":null,"issue":null,"workflow":null,"startPage":null,"spitzmarke":null,"_posts_by_tag_page_fields":{"widget_title":"","widget_tags":""},"_at_widget":"1","_yoast_wpseo_primary_category":"2","_yoast_wpseo_focuskw_text_input":"\u201eexterne Festplatte\u201c","_yoast_wpseo_opengraph-image":"https:\/\/news.save.ch\/wp-content\/uploads\/2016\/12\/Die-\u201eexterne-Festplatte\u201c-des-K\u00f6pfchens-it-security.jpg","_yoast_wpseo_opengraph-description":"Eine Studie von Kaspersky Lab zeigt: Mehr als 83% der befragten Deutschen nutzen das Web als Ged\u00e4chtnisst\u00fctze.","_yoast_wpseo_opengraph-title":"Die \u201eexterne Festplatte\u201c des K\u00f6pfchens","enclosure":null,"_yoast_wpseo_twitter-title":null,"_yoast_wpseo_twitter-description":null,"_yoast_wpseo_twitter-image":null,"_wp_old_slug":null,"_yoast_wpseo_title":null,"_yoast_wpseo_canonical":null,"yoast_head":"<!-- This site is optimized with the Yoast SEO plugin v27.5 - https:\/\/yoast.com\/product\/yoast-seo-wordpress\/ -->\n<title>Die \u201eexterne Festplatte\u201c des K\u00f6pfchens - Save<\/title>\n<meta name=\"description\" content=\"\u201eexterne Festplatte\u201c: Eine Studie von Kaspersky Lab zeigt: Mehr als 83% der befragten Deutschen nutzen das Web als Ged\u00e4chtnisst\u00fctze.\" \/>\n<meta name=\"robots\" content=\"index, follow, max-snippet:-1, max-image-preview:large, max-video-preview:-1\" \/>\n<link rel=\"canonical\" href=\"https:\/\/news.save.ch\/it\/die-externe-festplatte-des-koepfchens\/\" \/>\n<meta property=\"og:locale\" content=\"it_IT\" \/>\n<meta property=\"og:type\" content=\"article\" \/>\n<meta property=\"og:title\" content=\"Die \u201eexterne Festplatte\u201c des K\u00f6pfchens\" \/>\n<meta property=\"og:description\" content=\"Eine Studie von Kaspersky Lab zeigt: Mehr als 83% der befragten Deutschen nutzen das Web als Ged\u00e4chtnisst\u00fctze.\" \/>\n<meta property=\"og:url\" content=\"https:\/\/news.save.ch\/it\/die-externe-festplatte-des-koepfchens\/\" \/>\n<meta property=\"og:site_name\" content=\"Save\" \/>\n<meta property=\"article:published_time\" content=\"2015-09-22T07:04:56+00:00\" \/>\n<meta property=\"article:modified_time\" content=\"2023-03-14T07:57:33+00:00\" \/>\n<meta property=\"og:image\" content=\"https:\/\/news.save.ch\/wp-content\/uploads\/2016\/12\/Die-\u201eexterne-Festplatte\u201c-des-K\u00f6pfchens-it-security.jpg\" \/>\n<meta name=\"author\" content=\"admin\" \/>\n<meta name=\"twitter:card\" content=\"summary_large_image\" \/>\n<meta name=\"twitter:label1\" content=\"Scritto da\" \/>\n\t<meta name=\"twitter:data1\" content=\"admin\" \/>\n\t<meta name=\"twitter:label2\" content=\"Tempo di lettura stimato\" \/>\n\t<meta name=\"twitter:data2\" content=\"3 minuti\" \/>\n<script type=\"application\/ld+json\" class=\"yoast-schema-graph\">{\"@context\":\"https:\\\/\\\/schema.org\",\"@graph\":[{\"@type\":\"Article\",\"@id\":\"https:\\\/\\\/news.save.ch\\\/die-externe-festplatte-des-koepfchens\\\/#article\",\"isPartOf\":{\"@id\":\"https:\\\/\\\/news.save.ch\\\/die-externe-festplatte-des-koepfchens\\\/\"},\"author\":{\"name\":\"admin\",\"@id\":\"https:\\\/\\\/news.save.ch\\\/de\\\/#\\\/schema\\\/person\\\/d49e199490bad7c70d64b9ab51142f2b\"},\"headline\":\"Die \u201eexterne Festplatte\u201c des K\u00f6pfchens\",\"datePublished\":\"2015-09-22T07:04:56+00:00\",\"dateModified\":\"2023-03-14T07:57:33+00:00\",\"mainEntityOfPage\":{\"@id\":\"https:\\\/\\\/news.save.ch\\\/die-externe-festplatte-des-koepfchens\\\/\"},\"wordCount\":570,\"commentCount\":0,\"publisher\":{\"@id\":\"https:\\\/\\\/news.save.ch\\\/de\\\/#organization\"},\"image\":{\"@id\":\"https:\\\/\\\/news.save.ch\\\/die-externe-festplatte-des-koepfchens\\\/#primaryimage\"},\"thumbnailUrl\":\"https:\\\/\\\/news.save.ch\\\/wp-content\\\/uploads\\\/2016\\\/12\\\/Die-\u201eexterne-Festplatte-des-Koepfchens-it-security-scaled.jpg\",\"keywords\":[\"ICT-Sicherheit\",\"IT-SECURITY\"],\"articleSection\":[\"DIGITALISIERUNG\"],\"inLanguage\":\"it-IT\"},{\"@type\":\"WebPage\",\"@id\":\"https:\\\/\\\/news.save.ch\\\/die-externe-festplatte-des-koepfchens\\\/\",\"url\":\"https:\\\/\\\/news.save.ch\\\/die-externe-festplatte-des-koepfchens\\\/\",\"name\":\"Die \u201eexterne Festplatte\u201c des K\u00f6pfchens - Save\",\"isPartOf\":{\"@id\":\"https:\\\/\\\/news.save.ch\\\/de\\\/#website\"},\"primaryImageOfPage\":{\"@id\":\"https:\\\/\\\/news.save.ch\\\/die-externe-festplatte-des-koepfchens\\\/#primaryimage\"},\"image\":{\"@id\":\"https:\\\/\\\/news.save.ch\\\/die-externe-festplatte-des-koepfchens\\\/#primaryimage\"},\"thumbnailUrl\":\"https:\\\/\\\/news.save.ch\\\/wp-content\\\/uploads\\\/2016\\\/12\\\/Die-\u201eexterne-Festplatte-des-Koepfchens-it-security-scaled.jpg\",\"datePublished\":\"2015-09-22T07:04:56+00:00\",\"dateModified\":\"2023-03-14T07:57:33+00:00\",\"description\":\"\u201eexterne Festplatte\u201c: Eine Studie von Kaspersky Lab zeigt: Mehr als 83% der befragten Deutschen nutzen das Web als Ged\u00e4chtnisst\u00fctze.\",\"breadcrumb\":{\"@id\":\"https:\\\/\\\/news.save.ch\\\/die-externe-festplatte-des-koepfchens\\\/#breadcrumb\"},\"inLanguage\":\"it-IT\",\"potentialAction\":[{\"@type\":\"ReadAction\",\"target\":[\"https:\\\/\\\/news.save.ch\\\/die-externe-festplatte-des-koepfchens\\\/\"]}]},{\"@type\":\"ImageObject\",\"inLanguage\":\"it-IT\",\"@id\":\"https:\\\/\\\/news.save.ch\\\/die-externe-festplatte-des-koepfchens\\\/#primaryimage\",\"url\":\"https:\\\/\\\/news.save.ch\\\/wp-content\\\/uploads\\\/2016\\\/12\\\/Die-\u201eexterne-Festplatte-des-Koepfchens-it-security-scaled.jpg\",\"contentUrl\":\"https:\\\/\\\/news.save.ch\\\/wp-content\\\/uploads\\\/2016\\\/12\\\/Die-\u201eexterne-Festplatte-des-Koepfchens-it-security-scaled.jpg\",\"width\":1400,\"height\":1400},{\"@type\":\"BreadcrumbList\",\"@id\":\"https:\\\/\\\/news.save.ch\\\/die-externe-festplatte-des-koepfchens\\\/#breadcrumb\",\"itemListElement\":[{\"@type\":\"ListItem\",\"position\":1,\"name\":\"Home\",\"item\":\"https:\\\/\\\/news.save.ch\\\/de\\\/\"},{\"@type\":\"ListItem\",\"position\":2,\"name\":\"Die \u201eexterne Festplatte\u201c des K\u00f6pfchens\"}]},{\"@type\":\"WebSite\",\"@id\":\"https:\\\/\\\/news.save.ch\\\/de\\\/#website\",\"url\":\"https:\\\/\\\/news.save.ch\\\/de\\\/\",\"name\":\"Save\",\"description\":\"Schweizer Fachzeitschrift f\u00fcr Sicherheit\",\"publisher\":{\"@id\":\"https:\\\/\\\/news.save.ch\\\/de\\\/#organization\"},\"potentialAction\":[{\"@type\":\"SearchAction\",\"target\":{\"@type\":\"EntryPoint\",\"urlTemplate\":\"https:\\\/\\\/news.save.ch\\\/de\\\/?s={search_term_string}\"},\"query-input\":{\"@type\":\"PropertyValueSpecification\",\"valueRequired\":true,\"valueName\":\"search_term_string\"}}],\"inLanguage\":\"it-IT\"},{\"@type\":\"Organization\",\"@id\":\"https:\\\/\\\/news.save.ch\\\/de\\\/#organization\",\"name\":\"Sicherheitsforum\",\"url\":\"https:\\\/\\\/news.save.ch\\\/de\\\/\",\"logo\":{\"@type\":\"ImageObject\",\"inLanguage\":\"it-IT\",\"@id\":\"https:\\\/\\\/news.save.ch\\\/de\\\/#\\\/schema\\\/logo\\\/image\\\/\",\"url\":\"https:\\\/\\\/news.save.ch\\\/wp-content\\\/uploads\\\/2022\\\/06\\\/Logo_SF_2012.png\",\"contentUrl\":\"https:\\\/\\\/news.save.ch\\\/wp-content\\\/uploads\\\/2022\\\/06\\\/Logo_SF_2012.png\",\"width\":1100,\"height\":91,\"caption\":\"Sicherheitsforum\"},\"image\":{\"@id\":\"https:\\\/\\\/news.save.ch\\\/de\\\/#\\\/schema\\\/logo\\\/image\\\/\"}},{\"@type\":\"Person\",\"@id\":\"https:\\\/\\\/news.save.ch\\\/de\\\/#\\\/schema\\\/person\\\/d49e199490bad7c70d64b9ab51142f2b\",\"name\":\"admin\",\"image\":{\"@type\":\"ImageObject\",\"inLanguage\":\"it-IT\",\"@id\":\"https:\\\/\\\/secure.gravatar.com\\\/avatar\\\/ae2f4d718e6c49043e314ce431e7e645d646302a24a5ef5a8bc8e3f5a032e319?s=96&d=mm&r=g\",\"url\":\"https:\\\/\\\/secure.gravatar.com\\\/avatar\\\/ae2f4d718e6c49043e314ce431e7e645d646302a24a5ef5a8bc8e3f5a032e319?s=96&d=mm&r=g\",\"contentUrl\":\"https:\\\/\\\/secure.gravatar.com\\\/avatar\\\/ae2f4d718e6c49043e314ce431e7e645d646302a24a5ef5a8bc8e3f5a032e319?s=96&d=mm&r=g\",\"caption\":\"admin\"},\"sameAs\":[\"https:\\\/\\\/develop.organisator.galledia.ch\"],\"url\":\"https:\\\/\\\/news.save.ch\\\/it\\\/author\\\/admin\\\/\"}]}<\/script>\n<!-- \/ Yoast SEO plugin. -->","yoast_head_json":{"title":"Il \"disco rigido esterno\" della testa - Salva","description":"\"disco rigido esterno\": uno studio di Kaspersky Lab mostra: Pi\u00f9 di 83% dei tedeschi intervistati utilizzano il web come ausilio per la memoria.","robots":{"index":"index","follow":"follow","max-snippet":"max-snippet:-1","max-image-preview":"max-image-preview:large","max-video-preview":"max-video-preview:-1"},"canonical":"https:\/\/news.save.ch\/it\/die-externe-festplatte-des-koepfchens\/","og_locale":"it_IT","og_type":"article","og_title":"Die \u201eexterne Festplatte\u201c des K\u00f6pfchens","og_description":"Eine Studie von Kaspersky Lab zeigt: Mehr als 83% der befragten Deutschen nutzen das Web als Ged\u00e4chtnisst\u00fctze.","og_url":"https:\/\/news.save.ch\/it\/die-externe-festplatte-des-koepfchens\/","og_site_name":"Save","article_published_time":"2015-09-22T07:04:56+00:00","article_modified_time":"2023-03-14T07:57:33+00:00","og_image":[{"url":"https:\/\/news.save.ch\/wp-content\/uploads\/2016\/12\/Die-\u201eexterne-Festplatte\u201c-des-K\u00f6pfchens-it-security.jpg","type":"","width":"","height":""}],"author":"admin","twitter_card":"summary_large_image","twitter_misc":{"Scritto da":"admin","Tempo di lettura stimato":"3 minuti"},"schema":{"@context":"https:\/\/schema.org","@graph":[{"@type":"Article","@id":"https:\/\/news.save.ch\/die-externe-festplatte-des-koepfchens\/#article","isPartOf":{"@id":"https:\/\/news.save.ch\/die-externe-festplatte-des-koepfchens\/"},"author":{"name":"admin","@id":"https:\/\/news.save.ch\/de\/#\/schema\/person\/d49e199490bad7c70d64b9ab51142f2b"},"headline":"Die \u201eexterne Festplatte\u201c des K\u00f6pfchens","datePublished":"2015-09-22T07:04:56+00:00","dateModified":"2023-03-14T07:57:33+00:00","mainEntityOfPage":{"@id":"https:\/\/news.save.ch\/die-externe-festplatte-des-koepfchens\/"},"wordCount":570,"commentCount":0,"publisher":{"@id":"https:\/\/news.save.ch\/de\/#organization"},"image":{"@id":"https:\/\/news.save.ch\/die-externe-festplatte-des-koepfchens\/#primaryimage"},"thumbnailUrl":"https:\/\/news.save.ch\/wp-content\/uploads\/2016\/12\/Die-\u201eexterne-Festplatte-des-Koepfchens-it-security-scaled.jpg","keywords":["ICT-Sicherheit","IT-SECURITY"],"articleSection":["DIGITALISIERUNG"],"inLanguage":"it-IT"},{"@type":"WebPage","@id":"https:\/\/news.save.ch\/die-externe-festplatte-des-koepfchens\/","url":"https:\/\/news.save.ch\/die-externe-festplatte-des-koepfchens\/","name":"Il \"disco rigido esterno\" della testa - Salva","isPartOf":{"@id":"https:\/\/news.save.ch\/de\/#website"},"primaryImageOfPage":{"@id":"https:\/\/news.save.ch\/die-externe-festplatte-des-koepfchens\/#primaryimage"},"image":{"@id":"https:\/\/news.save.ch\/die-externe-festplatte-des-koepfchens\/#primaryimage"},"thumbnailUrl":"https:\/\/news.save.ch\/wp-content\/uploads\/2016\/12\/Die-\u201eexterne-Festplatte-des-Koepfchens-it-security-scaled.jpg","datePublished":"2015-09-22T07:04:56+00:00","dateModified":"2023-03-14T07:57:33+00:00","description":"\"disco rigido esterno\": uno studio di Kaspersky Lab mostra: Pi\u00f9 di 83% dei tedeschi intervistati utilizzano il web come ausilio per la memoria.","breadcrumb":{"@id":"https:\/\/news.save.ch\/die-externe-festplatte-des-koepfchens\/#breadcrumb"},"inLanguage":"it-IT","potentialAction":[{"@type":"ReadAction","target":["https:\/\/news.save.ch\/die-externe-festplatte-des-koepfchens\/"]}]},{"@type":"ImageObject","inLanguage":"it-IT","@id":"https:\/\/news.save.ch\/die-externe-festplatte-des-koepfchens\/#primaryimage","url":"https:\/\/news.save.ch\/wp-content\/uploads\/2016\/12\/Die-\u201eexterne-Festplatte-des-Koepfchens-it-security-scaled.jpg","contentUrl":"https:\/\/news.save.ch\/wp-content\/uploads\/2016\/12\/Die-\u201eexterne-Festplatte-des-Koepfchens-it-security-scaled.jpg","width":1400,"height":1400},{"@type":"BreadcrumbList","@id":"https:\/\/news.save.ch\/die-externe-festplatte-des-koepfchens\/#breadcrumb","itemListElement":[{"@type":"ListItem","position":1,"name":"Home","item":"https:\/\/news.save.ch\/de\/"},{"@type":"ListItem","position":2,"name":"Die \u201eexterne Festplatte\u201c des K\u00f6pfchens"}]},{"@type":"WebSite","@id":"https:\/\/news.save.ch\/de\/#website","url":"https:\/\/news.save.ch\/de\/","name":"Risparmiare","description":"Rivista svizzera specializzata in sicurezza","publisher":{"@id":"https:\/\/news.save.ch\/de\/#organization"},"potentialAction":[{"@type":"SearchAction","target":{"@type":"EntryPoint","urlTemplate":"https:\/\/news.save.ch\/de\/?s={search_term_string}"},"query-input":{"@type":"PropertyValueSpecification","valueRequired":true,"valueName":"search_term_string"}}],"inLanguage":"it-IT"},{"@type":"Organization","@id":"https:\/\/news.save.ch\/de\/#organization","name":"Forum sulla sicurezza","url":"https:\/\/news.save.ch\/de\/","logo":{"@type":"ImageObject","inLanguage":"it-IT","@id":"https:\/\/news.save.ch\/de\/#\/schema\/logo\/image\/","url":"https:\/\/news.save.ch\/wp-content\/uploads\/2022\/06\/Logo_SF_2012.png","contentUrl":"https:\/\/news.save.ch\/wp-content\/uploads\/2022\/06\/Logo_SF_2012.png","width":1100,"height":91,"caption":"Sicherheitsforum"},"image":{"@id":"https:\/\/news.save.ch\/de\/#\/schema\/logo\/image\/"}},{"@type":"Person","@id":"https:\/\/news.save.ch\/de\/#\/schema\/person\/d49e199490bad7c70d64b9ab51142f2b","name":"amministratore","image":{"@type":"ImageObject","inLanguage":"it-IT","@id":"https:\/\/secure.gravatar.com\/avatar\/ae2f4d718e6c49043e314ce431e7e645d646302a24a5ef5a8bc8e3f5a032e319?s=96&d=mm&r=g","url":"https:\/\/secure.gravatar.com\/avatar\/ae2f4d718e6c49043e314ce431e7e645d646302a24a5ef5a8bc8e3f5a032e319?s=96&d=mm&r=g","contentUrl":"https:\/\/secure.gravatar.com\/avatar\/ae2f4d718e6c49043e314ce431e7e645d646302a24a5ef5a8bc8e3f5a032e319?s=96&d=mm&r=g","caption":"admin"},"sameAs":["https:\/\/develop.organisator.galledia.ch"],"url":"https:\/\/news.save.ch\/it\/author\/admin\/"}]}},"_links":{"self":[{"href":"https:\/\/news.save.ch\/it\/wp-json\/wp\/v2\/posts\/624","targetHints":{"allow":["GET"]}}],"collection":[{"href":"https:\/\/news.save.ch\/it\/wp-json\/wp\/v2\/posts"}],"about":[{"href":"https:\/\/news.save.ch\/it\/wp-json\/wp\/v2\/types\/post"}],"author":[{"embeddable":true,"href":"https:\/\/news.save.ch\/it\/wp-json\/wp\/v2\/users\/1"}],"replies":[{"embeddable":true,"href":"https:\/\/news.save.ch\/it\/wp-json\/wp\/v2\/comments?post=624"}],"version-history":[{"count":1,"href":"https:\/\/news.save.ch\/it\/wp-json\/wp\/v2\/posts\/624\/revisions"}],"predecessor-version":[{"id":17732,"href":"https:\/\/news.save.ch\/it\/wp-json\/wp\/v2\/posts\/624\/revisions\/17732"}],"wp:featuredmedia":[{"embeddable":true,"href":"https:\/\/news.save.ch\/it\/wp-json\/wp\/v2\/media\/625"}],"wp:attachment":[{"href":"https:\/\/news.save.ch\/it\/wp-json\/wp\/v2\/media?parent=624"}],"wp:term":[{"taxonomy":"category","embeddable":true,"href":"https:\/\/news.save.ch\/it\/wp-json\/wp\/v2\/categories?post=624"},{"taxonomy":"post_tag","embeddable":true,"href":"https:\/\/news.save.ch\/it\/wp-json\/wp\/v2\/tags?post=624"}],"curies":[{"name":"wp","href":"https:\/\/api.w.org\/{rel}","templated":true}]}}